{"id":4321,"date":"2014-04-25T09:14:31","date_gmt":"2014-04-25T07:14:31","guid":{"rendered":"https:\/\/francois-pelletant.fr\/blog\/?p=4321"},"modified":"2017-05-05T12:42:55","modified_gmt":"2017-05-05T12:42:55","slug":"anthony-turgis-un-linois-lhonneur","status":"publish","type":"post","link":"https:\/\/francois-pelletant.fr\/blog\/anthony-turgis-un-linois-lhonneur\/","title":{"rendered":"Anthony Turgis : un linois \u00e0 l&#8217;honneur"},"content":{"rendered":"<div>\n<figure id=\"attachment_4322\" aria-describedby=\"caption-attachment-4322\" style=\"width: 300px\" class=\"wp-caption alignleft\"><a href=\"https:\/\/francois-pelletant.fr\/blog\/wp-content\/uploads\/2014\/04\/Anthony-Turgis.jpg\"><img loading=\"lazy\" decoding=\"async\" class=\"wp-image-4322 size-medium\" title=\"Le podiume du LBL 2014 espoirs\" src=\"https:\/\/francois-pelletant.fr\/blog\/wp-content\/uploads\/2014\/04\/Anthony-Turgis-300x194.jpg\" alt=\"Anthony Turgis\" width=\"300\" height=\"194\" srcset=\"https:\/\/francois-pelletant.fr\/blog\/wp-content\/uploads\/2014\/04\/Anthony-Turgis-300x194.jpg 300w, https:\/\/francois-pelletant.fr\/blog\/wp-content\/uploads\/2014\/04\/Anthony-Turgis-768x496.jpg 768w, https:\/\/francois-pelletant.fr\/blog\/wp-content\/uploads\/2014\/04\/Anthony-Turgis-600x388.jpg 600w, https:\/\/francois-pelletant.fr\/blog\/wp-content\/uploads\/2014\/04\/Anthony-Turgis.jpg 850w\" sizes=\"auto, (max-width: 300px) 100vw, 300px\" \/><\/a><figcaption id=\"caption-attachment-4322\" class=\"wp-caption-text\">Le podiume de LBL 2014 espoirs avec Anthony au centre (cr\u00e9dit photo &#8211; Le R\u00e9publicain)<\/figcaption><\/figure>\n<\/div>\n<h5>Le jeune linois Anthony Turgis sur le podium<\/h5>\n<div>\n<p>Le Linois du club de Nogent-sur-Oise, Anthony Turgis, a remport\u00e9 samedi dernier la 29e \u00e9dition de la c\u00e9l\u00e8bre \u00e9preuve de cyclisme sur route Li\u00e8ge-Bastogne-Li\u00e8ge espoirs. L\u2019\u00e9preuve, qui s\u2019est d\u00e9roul\u00e9e sur 181,5 kilom\u00e8tres entre Bastogne et le v\u00e9lodrome de Ans-Alleur.<\/p>\n<p>Cette comp\u00e9tition a emprunt\u00e9 la plupart des difficult\u00e9s que les coureurs professionnels emprunteront le 27 avril dans la cadre de la 100e \u00e9dition de Li\u00e8ge-Bastogne-Li\u00e8ge. Le jeune Anthony Turgis s\u2019est impos\u00e9 devant le Belge Dylan Teuns et le Britannique Tao Hart Geoghegan.<\/p>\n<p>\u00abJ\u2019ai sign\u00e9 \u00e0 Ans ma premi\u00e8re victoire chez les Espoirs, cat\u00e9gorie o\u00f9 j\u2019\u00e9volue pour la 2e ann\u00e9e\u00bb, a indiqu\u00e9 le vainqueur Anthony Turgis. \u00abJ\u2019\u00e9tais d\u00e9j\u00e0 tr\u00e8s en forme au Tour des Flandres espoirs mais je n\u2019avais pas pu d\u00e9velopper mon sprint. C\u2019est paradoxal pour moi de gagner sur un v\u00e9lodrome en n\u2019ayant jamais couru sur piste. J\u2019ai tr\u00e8s bien g\u00e9r\u00e9 les difficult\u00e9s de cette \u00e9preuve o\u00f9 il faut \u00eatre attentif d\u00e8s les premi\u00e8res difficult\u00e9s.\u00bb<\/p>\n<\/div>\n<div>\n<p>Bravo \u00e0 Anthony !<\/p>\n<\/div>\n","protected":false},"excerpt":{"rendered":"<p>Le jeune linois Anthony Turgis sur le podium Le Linois du club de Nogent-sur-Oise, Anthony Turgis, a remport\u00e9 samedi dernier la 29e \u00e9dition de la c\u00e9l\u00e8bre \u00e9preuve de cyclisme sur route Li\u00e8ge-Bastogne-Li\u00e8ge espoirs. L\u2019\u00e9preuve, qui s\u2019est d\u00e9roul\u00e9e sur 181,5 kilom\u00e8tres entre Bastogne et le v\u00e9lodrome de Ans-Alleur. Cette comp\u00e9tition a emprunt\u00e9 la plupart des difficult\u00e9s [&hellip;]<\/p>\n","protected":false},"author":1,"featured_media":4322,"comment_status":"open","ping_status":"open","sticky":false,"template":"","format":"standard","meta":{"footnotes":""},"categories":[10],"tags":[],"class_list":["post-4321","post","type-post","status-publish","format-standard","has-post-thumbnail","hentry","category-1pelletant"],"yoast_head":"<!-- This site is optimized with the Yoast SEO plugin v25.6 - https:\/\/yoast.com\/wordpress\/plugins\/seo\/ -->\n<title>Anthony Turgis : un linois \u00e0 l&#039;honneur - Fran\u00e7ois Pelletant<\/title>\n<meta name=\"description\" content=\"Anthony Turgis, l,originaire de Linas se classe parmi les cyclistes en tete lors d&#039;une \u00e9preuve de cycliste sur route.\" \/>\n<meta name=\"robots\" content=\"index, follow, max-snippet:-1, max-image-preview:large, max-video-preview:-1\" \/>\n<link rel=\"canonical\" href=\"https:\/\/francois-pelletant.fr\/blog\/anthony-turgis-un-linois-lhonneur\/\" \/>\n<meta property=\"og:locale\" content=\"fr_FR\" \/>\n<meta property=\"og:type\" content=\"article\" \/>\n<meta property=\"og:title\" content=\"Anthony Turgis : un linois \u00e0 l&#039;honneur - Fran\u00e7ois Pelletant\" \/>\n<meta property=\"og:description\" content=\"Anthony Turgis, l,originaire de Linas se classe parmi les cyclistes en tete lors d&#039;une \u00e9preuve de cycliste sur route.\" \/>\n<meta property=\"og:url\" content=\"https:\/\/francois-pelletant.fr\/blog\/anthony-turgis-un-linois-lhonneur\/\" \/>\n<meta property=\"og:site_name\" content=\"Fran\u00e7ois Pelletant\" \/>\n<meta property=\"article:publisher\" content=\"https:\/\/www.facebook.com\/francois.pelletant.7\" \/>\n<meta property=\"article:published_time\" content=\"2014-04-25T07:14:31+00:00\" \/>\n<meta property=\"article:modified_time\" content=\"2017-05-05T12:42:55+00:00\" \/>\n<meta property=\"og:image\" content=\"https:\/\/francois-pelletant.fr\/blog\/wp-content\/uploads\/2014\/04\/Anthony-Turgis.jpg\" \/>\n\t<meta property=\"og:image:width\" content=\"850\" \/>\n\t<meta property=\"og:image:height\" content=\"549\" \/>\n\t<meta property=\"og:image:type\" content=\"image\/jpeg\" \/>\n<meta name=\"author\" content=\"Francois\" \/>\n<meta name=\"twitter:card\" content=\"summary_large_image\" \/>\n<meta name=\"twitter:creator\" content=\"@pelletant\" \/>\n<meta name=\"twitter:site\" content=\"@pelletant\" \/>\n<meta name=\"twitter:label1\" content=\"\u00c9crit par\" \/>\n\t<meta name=\"twitter:data1\" content=\"Francois\" \/>\n\t<meta name=\"twitter:label2\" content=\"Dur\u00e9e de lecture estim\u00e9e\" \/>\n\t<meta name=\"twitter:data2\" content=\"1 minute\" \/>\n<script type=\"application\/ld+json\" class=\"yoast-schema-graph\">{\"@context\":\"https:\/\/schema.org\",\"@graph\":[{\"@type\":\"Article\",\"@id\":\"https:\/\/francois-pelletant.fr\/blog\/anthony-turgis-un-linois-lhonneur\/#article\",\"isPartOf\":{\"@id\":\"https:\/\/francois-pelletant.fr\/blog\/anthony-turgis-un-linois-lhonneur\/\"},\"author\":{\"name\":\"Francois\",\"@id\":\"https:\/\/francois-pelletant.fr\/blog\/#\/schema\/person\/2be41acb171dff8f31aaed1f40cee9f3\"},\"headline\":\"Anthony Turgis : un linois \u00e0 l&#8217;honneur\",\"datePublished\":\"2014-04-25T07:14:31+00:00\",\"dateModified\":\"2017-05-05T12:42:55+00:00\",\"mainEntityOfPage\":{\"@id\":\"https:\/\/francois-pelletant.fr\/blog\/anthony-turgis-un-linois-lhonneur\/\"},\"wordCount\":226,\"commentCount\":0,\"publisher\":{\"@id\":\"https:\/\/francois-pelletant.fr\/blog\/#organization\"},\"image\":{\"@id\":\"https:\/\/francois-pelletant.fr\/blog\/anthony-turgis-un-linois-lhonneur\/#primaryimage\"},\"thumbnailUrl\":\"https:\/\/francois-pelletant.fr\/blog\/wp-content\/uploads\/2014\/04\/Anthony-Turgis.jpg\",\"articleSection\":[\"Infos\"],\"inLanguage\":\"fr-FR\",\"potentialAction\":[{\"@type\":\"CommentAction\",\"name\":\"Comment\",\"target\":[\"https:\/\/francois-pelletant.fr\/blog\/anthony-turgis-un-linois-lhonneur\/#respond\"]}]},{\"@type\":\"WebPage\",\"@id\":\"https:\/\/francois-pelletant.fr\/blog\/anthony-turgis-un-linois-lhonneur\/\",\"url\":\"https:\/\/francois-pelletant.fr\/blog\/anthony-turgis-un-linois-lhonneur\/\",\"name\":\"Anthony Turgis : un linois \u00e0 l'honneur - Fran\u00e7ois Pelletant\",\"isPartOf\":{\"@id\":\"https:\/\/francois-pelletant.fr\/blog\/#website\"},\"primaryImageOfPage\":{\"@id\":\"https:\/\/francois-pelletant.fr\/blog\/anthony-turgis-un-linois-lhonneur\/#primaryimage\"},\"image\":{\"@id\":\"https:\/\/francois-pelletant.fr\/blog\/anthony-turgis-un-linois-lhonneur\/#primaryimage\"},\"thumbnailUrl\":\"https:\/\/francois-pelletant.fr\/blog\/wp-content\/uploads\/2014\/04\/Anthony-Turgis.jpg\",\"datePublished\":\"2014-04-25T07:14:31+00:00\",\"dateModified\":\"2017-05-05T12:42:55+00:00\",\"description\":\"Anthony Turgis, l,originaire de Linas se classe parmi les cyclistes en tete lors d'une \u00e9preuve de cycliste sur route.\",\"breadcrumb\":{\"@id\":\"https:\/\/francois-pelletant.fr\/blog\/anthony-turgis-un-linois-lhonneur\/#breadcrumb\"},\"inLanguage\":\"fr-FR\",\"potentialAction\":[{\"@type\":\"ReadAction\",\"target\":[\"https:\/\/francois-pelletant.fr\/blog\/anthony-turgis-un-linois-lhonneur\/\"]}]},{\"@type\":\"ImageObject\",\"inLanguage\":\"fr-FR\",\"@id\":\"https:\/\/francois-pelletant.fr\/blog\/anthony-turgis-un-linois-lhonneur\/#primaryimage\",\"url\":\"https:\/\/francois-pelletant.fr\/blog\/wp-content\/uploads\/2014\/04\/Anthony-Turgis.jpg\",\"contentUrl\":\"https:\/\/francois-pelletant.fr\/blog\/wp-content\/uploads\/2014\/04\/Anthony-Turgis.jpg\",\"width\":850,\"height\":549,\"caption\":\"Le podiume de LBL 2014 espoirs avec Anthony au centre (cr\u00e9dit photo - Le R\u00e9publicain)\"},{\"@type\":\"BreadcrumbList\",\"@id\":\"https:\/\/francois-pelletant.fr\/blog\/anthony-turgis-un-linois-lhonneur\/#breadcrumb\",\"itemListElement\":[{\"@type\":\"ListItem\",\"position\":1,\"name\":\"Accueil\",\"item\":\"https:\/\/francois-pelletant.fr\/blog\/\"},{\"@type\":\"ListItem\",\"position\":2,\"name\":\"Anthony Turgis : un linois \u00e0 l&#8217;honneur\"}]},{\"@type\":\"WebSite\",\"@id\":\"https:\/\/francois-pelletant.fr\/blog\/#website\",\"url\":\"https:\/\/francois-pelletant.fr\/blog\/\",\"name\":\"Fran\u00e7ois Pelletant\",\"description\":\"Maire de Linas, pour toujours.\",\"publisher\":{\"@id\":\"https:\/\/francois-pelletant.fr\/blog\/#organization\"},\"potentialAction\":[{\"@type\":\"SearchAction\",\"target\":{\"@type\":\"EntryPoint\",\"urlTemplate\":\"https:\/\/francois-pelletant.fr\/blog\/?s={search_term_string}\"},\"query-input\":{\"@type\":\"PropertyValueSpecification\",\"valueRequired\":true,\"valueName\":\"search_term_string\"}}],\"inLanguage\":\"fr-FR\"},{\"@type\":\"Organization\",\"@id\":\"https:\/\/francois-pelletant.fr\/blog\/#organization\",\"name\":\"Fran\u00e7ois Pelletant\",\"url\":\"https:\/\/francois-pelletant.fr\/blog\/\",\"logo\":{\"@type\":\"ImageObject\",\"inLanguage\":\"fr-FR\",\"@id\":\"https:\/\/francois-pelletant.fr\/blog\/#\/schema\/logo\/image\/\",\"url\":\"https:\/\/francois-pelletant.fr\/blog\/wp-content\/uploads\/2024\/07\/icone-francois-centre-500p.png\",\"contentUrl\":\"https:\/\/francois-pelletant.fr\/blog\/wp-content\/uploads\/2024\/07\/icone-francois-centre-500p.png\",\"width\":559,\"height\":447,\"caption\":\"Fran\u00e7ois Pelletant\"},\"image\":{\"@id\":\"https:\/\/francois-pelletant.fr\/blog\/#\/schema\/logo\/image\/\"},\"sameAs\":[\"https:\/\/www.facebook.com\/francois.pelletant.7\",\"https:\/\/x.com\/pelletant\"]},{\"@type\":\"Person\",\"@id\":\"https:\/\/francois-pelletant.fr\/blog\/#\/schema\/person\/2be41acb171dff8f31aaed1f40cee9f3\",\"name\":\"Francois\"}]}<\/script>\n<!-- \/ Yoast SEO plugin. -->","yoast_head_json":{"title":"Anthony Turgis : un linois \u00e0 l'honneur - Fran\u00e7ois Pelletant","description":"Anthony Turgis, l,originaire de Linas se classe parmi les cyclistes en tete lors d'une \u00e9preuve de cycliste sur route.","robots":{"index":"index","follow":"follow","max-snippet":"max-snippet:-1","max-image-preview":"max-image-preview:large","max-video-preview":"max-video-preview:-1"},"canonical":"https:\/\/francois-pelletant.fr\/blog\/anthony-turgis-un-linois-lhonneur\/","og_locale":"fr_FR","og_type":"article","og_title":"Anthony Turgis : un linois \u00e0 l'honneur - Fran\u00e7ois Pelletant","og_description":"Anthony Turgis, l,originaire de Linas se classe parmi les cyclistes en tete lors d'une \u00e9preuve de cycliste sur route.","og_url":"https:\/\/francois-pelletant.fr\/blog\/anthony-turgis-un-linois-lhonneur\/","og_site_name":"Fran\u00e7ois Pelletant","article_publisher":"https:\/\/www.facebook.com\/francois.pelletant.7","article_published_time":"2014-04-25T07:14:31+00:00","article_modified_time":"2017-05-05T12:42:55+00:00","og_image":[{"width":850,"height":549,"url":"https:\/\/francois-pelletant.fr\/blog\/wp-content\/uploads\/2014\/04\/Anthony-Turgis.jpg","type":"image\/jpeg"}],"author":"Francois","twitter_card":"summary_large_image","twitter_creator":"@pelletant","twitter_site":"@pelletant","twitter_misc":{"\u00c9crit par":"Francois","Dur\u00e9e de lecture estim\u00e9e":"1 minute"},"schema":{"@context":"https:\/\/schema.org","@graph":[{"@type":"Article","@id":"https:\/\/francois-pelletant.fr\/blog\/anthony-turgis-un-linois-lhonneur\/#article","isPartOf":{"@id":"https:\/\/francois-pelletant.fr\/blog\/anthony-turgis-un-linois-lhonneur\/"},"author":{"name":"Francois","@id":"https:\/\/francois-pelletant.fr\/blog\/#\/schema\/person\/2be41acb171dff8f31aaed1f40cee9f3"},"headline":"Anthony Turgis : un linois \u00e0 l&#8217;honneur","datePublished":"2014-04-25T07:14:31+00:00","dateModified":"2017-05-05T12:42:55+00:00","mainEntityOfPage":{"@id":"https:\/\/francois-pelletant.fr\/blog\/anthony-turgis-un-linois-lhonneur\/"},"wordCount":226,"commentCount":0,"publisher":{"@id":"https:\/\/francois-pelletant.fr\/blog\/#organization"},"image":{"@id":"https:\/\/francois-pelletant.fr\/blog\/anthony-turgis-un-linois-lhonneur\/#primaryimage"},"thumbnailUrl":"https:\/\/francois-pelletant.fr\/blog\/wp-content\/uploads\/2014\/04\/Anthony-Turgis.jpg","articleSection":["Infos"],"inLanguage":"fr-FR","potentialAction":[{"@type":"CommentAction","name":"Comment","target":["https:\/\/francois-pelletant.fr\/blog\/anthony-turgis-un-linois-lhonneur\/#respond"]}]},{"@type":"WebPage","@id":"https:\/\/francois-pelletant.fr\/blog\/anthony-turgis-un-linois-lhonneur\/","url":"https:\/\/francois-pelletant.fr\/blog\/anthony-turgis-un-linois-lhonneur\/","name":"Anthony Turgis : un linois \u00e0 l'honneur - Fran\u00e7ois Pelletant","isPartOf":{"@id":"https:\/\/francois-pelletant.fr\/blog\/#website"},"primaryImageOfPage":{"@id":"https:\/\/francois-pelletant.fr\/blog\/anthony-turgis-un-linois-lhonneur\/#primaryimage"},"image":{"@id":"https:\/\/francois-pelletant.fr\/blog\/anthony-turgis-un-linois-lhonneur\/#primaryimage"},"thumbnailUrl":"https:\/\/francois-pelletant.fr\/blog\/wp-content\/uploads\/2014\/04\/Anthony-Turgis.jpg","datePublished":"2014-04-25T07:14:31+00:00","dateModified":"2017-05-05T12:42:55+00:00","description":"Anthony Turgis, l,originaire de Linas se classe parmi les cyclistes en tete lors d'une \u00e9preuve de cycliste sur route.","breadcrumb":{"@id":"https:\/\/francois-pelletant.fr\/blog\/anthony-turgis-un-linois-lhonneur\/#breadcrumb"},"inLanguage":"fr-FR","potentialAction":[{"@type":"ReadAction","target":["https:\/\/francois-pelletant.fr\/blog\/anthony-turgis-un-linois-lhonneur\/"]}]},{"@type":"ImageObject","inLanguage":"fr-FR","@id":"https:\/\/francois-pelletant.fr\/blog\/anthony-turgis-un-linois-lhonneur\/#primaryimage","url":"https:\/\/francois-pelletant.fr\/blog\/wp-content\/uploads\/2014\/04\/Anthony-Turgis.jpg","contentUrl":"https:\/\/francois-pelletant.fr\/blog\/wp-content\/uploads\/2014\/04\/Anthony-Turgis.jpg","width":850,"height":549,"caption":"Le podiume de LBL 2014 espoirs avec Anthony au centre (cr\u00e9dit photo - Le R\u00e9publicain)"},{"@type":"BreadcrumbList","@id":"https:\/\/francois-pelletant.fr\/blog\/anthony-turgis-un-linois-lhonneur\/#breadcrumb","itemListElement":[{"@type":"ListItem","position":1,"name":"Accueil","item":"https:\/\/francois-pelletant.fr\/blog\/"},{"@type":"ListItem","position":2,"name":"Anthony Turgis : un linois \u00e0 l&#8217;honneur"}]},{"@type":"WebSite","@id":"https:\/\/francois-pelletant.fr\/blog\/#website","url":"https:\/\/francois-pelletant.fr\/blog\/","name":"Fran\u00e7ois Pelletant","description":"Maire de Linas, pour toujours.","publisher":{"@id":"https:\/\/francois-pelletant.fr\/blog\/#organization"},"potentialAction":[{"@type":"SearchAction","target":{"@type":"EntryPoint","urlTemplate":"https:\/\/francois-pelletant.fr\/blog\/?s={search_term_string}"},"query-input":{"@type":"PropertyValueSpecification","valueRequired":true,"valueName":"search_term_string"}}],"inLanguage":"fr-FR"},{"@type":"Organization","@id":"https:\/\/francois-pelletant.fr\/blog\/#organization","name":"Fran\u00e7ois Pelletant","url":"https:\/\/francois-pelletant.fr\/blog\/","logo":{"@type":"ImageObject","inLanguage":"fr-FR","@id":"https:\/\/francois-pelletant.fr\/blog\/#\/schema\/logo\/image\/","url":"https:\/\/francois-pelletant.fr\/blog\/wp-content\/uploads\/2024\/07\/icone-francois-centre-500p.png","contentUrl":"https:\/\/francois-pelletant.fr\/blog\/wp-content\/uploads\/2024\/07\/icone-francois-centre-500p.png","width":559,"height":447,"caption":"Fran\u00e7ois Pelletant"},"image":{"@id":"https:\/\/francois-pelletant.fr\/blog\/#\/schema\/logo\/image\/"},"sameAs":["https:\/\/www.facebook.com\/francois.pelletant.7","https:\/\/x.com\/pelletant"]},{"@type":"Person","@id":"https:\/\/francois-pelletant.fr\/blog\/#\/schema\/person\/2be41acb171dff8f31aaed1f40cee9f3","name":"Francois"}]}},"_links":{"self":[{"href":"https:\/\/francois-pelletant.fr\/blog\/wp-json\/wp\/v2\/posts\/4321","targetHints":{"allow":["GET"]}}],"collection":[{"href":"https:\/\/francois-pelletant.fr\/blog\/wp-json\/wp\/v2\/posts"}],"about":[{"href":"https:\/\/francois-pelletant.fr\/blog\/wp-json\/wp\/v2\/types\/post"}],"author":[{"embeddable":true,"href":"https:\/\/francois-pelletant.fr\/blog\/wp-json\/wp\/v2\/users\/1"}],"replies":[{"embeddable":true,"href":"https:\/\/francois-pelletant.fr\/blog\/wp-json\/wp\/v2\/comments?post=4321"}],"version-history":[{"count":0,"href":"https:\/\/francois-pelletant.fr\/blog\/wp-json\/wp\/v2\/posts\/4321\/revisions"}],"wp:featuredmedia":[{"embeddable":true,"href":"https:\/\/francois-pelletant.fr\/blog\/wp-json\/wp\/v2\/media\/4322"}],"wp:attachment":[{"href":"https:\/\/francois-pelletant.fr\/blog\/wp-json\/wp\/v2\/media?parent=4321"}],"wp:term":[{"taxonomy":"category","embeddable":true,"href":"https:\/\/francois-pelletant.fr\/blog\/wp-json\/wp\/v2\/categories?post=4321"},{"taxonomy":"post_tag","embeddable":true,"href":"https:\/\/francois-pelletant.fr\/blog\/wp-json\/wp\/v2\/tags?post=4321"}],"curies":[{"name":"wp","href":"https:\/\/api.w.org\/{rel}","templated":true}]}}