{"id":4323,"date":"2014-04-28T09:28:04","date_gmt":"2014-04-28T07:28:04","guid":{"rendered":"https:\/\/francois-pelletant.fr\/blog\/?p=4323"},"modified":"2017-05-11T08:43:39","modified_gmt":"2017-05-11T08:43:39","slug":"300-000-e-sur-la-place-la-mairie","status":"publish","type":"post","link":"https:\/\/francois-pelletant.fr\/blog\/300-000-e-sur-la-place-la-mairie\/","title":{"rendered":"300.000 \u20ac sur la place la mairie"},"content":{"rendered":"<p><a href=\"https:\/\/francois-pelletant.fr\/blog\/wp-content\/uploads\/2014\/04\/2014-04-27-web.jpg\"><img loading=\"lazy\" decoding=\"async\" class=\"alignleft wp-image-4324 size-medium\" title=\"2014-04-27 web\" src=\"https:\/\/francois-pelletant.fr\/blog\/wp-content\/uploads\/2014\/04\/2014-04-27-web-300x225.jpg\" alt=\"image-Parade Linas Autodrome\" width=\"300\" height=\"225\" srcset=\"https:\/\/francois-pelletant.fr\/blog\/wp-content\/uploads\/2014\/04\/2014-04-27-web-300x225.jpg 300w, https:\/\/francois-pelletant.fr\/blog\/wp-content\/uploads\/2014\/04\/2014-04-27-web.jpg 567w\" sizes=\"auto, (max-width: 300px) 100vw, 300px\" \/><\/a><\/p>\n<h3>Un voiture de prestige expos\u00e9 lors de la Parade Linas Autodrome<\/h3>\n<p>Ce mois-ci encore la Parade Linas Autodrome a permis de r\u00e9unir des v\u00e9hicules d\u2019exception sur la place de la mairie de Linas. Cette Ferrari sortie sous la marque &#8220;Dino&#8221; du nom du fils Ferrari parce quelle n&#8217;\u00e9tait \u00e9quip\u00e9e de moteur V12 \u00e9tait l&#8217;un des mod\u00e8les pr\u00e9sents \u00e0 Linas (valeur de 300.000 euros) ce dimanche matin. Chaque dernier dimanche matin du mois, des passionn\u00e9s se rassemblent en centre ville \u00e0 Linas \u00e0 l\u2019initiative de la ville, pour r\u00e9aliser un tour du canton \u00e0 bord de v\u00e9hicules prestigieux. Prochain rendez-vous dimanche 25 mai 2014 \u00e0 10h00.<\/p>\n","protected":false},"excerpt":{"rendered":"<p>Un voiture de prestige expos\u00e9 lors de la Parade Linas Autodrome Ce mois-ci encore la Parade Linas Autodrome a permis de r\u00e9unir des v\u00e9hicules d\u2019exception sur la place de la mairie de Linas. Cette Ferrari sortie sous la marque &#8220;Dino&#8221; du nom du fils Ferrari parce quelle n&#8217;\u00e9tait \u00e9quip\u00e9e de moteur V12 \u00e9tait l&#8217;un des [&hellip;]<\/p>\n","protected":false},"author":1,"featured_media":4324,"comment_status":"open","ping_status":"open","sticky":false,"template":"","format":"standard","meta":{"footnotes":""},"categories":[10],"tags":[],"class_list":["post-4323","post","type-post","status-publish","format-standard","has-post-thumbnail","hentry","category-1pelletant"],"yoast_head":"<!-- This site is optimized with the Yoast SEO plugin v25.6 - https:\/\/yoast.com\/wordpress\/plugins\/seo\/ -->\n<title>Parade Linas Autodrome : 300.000 \u20ac sur la place la mairie - Pelletant<\/title>\n<meta name=\"description\" content=\"Ce mois-ci encore la Parade Linas Autodrome a permis de r\u00e9unir des v\u00e9hicules d\u2019exception sur la place de la mairie de Linas.\" \/>\n<meta name=\"robots\" content=\"index, follow, max-snippet:-1, max-image-preview:large, max-video-preview:-1\" \/>\n<link rel=\"canonical\" href=\"https:\/\/francois-pelletant.fr\/blog\/300-000-e-sur-la-place-la-mairie\/\" \/>\n<meta property=\"og:locale\" content=\"fr_FR\" \/>\n<meta property=\"og:type\" content=\"article\" \/>\n<meta property=\"og:title\" content=\"Parade Linas Autodrome : 300.000 \u20ac sur la place la mairie - Pelletant\" \/>\n<meta property=\"og:description\" content=\"Ce mois-ci encore la Parade Linas Autodrome a permis de r\u00e9unir des v\u00e9hicules d\u2019exception sur la place de la mairie de Linas.\" \/>\n<meta property=\"og:url\" content=\"https:\/\/francois-pelletant.fr\/blog\/300-000-e-sur-la-place-la-mairie\/\" \/>\n<meta property=\"og:site_name\" content=\"Fran\u00e7ois Pelletant\" \/>\n<meta property=\"article:publisher\" content=\"https:\/\/www.facebook.com\/francois.pelletant.7\" \/>\n<meta property=\"article:published_time\" content=\"2014-04-28T07:28:04+00:00\" \/>\n<meta property=\"article:modified_time\" content=\"2017-05-11T08:43:39+00:00\" \/>\n<meta property=\"og:image\" content=\"https:\/\/francois-pelletant.fr\/blog\/wp-content\/uploads\/2014\/04\/2014-04-27-web.jpg\" \/>\n\t<meta property=\"og:image:width\" content=\"567\" \/>\n\t<meta property=\"og:image:height\" content=\"425\" \/>\n\t<meta property=\"og:image:type\" content=\"image\/jpeg\" \/>\n<meta name=\"author\" content=\"Francois\" \/>\n<meta name=\"twitter:card\" content=\"summary_large_image\" \/>\n<meta name=\"twitter:creator\" content=\"@pelletant\" \/>\n<meta name=\"twitter:site\" content=\"@pelletant\" \/>\n<meta name=\"twitter:label1\" content=\"\u00c9crit par\" \/>\n\t<meta name=\"twitter:data1\" content=\"Francois\" \/>\n\t<meta name=\"twitter:label2\" content=\"Dur\u00e9e de lecture estim\u00e9e\" \/>\n\t<meta name=\"twitter:data2\" content=\"1 minute\" \/>\n<script type=\"application\/ld+json\" class=\"yoast-schema-graph\">{\"@context\":\"https:\/\/schema.org\",\"@graph\":[{\"@type\":\"Article\",\"@id\":\"https:\/\/francois-pelletant.fr\/blog\/300-000-e-sur-la-place-la-mairie\/#article\",\"isPartOf\":{\"@id\":\"https:\/\/francois-pelletant.fr\/blog\/300-000-e-sur-la-place-la-mairie\/\"},\"author\":{\"name\":\"Francois\",\"@id\":\"https:\/\/francois-pelletant.fr\/blog\/#\/schema\/person\/2be41acb171dff8f31aaed1f40cee9f3\"},\"headline\":\"300.000 \u20ac sur la place la mairie\",\"datePublished\":\"2014-04-28T07:28:04+00:00\",\"dateModified\":\"2017-05-11T08:43:39+00:00\",\"mainEntityOfPage\":{\"@id\":\"https:\/\/francois-pelletant.fr\/blog\/300-000-e-sur-la-place-la-mairie\/\"},\"wordCount\":114,\"commentCount\":0,\"publisher\":{\"@id\":\"https:\/\/francois-pelletant.fr\/blog\/#organization\"},\"image\":{\"@id\":\"https:\/\/francois-pelletant.fr\/blog\/300-000-e-sur-la-place-la-mairie\/#primaryimage\"},\"thumbnailUrl\":\"https:\/\/francois-pelletant.fr\/blog\/wp-content\/uploads\/2014\/04\/2014-04-27-web.jpg\",\"articleSection\":[\"Infos\"],\"inLanguage\":\"fr-FR\",\"potentialAction\":[{\"@type\":\"CommentAction\",\"name\":\"Comment\",\"target\":[\"https:\/\/francois-pelletant.fr\/blog\/300-000-e-sur-la-place-la-mairie\/#respond\"]}]},{\"@type\":\"WebPage\",\"@id\":\"https:\/\/francois-pelletant.fr\/blog\/300-000-e-sur-la-place-la-mairie\/\",\"url\":\"https:\/\/francois-pelletant.fr\/blog\/300-000-e-sur-la-place-la-mairie\/\",\"name\":\"Parade Linas Autodrome : 300.000 \u20ac sur la place la mairie - Pelletant\",\"isPartOf\":{\"@id\":\"https:\/\/francois-pelletant.fr\/blog\/#website\"},\"primaryImageOfPage\":{\"@id\":\"https:\/\/francois-pelletant.fr\/blog\/300-000-e-sur-la-place-la-mairie\/#primaryimage\"},\"image\":{\"@id\":\"https:\/\/francois-pelletant.fr\/blog\/300-000-e-sur-la-place-la-mairie\/#primaryimage\"},\"thumbnailUrl\":\"https:\/\/francois-pelletant.fr\/blog\/wp-content\/uploads\/2014\/04\/2014-04-27-web.jpg\",\"datePublished\":\"2014-04-28T07:28:04+00:00\",\"dateModified\":\"2017-05-11T08:43:39+00:00\",\"description\":\"Ce mois-ci encore la Parade Linas Autodrome a permis de r\u00e9unir des v\u00e9hicules d\u2019exception sur la place de la mairie de Linas.\",\"breadcrumb\":{\"@id\":\"https:\/\/francois-pelletant.fr\/blog\/300-000-e-sur-la-place-la-mairie\/#breadcrumb\"},\"inLanguage\":\"fr-FR\",\"potentialAction\":[{\"@type\":\"ReadAction\",\"target\":[\"https:\/\/francois-pelletant.fr\/blog\/300-000-e-sur-la-place-la-mairie\/\"]}]},{\"@type\":\"ImageObject\",\"inLanguage\":\"fr-FR\",\"@id\":\"https:\/\/francois-pelletant.fr\/blog\/300-000-e-sur-la-place-la-mairie\/#primaryimage\",\"url\":\"https:\/\/francois-pelletant.fr\/blog\/wp-content\/uploads\/2014\/04\/2014-04-27-web.jpg\",\"contentUrl\":\"https:\/\/francois-pelletant.fr\/blog\/wp-content\/uploads\/2014\/04\/2014-04-27-web.jpg\",\"width\":567,\"height\":425},{\"@type\":\"BreadcrumbList\",\"@id\":\"https:\/\/francois-pelletant.fr\/blog\/300-000-e-sur-la-place-la-mairie\/#breadcrumb\",\"itemListElement\":[{\"@type\":\"ListItem\",\"position\":1,\"name\":\"Accueil\",\"item\":\"https:\/\/francois-pelletant.fr\/blog\/\"},{\"@type\":\"ListItem\",\"position\":2,\"name\":\"300.000 \u20ac sur la place la mairie\"}]},{\"@type\":\"WebSite\",\"@id\":\"https:\/\/francois-pelletant.fr\/blog\/#website\",\"url\":\"https:\/\/francois-pelletant.fr\/blog\/\",\"name\":\"Fran\u00e7ois Pelletant\",\"description\":\"Maire de Linas, pour toujours.\",\"publisher\":{\"@id\":\"https:\/\/francois-pelletant.fr\/blog\/#organization\"},\"potentialAction\":[{\"@type\":\"SearchAction\",\"target\":{\"@type\":\"EntryPoint\",\"urlTemplate\":\"https:\/\/francois-pelletant.fr\/blog\/?s={search_term_string}\"},\"query-input\":{\"@type\":\"PropertyValueSpecification\",\"valueRequired\":true,\"valueName\":\"search_term_string\"}}],\"inLanguage\":\"fr-FR\"},{\"@type\":\"Organization\",\"@id\":\"https:\/\/francois-pelletant.fr\/blog\/#organization\",\"name\":\"Fran\u00e7ois Pelletant\",\"url\":\"https:\/\/francois-pelletant.fr\/blog\/\",\"logo\":{\"@type\":\"ImageObject\",\"inLanguage\":\"fr-FR\",\"@id\":\"https:\/\/francois-pelletant.fr\/blog\/#\/schema\/logo\/image\/\",\"url\":\"https:\/\/francois-pelletant.fr\/blog\/wp-content\/uploads\/2024\/07\/icone-francois-centre-500p.png\",\"contentUrl\":\"https:\/\/francois-pelletant.fr\/blog\/wp-content\/uploads\/2024\/07\/icone-francois-centre-500p.png\",\"width\":559,\"height\":447,\"caption\":\"Fran\u00e7ois Pelletant\"},\"image\":{\"@id\":\"https:\/\/francois-pelletant.fr\/blog\/#\/schema\/logo\/image\/\"},\"sameAs\":[\"https:\/\/www.facebook.com\/francois.pelletant.7\",\"https:\/\/x.com\/pelletant\"]},{\"@type\":\"Person\",\"@id\":\"https:\/\/francois-pelletant.fr\/blog\/#\/schema\/person\/2be41acb171dff8f31aaed1f40cee9f3\",\"name\":\"Francois\"}]}<\/script>\n<!-- \/ Yoast SEO plugin. -->","yoast_head_json":{"title":"Parade Linas Autodrome : 300.000 \u20ac sur la place la mairie - Pelletant","description":"Ce mois-ci encore la Parade Linas Autodrome a permis de r\u00e9unir des v\u00e9hicules d\u2019exception sur la place de la mairie de Linas.","robots":{"index":"index","follow":"follow","max-snippet":"max-snippet:-1","max-image-preview":"max-image-preview:large","max-video-preview":"max-video-preview:-1"},"canonical":"https:\/\/francois-pelletant.fr\/blog\/300-000-e-sur-la-place-la-mairie\/","og_locale":"fr_FR","og_type":"article","og_title":"Parade Linas Autodrome : 300.000 \u20ac sur la place la mairie - Pelletant","og_description":"Ce mois-ci encore la Parade Linas Autodrome a permis de r\u00e9unir des v\u00e9hicules d\u2019exception sur la place de la mairie de Linas.","og_url":"https:\/\/francois-pelletant.fr\/blog\/300-000-e-sur-la-place-la-mairie\/","og_site_name":"Fran\u00e7ois Pelletant","article_publisher":"https:\/\/www.facebook.com\/francois.pelletant.7","article_published_time":"2014-04-28T07:28:04+00:00","article_modified_time":"2017-05-11T08:43:39+00:00","og_image":[{"width":567,"height":425,"url":"https:\/\/francois-pelletant.fr\/blog\/wp-content\/uploads\/2014\/04\/2014-04-27-web.jpg","type":"image\/jpeg"}],"author":"Francois","twitter_card":"summary_large_image","twitter_creator":"@pelletant","twitter_site":"@pelletant","twitter_misc":{"\u00c9crit par":"Francois","Dur\u00e9e de lecture estim\u00e9e":"1 minute"},"schema":{"@context":"https:\/\/schema.org","@graph":[{"@type":"Article","@id":"https:\/\/francois-pelletant.fr\/blog\/300-000-e-sur-la-place-la-mairie\/#article","isPartOf":{"@id":"https:\/\/francois-pelletant.fr\/blog\/300-000-e-sur-la-place-la-mairie\/"},"author":{"name":"Francois","@id":"https:\/\/francois-pelletant.fr\/blog\/#\/schema\/person\/2be41acb171dff8f31aaed1f40cee9f3"},"headline":"300.000 \u20ac sur la place la mairie","datePublished":"2014-04-28T07:28:04+00:00","dateModified":"2017-05-11T08:43:39+00:00","mainEntityOfPage":{"@id":"https:\/\/francois-pelletant.fr\/blog\/300-000-e-sur-la-place-la-mairie\/"},"wordCount":114,"commentCount":0,"publisher":{"@id":"https:\/\/francois-pelletant.fr\/blog\/#organization"},"image":{"@id":"https:\/\/francois-pelletant.fr\/blog\/300-000-e-sur-la-place-la-mairie\/#primaryimage"},"thumbnailUrl":"https:\/\/francois-pelletant.fr\/blog\/wp-content\/uploads\/2014\/04\/2014-04-27-web.jpg","articleSection":["Infos"],"inLanguage":"fr-FR","potentialAction":[{"@type":"CommentAction","name":"Comment","target":["https:\/\/francois-pelletant.fr\/blog\/300-000-e-sur-la-place-la-mairie\/#respond"]}]},{"@type":"WebPage","@id":"https:\/\/francois-pelletant.fr\/blog\/300-000-e-sur-la-place-la-mairie\/","url":"https:\/\/francois-pelletant.fr\/blog\/300-000-e-sur-la-place-la-mairie\/","name":"Parade Linas Autodrome : 300.000 \u20ac sur la place la mairie - Pelletant","isPartOf":{"@id":"https:\/\/francois-pelletant.fr\/blog\/#website"},"primaryImageOfPage":{"@id":"https:\/\/francois-pelletant.fr\/blog\/300-000-e-sur-la-place-la-mairie\/#primaryimage"},"image":{"@id":"https:\/\/francois-pelletant.fr\/blog\/300-000-e-sur-la-place-la-mairie\/#primaryimage"},"thumbnailUrl":"https:\/\/francois-pelletant.fr\/blog\/wp-content\/uploads\/2014\/04\/2014-04-27-web.jpg","datePublished":"2014-04-28T07:28:04+00:00","dateModified":"2017-05-11T08:43:39+00:00","description":"Ce mois-ci encore la Parade Linas Autodrome a permis de r\u00e9unir des v\u00e9hicules d\u2019exception sur la place de la mairie de Linas.","breadcrumb":{"@id":"https:\/\/francois-pelletant.fr\/blog\/300-000-e-sur-la-place-la-mairie\/#breadcrumb"},"inLanguage":"fr-FR","potentialAction":[{"@type":"ReadAction","target":["https:\/\/francois-pelletant.fr\/blog\/300-000-e-sur-la-place-la-mairie\/"]}]},{"@type":"ImageObject","inLanguage":"fr-FR","@id":"https:\/\/francois-pelletant.fr\/blog\/300-000-e-sur-la-place-la-mairie\/#primaryimage","url":"https:\/\/francois-pelletant.fr\/blog\/wp-content\/uploads\/2014\/04\/2014-04-27-web.jpg","contentUrl":"https:\/\/francois-pelletant.fr\/blog\/wp-content\/uploads\/2014\/04\/2014-04-27-web.jpg","width":567,"height":425},{"@type":"BreadcrumbList","@id":"https:\/\/francois-pelletant.fr\/blog\/300-000-e-sur-la-place-la-mairie\/#breadcrumb","itemListElement":[{"@type":"ListItem","position":1,"name":"Accueil","item":"https:\/\/francois-pelletant.fr\/blog\/"},{"@type":"ListItem","position":2,"name":"300.000 \u20ac sur la place la mairie"}]},{"@type":"WebSite","@id":"https:\/\/francois-pelletant.fr\/blog\/#website","url":"https:\/\/francois-pelletant.fr\/blog\/","name":"Fran\u00e7ois Pelletant","description":"Maire de Linas, pour toujours.","publisher":{"@id":"https:\/\/francois-pelletant.fr\/blog\/#organization"},"potentialAction":[{"@type":"SearchAction","target":{"@type":"EntryPoint","urlTemplate":"https:\/\/francois-pelletant.fr\/blog\/?s={search_term_string}"},"query-input":{"@type":"PropertyValueSpecification","valueRequired":true,"valueName":"search_term_string"}}],"inLanguage":"fr-FR"},{"@type":"Organization","@id":"https:\/\/francois-pelletant.fr\/blog\/#organization","name":"Fran\u00e7ois Pelletant","url":"https:\/\/francois-pelletant.fr\/blog\/","logo":{"@type":"ImageObject","inLanguage":"fr-FR","@id":"https:\/\/francois-pelletant.fr\/blog\/#\/schema\/logo\/image\/","url":"https:\/\/francois-pelletant.fr\/blog\/wp-content\/uploads\/2024\/07\/icone-francois-centre-500p.png","contentUrl":"https:\/\/francois-pelletant.fr\/blog\/wp-content\/uploads\/2024\/07\/icone-francois-centre-500p.png","width":559,"height":447,"caption":"Fran\u00e7ois Pelletant"},"image":{"@id":"https:\/\/francois-pelletant.fr\/blog\/#\/schema\/logo\/image\/"},"sameAs":["https:\/\/www.facebook.com\/francois.pelletant.7","https:\/\/x.com\/pelletant"]},{"@type":"Person","@id":"https:\/\/francois-pelletant.fr\/blog\/#\/schema\/person\/2be41acb171dff8f31aaed1f40cee9f3","name":"Francois"}]}},"_links":{"self":[{"href":"https:\/\/francois-pelletant.fr\/blog\/wp-json\/wp\/v2\/posts\/4323","targetHints":{"allow":["GET"]}}],"collection":[{"href":"https:\/\/francois-pelletant.fr\/blog\/wp-json\/wp\/v2\/posts"}],"about":[{"href":"https:\/\/francois-pelletant.fr\/blog\/wp-json\/wp\/v2\/types\/post"}],"author":[{"embeddable":true,"href":"https:\/\/francois-pelletant.fr\/blog\/wp-json\/wp\/v2\/users\/1"}],"replies":[{"embeddable":true,"href":"https:\/\/francois-pelletant.fr\/blog\/wp-json\/wp\/v2\/comments?post=4323"}],"version-history":[{"count":0,"href":"https:\/\/francois-pelletant.fr\/blog\/wp-json\/wp\/v2\/posts\/4323\/revisions"}],"wp:featuredmedia":[{"embeddable":true,"href":"https:\/\/francois-pelletant.fr\/blog\/wp-json\/wp\/v2\/media\/4324"}],"wp:attachment":[{"href":"https:\/\/francois-pelletant.fr\/blog\/wp-json\/wp\/v2\/media?parent=4323"}],"wp:term":[{"taxonomy":"category","embeddable":true,"href":"https:\/\/francois-pelletant.fr\/blog\/wp-json\/wp\/v2\/categories?post=4323"},{"taxonomy":"post_tag","embeddable":true,"href":"https:\/\/francois-pelletant.fr\/blog\/wp-json\/wp\/v2\/tags?post=4323"}],"curies":[{"name":"wp","href":"https:\/\/api.w.org\/{rel}","templated":true}]}}