{"id":4347,"date":"2014-05-06T09:49:08","date_gmt":"2014-05-06T07:49:08","guid":{"rendered":"https:\/\/francois-pelletant.fr\/blog\/?p=4347"},"modified":"2017-05-10T09:27:59","modified_gmt":"2017-05-10T09:27:59","slug":"le-pavillon-1924-inaugure-lautodrome","status":"publish","type":"post","link":"https:\/\/francois-pelletant.fr\/blog\/le-pavillon-1924-inaugure-lautodrome\/","title":{"rendered":"Le &quot;pavillon 1924&quot; inaugur\u00e9 \u00e0 l\u2019Autodrome"},"content":{"rendered":"<figure id=\"attachment_4348\" aria-describedby=\"caption-attachment-4348\" style=\"width: 300px\" class=\"wp-caption alignleft\"><a href=\"https:\/\/francois-pelletant.fr\/blog\/wp-content\/uploads\/2014\/05\/le-PAVILLON-1924b.jpg\"><img loading=\"lazy\" decoding=\"async\" class=\"wp-image-4348 size-medium\" title=\"le-PAVILLON-1924b\" src=\"https:\/\/francois-pelletant.fr\/blog\/wp-content\/uploads\/2014\/05\/le-PAVILLON-1924b-300x200.jpg\" alt=\"image- &quot;Pavillon 1924&quot;\" width=\"300\" height=\"200\" srcset=\"https:\/\/francois-pelletant.fr\/blog\/wp-content\/uploads\/2014\/05\/le-PAVILLON-1924b-300x200.jpg 300w, https:\/\/francois-pelletant.fr\/blog\/wp-content\/uploads\/2014\/05\/le-PAVILLON-1924b.jpg 600w\" sizes=\"auto, (max-width: 300px) 100vw, 300px\" \/><\/a><figcaption id=\"caption-attachment-4348\" class=\"wp-caption-text\">le Pavillon 1924 &#8211; (cr\u00e9dit photo UTAC)<\/figcaption><\/figure>\n<p>&nbsp;<\/p>\n<h2>Le &#8220;Pavillon 1924&#8221; inaugur\u00e9<\/h2>\n<p>Pour c\u00e9l\u00e9brer ses 90 ans, l\u2019autodrome de Linas-Montlh\u00e9ry se tourne vers l\u2019avenir et de dote d\u2019un nouveau b\u00e2timent. En l\u2019occurrence un espace de r\u00e9ception unique en son genre. Inaugur\u00e9 le 11 avril dernier, le \u00ab\u00a0Pavillon 1924\u00a0\u00bb est situ\u00e9 en plein c\u0153ur du de l\u2019anneau de vitesse. Il a \u00e9t\u00e9 d&#8217;ailleurs, d\u00e9nomm\u00e9 en hommage \u00e0 l\u2019ann\u00e9e de naissance du circuit mythique.<\/p>\n<p>A vocation \u00e9v\u00e9nementielle, il permet d&#8217;accueillir le grand public dans un amphith\u00e9\u00e2tre de 470m<sup>2<\/sup>\u00a0modulable de 224 places assises, compl\u00e9t\u00e9 d&#8217;une terrasse panoramique culminant \u00e0 8 m\u00e8tres du sol install\u00e9e sur le toit et qui offre une vue imprenable sur le circuit.\u00a0 \u00ab C&#8217;est un signe fort pour montrer que l&#8217;autodrome continue \u00e0 vivre \u00bb, a rappel\u00e9 Denis Huille, le directeur d\u2019Event et Formations, filiale du groupe Utac-Ceram, le gestionnaire du site. Le public pourra d\u00e9couvrir ce nouveau lieu, notamment le 24 mai 2014 lors du premier Vintage Market, expo-vente de v\u00e9hicules anciens, avec essais possibles sur une piste d\u00e9di\u00e9e.<\/p>\n","protected":false},"excerpt":{"rendered":"<p>&nbsp; Le &#8220;Pavillon 1924&#8221; inaugur\u00e9 Pour c\u00e9l\u00e9brer ses 90 ans, l\u2019autodrome de Linas-Montlh\u00e9ry se tourne vers l\u2019avenir et de dote d\u2019un nouveau b\u00e2timent. En l\u2019occurrence un espace de r\u00e9ception unique en son genre. Inaugur\u00e9 le 11 avril dernier, le \u00ab\u00a0Pavillon 1924\u00a0\u00bb est situ\u00e9 en plein c\u0153ur du de l\u2019anneau de vitesse. Il a \u00e9t\u00e9 d&#8217;ailleurs, [&hellip;]<\/p>\n","protected":false},"author":1,"featured_media":4348,"comment_status":"open","ping_status":"open","sticky":false,"template":"","format":"standard","meta":{"footnotes":""},"categories":[15],"tags":[],"class_list":["post-4347","post","type-post","status-publish","format-standard","has-post-thumbnail","hentry","category-patrimoi"],"yoast_head":"<!-- This site is optimized with the Yoast SEO plugin v25.6 - https:\/\/yoast.com\/wordpress\/plugins\/seo\/ -->\n<title>Le &quot;Pavillon 1924&quot; inaugur\u00e9 \u00e0 l\u2019Autodrome - Fran\u00e7ois Pelletant<\/title>\n<meta name=\"description\" content=\"Le nouveau b\u00e2timent \u00abPavillon 1924\u00bb dans le cadre de la c\u00e9l\u00e9bration de son 90\u00e8me aniversaire a \u00e9t\u00e9 inaugur\u00e9 \u00e0 l\u2019autodrome de Linas-Montlh\u00e9ry\" \/>\n<meta name=\"robots\" content=\"index, follow, max-snippet:-1, max-image-preview:large, max-video-preview:-1\" \/>\n<link rel=\"canonical\" href=\"https:\/\/francois-pelletant.fr\/blog\/le-pavillon-1924-inaugure-lautodrome\/\" \/>\n<meta property=\"og:locale\" content=\"fr_FR\" \/>\n<meta property=\"og:type\" content=\"article\" \/>\n<meta property=\"og:title\" content=\"Le &quot;Pavillon 1924&quot; inaugur\u00e9 \u00e0 l\u2019Autodrome - Fran\u00e7ois Pelletant\" \/>\n<meta property=\"og:description\" content=\"Le nouveau b\u00e2timent \u00abPavillon 1924\u00bb dans le cadre de la c\u00e9l\u00e9bration de son 90\u00e8me aniversaire a \u00e9t\u00e9 inaugur\u00e9 \u00e0 l\u2019autodrome de Linas-Montlh\u00e9ry\" \/>\n<meta property=\"og:url\" content=\"https:\/\/francois-pelletant.fr\/blog\/le-pavillon-1924-inaugure-lautodrome\/\" \/>\n<meta property=\"og:site_name\" content=\"Fran\u00e7ois Pelletant\" \/>\n<meta property=\"article:publisher\" content=\"https:\/\/www.facebook.com\/francois.pelletant.7\" \/>\n<meta property=\"article:published_time\" content=\"2014-05-06T07:49:08+00:00\" \/>\n<meta property=\"article:modified_time\" content=\"2017-05-10T09:27:59+00:00\" \/>\n<meta property=\"og:image\" content=\"https:\/\/francois-pelletant.fr\/blog\/wp-content\/uploads\/2014\/05\/le-PAVILLON-1924b.jpg\" \/>\n\t<meta property=\"og:image:width\" content=\"600\" \/>\n\t<meta property=\"og:image:height\" content=\"400\" \/>\n\t<meta property=\"og:image:type\" content=\"image\/jpeg\" \/>\n<meta name=\"author\" content=\"Francois\" \/>\n<meta name=\"twitter:card\" content=\"summary_large_image\" \/>\n<meta name=\"twitter:creator\" content=\"@pelletant\" \/>\n<meta name=\"twitter:site\" content=\"@pelletant\" \/>\n<meta name=\"twitter:label1\" content=\"\u00c9crit par\" \/>\n\t<meta name=\"twitter:data1\" content=\"Francois\" \/>\n\t<meta name=\"twitter:label2\" content=\"Dur\u00e9e de lecture estim\u00e9e\" \/>\n\t<meta name=\"twitter:data2\" content=\"1 minute\" \/>\n<script type=\"application\/ld+json\" class=\"yoast-schema-graph\">{\"@context\":\"https:\/\/schema.org\",\"@graph\":[{\"@type\":\"Article\",\"@id\":\"https:\/\/francois-pelletant.fr\/blog\/le-pavillon-1924-inaugure-lautodrome\/#article\",\"isPartOf\":{\"@id\":\"https:\/\/francois-pelletant.fr\/blog\/le-pavillon-1924-inaugure-lautodrome\/\"},\"author\":{\"name\":\"Francois\",\"@id\":\"https:\/\/francois-pelletant.fr\/blog\/#\/schema\/person\/2be41acb171dff8f31aaed1f40cee9f3\"},\"headline\":\"Le &quot;pavillon 1924&quot; inaugur\u00e9 \u00e0 l\u2019Autodrome\",\"datePublished\":\"2014-05-06T07:49:08+00:00\",\"dateModified\":\"2017-05-10T09:27:59+00:00\",\"mainEntityOfPage\":{\"@id\":\"https:\/\/francois-pelletant.fr\/blog\/le-pavillon-1924-inaugure-lautodrome\/\"},\"wordCount\":202,\"commentCount\":0,\"publisher\":{\"@id\":\"https:\/\/francois-pelletant.fr\/blog\/#organization\"},\"image\":{\"@id\":\"https:\/\/francois-pelletant.fr\/blog\/le-pavillon-1924-inaugure-lautodrome\/#primaryimage\"},\"thumbnailUrl\":\"https:\/\/francois-pelletant.fr\/blog\/wp-content\/uploads\/2014\/05\/le-PAVILLON-1924b.jpg\",\"articleSection\":[\"Patrimoine\"],\"inLanguage\":\"fr-FR\",\"potentialAction\":[{\"@type\":\"CommentAction\",\"name\":\"Comment\",\"target\":[\"https:\/\/francois-pelletant.fr\/blog\/le-pavillon-1924-inaugure-lautodrome\/#respond\"]}]},{\"@type\":\"WebPage\",\"@id\":\"https:\/\/francois-pelletant.fr\/blog\/le-pavillon-1924-inaugure-lautodrome\/\",\"url\":\"https:\/\/francois-pelletant.fr\/blog\/le-pavillon-1924-inaugure-lautodrome\/\",\"name\":\"Le \\\"Pavillon 1924\\\" inaugur\u00e9 \u00e0 l\u2019Autodrome - Fran\u00e7ois Pelletant\",\"isPartOf\":{\"@id\":\"https:\/\/francois-pelletant.fr\/blog\/#website\"},\"primaryImageOfPage\":{\"@id\":\"https:\/\/francois-pelletant.fr\/blog\/le-pavillon-1924-inaugure-lautodrome\/#primaryimage\"},\"image\":{\"@id\":\"https:\/\/francois-pelletant.fr\/blog\/le-pavillon-1924-inaugure-lautodrome\/#primaryimage\"},\"thumbnailUrl\":\"https:\/\/francois-pelletant.fr\/blog\/wp-content\/uploads\/2014\/05\/le-PAVILLON-1924b.jpg\",\"datePublished\":\"2014-05-06T07:49:08+00:00\",\"dateModified\":\"2017-05-10T09:27:59+00:00\",\"description\":\"Le nouveau b\u00e2timent \u00abPavillon 1924\u00bb dans le cadre de la c\u00e9l\u00e9bration de son 90\u00e8me aniversaire a \u00e9t\u00e9 inaugur\u00e9 \u00e0 l\u2019autodrome de Linas-Montlh\u00e9ry\",\"breadcrumb\":{\"@id\":\"https:\/\/francois-pelletant.fr\/blog\/le-pavillon-1924-inaugure-lautodrome\/#breadcrumb\"},\"inLanguage\":\"fr-FR\",\"potentialAction\":[{\"@type\":\"ReadAction\",\"target\":[\"https:\/\/francois-pelletant.fr\/blog\/le-pavillon-1924-inaugure-lautodrome\/\"]}]},{\"@type\":\"ImageObject\",\"inLanguage\":\"fr-FR\",\"@id\":\"https:\/\/francois-pelletant.fr\/blog\/le-pavillon-1924-inaugure-lautodrome\/#primaryimage\",\"url\":\"https:\/\/francois-pelletant.fr\/blog\/wp-content\/uploads\/2014\/05\/le-PAVILLON-1924b.jpg\",\"contentUrl\":\"https:\/\/francois-pelletant.fr\/blog\/wp-content\/uploads\/2014\/05\/le-PAVILLON-1924b.jpg\",\"width\":600,\"height\":400,\"caption\":\"le Pavillon 1924 - (cr\u00e9dit photo UTAC)\"},{\"@type\":\"BreadcrumbList\",\"@id\":\"https:\/\/francois-pelletant.fr\/blog\/le-pavillon-1924-inaugure-lautodrome\/#breadcrumb\",\"itemListElement\":[{\"@type\":\"ListItem\",\"position\":1,\"name\":\"Accueil\",\"item\":\"https:\/\/francois-pelletant.fr\/blog\/\"},{\"@type\":\"ListItem\",\"position\":2,\"name\":\"Le &quot;pavillon 1924&quot; inaugur\u00e9 \u00e0 l\u2019Autodrome\"}]},{\"@type\":\"WebSite\",\"@id\":\"https:\/\/francois-pelletant.fr\/blog\/#website\",\"url\":\"https:\/\/francois-pelletant.fr\/blog\/\",\"name\":\"Fran\u00e7ois Pelletant\",\"description\":\"Maire de Linas, pour toujours.\",\"publisher\":{\"@id\":\"https:\/\/francois-pelletant.fr\/blog\/#organization\"},\"potentialAction\":[{\"@type\":\"SearchAction\",\"target\":{\"@type\":\"EntryPoint\",\"urlTemplate\":\"https:\/\/francois-pelletant.fr\/blog\/?s={search_term_string}\"},\"query-input\":{\"@type\":\"PropertyValueSpecification\",\"valueRequired\":true,\"valueName\":\"search_term_string\"}}],\"inLanguage\":\"fr-FR\"},{\"@type\":\"Organization\",\"@id\":\"https:\/\/francois-pelletant.fr\/blog\/#organization\",\"name\":\"Fran\u00e7ois Pelletant\",\"url\":\"https:\/\/francois-pelletant.fr\/blog\/\",\"logo\":{\"@type\":\"ImageObject\",\"inLanguage\":\"fr-FR\",\"@id\":\"https:\/\/francois-pelletant.fr\/blog\/#\/schema\/logo\/image\/\",\"url\":\"https:\/\/francois-pelletant.fr\/blog\/wp-content\/uploads\/2024\/07\/icone-francois-centre-500p.png\",\"contentUrl\":\"https:\/\/francois-pelletant.fr\/blog\/wp-content\/uploads\/2024\/07\/icone-francois-centre-500p.png\",\"width\":559,\"height\":447,\"caption\":\"Fran\u00e7ois Pelletant\"},\"image\":{\"@id\":\"https:\/\/francois-pelletant.fr\/blog\/#\/schema\/logo\/image\/\"},\"sameAs\":[\"https:\/\/www.facebook.com\/francois.pelletant.7\",\"https:\/\/x.com\/pelletant\"]},{\"@type\":\"Person\",\"@id\":\"https:\/\/francois-pelletant.fr\/blog\/#\/schema\/person\/2be41acb171dff8f31aaed1f40cee9f3\",\"name\":\"Francois\"}]}<\/script>\n<!-- \/ Yoast SEO plugin. -->","yoast_head_json":{"title":"Le \"Pavillon 1924\" inaugur\u00e9 \u00e0 l\u2019Autodrome - Fran\u00e7ois Pelletant","description":"Le nouveau b\u00e2timent \u00abPavillon 1924\u00bb dans le cadre de la c\u00e9l\u00e9bration de son 90\u00e8me aniversaire a \u00e9t\u00e9 inaugur\u00e9 \u00e0 l\u2019autodrome de Linas-Montlh\u00e9ry","robots":{"index":"index","follow":"follow","max-snippet":"max-snippet:-1","max-image-preview":"max-image-preview:large","max-video-preview":"max-video-preview:-1"},"canonical":"https:\/\/francois-pelletant.fr\/blog\/le-pavillon-1924-inaugure-lautodrome\/","og_locale":"fr_FR","og_type":"article","og_title":"Le \"Pavillon 1924\" inaugur\u00e9 \u00e0 l\u2019Autodrome - Fran\u00e7ois Pelletant","og_description":"Le nouveau b\u00e2timent \u00abPavillon 1924\u00bb dans le cadre de la c\u00e9l\u00e9bration de son 90\u00e8me aniversaire a \u00e9t\u00e9 inaugur\u00e9 \u00e0 l\u2019autodrome de Linas-Montlh\u00e9ry","og_url":"https:\/\/francois-pelletant.fr\/blog\/le-pavillon-1924-inaugure-lautodrome\/","og_site_name":"Fran\u00e7ois Pelletant","article_publisher":"https:\/\/www.facebook.com\/francois.pelletant.7","article_published_time":"2014-05-06T07:49:08+00:00","article_modified_time":"2017-05-10T09:27:59+00:00","og_image":[{"width":600,"height":400,"url":"https:\/\/francois-pelletant.fr\/blog\/wp-content\/uploads\/2014\/05\/le-PAVILLON-1924b.jpg","type":"image\/jpeg"}],"author":"Francois","twitter_card":"summary_large_image","twitter_creator":"@pelletant","twitter_site":"@pelletant","twitter_misc":{"\u00c9crit par":"Francois","Dur\u00e9e de lecture estim\u00e9e":"1 minute"},"schema":{"@context":"https:\/\/schema.org","@graph":[{"@type":"Article","@id":"https:\/\/francois-pelletant.fr\/blog\/le-pavillon-1924-inaugure-lautodrome\/#article","isPartOf":{"@id":"https:\/\/francois-pelletant.fr\/blog\/le-pavillon-1924-inaugure-lautodrome\/"},"author":{"name":"Francois","@id":"https:\/\/francois-pelletant.fr\/blog\/#\/schema\/person\/2be41acb171dff8f31aaed1f40cee9f3"},"headline":"Le &quot;pavillon 1924&quot; inaugur\u00e9 \u00e0 l\u2019Autodrome","datePublished":"2014-05-06T07:49:08+00:00","dateModified":"2017-05-10T09:27:59+00:00","mainEntityOfPage":{"@id":"https:\/\/francois-pelletant.fr\/blog\/le-pavillon-1924-inaugure-lautodrome\/"},"wordCount":202,"commentCount":0,"publisher":{"@id":"https:\/\/francois-pelletant.fr\/blog\/#organization"},"image":{"@id":"https:\/\/francois-pelletant.fr\/blog\/le-pavillon-1924-inaugure-lautodrome\/#primaryimage"},"thumbnailUrl":"https:\/\/francois-pelletant.fr\/blog\/wp-content\/uploads\/2014\/05\/le-PAVILLON-1924b.jpg","articleSection":["Patrimoine"],"inLanguage":"fr-FR","potentialAction":[{"@type":"CommentAction","name":"Comment","target":["https:\/\/francois-pelletant.fr\/blog\/le-pavillon-1924-inaugure-lautodrome\/#respond"]}]},{"@type":"WebPage","@id":"https:\/\/francois-pelletant.fr\/blog\/le-pavillon-1924-inaugure-lautodrome\/","url":"https:\/\/francois-pelletant.fr\/blog\/le-pavillon-1924-inaugure-lautodrome\/","name":"Le \"Pavillon 1924\" inaugur\u00e9 \u00e0 l\u2019Autodrome - Fran\u00e7ois Pelletant","isPartOf":{"@id":"https:\/\/francois-pelletant.fr\/blog\/#website"},"primaryImageOfPage":{"@id":"https:\/\/francois-pelletant.fr\/blog\/le-pavillon-1924-inaugure-lautodrome\/#primaryimage"},"image":{"@id":"https:\/\/francois-pelletant.fr\/blog\/le-pavillon-1924-inaugure-lautodrome\/#primaryimage"},"thumbnailUrl":"https:\/\/francois-pelletant.fr\/blog\/wp-content\/uploads\/2014\/05\/le-PAVILLON-1924b.jpg","datePublished":"2014-05-06T07:49:08+00:00","dateModified":"2017-05-10T09:27:59+00:00","description":"Le nouveau b\u00e2timent \u00abPavillon 1924\u00bb dans le cadre de la c\u00e9l\u00e9bration de son 90\u00e8me aniversaire a \u00e9t\u00e9 inaugur\u00e9 \u00e0 l\u2019autodrome de Linas-Montlh\u00e9ry","breadcrumb":{"@id":"https:\/\/francois-pelletant.fr\/blog\/le-pavillon-1924-inaugure-lautodrome\/#breadcrumb"},"inLanguage":"fr-FR","potentialAction":[{"@type":"ReadAction","target":["https:\/\/francois-pelletant.fr\/blog\/le-pavillon-1924-inaugure-lautodrome\/"]}]},{"@type":"ImageObject","inLanguage":"fr-FR","@id":"https:\/\/francois-pelletant.fr\/blog\/le-pavillon-1924-inaugure-lautodrome\/#primaryimage","url":"https:\/\/francois-pelletant.fr\/blog\/wp-content\/uploads\/2014\/05\/le-PAVILLON-1924b.jpg","contentUrl":"https:\/\/francois-pelletant.fr\/blog\/wp-content\/uploads\/2014\/05\/le-PAVILLON-1924b.jpg","width":600,"height":400,"caption":"le Pavillon 1924 - (cr\u00e9dit photo UTAC)"},{"@type":"BreadcrumbList","@id":"https:\/\/francois-pelletant.fr\/blog\/le-pavillon-1924-inaugure-lautodrome\/#breadcrumb","itemListElement":[{"@type":"ListItem","position":1,"name":"Accueil","item":"https:\/\/francois-pelletant.fr\/blog\/"},{"@type":"ListItem","position":2,"name":"Le &quot;pavillon 1924&quot; inaugur\u00e9 \u00e0 l\u2019Autodrome"}]},{"@type":"WebSite","@id":"https:\/\/francois-pelletant.fr\/blog\/#website","url":"https:\/\/francois-pelletant.fr\/blog\/","name":"Fran\u00e7ois Pelletant","description":"Maire de Linas, pour toujours.","publisher":{"@id":"https:\/\/francois-pelletant.fr\/blog\/#organization"},"potentialAction":[{"@type":"SearchAction","target":{"@type":"EntryPoint","urlTemplate":"https:\/\/francois-pelletant.fr\/blog\/?s={search_term_string}"},"query-input":{"@type":"PropertyValueSpecification","valueRequired":true,"valueName":"search_term_string"}}],"inLanguage":"fr-FR"},{"@type":"Organization","@id":"https:\/\/francois-pelletant.fr\/blog\/#organization","name":"Fran\u00e7ois Pelletant","url":"https:\/\/francois-pelletant.fr\/blog\/","logo":{"@type":"ImageObject","inLanguage":"fr-FR","@id":"https:\/\/francois-pelletant.fr\/blog\/#\/schema\/logo\/image\/","url":"https:\/\/francois-pelletant.fr\/blog\/wp-content\/uploads\/2024\/07\/icone-francois-centre-500p.png","contentUrl":"https:\/\/francois-pelletant.fr\/blog\/wp-content\/uploads\/2024\/07\/icone-francois-centre-500p.png","width":559,"height":447,"caption":"Fran\u00e7ois Pelletant"},"image":{"@id":"https:\/\/francois-pelletant.fr\/blog\/#\/schema\/logo\/image\/"},"sameAs":["https:\/\/www.facebook.com\/francois.pelletant.7","https:\/\/x.com\/pelletant"]},{"@type":"Person","@id":"https:\/\/francois-pelletant.fr\/blog\/#\/schema\/person\/2be41acb171dff8f31aaed1f40cee9f3","name":"Francois"}]}},"_links":{"self":[{"href":"https:\/\/francois-pelletant.fr\/blog\/wp-json\/wp\/v2\/posts\/4347","targetHints":{"allow":["GET"]}}],"collection":[{"href":"https:\/\/francois-pelletant.fr\/blog\/wp-json\/wp\/v2\/posts"}],"about":[{"href":"https:\/\/francois-pelletant.fr\/blog\/wp-json\/wp\/v2\/types\/post"}],"author":[{"embeddable":true,"href":"https:\/\/francois-pelletant.fr\/blog\/wp-json\/wp\/v2\/users\/1"}],"replies":[{"embeddable":true,"href":"https:\/\/francois-pelletant.fr\/blog\/wp-json\/wp\/v2\/comments?post=4347"}],"version-history":[{"count":0,"href":"https:\/\/francois-pelletant.fr\/blog\/wp-json\/wp\/v2\/posts\/4347\/revisions"}],"wp:featuredmedia":[{"embeddable":true,"href":"https:\/\/francois-pelletant.fr\/blog\/wp-json\/wp\/v2\/media\/4348"}],"wp:attachment":[{"href":"https:\/\/francois-pelletant.fr\/blog\/wp-json\/wp\/v2\/media?parent=4347"}],"wp:term":[{"taxonomy":"category","embeddable":true,"href":"https:\/\/francois-pelletant.fr\/blog\/wp-json\/wp\/v2\/categories?post=4347"},{"taxonomy":"post_tag","embeddable":true,"href":"https:\/\/francois-pelletant.fr\/blog\/wp-json\/wp\/v2\/tags?post=4347"}],"curies":[{"name":"wp","href":"https:\/\/api.w.org\/{rel}","templated":true}]}}