{"id":4381,"date":"2014-05-16T08:40:14","date_gmt":"2014-05-16T06:40:14","guid":{"rendered":"https:\/\/francois-pelletant.fr\/blog\/?p=4381"},"modified":"2017-05-10T08:27:03","modified_gmt":"2017-05-10T08:27:03","slug":"les-jeunes-sont-dans-la-course","status":"publish","type":"post","link":"https:\/\/francois-pelletant.fr\/blog\/les-jeunes-sont-dans-la-course\/","title":{"rendered":"Les Jeunes sont dans la course !"},"content":{"rendered":"<h3><a href=\"https:\/\/francois-pelletant.fr\/blog\/wp-content\/uploads\/2014\/05\/autodrome1.jpg\"><img loading=\"lazy\" decoding=\"async\" class=\"alignleft wp-image-4382 size-medium\" title=\"autodrome\" src=\"https:\/\/francois-pelletant.fr\/blog\/wp-content\/uploads\/2014\/05\/autodrome1-300x201.jpg\" alt=\"image-course-jeunes-Autodrome Heritage Festival\" width=\"300\" height=\"201\" srcset=\"https:\/\/francois-pelletant.fr\/blog\/wp-content\/uploads\/2014\/05\/autodrome1-300x201.jpg 300w, https:\/\/francois-pelletant.fr\/blog\/wp-content\/uploads\/2014\/05\/autodrome1-768x514.jpg 768w, https:\/\/francois-pelletant.fr\/blog\/wp-content\/uploads\/2014\/05\/autodrome1-600x401.jpg 600w, https:\/\/francois-pelletant.fr\/blog\/wp-content\/uploads\/2014\/05\/autodrome1.jpg 1024w\" sizes=\"auto, (max-width: 300px) 100vw, 300px\" \/><\/a><\/h3>\n<h3>Une course d\u00e9di\u00e9 aux jeunes lors de l&#8217;Autodrome Heritage Festival<\/h3>\n<p>Samedi 7 et dimanche 8 juin 2014, Autodrome Heritage Festival revient pour sa 6\u00e8me saison. Dans le cadre du festival\u00a0l&#8217;Autodrome de Linas-Montlh\u00e9ry f\u00eate ses 90 ans. Cet \u00e9v\u00e9nement r\u00e9unira plus de 700 v\u00e9hicules de collection et de tr\u00e8s nombreuses expositions, animations et d\u00e9monstrations. De plus, cette ann\u00e9e les jeunes\u00a0seront mis \u00e0 l&#8217;honneur ! En effet, \u00a0une comp\u00e9tition de voitures \u00e0 p\u00e9dales qui leur sera enti\u00e8rement d\u00e9di\u00e9e.<\/p>\n<p>Face aux milliers de spectateurs pr\u00e9sents, 15 enfants de moins de 1,20m, \u00a0pour raison de taille de v\u00e9hicule \u00e0 p\u00e9dales, s&#8217;affronteront dans la bonne humeur fa\u00e7on 24 heures du Mans. D\u00e9part en \u00e9pi, v\u00e9hicule, casque et combinaison pr\u00eat\u00e9s pour l&#8217;occasion\u00a0 par le fabricant Fran\u00e7ais BAGHERA, partenaire de cette animation gratuite.<\/p>\n<p>La comp\u00e9tition \u00a0se d\u00e9roulera entre 12 et 14h00. Chaque jour, Il y aura une s\u00e9ance de mise en main le matin pour les jeunes prodiges. Ils seront alors coach\u00e9s par un adulte et emmen\u00e9s sur la ligne de d\u00e9part par ce m\u00eame coach en Clio V6 ! Enfin, pour tout renseignements et inscriptions, rendez-vous sur le site Internet\u00a0: <a href=\"http:\/\/www.autodrome-heritage-festival.com\/\" target=\"_blank\" rel=\"nofollow\">www.autodrome-heritage-festival.com<\/a><\/p>\n","protected":false},"excerpt":{"rendered":"<p>Une course d\u00e9di\u00e9 aux jeunes lors de l&#8217;Autodrome Heritage Festival Samedi 7 et dimanche 8 juin 2014, Autodrome Heritage Festival revient pour sa 6\u00e8me saison. Dans le cadre du festival\u00a0l&#8217;Autodrome de Linas-Montlh\u00e9ry f\u00eate ses 90 ans. Cet \u00e9v\u00e9nement r\u00e9unira plus de 700 v\u00e9hicules de collection et de tr\u00e8s nombreuses expositions, animations et d\u00e9monstrations. De plus, [&hellip;]<\/p>\n","protected":false},"author":1,"featured_media":0,"comment_status":"open","ping_status":"open","sticky":false,"template":"","format":"standard","meta":{"footnotes":""},"categories":[15],"tags":[],"class_list":["post-4381","post","type-post","status-publish","format-standard","hentry","category-patrimoi"],"yoast_head":"<!-- This site is optimized with the Yoast SEO plugin v25.6 - https:\/\/yoast.com\/wordpress\/plugins\/seo\/ -->\n<title>Les Jeunes sont dans la course ! - Fran\u00e7ois Pelletant<\/title>\n<meta name=\"description\" content=\"Autodrome Heritage Festivale : Cette ann\u00e9e les jeunes enfants pourront participer \u00e0 une comp\u00e9tition qui leur ait destin\u00e9.\" \/>\n<meta name=\"robots\" content=\"index, follow, max-snippet:-1, max-image-preview:large, max-video-preview:-1\" \/>\n<link rel=\"canonical\" href=\"https:\/\/francois-pelletant.fr\/blog\/les-jeunes-sont-dans-la-course\/\" \/>\n<meta property=\"og:locale\" content=\"fr_FR\" \/>\n<meta property=\"og:type\" content=\"article\" \/>\n<meta property=\"og:title\" content=\"Les Jeunes sont dans la course ! - Fran\u00e7ois Pelletant\" \/>\n<meta property=\"og:description\" content=\"Autodrome Heritage Festivale : Cette ann\u00e9e les jeunes enfants pourront participer \u00e0 une comp\u00e9tition qui leur ait destin\u00e9.\" \/>\n<meta property=\"og:url\" content=\"https:\/\/francois-pelletant.fr\/blog\/les-jeunes-sont-dans-la-course\/\" \/>\n<meta property=\"og:site_name\" content=\"Fran\u00e7ois Pelletant\" \/>\n<meta property=\"article:publisher\" content=\"https:\/\/www.facebook.com\/francois.pelletant.7\" \/>\n<meta property=\"article:published_time\" content=\"2014-05-16T06:40:14+00:00\" \/>\n<meta property=\"article:modified_time\" content=\"2017-05-10T08:27:03+00:00\" \/>\n<meta property=\"og:image\" content=\"https:\/\/francois-pelletant.fr\/blog\/wp-content\/uploads\/2014\/05\/autodrome1.jpg\" \/>\n\t<meta property=\"og:image:width\" content=\"1024\" \/>\n\t<meta property=\"og:image:height\" content=\"685\" \/>\n\t<meta property=\"og:image:type\" content=\"image\/jpeg\" \/>\n<meta name=\"author\" content=\"Francois\" \/>\n<meta name=\"twitter:card\" content=\"summary_large_image\" \/>\n<meta name=\"twitter:creator\" content=\"@pelletant\" \/>\n<meta name=\"twitter:site\" content=\"@pelletant\" \/>\n<meta name=\"twitter:label1\" content=\"\u00c9crit par\" \/>\n\t<meta name=\"twitter:data1\" content=\"Francois\" \/>\n\t<meta name=\"twitter:label2\" content=\"Dur\u00e9e de lecture estim\u00e9e\" \/>\n\t<meta name=\"twitter:data2\" content=\"1 minute\" \/>\n<script type=\"application\/ld+json\" class=\"yoast-schema-graph\">{\"@context\":\"https:\/\/schema.org\",\"@graph\":[{\"@type\":\"Article\",\"@id\":\"https:\/\/francois-pelletant.fr\/blog\/les-jeunes-sont-dans-la-course\/#article\",\"isPartOf\":{\"@id\":\"https:\/\/francois-pelletant.fr\/blog\/les-jeunes-sont-dans-la-course\/\"},\"author\":{\"name\":\"Francois\",\"@id\":\"https:\/\/francois-pelletant.fr\/blog\/#\/schema\/person\/2be41acb171dff8f31aaed1f40cee9f3\"},\"headline\":\"Les Jeunes sont dans la course !\",\"datePublished\":\"2014-05-16T06:40:14+00:00\",\"dateModified\":\"2017-05-10T08:27:03+00:00\",\"mainEntityOfPage\":{\"@id\":\"https:\/\/francois-pelletant.fr\/blog\/les-jeunes-sont-dans-la-course\/\"},\"wordCount\":217,\"commentCount\":0,\"publisher\":{\"@id\":\"https:\/\/francois-pelletant.fr\/blog\/#organization\"},\"image\":{\"@id\":\"https:\/\/francois-pelletant.fr\/blog\/les-jeunes-sont-dans-la-course\/#primaryimage\"},\"thumbnailUrl\":\"https:\/\/francois-pelletant.fr\/blog\/wp-content\/uploads\/2014\/05\/autodrome1-300x201.jpg\",\"articleSection\":[\"Patrimoine\"],\"inLanguage\":\"fr-FR\",\"potentialAction\":[{\"@type\":\"CommentAction\",\"name\":\"Comment\",\"target\":[\"https:\/\/francois-pelletant.fr\/blog\/les-jeunes-sont-dans-la-course\/#respond\"]}]},{\"@type\":\"WebPage\",\"@id\":\"https:\/\/francois-pelletant.fr\/blog\/les-jeunes-sont-dans-la-course\/\",\"url\":\"https:\/\/francois-pelletant.fr\/blog\/les-jeunes-sont-dans-la-course\/\",\"name\":\"Les Jeunes sont dans la course ! - Fran\u00e7ois Pelletant\",\"isPartOf\":{\"@id\":\"https:\/\/francois-pelletant.fr\/blog\/#website\"},\"primaryImageOfPage\":{\"@id\":\"https:\/\/francois-pelletant.fr\/blog\/les-jeunes-sont-dans-la-course\/#primaryimage\"},\"image\":{\"@id\":\"https:\/\/francois-pelletant.fr\/blog\/les-jeunes-sont-dans-la-course\/#primaryimage\"},\"thumbnailUrl\":\"https:\/\/francois-pelletant.fr\/blog\/wp-content\/uploads\/2014\/05\/autodrome1-300x201.jpg\",\"datePublished\":\"2014-05-16T06:40:14+00:00\",\"dateModified\":\"2017-05-10T08:27:03+00:00\",\"description\":\"Autodrome Heritage Festivale : Cette ann\u00e9e les jeunes enfants pourront participer \u00e0 une comp\u00e9tition qui leur ait destin\u00e9.\",\"breadcrumb\":{\"@id\":\"https:\/\/francois-pelletant.fr\/blog\/les-jeunes-sont-dans-la-course\/#breadcrumb\"},\"inLanguage\":\"fr-FR\",\"potentialAction\":[{\"@type\":\"ReadAction\",\"target\":[\"https:\/\/francois-pelletant.fr\/blog\/les-jeunes-sont-dans-la-course\/\"]}]},{\"@type\":\"ImageObject\",\"inLanguage\":\"fr-FR\",\"@id\":\"https:\/\/francois-pelletant.fr\/blog\/les-jeunes-sont-dans-la-course\/#primaryimage\",\"url\":\"https:\/\/francois-pelletant.fr\/blog\/wp-content\/uploads\/2014\/05\/autodrome1.jpg\",\"contentUrl\":\"https:\/\/francois-pelletant.fr\/blog\/wp-content\/uploads\/2014\/05\/autodrome1.jpg\",\"width\":1024,\"height\":685},{\"@type\":\"BreadcrumbList\",\"@id\":\"https:\/\/francois-pelletant.fr\/blog\/les-jeunes-sont-dans-la-course\/#breadcrumb\",\"itemListElement\":[{\"@type\":\"ListItem\",\"position\":1,\"name\":\"Accueil\",\"item\":\"https:\/\/francois-pelletant.fr\/blog\/\"},{\"@type\":\"ListItem\",\"position\":2,\"name\":\"Les Jeunes sont dans la course !\"}]},{\"@type\":\"WebSite\",\"@id\":\"https:\/\/francois-pelletant.fr\/blog\/#website\",\"url\":\"https:\/\/francois-pelletant.fr\/blog\/\",\"name\":\"Fran\u00e7ois Pelletant\",\"description\":\"Maire de Linas, pour toujours.\",\"publisher\":{\"@id\":\"https:\/\/francois-pelletant.fr\/blog\/#organization\"},\"potentialAction\":[{\"@type\":\"SearchAction\",\"target\":{\"@type\":\"EntryPoint\",\"urlTemplate\":\"https:\/\/francois-pelletant.fr\/blog\/?s={search_term_string}\"},\"query-input\":{\"@type\":\"PropertyValueSpecification\",\"valueRequired\":true,\"valueName\":\"search_term_string\"}}],\"inLanguage\":\"fr-FR\"},{\"@type\":\"Organization\",\"@id\":\"https:\/\/francois-pelletant.fr\/blog\/#organization\",\"name\":\"Fran\u00e7ois Pelletant\",\"url\":\"https:\/\/francois-pelletant.fr\/blog\/\",\"logo\":{\"@type\":\"ImageObject\",\"inLanguage\":\"fr-FR\",\"@id\":\"https:\/\/francois-pelletant.fr\/blog\/#\/schema\/logo\/image\/\",\"url\":\"https:\/\/francois-pelletant.fr\/blog\/wp-content\/uploads\/2024\/07\/icone-francois-centre-500p.png\",\"contentUrl\":\"https:\/\/francois-pelletant.fr\/blog\/wp-content\/uploads\/2024\/07\/icone-francois-centre-500p.png\",\"width\":559,\"height\":447,\"caption\":\"Fran\u00e7ois Pelletant\"},\"image\":{\"@id\":\"https:\/\/francois-pelletant.fr\/blog\/#\/schema\/logo\/image\/\"},\"sameAs\":[\"https:\/\/www.facebook.com\/francois.pelletant.7\",\"https:\/\/x.com\/pelletant\"]},{\"@type\":\"Person\",\"@id\":\"https:\/\/francois-pelletant.fr\/blog\/#\/schema\/person\/2be41acb171dff8f31aaed1f40cee9f3\",\"name\":\"Francois\"}]}<\/script>\n<!-- \/ Yoast SEO plugin. -->","yoast_head_json":{"title":"Les Jeunes sont dans la course ! - Fran\u00e7ois Pelletant","description":"Autodrome Heritage Festivale : Cette ann\u00e9e les jeunes enfants pourront participer \u00e0 une comp\u00e9tition qui leur ait destin\u00e9.","robots":{"index":"index","follow":"follow","max-snippet":"max-snippet:-1","max-image-preview":"max-image-preview:large","max-video-preview":"max-video-preview:-1"},"canonical":"https:\/\/francois-pelletant.fr\/blog\/les-jeunes-sont-dans-la-course\/","og_locale":"fr_FR","og_type":"article","og_title":"Les Jeunes sont dans la course ! - Fran\u00e7ois Pelletant","og_description":"Autodrome Heritage Festivale : Cette ann\u00e9e les jeunes enfants pourront participer \u00e0 une comp\u00e9tition qui leur ait destin\u00e9.","og_url":"https:\/\/francois-pelletant.fr\/blog\/les-jeunes-sont-dans-la-course\/","og_site_name":"Fran\u00e7ois Pelletant","article_publisher":"https:\/\/www.facebook.com\/francois.pelletant.7","article_published_time":"2014-05-16T06:40:14+00:00","article_modified_time":"2017-05-10T08:27:03+00:00","og_image":[{"width":1024,"height":685,"url":"https:\/\/francois-pelletant.fr\/blog\/wp-content\/uploads\/2014\/05\/autodrome1.jpg","type":"image\/jpeg"}],"author":"Francois","twitter_card":"summary_large_image","twitter_creator":"@pelletant","twitter_site":"@pelletant","twitter_misc":{"\u00c9crit par":"Francois","Dur\u00e9e de lecture estim\u00e9e":"1 minute"},"schema":{"@context":"https:\/\/schema.org","@graph":[{"@type":"Article","@id":"https:\/\/francois-pelletant.fr\/blog\/les-jeunes-sont-dans-la-course\/#article","isPartOf":{"@id":"https:\/\/francois-pelletant.fr\/blog\/les-jeunes-sont-dans-la-course\/"},"author":{"name":"Francois","@id":"https:\/\/francois-pelletant.fr\/blog\/#\/schema\/person\/2be41acb171dff8f31aaed1f40cee9f3"},"headline":"Les Jeunes sont dans la course !","datePublished":"2014-05-16T06:40:14+00:00","dateModified":"2017-05-10T08:27:03+00:00","mainEntityOfPage":{"@id":"https:\/\/francois-pelletant.fr\/blog\/les-jeunes-sont-dans-la-course\/"},"wordCount":217,"commentCount":0,"publisher":{"@id":"https:\/\/francois-pelletant.fr\/blog\/#organization"},"image":{"@id":"https:\/\/francois-pelletant.fr\/blog\/les-jeunes-sont-dans-la-course\/#primaryimage"},"thumbnailUrl":"https:\/\/francois-pelletant.fr\/blog\/wp-content\/uploads\/2014\/05\/autodrome1-300x201.jpg","articleSection":["Patrimoine"],"inLanguage":"fr-FR","potentialAction":[{"@type":"CommentAction","name":"Comment","target":["https:\/\/francois-pelletant.fr\/blog\/les-jeunes-sont-dans-la-course\/#respond"]}]},{"@type":"WebPage","@id":"https:\/\/francois-pelletant.fr\/blog\/les-jeunes-sont-dans-la-course\/","url":"https:\/\/francois-pelletant.fr\/blog\/les-jeunes-sont-dans-la-course\/","name":"Les Jeunes sont dans la course ! - Fran\u00e7ois Pelletant","isPartOf":{"@id":"https:\/\/francois-pelletant.fr\/blog\/#website"},"primaryImageOfPage":{"@id":"https:\/\/francois-pelletant.fr\/blog\/les-jeunes-sont-dans-la-course\/#primaryimage"},"image":{"@id":"https:\/\/francois-pelletant.fr\/blog\/les-jeunes-sont-dans-la-course\/#primaryimage"},"thumbnailUrl":"https:\/\/francois-pelletant.fr\/blog\/wp-content\/uploads\/2014\/05\/autodrome1-300x201.jpg","datePublished":"2014-05-16T06:40:14+00:00","dateModified":"2017-05-10T08:27:03+00:00","description":"Autodrome Heritage Festivale : Cette ann\u00e9e les jeunes enfants pourront participer \u00e0 une comp\u00e9tition qui leur ait destin\u00e9.","breadcrumb":{"@id":"https:\/\/francois-pelletant.fr\/blog\/les-jeunes-sont-dans-la-course\/#breadcrumb"},"inLanguage":"fr-FR","potentialAction":[{"@type":"ReadAction","target":["https:\/\/francois-pelletant.fr\/blog\/les-jeunes-sont-dans-la-course\/"]}]},{"@type":"ImageObject","inLanguage":"fr-FR","@id":"https:\/\/francois-pelletant.fr\/blog\/les-jeunes-sont-dans-la-course\/#primaryimage","url":"https:\/\/francois-pelletant.fr\/blog\/wp-content\/uploads\/2014\/05\/autodrome1.jpg","contentUrl":"https:\/\/francois-pelletant.fr\/blog\/wp-content\/uploads\/2014\/05\/autodrome1.jpg","width":1024,"height":685},{"@type":"BreadcrumbList","@id":"https:\/\/francois-pelletant.fr\/blog\/les-jeunes-sont-dans-la-course\/#breadcrumb","itemListElement":[{"@type":"ListItem","position":1,"name":"Accueil","item":"https:\/\/francois-pelletant.fr\/blog\/"},{"@type":"ListItem","position":2,"name":"Les Jeunes sont dans la course !"}]},{"@type":"WebSite","@id":"https:\/\/francois-pelletant.fr\/blog\/#website","url":"https:\/\/francois-pelletant.fr\/blog\/","name":"Fran\u00e7ois Pelletant","description":"Maire de Linas, pour toujours.","publisher":{"@id":"https:\/\/francois-pelletant.fr\/blog\/#organization"},"potentialAction":[{"@type":"SearchAction","target":{"@type":"EntryPoint","urlTemplate":"https:\/\/francois-pelletant.fr\/blog\/?s={search_term_string}"},"query-input":{"@type":"PropertyValueSpecification","valueRequired":true,"valueName":"search_term_string"}}],"inLanguage":"fr-FR"},{"@type":"Organization","@id":"https:\/\/francois-pelletant.fr\/blog\/#organization","name":"Fran\u00e7ois Pelletant","url":"https:\/\/francois-pelletant.fr\/blog\/","logo":{"@type":"ImageObject","inLanguage":"fr-FR","@id":"https:\/\/francois-pelletant.fr\/blog\/#\/schema\/logo\/image\/","url":"https:\/\/francois-pelletant.fr\/blog\/wp-content\/uploads\/2024\/07\/icone-francois-centre-500p.png","contentUrl":"https:\/\/francois-pelletant.fr\/blog\/wp-content\/uploads\/2024\/07\/icone-francois-centre-500p.png","width":559,"height":447,"caption":"Fran\u00e7ois Pelletant"},"image":{"@id":"https:\/\/francois-pelletant.fr\/blog\/#\/schema\/logo\/image\/"},"sameAs":["https:\/\/www.facebook.com\/francois.pelletant.7","https:\/\/x.com\/pelletant"]},{"@type":"Person","@id":"https:\/\/francois-pelletant.fr\/blog\/#\/schema\/person\/2be41acb171dff8f31aaed1f40cee9f3","name":"Francois"}]}},"_links":{"self":[{"href":"https:\/\/francois-pelletant.fr\/blog\/wp-json\/wp\/v2\/posts\/4381","targetHints":{"allow":["GET"]}}],"collection":[{"href":"https:\/\/francois-pelletant.fr\/blog\/wp-json\/wp\/v2\/posts"}],"about":[{"href":"https:\/\/francois-pelletant.fr\/blog\/wp-json\/wp\/v2\/types\/post"}],"author":[{"embeddable":true,"href":"https:\/\/francois-pelletant.fr\/blog\/wp-json\/wp\/v2\/users\/1"}],"replies":[{"embeddable":true,"href":"https:\/\/francois-pelletant.fr\/blog\/wp-json\/wp\/v2\/comments?post=4381"}],"version-history":[{"count":0,"href":"https:\/\/francois-pelletant.fr\/blog\/wp-json\/wp\/v2\/posts\/4381\/revisions"}],"wp:attachment":[{"href":"https:\/\/francois-pelletant.fr\/blog\/wp-json\/wp\/v2\/media?parent=4381"}],"wp:term":[{"taxonomy":"category","embeddable":true,"href":"https:\/\/francois-pelletant.fr\/blog\/wp-json\/wp\/v2\/categories?post=4381"},{"taxonomy":"post_tag","embeddable":true,"href":"https:\/\/francois-pelletant.fr\/blog\/wp-json\/wp\/v2\/tags?post=4381"}],"curies":[{"name":"wp","href":"https:\/\/api.w.org\/{rel}","templated":true}]}}