{"id":4383,"date":"2014-05-19T10:31:48","date_gmt":"2014-05-19T08:31:48","guid":{"rendered":"https:\/\/francois-pelletant.fr\/blog\/?p=4383"},"modified":"2017-05-11T07:43:35","modified_gmt":"2017-05-11T07:43:35","slug":"la-rn20-dans-auto-plus","status":"publish","type":"post","link":"https:\/\/francois-pelletant.fr\/blog\/la-rn20-dans-auto-plus\/","title":{"rendered":"La RN20 dans &quot;Auto-Plus&quot;"},"content":{"rendered":"<figure id=\"attachment_4384\" aria-describedby=\"caption-attachment-4384\" style=\"width: 300px\" class=\"wp-caption alignleft\"><a href=\"https:\/\/francois-pelletant.fr\/blog\/wp-content\/uploads\/2014\/05\/auto-plus-16mai14.jpg\"><img loading=\"lazy\" decoding=\"async\" class=\"wp-image-4384 size-medium\" title=\"auto plus 16mai14\" src=\"https:\/\/francois-pelletant.fr\/blog\/wp-content\/uploads\/2014\/05\/auto-plus-16mai14-300x217.jpg\" alt=\"image- Auto Plus - RN20\" width=\"300\" height=\"217\" srcset=\"https:\/\/francois-pelletant.fr\/blog\/wp-content\/uploads\/2014\/05\/auto-plus-16mai14-300x217.jpg 300w, https:\/\/francois-pelletant.fr\/blog\/wp-content\/uploads\/2014\/05\/auto-plus-16mai14-1024x742.jpg 1024w, https:\/\/francois-pelletant.fr\/blog\/wp-content\/uploads\/2014\/05\/auto-plus-16mai14-768x556.jpg 768w, https:\/\/francois-pelletant.fr\/blog\/wp-content\/uploads\/2014\/05\/auto-plus-16mai14-600x435.jpg 600w, https:\/\/francois-pelletant.fr\/blog\/wp-content\/uploads\/2014\/05\/auto-plus-16mai14-1536x1113.jpg 1536w, https:\/\/francois-pelletant.fr\/blog\/wp-content\/uploads\/2014\/05\/auto-plus-16mai14-2048x1483.jpg 2048w\" sizes=\"auto, (max-width: 300px) 100vw, 300px\" \/><\/a><figcaption id=\"caption-attachment-4384\" class=\"wp-caption-text\">auto plus 16mai14<\/figcaption><\/figure>\n<h3>La RN20 dans le magazine Auto Plus<\/h3>\n<p>Cette semaine le magazine Auto Plus publie un article \u00a0(dat\u00e9 du 16 mai 02014),\u00a0sur la dangerosit\u00e9 de la RN20. Retrouvez mon interview au sujet de la RN20 ainsi que\u00a0de mon action pour forcer le Conseil g\u00e9n\u00e9ral de l&#8217;Essonne a engager des travaux d&#8217;entretien.<\/p>\n","protected":false},"excerpt":{"rendered":"<p>La RN20 dans le magazine Auto Plus Cette semaine le magazine Auto Plus publie un article \u00a0(dat\u00e9 du 16 mai 02014),\u00a0sur la dangerosit\u00e9 de la RN20. Retrouvez mon interview au sujet de la RN20 ainsi que\u00a0de mon action pour forcer le Conseil g\u00e9n\u00e9ral de l&#8217;Essonne a engager des travaux d&#8217;entretien.<\/p>\n","protected":false},"author":1,"featured_media":4384,"comment_status":"open","ping_status":"open","sticky":false,"template":"","format":"standard","meta":{"footnotes":""},"categories":[19],"tags":[],"class_list":["post-4383","post","type-post","status-publish","format-standard","has-post-thumbnail","hentry","category-rn20"],"yoast_head":"<!-- This site is optimized with the Yoast SEO plugin v25.6 - https:\/\/yoast.com\/wordpress\/plugins\/seo\/ -->\n<title>La RN20 dans le magazine &quot;Auto-Plus&quot; - Fran\u00e7ois Pelletant<\/title>\n<meta name=\"description\" content=\"Retrouvez mon interview dans le magazine Auto Plus consacr\u00e9 \u00e0 l&#039;automobile, un article sur la RN20 y a \u00e9t\u00e9 publi\u00e9.\" \/>\n<meta name=\"robots\" content=\"index, follow, max-snippet:-1, max-image-preview:large, max-video-preview:-1\" \/>\n<link rel=\"canonical\" href=\"https:\/\/francois-pelletant.fr\/blog\/la-rn20-dans-auto-plus\/\" \/>\n<meta property=\"og:locale\" content=\"fr_FR\" \/>\n<meta property=\"og:type\" content=\"article\" \/>\n<meta property=\"og:title\" content=\"La RN20 dans le magazine &quot;Auto-Plus&quot; - Fran\u00e7ois Pelletant\" \/>\n<meta property=\"og:description\" content=\"Retrouvez mon interview dans le magazine Auto Plus consacr\u00e9 \u00e0 l&#039;automobile, un article sur la RN20 y a \u00e9t\u00e9 publi\u00e9.\" \/>\n<meta property=\"og:url\" content=\"https:\/\/francois-pelletant.fr\/blog\/la-rn20-dans-auto-plus\/\" \/>\n<meta property=\"og:site_name\" content=\"Fran\u00e7ois Pelletant\" \/>\n<meta property=\"article:publisher\" content=\"https:\/\/www.facebook.com\/francois.pelletant.7\" \/>\n<meta property=\"article:published_time\" content=\"2014-05-19T08:31:48+00:00\" \/>\n<meta property=\"article:modified_time\" content=\"2017-05-11T07:43:35+00:00\" \/>\n<meta property=\"og:image\" content=\"https:\/\/francois-pelletant.fr\/blog\/wp-content\/uploads\/2014\/05\/auto-plus-16mai14.jpg\" \/>\n\t<meta property=\"og:image:width\" content=\"2336\" \/>\n\t<meta property=\"og:image:height\" content=\"1692\" \/>\n\t<meta property=\"og:image:type\" content=\"image\/jpeg\" \/>\n<meta name=\"author\" content=\"Francois\" \/>\n<meta name=\"twitter:card\" content=\"summary_large_image\" \/>\n<meta name=\"twitter:creator\" content=\"@pelletant\" \/>\n<meta name=\"twitter:site\" content=\"@pelletant\" \/>\n<meta name=\"twitter:label1\" content=\"\u00c9crit par\" \/>\n\t<meta name=\"twitter:data1\" content=\"Francois\" \/>\n<script type=\"application\/ld+json\" class=\"yoast-schema-graph\">{\"@context\":\"https:\/\/schema.org\",\"@graph\":[{\"@type\":\"Article\",\"@id\":\"https:\/\/francois-pelletant.fr\/blog\/la-rn20-dans-auto-plus\/#article\",\"isPartOf\":{\"@id\":\"https:\/\/francois-pelletant.fr\/blog\/la-rn20-dans-auto-plus\/\"},\"author\":{\"name\":\"Francois\",\"@id\":\"https:\/\/francois-pelletant.fr\/blog\/#\/schema\/person\/2be41acb171dff8f31aaed1f40cee9f3\"},\"headline\":\"La RN20 dans &quot;Auto-Plus&quot;\",\"datePublished\":\"2014-05-19T08:31:48+00:00\",\"dateModified\":\"2017-05-11T07:43:35+00:00\",\"mainEntityOfPage\":{\"@id\":\"https:\/\/francois-pelletant.fr\/blog\/la-rn20-dans-auto-plus\/\"},\"wordCount\":70,\"commentCount\":0,\"publisher\":{\"@id\":\"https:\/\/francois-pelletant.fr\/blog\/#organization\"},\"image\":{\"@id\":\"https:\/\/francois-pelletant.fr\/blog\/la-rn20-dans-auto-plus\/#primaryimage\"},\"thumbnailUrl\":\"https:\/\/francois-pelletant.fr\/blog\/wp-content\/uploads\/2014\/05\/auto-plus-16mai14.jpg\",\"articleSection\":[\"RN20\"],\"inLanguage\":\"fr-FR\",\"potentialAction\":[{\"@type\":\"CommentAction\",\"name\":\"Comment\",\"target\":[\"https:\/\/francois-pelletant.fr\/blog\/la-rn20-dans-auto-plus\/#respond\"]}]},{\"@type\":\"WebPage\",\"@id\":\"https:\/\/francois-pelletant.fr\/blog\/la-rn20-dans-auto-plus\/\",\"url\":\"https:\/\/francois-pelletant.fr\/blog\/la-rn20-dans-auto-plus\/\",\"name\":\"La RN20 dans le magazine \\\"Auto-Plus\\\" - Fran\u00e7ois Pelletant\",\"isPartOf\":{\"@id\":\"https:\/\/francois-pelletant.fr\/blog\/#website\"},\"primaryImageOfPage\":{\"@id\":\"https:\/\/francois-pelletant.fr\/blog\/la-rn20-dans-auto-plus\/#primaryimage\"},\"image\":{\"@id\":\"https:\/\/francois-pelletant.fr\/blog\/la-rn20-dans-auto-plus\/#primaryimage\"},\"thumbnailUrl\":\"https:\/\/francois-pelletant.fr\/blog\/wp-content\/uploads\/2014\/05\/auto-plus-16mai14.jpg\",\"datePublished\":\"2014-05-19T08:31:48+00:00\",\"dateModified\":\"2017-05-11T07:43:35+00:00\",\"description\":\"Retrouvez mon interview dans le magazine Auto Plus consacr\u00e9 \u00e0 l'automobile, un article sur la RN20 y a \u00e9t\u00e9 publi\u00e9.\",\"breadcrumb\":{\"@id\":\"https:\/\/francois-pelletant.fr\/blog\/la-rn20-dans-auto-plus\/#breadcrumb\"},\"inLanguage\":\"fr-FR\",\"potentialAction\":[{\"@type\":\"ReadAction\",\"target\":[\"https:\/\/francois-pelletant.fr\/blog\/la-rn20-dans-auto-plus\/\"]}]},{\"@type\":\"ImageObject\",\"inLanguage\":\"fr-FR\",\"@id\":\"https:\/\/francois-pelletant.fr\/blog\/la-rn20-dans-auto-plus\/#primaryimage\",\"url\":\"https:\/\/francois-pelletant.fr\/blog\/wp-content\/uploads\/2014\/05\/auto-plus-16mai14.jpg\",\"contentUrl\":\"https:\/\/francois-pelletant.fr\/blog\/wp-content\/uploads\/2014\/05\/auto-plus-16mai14.jpg\",\"width\":2336,\"height\":1692,\"caption\":\"auto plus 16mai14\"},{\"@type\":\"BreadcrumbList\",\"@id\":\"https:\/\/francois-pelletant.fr\/blog\/la-rn20-dans-auto-plus\/#breadcrumb\",\"itemListElement\":[{\"@type\":\"ListItem\",\"position\":1,\"name\":\"Accueil\",\"item\":\"https:\/\/francois-pelletant.fr\/blog\/\"},{\"@type\":\"ListItem\",\"position\":2,\"name\":\"La RN20 dans &quot;Auto-Plus&quot;\"}]},{\"@type\":\"WebSite\",\"@id\":\"https:\/\/francois-pelletant.fr\/blog\/#website\",\"url\":\"https:\/\/francois-pelletant.fr\/blog\/\",\"name\":\"Fran\u00e7ois Pelletant\",\"description\":\"Maire de Linas, pour toujours.\",\"publisher\":{\"@id\":\"https:\/\/francois-pelletant.fr\/blog\/#organization\"},\"potentialAction\":[{\"@type\":\"SearchAction\",\"target\":{\"@type\":\"EntryPoint\",\"urlTemplate\":\"https:\/\/francois-pelletant.fr\/blog\/?s={search_term_string}\"},\"query-input\":{\"@type\":\"PropertyValueSpecification\",\"valueRequired\":true,\"valueName\":\"search_term_string\"}}],\"inLanguage\":\"fr-FR\"},{\"@type\":\"Organization\",\"@id\":\"https:\/\/francois-pelletant.fr\/blog\/#organization\",\"name\":\"Fran\u00e7ois Pelletant\",\"url\":\"https:\/\/francois-pelletant.fr\/blog\/\",\"logo\":{\"@type\":\"ImageObject\",\"inLanguage\":\"fr-FR\",\"@id\":\"https:\/\/francois-pelletant.fr\/blog\/#\/schema\/logo\/image\/\",\"url\":\"https:\/\/francois-pelletant.fr\/blog\/wp-content\/uploads\/2024\/07\/icone-francois-centre-500p.png\",\"contentUrl\":\"https:\/\/francois-pelletant.fr\/blog\/wp-content\/uploads\/2024\/07\/icone-francois-centre-500p.png\",\"width\":559,\"height\":447,\"caption\":\"Fran\u00e7ois Pelletant\"},\"image\":{\"@id\":\"https:\/\/francois-pelletant.fr\/blog\/#\/schema\/logo\/image\/\"},\"sameAs\":[\"https:\/\/www.facebook.com\/francois.pelletant.7\",\"https:\/\/x.com\/pelletant\"]},{\"@type\":\"Person\",\"@id\":\"https:\/\/francois-pelletant.fr\/blog\/#\/schema\/person\/2be41acb171dff8f31aaed1f40cee9f3\",\"name\":\"Francois\"}]}<\/script>\n<!-- \/ Yoast SEO plugin. -->","yoast_head_json":{"title":"La RN20 dans le magazine \"Auto-Plus\" - Fran\u00e7ois Pelletant","description":"Retrouvez mon interview dans le magazine Auto Plus consacr\u00e9 \u00e0 l'automobile, un article sur la RN20 y a \u00e9t\u00e9 publi\u00e9.","robots":{"index":"index","follow":"follow","max-snippet":"max-snippet:-1","max-image-preview":"max-image-preview:large","max-video-preview":"max-video-preview:-1"},"canonical":"https:\/\/francois-pelletant.fr\/blog\/la-rn20-dans-auto-plus\/","og_locale":"fr_FR","og_type":"article","og_title":"La RN20 dans le magazine \"Auto-Plus\" - Fran\u00e7ois Pelletant","og_description":"Retrouvez mon interview dans le magazine Auto Plus consacr\u00e9 \u00e0 l'automobile, un article sur la RN20 y a \u00e9t\u00e9 publi\u00e9.","og_url":"https:\/\/francois-pelletant.fr\/blog\/la-rn20-dans-auto-plus\/","og_site_name":"Fran\u00e7ois Pelletant","article_publisher":"https:\/\/www.facebook.com\/francois.pelletant.7","article_published_time":"2014-05-19T08:31:48+00:00","article_modified_time":"2017-05-11T07:43:35+00:00","og_image":[{"width":2336,"height":1692,"url":"https:\/\/francois-pelletant.fr\/blog\/wp-content\/uploads\/2014\/05\/auto-plus-16mai14.jpg","type":"image\/jpeg"}],"author":"Francois","twitter_card":"summary_large_image","twitter_creator":"@pelletant","twitter_site":"@pelletant","twitter_misc":{"\u00c9crit par":"Francois"},"schema":{"@context":"https:\/\/schema.org","@graph":[{"@type":"Article","@id":"https:\/\/francois-pelletant.fr\/blog\/la-rn20-dans-auto-plus\/#article","isPartOf":{"@id":"https:\/\/francois-pelletant.fr\/blog\/la-rn20-dans-auto-plus\/"},"author":{"name":"Francois","@id":"https:\/\/francois-pelletant.fr\/blog\/#\/schema\/person\/2be41acb171dff8f31aaed1f40cee9f3"},"headline":"La RN20 dans &quot;Auto-Plus&quot;","datePublished":"2014-05-19T08:31:48+00:00","dateModified":"2017-05-11T07:43:35+00:00","mainEntityOfPage":{"@id":"https:\/\/francois-pelletant.fr\/blog\/la-rn20-dans-auto-plus\/"},"wordCount":70,"commentCount":0,"publisher":{"@id":"https:\/\/francois-pelletant.fr\/blog\/#organization"},"image":{"@id":"https:\/\/francois-pelletant.fr\/blog\/la-rn20-dans-auto-plus\/#primaryimage"},"thumbnailUrl":"https:\/\/francois-pelletant.fr\/blog\/wp-content\/uploads\/2014\/05\/auto-plus-16mai14.jpg","articleSection":["RN20"],"inLanguage":"fr-FR","potentialAction":[{"@type":"CommentAction","name":"Comment","target":["https:\/\/francois-pelletant.fr\/blog\/la-rn20-dans-auto-plus\/#respond"]}]},{"@type":"WebPage","@id":"https:\/\/francois-pelletant.fr\/blog\/la-rn20-dans-auto-plus\/","url":"https:\/\/francois-pelletant.fr\/blog\/la-rn20-dans-auto-plus\/","name":"La RN20 dans le magazine \"Auto-Plus\" - Fran\u00e7ois Pelletant","isPartOf":{"@id":"https:\/\/francois-pelletant.fr\/blog\/#website"},"primaryImageOfPage":{"@id":"https:\/\/francois-pelletant.fr\/blog\/la-rn20-dans-auto-plus\/#primaryimage"},"image":{"@id":"https:\/\/francois-pelletant.fr\/blog\/la-rn20-dans-auto-plus\/#primaryimage"},"thumbnailUrl":"https:\/\/francois-pelletant.fr\/blog\/wp-content\/uploads\/2014\/05\/auto-plus-16mai14.jpg","datePublished":"2014-05-19T08:31:48+00:00","dateModified":"2017-05-11T07:43:35+00:00","description":"Retrouvez mon interview dans le magazine Auto Plus consacr\u00e9 \u00e0 l'automobile, un article sur la RN20 y a \u00e9t\u00e9 publi\u00e9.","breadcrumb":{"@id":"https:\/\/francois-pelletant.fr\/blog\/la-rn20-dans-auto-plus\/#breadcrumb"},"inLanguage":"fr-FR","potentialAction":[{"@type":"ReadAction","target":["https:\/\/francois-pelletant.fr\/blog\/la-rn20-dans-auto-plus\/"]}]},{"@type":"ImageObject","inLanguage":"fr-FR","@id":"https:\/\/francois-pelletant.fr\/blog\/la-rn20-dans-auto-plus\/#primaryimage","url":"https:\/\/francois-pelletant.fr\/blog\/wp-content\/uploads\/2014\/05\/auto-plus-16mai14.jpg","contentUrl":"https:\/\/francois-pelletant.fr\/blog\/wp-content\/uploads\/2014\/05\/auto-plus-16mai14.jpg","width":2336,"height":1692,"caption":"auto plus 16mai14"},{"@type":"BreadcrumbList","@id":"https:\/\/francois-pelletant.fr\/blog\/la-rn20-dans-auto-plus\/#breadcrumb","itemListElement":[{"@type":"ListItem","position":1,"name":"Accueil","item":"https:\/\/francois-pelletant.fr\/blog\/"},{"@type":"ListItem","position":2,"name":"La RN20 dans &quot;Auto-Plus&quot;"}]},{"@type":"WebSite","@id":"https:\/\/francois-pelletant.fr\/blog\/#website","url":"https:\/\/francois-pelletant.fr\/blog\/","name":"Fran\u00e7ois Pelletant","description":"Maire de Linas, pour toujours.","publisher":{"@id":"https:\/\/francois-pelletant.fr\/blog\/#organization"},"potentialAction":[{"@type":"SearchAction","target":{"@type":"EntryPoint","urlTemplate":"https:\/\/francois-pelletant.fr\/blog\/?s={search_term_string}"},"query-input":{"@type":"PropertyValueSpecification","valueRequired":true,"valueName":"search_term_string"}}],"inLanguage":"fr-FR"},{"@type":"Organization","@id":"https:\/\/francois-pelletant.fr\/blog\/#organization","name":"Fran\u00e7ois Pelletant","url":"https:\/\/francois-pelletant.fr\/blog\/","logo":{"@type":"ImageObject","inLanguage":"fr-FR","@id":"https:\/\/francois-pelletant.fr\/blog\/#\/schema\/logo\/image\/","url":"https:\/\/francois-pelletant.fr\/blog\/wp-content\/uploads\/2024\/07\/icone-francois-centre-500p.png","contentUrl":"https:\/\/francois-pelletant.fr\/blog\/wp-content\/uploads\/2024\/07\/icone-francois-centre-500p.png","width":559,"height":447,"caption":"Fran\u00e7ois Pelletant"},"image":{"@id":"https:\/\/francois-pelletant.fr\/blog\/#\/schema\/logo\/image\/"},"sameAs":["https:\/\/www.facebook.com\/francois.pelletant.7","https:\/\/x.com\/pelletant"]},{"@type":"Person","@id":"https:\/\/francois-pelletant.fr\/blog\/#\/schema\/person\/2be41acb171dff8f31aaed1f40cee9f3","name":"Francois"}]}},"_links":{"self":[{"href":"https:\/\/francois-pelletant.fr\/blog\/wp-json\/wp\/v2\/posts\/4383","targetHints":{"allow":["GET"]}}],"collection":[{"href":"https:\/\/francois-pelletant.fr\/blog\/wp-json\/wp\/v2\/posts"}],"about":[{"href":"https:\/\/francois-pelletant.fr\/blog\/wp-json\/wp\/v2\/types\/post"}],"author":[{"embeddable":true,"href":"https:\/\/francois-pelletant.fr\/blog\/wp-json\/wp\/v2\/users\/1"}],"replies":[{"embeddable":true,"href":"https:\/\/francois-pelletant.fr\/blog\/wp-json\/wp\/v2\/comments?post=4383"}],"version-history":[{"count":0,"href":"https:\/\/francois-pelletant.fr\/blog\/wp-json\/wp\/v2\/posts\/4383\/revisions"}],"wp:featuredmedia":[{"embeddable":true,"href":"https:\/\/francois-pelletant.fr\/blog\/wp-json\/wp\/v2\/media\/4384"}],"wp:attachment":[{"href":"https:\/\/francois-pelletant.fr\/blog\/wp-json\/wp\/v2\/media?parent=4383"}],"wp:term":[{"taxonomy":"category","embeddable":true,"href":"https:\/\/francois-pelletant.fr\/blog\/wp-json\/wp\/v2\/categories?post=4383"},{"taxonomy":"post_tag","embeddable":true,"href":"https:\/\/francois-pelletant.fr\/blog\/wp-json\/wp\/v2\/tags?post=4383"}],"curies":[{"name":"wp","href":"https:\/\/api.w.org\/{rel}","templated":true}]}}