{"id":4425,"date":"2014-06-03T10:06:20","date_gmt":"2014-06-03T08:06:20","guid":{"rendered":"https:\/\/francois-pelletant.fr\/blog\/?p=4425"},"modified":"2017-05-09T08:55:43","modified_gmt":"2017-05-09T08:55:43","slug":"le-conservatoire-de-langues-linois","status":"publish","type":"post","link":"https:\/\/francois-pelletant.fr\/blog\/le-conservatoire-de-langues-linois\/","title":{"rendered":"Le Conservatoire de langues linois"},"content":{"rendered":"<p><a href=\"https:\/\/francois-pelletant.fr\/blog\/wp-content\/uploads\/2014\/06\/recto.jpg\"><img loading=\"lazy\" decoding=\"async\" class=\"alignleft wp-image-4426 size-medium\" title=\"recto\" src=\"https:\/\/francois-pelletant.fr\/blog\/wp-content\/uploads\/2014\/06\/recto-215x300.jpg\" alt=\"images- Conservatoire- cours de langues \" width=\"215\" height=\"300\" srcset=\"https:\/\/francois-pelletant.fr\/blog\/wp-content\/uploads\/2014\/06\/recto-215x300.jpg 215w, https:\/\/francois-pelletant.fr\/blog\/wp-content\/uploads\/2014\/06\/recto-734x1024.jpg 734w, https:\/\/francois-pelletant.fr\/blog\/wp-content\/uploads\/2014\/06\/recto-768x1071.jpg 768w, https:\/\/francois-pelletant.fr\/blog\/wp-content\/uploads\/2014\/06\/recto-600x837.jpg 600w, https:\/\/francois-pelletant.fr\/blog\/wp-content\/uploads\/2014\/06\/recto-1101x1536.jpg 1101w, https:\/\/francois-pelletant.fr\/blog\/wp-content\/uploads\/2014\/06\/recto.jpg 1287w\" sizes=\"auto, (max-width: 215px) 100vw, 215px\" \/><\/a><\/p>\n<h3>De nouveaux cours de langues vous sont propos\u00e9s au\u00a0Conservatoire de Linas.<\/h3>\n<p>La ville de Linas propose aux Linois de nouveaux cours de langues au sein du Conservatoire. Les apprentissages seront dispens\u00e9s \u00e0 partir de la rentr\u00e9e de septembre prochain. Si vous \u00eates int\u00e9ress\u00e9, vous pouvez d&#8217;ores et d\u00e9j\u00e0 remplir le formulaire disponible en mairie et sur le site Internet de la ville :\u00a0<a title=\"linas.fr\" href=\"http:\/\/www.linas.fr\" target=\"_blank\" rel=\"nofollow\">www.linas.fr<\/a>.\u00a0Sont envisag\u00e9s pour le moment, des cours enfants (anglais) les mercredis apr\u00e8s-midis. Quant aux adultes les cours se d\u00e9rouleront \u00a0en semaine le soir pour les langues suivantes : anglais, espagnol, italien, allemand\u2026 .<\/p>\n","protected":false},"excerpt":{"rendered":"<p>De nouveaux cours de langues vous sont propos\u00e9s au\u00a0Conservatoire de Linas. La ville de Linas propose aux Linois de nouveaux cours de langues au sein du Conservatoire. Les apprentissages seront dispens\u00e9s \u00e0 partir de la rentr\u00e9e de septembre prochain. Si vous \u00eates int\u00e9ress\u00e9, vous pouvez d&#8217;ores et d\u00e9j\u00e0 remplir le formulaire disponible en mairie et [&hellip;]<\/p>\n","protected":false},"author":1,"featured_media":4426,"comment_status":"open","ping_status":"open","sticky":false,"template":"","format":"standard","meta":{"footnotes":""},"categories":[10],"tags":[],"class_list":["post-4425","post","type-post","status-publish","format-standard","has-post-thumbnail","hentry","category-1pelletant"],"yoast_head":"<!-- This site is optimized with the Yoast SEO plugin v25.6 - https:\/\/yoast.com\/wordpress\/plugins\/seo\/ -->\n<title>Le Conservatoire de langues linois - Fran\u00e7ois Pelletant<\/title>\n<meta name=\"description\" content=\"La commune de Linas vous propose un large choix de nouveaux cours de langues, au sein de son Conservatoire.\" \/>\n<meta name=\"robots\" content=\"index, follow, max-snippet:-1, max-image-preview:large, max-video-preview:-1\" \/>\n<link rel=\"canonical\" href=\"https:\/\/francois-pelletant.fr\/blog\/le-conservatoire-de-langues-linois\/\" \/>\n<meta property=\"og:locale\" content=\"fr_FR\" \/>\n<meta property=\"og:type\" content=\"article\" \/>\n<meta property=\"og:title\" content=\"Le Conservatoire de langues linois - Fran\u00e7ois Pelletant\" \/>\n<meta property=\"og:description\" content=\"La commune de Linas vous propose un large choix de nouveaux cours de langues, au sein de son Conservatoire.\" \/>\n<meta property=\"og:url\" content=\"https:\/\/francois-pelletant.fr\/blog\/le-conservatoire-de-langues-linois\/\" \/>\n<meta property=\"og:site_name\" content=\"Fran\u00e7ois Pelletant\" \/>\n<meta property=\"article:publisher\" content=\"https:\/\/www.facebook.com\/francois.pelletant.7\" \/>\n<meta property=\"article:published_time\" content=\"2014-06-03T08:06:20+00:00\" \/>\n<meta property=\"article:modified_time\" content=\"2017-05-09T08:55:43+00:00\" \/>\n<meta property=\"og:image\" content=\"https:\/\/francois-pelletant.fr\/blog\/wp-content\/uploads\/2014\/06\/recto.jpg\" \/>\n\t<meta property=\"og:image:width\" content=\"1287\" \/>\n\t<meta property=\"og:image:height\" content=\"1795\" \/>\n\t<meta property=\"og:image:type\" content=\"image\/jpeg\" \/>\n<meta name=\"author\" content=\"Francois\" \/>\n<meta name=\"twitter:card\" content=\"summary_large_image\" \/>\n<meta name=\"twitter:creator\" content=\"@pelletant\" \/>\n<meta name=\"twitter:site\" content=\"@pelletant\" \/>\n<meta name=\"twitter:label1\" content=\"\u00c9crit par\" \/>\n\t<meta name=\"twitter:data1\" content=\"Francois\" \/>\n\t<meta name=\"twitter:label2\" content=\"Dur\u00e9e de lecture estim\u00e9e\" \/>\n\t<meta name=\"twitter:data2\" content=\"1 minute\" \/>\n<script type=\"application\/ld+json\" class=\"yoast-schema-graph\">{\"@context\":\"https:\/\/schema.org\",\"@graph\":[{\"@type\":\"Article\",\"@id\":\"https:\/\/francois-pelletant.fr\/blog\/le-conservatoire-de-langues-linois\/#article\",\"isPartOf\":{\"@id\":\"https:\/\/francois-pelletant.fr\/blog\/le-conservatoire-de-langues-linois\/\"},\"author\":{\"name\":\"Francois\",\"@id\":\"https:\/\/francois-pelletant.fr\/blog\/#\/schema\/person\/2be41acb171dff8f31aaed1f40cee9f3\"},\"headline\":\"Le Conservatoire de langues linois\",\"datePublished\":\"2014-06-03T08:06:20+00:00\",\"dateModified\":\"2017-05-09T08:55:43+00:00\",\"mainEntityOfPage\":{\"@id\":\"https:\/\/francois-pelletant.fr\/blog\/le-conservatoire-de-langues-linois\/\"},\"wordCount\":110,\"commentCount\":0,\"publisher\":{\"@id\":\"https:\/\/francois-pelletant.fr\/blog\/#organization\"},\"image\":{\"@id\":\"https:\/\/francois-pelletant.fr\/blog\/le-conservatoire-de-langues-linois\/#primaryimage\"},\"thumbnailUrl\":\"https:\/\/francois-pelletant.fr\/blog\/wp-content\/uploads\/2014\/06\/recto.jpg\",\"articleSection\":[\"Infos\"],\"inLanguage\":\"fr-FR\",\"potentialAction\":[{\"@type\":\"CommentAction\",\"name\":\"Comment\",\"target\":[\"https:\/\/francois-pelletant.fr\/blog\/le-conservatoire-de-langues-linois\/#respond\"]}]},{\"@type\":\"WebPage\",\"@id\":\"https:\/\/francois-pelletant.fr\/blog\/le-conservatoire-de-langues-linois\/\",\"url\":\"https:\/\/francois-pelletant.fr\/blog\/le-conservatoire-de-langues-linois\/\",\"name\":\"Le Conservatoire de langues linois - Fran\u00e7ois Pelletant\",\"isPartOf\":{\"@id\":\"https:\/\/francois-pelletant.fr\/blog\/#website\"},\"primaryImageOfPage\":{\"@id\":\"https:\/\/francois-pelletant.fr\/blog\/le-conservatoire-de-langues-linois\/#primaryimage\"},\"image\":{\"@id\":\"https:\/\/francois-pelletant.fr\/blog\/le-conservatoire-de-langues-linois\/#primaryimage\"},\"thumbnailUrl\":\"https:\/\/francois-pelletant.fr\/blog\/wp-content\/uploads\/2014\/06\/recto.jpg\",\"datePublished\":\"2014-06-03T08:06:20+00:00\",\"dateModified\":\"2017-05-09T08:55:43+00:00\",\"description\":\"La commune de Linas vous propose un large choix de nouveaux cours de langues, au sein de son Conservatoire.\",\"breadcrumb\":{\"@id\":\"https:\/\/francois-pelletant.fr\/blog\/le-conservatoire-de-langues-linois\/#breadcrumb\"},\"inLanguage\":\"fr-FR\",\"potentialAction\":[{\"@type\":\"ReadAction\",\"target\":[\"https:\/\/francois-pelletant.fr\/blog\/le-conservatoire-de-langues-linois\/\"]}]},{\"@type\":\"ImageObject\",\"inLanguage\":\"fr-FR\",\"@id\":\"https:\/\/francois-pelletant.fr\/blog\/le-conservatoire-de-langues-linois\/#primaryimage\",\"url\":\"https:\/\/francois-pelletant.fr\/blog\/wp-content\/uploads\/2014\/06\/recto.jpg\",\"contentUrl\":\"https:\/\/francois-pelletant.fr\/blog\/wp-content\/uploads\/2014\/06\/recto.jpg\",\"width\":1287,\"height\":1795},{\"@type\":\"BreadcrumbList\",\"@id\":\"https:\/\/francois-pelletant.fr\/blog\/le-conservatoire-de-langues-linois\/#breadcrumb\",\"itemListElement\":[{\"@type\":\"ListItem\",\"position\":1,\"name\":\"Accueil\",\"item\":\"https:\/\/francois-pelletant.fr\/blog\/\"},{\"@type\":\"ListItem\",\"position\":2,\"name\":\"Le Conservatoire de langues linois\"}]},{\"@type\":\"WebSite\",\"@id\":\"https:\/\/francois-pelletant.fr\/blog\/#website\",\"url\":\"https:\/\/francois-pelletant.fr\/blog\/\",\"name\":\"Fran\u00e7ois Pelletant\",\"description\":\"Maire de Linas, pour toujours.\",\"publisher\":{\"@id\":\"https:\/\/francois-pelletant.fr\/blog\/#organization\"},\"potentialAction\":[{\"@type\":\"SearchAction\",\"target\":{\"@type\":\"EntryPoint\",\"urlTemplate\":\"https:\/\/francois-pelletant.fr\/blog\/?s={search_term_string}\"},\"query-input\":{\"@type\":\"PropertyValueSpecification\",\"valueRequired\":true,\"valueName\":\"search_term_string\"}}],\"inLanguage\":\"fr-FR\"},{\"@type\":\"Organization\",\"@id\":\"https:\/\/francois-pelletant.fr\/blog\/#organization\",\"name\":\"Fran\u00e7ois Pelletant\",\"url\":\"https:\/\/francois-pelletant.fr\/blog\/\",\"logo\":{\"@type\":\"ImageObject\",\"inLanguage\":\"fr-FR\",\"@id\":\"https:\/\/francois-pelletant.fr\/blog\/#\/schema\/logo\/image\/\",\"url\":\"https:\/\/francois-pelletant.fr\/blog\/wp-content\/uploads\/2024\/07\/icone-francois-centre-500p.png\",\"contentUrl\":\"https:\/\/francois-pelletant.fr\/blog\/wp-content\/uploads\/2024\/07\/icone-francois-centre-500p.png\",\"width\":559,\"height\":447,\"caption\":\"Fran\u00e7ois Pelletant\"},\"image\":{\"@id\":\"https:\/\/francois-pelletant.fr\/blog\/#\/schema\/logo\/image\/\"},\"sameAs\":[\"https:\/\/www.facebook.com\/francois.pelletant.7\",\"https:\/\/x.com\/pelletant\"]},{\"@type\":\"Person\",\"@id\":\"https:\/\/francois-pelletant.fr\/blog\/#\/schema\/person\/2be41acb171dff8f31aaed1f40cee9f3\",\"name\":\"Francois\"}]}<\/script>\n<!-- \/ Yoast SEO plugin. -->","yoast_head_json":{"title":"Le Conservatoire de langues linois - Fran\u00e7ois Pelletant","description":"La commune de Linas vous propose un large choix de nouveaux cours de langues, au sein de son Conservatoire.","robots":{"index":"index","follow":"follow","max-snippet":"max-snippet:-1","max-image-preview":"max-image-preview:large","max-video-preview":"max-video-preview:-1"},"canonical":"https:\/\/francois-pelletant.fr\/blog\/le-conservatoire-de-langues-linois\/","og_locale":"fr_FR","og_type":"article","og_title":"Le Conservatoire de langues linois - Fran\u00e7ois Pelletant","og_description":"La commune de Linas vous propose un large choix de nouveaux cours de langues, au sein de son Conservatoire.","og_url":"https:\/\/francois-pelletant.fr\/blog\/le-conservatoire-de-langues-linois\/","og_site_name":"Fran\u00e7ois Pelletant","article_publisher":"https:\/\/www.facebook.com\/francois.pelletant.7","article_published_time":"2014-06-03T08:06:20+00:00","article_modified_time":"2017-05-09T08:55:43+00:00","og_image":[{"width":1287,"height":1795,"url":"https:\/\/francois-pelletant.fr\/blog\/wp-content\/uploads\/2014\/06\/recto.jpg","type":"image\/jpeg"}],"author":"Francois","twitter_card":"summary_large_image","twitter_creator":"@pelletant","twitter_site":"@pelletant","twitter_misc":{"\u00c9crit par":"Francois","Dur\u00e9e de lecture estim\u00e9e":"1 minute"},"schema":{"@context":"https:\/\/schema.org","@graph":[{"@type":"Article","@id":"https:\/\/francois-pelletant.fr\/blog\/le-conservatoire-de-langues-linois\/#article","isPartOf":{"@id":"https:\/\/francois-pelletant.fr\/blog\/le-conservatoire-de-langues-linois\/"},"author":{"name":"Francois","@id":"https:\/\/francois-pelletant.fr\/blog\/#\/schema\/person\/2be41acb171dff8f31aaed1f40cee9f3"},"headline":"Le Conservatoire de langues linois","datePublished":"2014-06-03T08:06:20+00:00","dateModified":"2017-05-09T08:55:43+00:00","mainEntityOfPage":{"@id":"https:\/\/francois-pelletant.fr\/blog\/le-conservatoire-de-langues-linois\/"},"wordCount":110,"commentCount":0,"publisher":{"@id":"https:\/\/francois-pelletant.fr\/blog\/#organization"},"image":{"@id":"https:\/\/francois-pelletant.fr\/blog\/le-conservatoire-de-langues-linois\/#primaryimage"},"thumbnailUrl":"https:\/\/francois-pelletant.fr\/blog\/wp-content\/uploads\/2014\/06\/recto.jpg","articleSection":["Infos"],"inLanguage":"fr-FR","potentialAction":[{"@type":"CommentAction","name":"Comment","target":["https:\/\/francois-pelletant.fr\/blog\/le-conservatoire-de-langues-linois\/#respond"]}]},{"@type":"WebPage","@id":"https:\/\/francois-pelletant.fr\/blog\/le-conservatoire-de-langues-linois\/","url":"https:\/\/francois-pelletant.fr\/blog\/le-conservatoire-de-langues-linois\/","name":"Le Conservatoire de langues linois - Fran\u00e7ois Pelletant","isPartOf":{"@id":"https:\/\/francois-pelletant.fr\/blog\/#website"},"primaryImageOfPage":{"@id":"https:\/\/francois-pelletant.fr\/blog\/le-conservatoire-de-langues-linois\/#primaryimage"},"image":{"@id":"https:\/\/francois-pelletant.fr\/blog\/le-conservatoire-de-langues-linois\/#primaryimage"},"thumbnailUrl":"https:\/\/francois-pelletant.fr\/blog\/wp-content\/uploads\/2014\/06\/recto.jpg","datePublished":"2014-06-03T08:06:20+00:00","dateModified":"2017-05-09T08:55:43+00:00","description":"La commune de Linas vous propose un large choix de nouveaux cours de langues, au sein de son Conservatoire.","breadcrumb":{"@id":"https:\/\/francois-pelletant.fr\/blog\/le-conservatoire-de-langues-linois\/#breadcrumb"},"inLanguage":"fr-FR","potentialAction":[{"@type":"ReadAction","target":["https:\/\/francois-pelletant.fr\/blog\/le-conservatoire-de-langues-linois\/"]}]},{"@type":"ImageObject","inLanguage":"fr-FR","@id":"https:\/\/francois-pelletant.fr\/blog\/le-conservatoire-de-langues-linois\/#primaryimage","url":"https:\/\/francois-pelletant.fr\/blog\/wp-content\/uploads\/2014\/06\/recto.jpg","contentUrl":"https:\/\/francois-pelletant.fr\/blog\/wp-content\/uploads\/2014\/06\/recto.jpg","width":1287,"height":1795},{"@type":"BreadcrumbList","@id":"https:\/\/francois-pelletant.fr\/blog\/le-conservatoire-de-langues-linois\/#breadcrumb","itemListElement":[{"@type":"ListItem","position":1,"name":"Accueil","item":"https:\/\/francois-pelletant.fr\/blog\/"},{"@type":"ListItem","position":2,"name":"Le Conservatoire de langues linois"}]},{"@type":"WebSite","@id":"https:\/\/francois-pelletant.fr\/blog\/#website","url":"https:\/\/francois-pelletant.fr\/blog\/","name":"Fran\u00e7ois Pelletant","description":"Maire de Linas, pour toujours.","publisher":{"@id":"https:\/\/francois-pelletant.fr\/blog\/#organization"},"potentialAction":[{"@type":"SearchAction","target":{"@type":"EntryPoint","urlTemplate":"https:\/\/francois-pelletant.fr\/blog\/?s={search_term_string}"},"query-input":{"@type":"PropertyValueSpecification","valueRequired":true,"valueName":"search_term_string"}}],"inLanguage":"fr-FR"},{"@type":"Organization","@id":"https:\/\/francois-pelletant.fr\/blog\/#organization","name":"Fran\u00e7ois Pelletant","url":"https:\/\/francois-pelletant.fr\/blog\/","logo":{"@type":"ImageObject","inLanguage":"fr-FR","@id":"https:\/\/francois-pelletant.fr\/blog\/#\/schema\/logo\/image\/","url":"https:\/\/francois-pelletant.fr\/blog\/wp-content\/uploads\/2024\/07\/icone-francois-centre-500p.png","contentUrl":"https:\/\/francois-pelletant.fr\/blog\/wp-content\/uploads\/2024\/07\/icone-francois-centre-500p.png","width":559,"height":447,"caption":"Fran\u00e7ois Pelletant"},"image":{"@id":"https:\/\/francois-pelletant.fr\/blog\/#\/schema\/logo\/image\/"},"sameAs":["https:\/\/www.facebook.com\/francois.pelletant.7","https:\/\/x.com\/pelletant"]},{"@type":"Person","@id":"https:\/\/francois-pelletant.fr\/blog\/#\/schema\/person\/2be41acb171dff8f31aaed1f40cee9f3","name":"Francois"}]}},"_links":{"self":[{"href":"https:\/\/francois-pelletant.fr\/blog\/wp-json\/wp\/v2\/posts\/4425","targetHints":{"allow":["GET"]}}],"collection":[{"href":"https:\/\/francois-pelletant.fr\/blog\/wp-json\/wp\/v2\/posts"}],"about":[{"href":"https:\/\/francois-pelletant.fr\/blog\/wp-json\/wp\/v2\/types\/post"}],"author":[{"embeddable":true,"href":"https:\/\/francois-pelletant.fr\/blog\/wp-json\/wp\/v2\/users\/1"}],"replies":[{"embeddable":true,"href":"https:\/\/francois-pelletant.fr\/blog\/wp-json\/wp\/v2\/comments?post=4425"}],"version-history":[{"count":0,"href":"https:\/\/francois-pelletant.fr\/blog\/wp-json\/wp\/v2\/posts\/4425\/revisions"}],"wp:featuredmedia":[{"embeddable":true,"href":"https:\/\/francois-pelletant.fr\/blog\/wp-json\/wp\/v2\/media\/4426"}],"wp:attachment":[{"href":"https:\/\/francois-pelletant.fr\/blog\/wp-json\/wp\/v2\/media?parent=4425"}],"wp:term":[{"taxonomy":"category","embeddable":true,"href":"https:\/\/francois-pelletant.fr\/blog\/wp-json\/wp\/v2\/categories?post=4425"},{"taxonomy":"post_tag","embeddable":true,"href":"https:\/\/francois-pelletant.fr\/blog\/wp-json\/wp\/v2\/tags?post=4425"}],"curies":[{"name":"wp","href":"https:\/\/api.w.org\/{rel}","templated":true}]}}