{"id":4463,"date":"2014-06-13T09:46:50","date_gmt":"2014-06-13T07:46:50","guid":{"rendered":"https:\/\/francois-pelletant.fr\/blog\/?p=4463"},"modified":"2017-05-09T08:26:08","modified_gmt":"2017-05-09T08:26:08","slug":"rythmes-scolaires-linas","status":"publish","type":"post","link":"https:\/\/francois-pelletant.fr\/blog\/rythmes-scolaires-linas\/","title":{"rendered":"Rythmes scolaires : pr\u00eats pour septembre \u00e0 Linas !"},"content":{"rendered":"<p><a href=\"https:\/\/francois-pelletant.fr\/blog\/wp-content\/uploads\/2014\/06\/test_couv.jpg\"><img loading=\"lazy\" decoding=\"async\" class=\"alignleft wp-image-4464 size-medium\" title=\"test_couv\" src=\"https:\/\/francois-pelletant.fr\/blog\/wp-content\/uploads\/2014\/06\/test_couv-200x300.jpg\" alt=\"image - rythmes scolaires\" width=\"200\" height=\"300\" srcset=\"https:\/\/francois-pelletant.fr\/blog\/wp-content\/uploads\/2014\/06\/test_couv-200x300.jpg 200w, https:\/\/francois-pelletant.fr\/blog\/wp-content\/uploads\/2014\/06\/test_couv-683x1024.jpg 683w, https:\/\/francois-pelletant.fr\/blog\/wp-content\/uploads\/2014\/06\/test_couv-768x1152.jpg 768w, https:\/\/francois-pelletant.fr\/blog\/wp-content\/uploads\/2014\/06\/test_couv-600x900.jpg 600w, https:\/\/francois-pelletant.fr\/blog\/wp-content\/uploads\/2014\/06\/test_couv-1024x1536.jpg 1024w, https:\/\/francois-pelletant.fr\/blog\/wp-content\/uploads\/2014\/06\/test_couv-1365x2048.jpg 1365w, https:\/\/francois-pelletant.fr\/blog\/wp-content\/uploads\/2014\/06\/test_couv-scaled.jpg 1707w\" sizes=\"auto, (max-width: 200px) 100vw, 200px\" \/><\/a><\/p>\n<h2>La municipalit\u00e9 de Linas r\u00e9organise les rythmes scolaires !<\/h2>\n<p>Tout est pr\u00eat \u00e0 Linas pour la mise en place des rythmes scolaires \u00e0 la rentr\u00e9e de septembre. Je tiens d\u2019abord \u00e0 remercier les repr\u00e9sentants des parents d\u2019\u00e9l\u00e8ves, les associations et les enseignants qui ont abord\u00e9 cette r\u00e9forme de mani\u00e8re constructive et dans l\u2019int\u00e9r\u00eat des enfants.<\/p>\n<p>Apr\u00e8s une longue phase de concertation, notre groupe de travail a d\u00e9cid\u00e9 de proposer un nouveau mod\u00e8le de rythmes scolaire. Ainsi, cette nouvelle organisation de la semaine scolaire d\u00e9butera d\u00e8s la rentr\u00e9e de septembre. Il y aura donc \u00e0 Linas, classe 4 jours et demi par semaine, en primaire comme en maternelle. Le mercredi matin sera dor\u00e9navant un temps scolaire. Le vendredi apr\u00e8s-midi, quant \u00e0 lui, devient un temps pour les nouvelles activit\u00e9s voulues par le gouvernement. Les actuels horaires d\u2019enseignement des autres jours de la semaine restent, eux, inchang\u00e9s.<\/p>\n<p>Les services de la Mairie et l\u2019\u00e9lu charg\u00e9 du scolaire, M. Hertz, ont travaill\u00e9 activement ces derniers mois \u00e0 la r\u00e9organisation des temps p\u00e9ri-scolaires qui s\u2019inscrit en compl\u00e9ment du temps scolaire de cette nouvelle organisation.<\/p>\n<p>Tous les parents d\u2019enfants scolaris\u00e9s \u00e0 Linas ont ou vont recevoir une notice d\u2019information d\u00e9taillant le dispositif mis en place. Bien entendu, les \u00e9lus, agents et responsables du service scolaire de la ville restent \u00e0 votre disposition en mairie pour toute demande de compl\u00e9ment d\u2019information.<\/p>\n<p>C\u2019est un lourd travail d&#8217;organisation qui a \u00e9t\u00e9 men\u00e9 avec beaucoup de s\u00e9rieux et de professionnalisme par nos services. Le dispositif nouveau est cens\u00e9 faire vivre un rythme nouveau au b\u00e9n\u00e9fice de nos enfants. Nous en d\u00e9couvrirons les effets tout au long de l\u2019ann\u00e9e.<\/p>\n","protected":false},"excerpt":{"rendered":"<p>La municipalit\u00e9 de Linas r\u00e9organise les rythmes scolaires ! Tout est pr\u00eat \u00e0 Linas pour la mise en place des rythmes scolaires \u00e0 la rentr\u00e9e de septembre. Je tiens d\u2019abord \u00e0 remercier les repr\u00e9sentants des parents d\u2019\u00e9l\u00e8ves, les associations et les enseignants qui ont abord\u00e9 cette r\u00e9forme de mani\u00e8re constructive et dans l\u2019int\u00e9r\u00eat des enfants. [&hellip;]<\/p>\n","protected":false},"author":1,"featured_media":4464,"comment_status":"open","ping_status":"open","sticky":false,"template":"","format":"standard","meta":{"footnotes":""},"categories":[10],"tags":[],"class_list":["post-4463","post","type-post","status-publish","format-standard","has-post-thumbnail","hentry","category-1pelletant"],"yoast_head":"<!-- This site is optimized with the Yoast SEO plugin v25.6 - https:\/\/yoast.com\/wordpress\/plugins\/seo\/ -->\n<title>Rythmes scolaires : pr\u00eats pour septembre \u00e0 Linas ! - Fran\u00e7ois Pelletant<\/title>\n<meta name=\"description\" content=\"Rythmes scolaires : La municipalit\u00e9 de Linas propose une nouvelle organisation de la semaine scolaire en faveur des \u00e9coliers Linois.\" \/>\n<meta name=\"robots\" content=\"index, follow, max-snippet:-1, max-image-preview:large, max-video-preview:-1\" \/>\n<link rel=\"canonical\" href=\"https:\/\/francois-pelletant.fr\/blog\/rythmes-scolaires-linas\/\" \/>\n<meta property=\"og:locale\" content=\"fr_FR\" \/>\n<meta property=\"og:type\" content=\"article\" \/>\n<meta property=\"og:title\" content=\"Rythmes scolaires : pr\u00eats pour septembre \u00e0 Linas ! - Fran\u00e7ois Pelletant\" \/>\n<meta property=\"og:description\" content=\"Rythmes scolaires : La municipalit\u00e9 de Linas propose une nouvelle organisation de la semaine scolaire en faveur des \u00e9coliers Linois.\" \/>\n<meta property=\"og:url\" content=\"https:\/\/francois-pelletant.fr\/blog\/rythmes-scolaires-linas\/\" \/>\n<meta property=\"og:site_name\" content=\"Fran\u00e7ois Pelletant\" \/>\n<meta property=\"article:publisher\" content=\"https:\/\/www.facebook.com\/francois.pelletant.7\" \/>\n<meta property=\"article:published_time\" content=\"2014-06-13T07:46:50+00:00\" \/>\n<meta property=\"article:modified_time\" content=\"2017-05-09T08:26:08+00:00\" \/>\n<meta property=\"og:image\" content=\"https:\/\/francois-pelletant.fr\/blog\/wp-content\/uploads\/2014\/06\/test_couv-scaled.jpg\" \/>\n\t<meta property=\"og:image:width\" content=\"1707\" \/>\n\t<meta property=\"og:image:height\" content=\"2560\" \/>\n\t<meta property=\"og:image:type\" content=\"image\/jpeg\" \/>\n<meta name=\"author\" content=\"Francois\" \/>\n<meta name=\"twitter:card\" content=\"summary_large_image\" \/>\n<meta name=\"twitter:creator\" content=\"@pelletant\" \/>\n<meta name=\"twitter:site\" content=\"@pelletant\" \/>\n<meta name=\"twitter:label1\" content=\"\u00c9crit par\" \/>\n\t<meta name=\"twitter:data1\" content=\"Francois\" \/>\n\t<meta name=\"twitter:label2\" content=\"Dur\u00e9e de lecture estim\u00e9e\" \/>\n\t<meta name=\"twitter:data2\" content=\"2 minutes\" \/>\n<script type=\"application\/ld+json\" class=\"yoast-schema-graph\">{\"@context\":\"https:\/\/schema.org\",\"@graph\":[{\"@type\":\"Article\",\"@id\":\"https:\/\/francois-pelletant.fr\/blog\/rythmes-scolaires-linas\/#article\",\"isPartOf\":{\"@id\":\"https:\/\/francois-pelletant.fr\/blog\/rythmes-scolaires-linas\/\"},\"author\":{\"name\":\"Francois\",\"@id\":\"https:\/\/francois-pelletant.fr\/blog\/#\/schema\/person\/2be41acb171dff8f31aaed1f40cee9f3\"},\"headline\":\"Rythmes scolaires : pr\u00eats pour septembre \u00e0 Linas !\",\"datePublished\":\"2014-06-13T07:46:50+00:00\",\"dateModified\":\"2017-05-09T08:26:08+00:00\",\"mainEntityOfPage\":{\"@id\":\"https:\/\/francois-pelletant.fr\/blog\/rythmes-scolaires-linas\/\"},\"wordCount\":308,\"commentCount\":0,\"publisher\":{\"@id\":\"https:\/\/francois-pelletant.fr\/blog\/#organization\"},\"image\":{\"@id\":\"https:\/\/francois-pelletant.fr\/blog\/rythmes-scolaires-linas\/#primaryimage\"},\"thumbnailUrl\":\"https:\/\/francois-pelletant.fr\/blog\/wp-content\/uploads\/2014\/06\/test_couv-scaled.jpg\",\"articleSection\":[\"Infos\"],\"inLanguage\":\"fr-FR\",\"potentialAction\":[{\"@type\":\"CommentAction\",\"name\":\"Comment\",\"target\":[\"https:\/\/francois-pelletant.fr\/blog\/rythmes-scolaires-linas\/#respond\"]}]},{\"@type\":\"WebPage\",\"@id\":\"https:\/\/francois-pelletant.fr\/blog\/rythmes-scolaires-linas\/\",\"url\":\"https:\/\/francois-pelletant.fr\/blog\/rythmes-scolaires-linas\/\",\"name\":\"Rythmes scolaires : pr\u00eats pour septembre \u00e0 Linas ! - Fran\u00e7ois Pelletant\",\"isPartOf\":{\"@id\":\"https:\/\/francois-pelletant.fr\/blog\/#website\"},\"primaryImageOfPage\":{\"@id\":\"https:\/\/francois-pelletant.fr\/blog\/rythmes-scolaires-linas\/#primaryimage\"},\"image\":{\"@id\":\"https:\/\/francois-pelletant.fr\/blog\/rythmes-scolaires-linas\/#primaryimage\"},\"thumbnailUrl\":\"https:\/\/francois-pelletant.fr\/blog\/wp-content\/uploads\/2014\/06\/test_couv-scaled.jpg\",\"datePublished\":\"2014-06-13T07:46:50+00:00\",\"dateModified\":\"2017-05-09T08:26:08+00:00\",\"description\":\"Rythmes scolaires : La municipalit\u00e9 de Linas propose une nouvelle organisation de la semaine scolaire en faveur des \u00e9coliers Linois.\",\"breadcrumb\":{\"@id\":\"https:\/\/francois-pelletant.fr\/blog\/rythmes-scolaires-linas\/#breadcrumb\"},\"inLanguage\":\"fr-FR\",\"potentialAction\":[{\"@type\":\"ReadAction\",\"target\":[\"https:\/\/francois-pelletant.fr\/blog\/rythmes-scolaires-linas\/\"]}]},{\"@type\":\"ImageObject\",\"inLanguage\":\"fr-FR\",\"@id\":\"https:\/\/francois-pelletant.fr\/blog\/rythmes-scolaires-linas\/#primaryimage\",\"url\":\"https:\/\/francois-pelletant.fr\/blog\/wp-content\/uploads\/2014\/06\/test_couv-scaled.jpg\",\"contentUrl\":\"https:\/\/francois-pelletant.fr\/blog\/wp-content\/uploads\/2014\/06\/test_couv-scaled.jpg\",\"width\":1707,\"height\":2560},{\"@type\":\"BreadcrumbList\",\"@id\":\"https:\/\/francois-pelletant.fr\/blog\/rythmes-scolaires-linas\/#breadcrumb\",\"itemListElement\":[{\"@type\":\"ListItem\",\"position\":1,\"name\":\"Accueil\",\"item\":\"https:\/\/francois-pelletant.fr\/blog\/\"},{\"@type\":\"ListItem\",\"position\":2,\"name\":\"Rythmes scolaires : pr\u00eats pour septembre \u00e0 Linas !\"}]},{\"@type\":\"WebSite\",\"@id\":\"https:\/\/francois-pelletant.fr\/blog\/#website\",\"url\":\"https:\/\/francois-pelletant.fr\/blog\/\",\"name\":\"Fran\u00e7ois Pelletant\",\"description\":\"Maire de Linas, pour toujours.\",\"publisher\":{\"@id\":\"https:\/\/francois-pelletant.fr\/blog\/#organization\"},\"potentialAction\":[{\"@type\":\"SearchAction\",\"target\":{\"@type\":\"EntryPoint\",\"urlTemplate\":\"https:\/\/francois-pelletant.fr\/blog\/?s={search_term_string}\"},\"query-input\":{\"@type\":\"PropertyValueSpecification\",\"valueRequired\":true,\"valueName\":\"search_term_string\"}}],\"inLanguage\":\"fr-FR\"},{\"@type\":\"Organization\",\"@id\":\"https:\/\/francois-pelletant.fr\/blog\/#organization\",\"name\":\"Fran\u00e7ois Pelletant\",\"url\":\"https:\/\/francois-pelletant.fr\/blog\/\",\"logo\":{\"@type\":\"ImageObject\",\"inLanguage\":\"fr-FR\",\"@id\":\"https:\/\/francois-pelletant.fr\/blog\/#\/schema\/logo\/image\/\",\"url\":\"https:\/\/francois-pelletant.fr\/blog\/wp-content\/uploads\/2024\/07\/icone-francois-centre-500p.png\",\"contentUrl\":\"https:\/\/francois-pelletant.fr\/blog\/wp-content\/uploads\/2024\/07\/icone-francois-centre-500p.png\",\"width\":559,\"height\":447,\"caption\":\"Fran\u00e7ois Pelletant\"},\"image\":{\"@id\":\"https:\/\/francois-pelletant.fr\/blog\/#\/schema\/logo\/image\/\"},\"sameAs\":[\"https:\/\/www.facebook.com\/francois.pelletant.7\",\"https:\/\/x.com\/pelletant\"]},{\"@type\":\"Person\",\"@id\":\"https:\/\/francois-pelletant.fr\/blog\/#\/schema\/person\/2be41acb171dff8f31aaed1f40cee9f3\",\"name\":\"Francois\"}]}<\/script>\n<!-- \/ Yoast SEO plugin. -->","yoast_head_json":{"title":"Rythmes scolaires : pr\u00eats pour septembre \u00e0 Linas ! - Fran\u00e7ois Pelletant","description":"Rythmes scolaires : La municipalit\u00e9 de Linas propose une nouvelle organisation de la semaine scolaire en faveur des \u00e9coliers Linois.","robots":{"index":"index","follow":"follow","max-snippet":"max-snippet:-1","max-image-preview":"max-image-preview:large","max-video-preview":"max-video-preview:-1"},"canonical":"https:\/\/francois-pelletant.fr\/blog\/rythmes-scolaires-linas\/","og_locale":"fr_FR","og_type":"article","og_title":"Rythmes scolaires : pr\u00eats pour septembre \u00e0 Linas ! - Fran\u00e7ois Pelletant","og_description":"Rythmes scolaires : La municipalit\u00e9 de Linas propose une nouvelle organisation de la semaine scolaire en faveur des \u00e9coliers Linois.","og_url":"https:\/\/francois-pelletant.fr\/blog\/rythmes-scolaires-linas\/","og_site_name":"Fran\u00e7ois Pelletant","article_publisher":"https:\/\/www.facebook.com\/francois.pelletant.7","article_published_time":"2014-06-13T07:46:50+00:00","article_modified_time":"2017-05-09T08:26:08+00:00","og_image":[{"width":1707,"height":2560,"url":"https:\/\/francois-pelletant.fr\/blog\/wp-content\/uploads\/2014\/06\/test_couv-scaled.jpg","type":"image\/jpeg"}],"author":"Francois","twitter_card":"summary_large_image","twitter_creator":"@pelletant","twitter_site":"@pelletant","twitter_misc":{"\u00c9crit par":"Francois","Dur\u00e9e de lecture estim\u00e9e":"2 minutes"},"schema":{"@context":"https:\/\/schema.org","@graph":[{"@type":"Article","@id":"https:\/\/francois-pelletant.fr\/blog\/rythmes-scolaires-linas\/#article","isPartOf":{"@id":"https:\/\/francois-pelletant.fr\/blog\/rythmes-scolaires-linas\/"},"author":{"name":"Francois","@id":"https:\/\/francois-pelletant.fr\/blog\/#\/schema\/person\/2be41acb171dff8f31aaed1f40cee9f3"},"headline":"Rythmes scolaires : pr\u00eats pour septembre \u00e0 Linas !","datePublished":"2014-06-13T07:46:50+00:00","dateModified":"2017-05-09T08:26:08+00:00","mainEntityOfPage":{"@id":"https:\/\/francois-pelletant.fr\/blog\/rythmes-scolaires-linas\/"},"wordCount":308,"commentCount":0,"publisher":{"@id":"https:\/\/francois-pelletant.fr\/blog\/#organization"},"image":{"@id":"https:\/\/francois-pelletant.fr\/blog\/rythmes-scolaires-linas\/#primaryimage"},"thumbnailUrl":"https:\/\/francois-pelletant.fr\/blog\/wp-content\/uploads\/2014\/06\/test_couv-scaled.jpg","articleSection":["Infos"],"inLanguage":"fr-FR","potentialAction":[{"@type":"CommentAction","name":"Comment","target":["https:\/\/francois-pelletant.fr\/blog\/rythmes-scolaires-linas\/#respond"]}]},{"@type":"WebPage","@id":"https:\/\/francois-pelletant.fr\/blog\/rythmes-scolaires-linas\/","url":"https:\/\/francois-pelletant.fr\/blog\/rythmes-scolaires-linas\/","name":"Rythmes scolaires : pr\u00eats pour septembre \u00e0 Linas ! - Fran\u00e7ois Pelletant","isPartOf":{"@id":"https:\/\/francois-pelletant.fr\/blog\/#website"},"primaryImageOfPage":{"@id":"https:\/\/francois-pelletant.fr\/blog\/rythmes-scolaires-linas\/#primaryimage"},"image":{"@id":"https:\/\/francois-pelletant.fr\/blog\/rythmes-scolaires-linas\/#primaryimage"},"thumbnailUrl":"https:\/\/francois-pelletant.fr\/blog\/wp-content\/uploads\/2014\/06\/test_couv-scaled.jpg","datePublished":"2014-06-13T07:46:50+00:00","dateModified":"2017-05-09T08:26:08+00:00","description":"Rythmes scolaires : La municipalit\u00e9 de Linas propose une nouvelle organisation de la semaine scolaire en faveur des \u00e9coliers Linois.","breadcrumb":{"@id":"https:\/\/francois-pelletant.fr\/blog\/rythmes-scolaires-linas\/#breadcrumb"},"inLanguage":"fr-FR","potentialAction":[{"@type":"ReadAction","target":["https:\/\/francois-pelletant.fr\/blog\/rythmes-scolaires-linas\/"]}]},{"@type":"ImageObject","inLanguage":"fr-FR","@id":"https:\/\/francois-pelletant.fr\/blog\/rythmes-scolaires-linas\/#primaryimage","url":"https:\/\/francois-pelletant.fr\/blog\/wp-content\/uploads\/2014\/06\/test_couv-scaled.jpg","contentUrl":"https:\/\/francois-pelletant.fr\/blog\/wp-content\/uploads\/2014\/06\/test_couv-scaled.jpg","width":1707,"height":2560},{"@type":"BreadcrumbList","@id":"https:\/\/francois-pelletant.fr\/blog\/rythmes-scolaires-linas\/#breadcrumb","itemListElement":[{"@type":"ListItem","position":1,"name":"Accueil","item":"https:\/\/francois-pelletant.fr\/blog\/"},{"@type":"ListItem","position":2,"name":"Rythmes scolaires : pr\u00eats pour septembre \u00e0 Linas !"}]},{"@type":"WebSite","@id":"https:\/\/francois-pelletant.fr\/blog\/#website","url":"https:\/\/francois-pelletant.fr\/blog\/","name":"Fran\u00e7ois Pelletant","description":"Maire de Linas, pour toujours.","publisher":{"@id":"https:\/\/francois-pelletant.fr\/blog\/#organization"},"potentialAction":[{"@type":"SearchAction","target":{"@type":"EntryPoint","urlTemplate":"https:\/\/francois-pelletant.fr\/blog\/?s={search_term_string}"},"query-input":{"@type":"PropertyValueSpecification","valueRequired":true,"valueName":"search_term_string"}}],"inLanguage":"fr-FR"},{"@type":"Organization","@id":"https:\/\/francois-pelletant.fr\/blog\/#organization","name":"Fran\u00e7ois Pelletant","url":"https:\/\/francois-pelletant.fr\/blog\/","logo":{"@type":"ImageObject","inLanguage":"fr-FR","@id":"https:\/\/francois-pelletant.fr\/blog\/#\/schema\/logo\/image\/","url":"https:\/\/francois-pelletant.fr\/blog\/wp-content\/uploads\/2024\/07\/icone-francois-centre-500p.png","contentUrl":"https:\/\/francois-pelletant.fr\/blog\/wp-content\/uploads\/2024\/07\/icone-francois-centre-500p.png","width":559,"height":447,"caption":"Fran\u00e7ois Pelletant"},"image":{"@id":"https:\/\/francois-pelletant.fr\/blog\/#\/schema\/logo\/image\/"},"sameAs":["https:\/\/www.facebook.com\/francois.pelletant.7","https:\/\/x.com\/pelletant"]},{"@type":"Person","@id":"https:\/\/francois-pelletant.fr\/blog\/#\/schema\/person\/2be41acb171dff8f31aaed1f40cee9f3","name":"Francois"}]}},"_links":{"self":[{"href":"https:\/\/francois-pelletant.fr\/blog\/wp-json\/wp\/v2\/posts\/4463","targetHints":{"allow":["GET"]}}],"collection":[{"href":"https:\/\/francois-pelletant.fr\/blog\/wp-json\/wp\/v2\/posts"}],"about":[{"href":"https:\/\/francois-pelletant.fr\/blog\/wp-json\/wp\/v2\/types\/post"}],"author":[{"embeddable":true,"href":"https:\/\/francois-pelletant.fr\/blog\/wp-json\/wp\/v2\/users\/1"}],"replies":[{"embeddable":true,"href":"https:\/\/francois-pelletant.fr\/blog\/wp-json\/wp\/v2\/comments?post=4463"}],"version-history":[{"count":0,"href":"https:\/\/francois-pelletant.fr\/blog\/wp-json\/wp\/v2\/posts\/4463\/revisions"}],"wp:featuredmedia":[{"embeddable":true,"href":"https:\/\/francois-pelletant.fr\/blog\/wp-json\/wp\/v2\/media\/4464"}],"wp:attachment":[{"href":"https:\/\/francois-pelletant.fr\/blog\/wp-json\/wp\/v2\/media?parent=4463"}],"wp:term":[{"taxonomy":"category","embeddable":true,"href":"https:\/\/francois-pelletant.fr\/blog\/wp-json\/wp\/v2\/categories?post=4463"},{"taxonomy":"post_tag","embeddable":true,"href":"https:\/\/francois-pelletant.fr\/blog\/wp-json\/wp\/v2\/tags?post=4463"}],"curies":[{"name":"wp","href":"https:\/\/api.w.org\/{rel}","templated":true}]}}