{"id":4470,"date":"2014-06-18T10:15:07","date_gmt":"2014-06-18T08:15:07","guid":{"rendered":"https:\/\/francois-pelletant.fr\/blog\/?p=4470"},"modified":"2014-06-18T10:15:07","modified_gmt":"2014-06-18T08:15:07","slug":"la10-fermee-la-nuit-jusquau-4-juillet","status":"publish","type":"post","link":"https:\/\/francois-pelletant.fr\/blog\/la10-fermee-la-nuit-jusquau-4-juillet\/","title":{"rendered":"L&#039;A10 ferm\u00e9e la nuit jusqu&#039;au 4 juillet"},"content":{"rendered":"<p><a href=\"https:\/\/francois-pelletant.fr\/blog\/wp-content\/uploads\/2014\/06\/fermerture-a10.jpg\"><img loading=\"lazy\" decoding=\"async\" class=\"alignleft size-medium wp-image-4471\" title=\"fermerture a10\" src=\"https:\/\/francois-pelletant.fr\/blog\/wp-content\/uploads\/2014\/06\/fermerture-a10-300x199.jpg\" alt=\"\" width=\"300\" height=\"199\" \/><\/a>La portion d\u2019autoroute comprise entre Wissous et Saint Jean de Beauregard est ferm\u00e9e \u00e0 la circulation en semaine jusqu\u2019au 4 juillet 2014 (de 21h30 \u00e0 5h30)<\/p>\n<p>Dans le cadre de l&#8217;am\u00e9nagement de l&#8217;\u00e9changeur de Courtab\u0153uf sur l&#8217;autoroute A10, les travaux d\u00e9but\u00e9s en avril 2012 se poursuivent.<\/p>\n<p>De plus, des travaux d&#8217;entretien des chauss\u00e9es et des \u00e9quipements de l\u2019autoroute A10 sont programm\u00e9s dans les deux sens au niveau de la commune de Champlan. Pour la s\u00e9curit\u00e9 des usagers et des intervenants, ces travaux n\u00e9cessitent de lib\u00e9rer la chauss\u00e9e de toute circulation. Compte tenu du trafic sur l&#8217;autoroute A10, cette disposition n&#8217;est possible que de nuit, en semaine. \u00a0Une d\u00e9viation via la Francilienne et l&#8217;autoroute A6 est organis\u00e9e pendant la dur\u00e9e des travaux.<\/p>\n","protected":false},"excerpt":{"rendered":"<p>La portion d\u2019autoroute comprise entre Wissous et Saint Jean de Beauregard est ferm\u00e9e \u00e0 la circulation en semaine jusqu\u2019au 4 juillet 2014 (de 21h30 \u00e0 5h30) Dans le cadre de l&#8217;am\u00e9nagement de l&#8217;\u00e9changeur de Courtab\u0153uf sur l&#8217;autoroute A10, les travaux d\u00e9but\u00e9s en avril 2012 se poursuivent. De plus, des travaux d&#8217;entretien des chauss\u00e9es et des [&hellip;]<\/p>\n","protected":false},"author":1,"featured_media":4471,"comment_status":"open","ping_status":"open","sticky":false,"template":"","format":"standard","meta":{"footnotes":""},"categories":[10],"tags":[],"class_list":["post-4470","post","type-post","status-publish","format-standard","has-post-thumbnail","hentry","category-1pelletant"],"yoast_head":"<!-- This site is optimized with the Yoast SEO plugin v25.6 - https:\/\/yoast.com\/wordpress\/plugins\/seo\/ -->\n<title>L&#039;A10 ferm\u00e9e la nuit jusqu&#039;au 4 juillet - Fran\u00e7ois Pelletant<\/title>\n<meta name=\"robots\" content=\"index, follow, max-snippet:-1, max-image-preview:large, max-video-preview:-1\" \/>\n<link rel=\"canonical\" href=\"https:\/\/francois-pelletant.fr\/blog\/la10-fermee-la-nuit-jusquau-4-juillet\/\" \/>\n<meta property=\"og:locale\" content=\"fr_FR\" \/>\n<meta property=\"og:type\" content=\"article\" \/>\n<meta property=\"og:title\" content=\"L&#039;A10 ferm\u00e9e la nuit jusqu&#039;au 4 juillet - Fran\u00e7ois Pelletant\" \/>\n<meta property=\"og:description\" content=\"La portion d\u2019autoroute comprise entre Wissous et Saint Jean de Beauregard est ferm\u00e9e \u00e0 la circulation en semaine jusqu\u2019au 4 juillet 2014 (de 21h30 \u00e0 5h30) Dans le cadre de l&#8217;am\u00e9nagement de l&#8217;\u00e9changeur de Courtab\u0153uf sur l&#8217;autoroute A10, les travaux d\u00e9but\u00e9s en avril 2012 se poursuivent. De plus, des travaux d&#8217;entretien des chauss\u00e9es et des [&hellip;]\" \/>\n<meta property=\"og:url\" content=\"https:\/\/francois-pelletant.fr\/blog\/la10-fermee-la-nuit-jusquau-4-juillet\/\" \/>\n<meta property=\"og:site_name\" content=\"Fran\u00e7ois Pelletant\" \/>\n<meta property=\"article:publisher\" content=\"https:\/\/www.facebook.com\/francois.pelletant.7\" \/>\n<meta property=\"article:published_time\" content=\"2014-06-18T08:15:07+00:00\" \/>\n<meta property=\"og:image\" content=\"https:\/\/francois-pelletant.fr\/blog\/wp-content\/uploads\/2014\/06\/fermerture-a10.jpg\" \/>\n\t<meta property=\"og:image:width\" content=\"425\" \/>\n\t<meta property=\"og:image:height\" content=\"283\" \/>\n\t<meta property=\"og:image:type\" content=\"image\/jpeg\" \/>\n<meta name=\"author\" content=\"Francois\" \/>\n<meta name=\"twitter:card\" content=\"summary_large_image\" \/>\n<meta name=\"twitter:creator\" content=\"@pelletant\" \/>\n<meta name=\"twitter:site\" content=\"@pelletant\" \/>\n<meta name=\"twitter:label1\" content=\"\u00c9crit par\" \/>\n\t<meta name=\"twitter:data1\" content=\"Francois\" \/>\n\t<meta name=\"twitter:label2\" content=\"Dur\u00e9e de lecture estim\u00e9e\" \/>\n\t<meta name=\"twitter:data2\" content=\"1 minute\" \/>\n<script type=\"application\/ld+json\" class=\"yoast-schema-graph\">{\"@context\":\"https:\/\/schema.org\",\"@graph\":[{\"@type\":\"Article\",\"@id\":\"https:\/\/francois-pelletant.fr\/blog\/la10-fermee-la-nuit-jusquau-4-juillet\/#article\",\"isPartOf\":{\"@id\":\"https:\/\/francois-pelletant.fr\/blog\/la10-fermee-la-nuit-jusquau-4-juillet\/\"},\"author\":{\"name\":\"Francois\",\"@id\":\"https:\/\/francois-pelletant.fr\/blog\/#\/schema\/person\/2be41acb171dff8f31aaed1f40cee9f3\"},\"headline\":\"L&#039;A10 ferm\u00e9e la nuit jusqu&#039;au 4 juillet\",\"datePublished\":\"2014-06-18T08:15:07+00:00\",\"mainEntityOfPage\":{\"@id\":\"https:\/\/francois-pelletant.fr\/blog\/la10-fermee-la-nuit-jusquau-4-juillet\/\"},\"wordCount\":149,\"commentCount\":0,\"publisher\":{\"@id\":\"https:\/\/francois-pelletant.fr\/blog\/#organization\"},\"image\":{\"@id\":\"https:\/\/francois-pelletant.fr\/blog\/la10-fermee-la-nuit-jusquau-4-juillet\/#primaryimage\"},\"thumbnailUrl\":\"https:\/\/francois-pelletant.fr\/blog\/wp-content\/uploads\/2014\/06\/fermerture-a10.jpg\",\"articleSection\":[\"Infos\"],\"inLanguage\":\"fr-FR\",\"potentialAction\":[{\"@type\":\"CommentAction\",\"name\":\"Comment\",\"target\":[\"https:\/\/francois-pelletant.fr\/blog\/la10-fermee-la-nuit-jusquau-4-juillet\/#respond\"]}]},{\"@type\":\"WebPage\",\"@id\":\"https:\/\/francois-pelletant.fr\/blog\/la10-fermee-la-nuit-jusquau-4-juillet\/\",\"url\":\"https:\/\/francois-pelletant.fr\/blog\/la10-fermee-la-nuit-jusquau-4-juillet\/\",\"name\":\"L&#039;A10 ferm\u00e9e la nuit jusqu&#039;au 4 juillet - Fran\u00e7ois Pelletant\",\"isPartOf\":{\"@id\":\"https:\/\/francois-pelletant.fr\/blog\/#website\"},\"primaryImageOfPage\":{\"@id\":\"https:\/\/francois-pelletant.fr\/blog\/la10-fermee-la-nuit-jusquau-4-juillet\/#primaryimage\"},\"image\":{\"@id\":\"https:\/\/francois-pelletant.fr\/blog\/la10-fermee-la-nuit-jusquau-4-juillet\/#primaryimage\"},\"thumbnailUrl\":\"https:\/\/francois-pelletant.fr\/blog\/wp-content\/uploads\/2014\/06\/fermerture-a10.jpg\",\"datePublished\":\"2014-06-18T08:15:07+00:00\",\"breadcrumb\":{\"@id\":\"https:\/\/francois-pelletant.fr\/blog\/la10-fermee-la-nuit-jusquau-4-juillet\/#breadcrumb\"},\"inLanguage\":\"fr-FR\",\"potentialAction\":[{\"@type\":\"ReadAction\",\"target\":[\"https:\/\/francois-pelletant.fr\/blog\/la10-fermee-la-nuit-jusquau-4-juillet\/\"]}]},{\"@type\":\"ImageObject\",\"inLanguage\":\"fr-FR\",\"@id\":\"https:\/\/francois-pelletant.fr\/blog\/la10-fermee-la-nuit-jusquau-4-juillet\/#primaryimage\",\"url\":\"https:\/\/francois-pelletant.fr\/blog\/wp-content\/uploads\/2014\/06\/fermerture-a10.jpg\",\"contentUrl\":\"https:\/\/francois-pelletant.fr\/blog\/wp-content\/uploads\/2014\/06\/fermerture-a10.jpg\",\"width\":425,\"height\":283},{\"@type\":\"BreadcrumbList\",\"@id\":\"https:\/\/francois-pelletant.fr\/blog\/la10-fermee-la-nuit-jusquau-4-juillet\/#breadcrumb\",\"itemListElement\":[{\"@type\":\"ListItem\",\"position\":1,\"name\":\"Accueil\",\"item\":\"https:\/\/francois-pelletant.fr\/blog\/\"},{\"@type\":\"ListItem\",\"position\":2,\"name\":\"L&#039;A10 ferm\u00e9e la nuit jusqu&#039;au 4 juillet\"}]},{\"@type\":\"WebSite\",\"@id\":\"https:\/\/francois-pelletant.fr\/blog\/#website\",\"url\":\"https:\/\/francois-pelletant.fr\/blog\/\",\"name\":\"Fran\u00e7ois Pelletant\",\"description\":\"Maire de Linas, pour toujours.\",\"publisher\":{\"@id\":\"https:\/\/francois-pelletant.fr\/blog\/#organization\"},\"potentialAction\":[{\"@type\":\"SearchAction\",\"target\":{\"@type\":\"EntryPoint\",\"urlTemplate\":\"https:\/\/francois-pelletant.fr\/blog\/?s={search_term_string}\"},\"query-input\":{\"@type\":\"PropertyValueSpecification\",\"valueRequired\":true,\"valueName\":\"search_term_string\"}}],\"inLanguage\":\"fr-FR\"},{\"@type\":\"Organization\",\"@id\":\"https:\/\/francois-pelletant.fr\/blog\/#organization\",\"name\":\"Fran\u00e7ois Pelletant\",\"url\":\"https:\/\/francois-pelletant.fr\/blog\/\",\"logo\":{\"@type\":\"ImageObject\",\"inLanguage\":\"fr-FR\",\"@id\":\"https:\/\/francois-pelletant.fr\/blog\/#\/schema\/logo\/image\/\",\"url\":\"https:\/\/francois-pelletant.fr\/blog\/wp-content\/uploads\/2024\/07\/icone-francois-centre-500p.png\",\"contentUrl\":\"https:\/\/francois-pelletant.fr\/blog\/wp-content\/uploads\/2024\/07\/icone-francois-centre-500p.png\",\"width\":559,\"height\":447,\"caption\":\"Fran\u00e7ois Pelletant\"},\"image\":{\"@id\":\"https:\/\/francois-pelletant.fr\/blog\/#\/schema\/logo\/image\/\"},\"sameAs\":[\"https:\/\/www.facebook.com\/francois.pelletant.7\",\"https:\/\/x.com\/pelletant\"]},{\"@type\":\"Person\",\"@id\":\"https:\/\/francois-pelletant.fr\/blog\/#\/schema\/person\/2be41acb171dff8f31aaed1f40cee9f3\",\"name\":\"Francois\"}]}<\/script>\n<!-- \/ Yoast SEO plugin. -->","yoast_head_json":{"title":"L&#039;A10 ferm\u00e9e la nuit jusqu&#039;au 4 juillet - Fran\u00e7ois Pelletant","robots":{"index":"index","follow":"follow","max-snippet":"max-snippet:-1","max-image-preview":"max-image-preview:large","max-video-preview":"max-video-preview:-1"},"canonical":"https:\/\/francois-pelletant.fr\/blog\/la10-fermee-la-nuit-jusquau-4-juillet\/","og_locale":"fr_FR","og_type":"article","og_title":"L&#039;A10 ferm\u00e9e la nuit jusqu&#039;au 4 juillet - Fran\u00e7ois Pelletant","og_description":"La portion d\u2019autoroute comprise entre Wissous et Saint Jean de Beauregard est ferm\u00e9e \u00e0 la circulation en semaine jusqu\u2019au 4 juillet 2014 (de 21h30 \u00e0 5h30) Dans le cadre de l&#8217;am\u00e9nagement de l&#8217;\u00e9changeur de Courtab\u0153uf sur l&#8217;autoroute A10, les travaux d\u00e9but\u00e9s en avril 2012 se poursuivent. De plus, des travaux d&#8217;entretien des chauss\u00e9es et des [&hellip;]","og_url":"https:\/\/francois-pelletant.fr\/blog\/la10-fermee-la-nuit-jusquau-4-juillet\/","og_site_name":"Fran\u00e7ois Pelletant","article_publisher":"https:\/\/www.facebook.com\/francois.pelletant.7","article_published_time":"2014-06-18T08:15:07+00:00","og_image":[{"width":425,"height":283,"url":"https:\/\/francois-pelletant.fr\/blog\/wp-content\/uploads\/2014\/06\/fermerture-a10.jpg","type":"image\/jpeg"}],"author":"Francois","twitter_card":"summary_large_image","twitter_creator":"@pelletant","twitter_site":"@pelletant","twitter_misc":{"\u00c9crit par":"Francois","Dur\u00e9e de lecture estim\u00e9e":"1 minute"},"schema":{"@context":"https:\/\/schema.org","@graph":[{"@type":"Article","@id":"https:\/\/francois-pelletant.fr\/blog\/la10-fermee-la-nuit-jusquau-4-juillet\/#article","isPartOf":{"@id":"https:\/\/francois-pelletant.fr\/blog\/la10-fermee-la-nuit-jusquau-4-juillet\/"},"author":{"name":"Francois","@id":"https:\/\/francois-pelletant.fr\/blog\/#\/schema\/person\/2be41acb171dff8f31aaed1f40cee9f3"},"headline":"L&#039;A10 ferm\u00e9e la nuit jusqu&#039;au 4 juillet","datePublished":"2014-06-18T08:15:07+00:00","mainEntityOfPage":{"@id":"https:\/\/francois-pelletant.fr\/blog\/la10-fermee-la-nuit-jusquau-4-juillet\/"},"wordCount":149,"commentCount":0,"publisher":{"@id":"https:\/\/francois-pelletant.fr\/blog\/#organization"},"image":{"@id":"https:\/\/francois-pelletant.fr\/blog\/la10-fermee-la-nuit-jusquau-4-juillet\/#primaryimage"},"thumbnailUrl":"https:\/\/francois-pelletant.fr\/blog\/wp-content\/uploads\/2014\/06\/fermerture-a10.jpg","articleSection":["Infos"],"inLanguage":"fr-FR","potentialAction":[{"@type":"CommentAction","name":"Comment","target":["https:\/\/francois-pelletant.fr\/blog\/la10-fermee-la-nuit-jusquau-4-juillet\/#respond"]}]},{"@type":"WebPage","@id":"https:\/\/francois-pelletant.fr\/blog\/la10-fermee-la-nuit-jusquau-4-juillet\/","url":"https:\/\/francois-pelletant.fr\/blog\/la10-fermee-la-nuit-jusquau-4-juillet\/","name":"L&#039;A10 ferm\u00e9e la nuit jusqu&#039;au 4 juillet - Fran\u00e7ois Pelletant","isPartOf":{"@id":"https:\/\/francois-pelletant.fr\/blog\/#website"},"primaryImageOfPage":{"@id":"https:\/\/francois-pelletant.fr\/blog\/la10-fermee-la-nuit-jusquau-4-juillet\/#primaryimage"},"image":{"@id":"https:\/\/francois-pelletant.fr\/blog\/la10-fermee-la-nuit-jusquau-4-juillet\/#primaryimage"},"thumbnailUrl":"https:\/\/francois-pelletant.fr\/blog\/wp-content\/uploads\/2014\/06\/fermerture-a10.jpg","datePublished":"2014-06-18T08:15:07+00:00","breadcrumb":{"@id":"https:\/\/francois-pelletant.fr\/blog\/la10-fermee-la-nuit-jusquau-4-juillet\/#breadcrumb"},"inLanguage":"fr-FR","potentialAction":[{"@type":"ReadAction","target":["https:\/\/francois-pelletant.fr\/blog\/la10-fermee-la-nuit-jusquau-4-juillet\/"]}]},{"@type":"ImageObject","inLanguage":"fr-FR","@id":"https:\/\/francois-pelletant.fr\/blog\/la10-fermee-la-nuit-jusquau-4-juillet\/#primaryimage","url":"https:\/\/francois-pelletant.fr\/blog\/wp-content\/uploads\/2014\/06\/fermerture-a10.jpg","contentUrl":"https:\/\/francois-pelletant.fr\/blog\/wp-content\/uploads\/2014\/06\/fermerture-a10.jpg","width":425,"height":283},{"@type":"BreadcrumbList","@id":"https:\/\/francois-pelletant.fr\/blog\/la10-fermee-la-nuit-jusquau-4-juillet\/#breadcrumb","itemListElement":[{"@type":"ListItem","position":1,"name":"Accueil","item":"https:\/\/francois-pelletant.fr\/blog\/"},{"@type":"ListItem","position":2,"name":"L&#039;A10 ferm\u00e9e la nuit jusqu&#039;au 4 juillet"}]},{"@type":"WebSite","@id":"https:\/\/francois-pelletant.fr\/blog\/#website","url":"https:\/\/francois-pelletant.fr\/blog\/","name":"Fran\u00e7ois Pelletant","description":"Maire de Linas, pour toujours.","publisher":{"@id":"https:\/\/francois-pelletant.fr\/blog\/#organization"},"potentialAction":[{"@type":"SearchAction","target":{"@type":"EntryPoint","urlTemplate":"https:\/\/francois-pelletant.fr\/blog\/?s={search_term_string}"},"query-input":{"@type":"PropertyValueSpecification","valueRequired":true,"valueName":"search_term_string"}}],"inLanguage":"fr-FR"},{"@type":"Organization","@id":"https:\/\/francois-pelletant.fr\/blog\/#organization","name":"Fran\u00e7ois Pelletant","url":"https:\/\/francois-pelletant.fr\/blog\/","logo":{"@type":"ImageObject","inLanguage":"fr-FR","@id":"https:\/\/francois-pelletant.fr\/blog\/#\/schema\/logo\/image\/","url":"https:\/\/francois-pelletant.fr\/blog\/wp-content\/uploads\/2024\/07\/icone-francois-centre-500p.png","contentUrl":"https:\/\/francois-pelletant.fr\/blog\/wp-content\/uploads\/2024\/07\/icone-francois-centre-500p.png","width":559,"height":447,"caption":"Fran\u00e7ois Pelletant"},"image":{"@id":"https:\/\/francois-pelletant.fr\/blog\/#\/schema\/logo\/image\/"},"sameAs":["https:\/\/www.facebook.com\/francois.pelletant.7","https:\/\/x.com\/pelletant"]},{"@type":"Person","@id":"https:\/\/francois-pelletant.fr\/blog\/#\/schema\/person\/2be41acb171dff8f31aaed1f40cee9f3","name":"Francois"}]}},"_links":{"self":[{"href":"https:\/\/francois-pelletant.fr\/blog\/wp-json\/wp\/v2\/posts\/4470","targetHints":{"allow":["GET"]}}],"collection":[{"href":"https:\/\/francois-pelletant.fr\/blog\/wp-json\/wp\/v2\/posts"}],"about":[{"href":"https:\/\/francois-pelletant.fr\/blog\/wp-json\/wp\/v2\/types\/post"}],"author":[{"embeddable":true,"href":"https:\/\/francois-pelletant.fr\/blog\/wp-json\/wp\/v2\/users\/1"}],"replies":[{"embeddable":true,"href":"https:\/\/francois-pelletant.fr\/blog\/wp-json\/wp\/v2\/comments?post=4470"}],"version-history":[{"count":0,"href":"https:\/\/francois-pelletant.fr\/blog\/wp-json\/wp\/v2\/posts\/4470\/revisions"}],"wp:featuredmedia":[{"embeddable":true,"href":"https:\/\/francois-pelletant.fr\/blog\/wp-json\/wp\/v2\/media\/4471"}],"wp:attachment":[{"href":"https:\/\/francois-pelletant.fr\/blog\/wp-json\/wp\/v2\/media?parent=4470"}],"wp:term":[{"taxonomy":"category","embeddable":true,"href":"https:\/\/francois-pelletant.fr\/blog\/wp-json\/wp\/v2\/categories?post=4470"},{"taxonomy":"post_tag","embeddable":true,"href":"https:\/\/francois-pelletant.fr\/blog\/wp-json\/wp\/v2\/tags?post=4470"}],"curies":[{"name":"wp","href":"https:\/\/api.w.org\/{rel}","templated":true}]}}