{"id":4486,"date":"2014-06-23T11:01:49","date_gmt":"2014-06-23T09:01:49","guid":{"rendered":"https:\/\/francois-pelletant.fr\/blog\/?p=4486"},"modified":"2014-06-23T11:01:49","modified_gmt":"2014-06-23T09:01:49","slug":"lautodrome-en-centre-ville","status":"publish","type":"post","link":"https:\/\/francois-pelletant.fr\/blog\/lautodrome-en-centre-ville\/","title":{"rendered":"L&#039;autodrome en centre-ville !"},"content":{"rendered":"<p><a href=\"https:\/\/francois-pelletant.fr\/blog\/wp-content\/uploads\/2014\/06\/10489909_780814911950980_7699146121910080660_n.jpg\"><img loading=\"lazy\" decoding=\"async\" class=\"alignleft size-medium wp-image-4487\" title=\"10489909_780814911950980_7699146121910080660_n\" src=\"https:\/\/francois-pelletant.fr\/blog\/wp-content\/uploads\/2014\/06\/10489909_780814911950980_7699146121910080660_n-221x300.jpg\" alt=\"\" width=\"221\" height=\"300\" \/><\/a>L&#8217;autodrome de Linas-Montlh\u00e9ry f\u00eate cette ann\u00e9e ses 90 ans d&#8217;existence. A cette occasion, la municipalit\u00e9 de Linas met \u00e0 l&#8217;honneur le fleuron de son patrimoine local en exposant dans la ville des affiches imprim\u00e9es qui content les grandes heures de ce circuit mythique.<\/p>\n<p>Plusieurs posters g\u00e9ants \u00e0 la m\u00e9moire des grands \u00e9v\u00e9nements viennent ainsi fleurir les fa\u00e7ades du centre-ville de Linas. R\u00e9alis\u00e9es \u00e0 l&#8217;occasion de la c\u00e9r\u00e9monie des v\u0153ux de la municipalit\u00e9 en janvier dernier, ces compositions sont ainsi r\u00e9utilis\u00e9es pour la f\u00eate de la ville qui se tient \u00e0 la fin du mois les 28 et 29 juin 2014 : la F\u00eate des Fleurs.<\/p>\n<p>Le clou cette exposition \u00e0 ciel ouvert est bien la b\u00e2che de 10m par 4m qui a \u00e9t\u00e9 confectionn\u00e9e \u00e0 partir de dizaines d&#8217;images plus petites et qui composent au final une vision recompos\u00e9e du circuit vue du ciel.<br \/>\nD\u00e9j\u00e0 tr\u00e8s remarqu\u00e9s et appr\u00e9ci\u00e9s des Linois, les visuels imprim\u00e9s sur les murs du centre-ville resteront en place jusqu&#8217;\u00e0 la fin du mois de juin.<\/p>\n","protected":false},"excerpt":{"rendered":"<p>L&#8217;autodrome de Linas-Montlh\u00e9ry f\u00eate cette ann\u00e9e ses 90 ans d&#8217;existence. A cette occasion, la municipalit\u00e9 de Linas met \u00e0 l&#8217;honneur le fleuron de son patrimoine local en exposant dans la ville des affiches imprim\u00e9es qui content les grandes heures de ce circuit mythique. Plusieurs posters g\u00e9ants \u00e0 la m\u00e9moire des grands \u00e9v\u00e9nements viennent ainsi fleurir [&hellip;]<\/p>\n","protected":false},"author":1,"featured_media":4487,"comment_status":"open","ping_status":"open","sticky":false,"template":"","format":"standard","meta":{"footnotes":""},"categories":[10],"tags":[],"class_list":["post-4486","post","type-post","status-publish","format-standard","has-post-thumbnail","hentry","category-1pelletant"],"yoast_head":"<!-- This site is optimized with the Yoast SEO plugin v25.6 - https:\/\/yoast.com\/wordpress\/plugins\/seo\/ -->\n<title>L&#039;autodrome en centre-ville ! - Fran\u00e7ois Pelletant<\/title>\n<meta name=\"robots\" content=\"index, follow, max-snippet:-1, max-image-preview:large, max-video-preview:-1\" \/>\n<link rel=\"canonical\" href=\"https:\/\/francois-pelletant.fr\/blog\/lautodrome-en-centre-ville\/\" \/>\n<meta property=\"og:locale\" content=\"fr_FR\" \/>\n<meta property=\"og:type\" content=\"article\" \/>\n<meta property=\"og:title\" content=\"L&#039;autodrome en centre-ville ! - Fran\u00e7ois Pelletant\" \/>\n<meta property=\"og:description\" content=\"L&#8217;autodrome de Linas-Montlh\u00e9ry f\u00eate cette ann\u00e9e ses 90 ans d&#8217;existence. A cette occasion, la municipalit\u00e9 de Linas met \u00e0 l&#8217;honneur le fleuron de son patrimoine local en exposant dans la ville des affiches imprim\u00e9es qui content les grandes heures de ce circuit mythique. Plusieurs posters g\u00e9ants \u00e0 la m\u00e9moire des grands \u00e9v\u00e9nements viennent ainsi fleurir [&hellip;]\" \/>\n<meta property=\"og:url\" content=\"https:\/\/francois-pelletant.fr\/blog\/lautodrome-en-centre-ville\/\" \/>\n<meta property=\"og:site_name\" content=\"Fran\u00e7ois Pelletant\" \/>\n<meta property=\"article:publisher\" content=\"https:\/\/www.facebook.com\/francois.pelletant.7\" \/>\n<meta property=\"article:published_time\" content=\"2014-06-23T09:01:49+00:00\" \/>\n<meta property=\"og:image\" content=\"https:\/\/francois-pelletant.fr\/blog\/wp-content\/uploads\/2014\/06\/10489909_780814911950980_7699146121910080660_n.jpg\" \/>\n\t<meta property=\"og:image:width\" content=\"710\" \/>\n\t<meta property=\"og:image:height\" content=\"960\" \/>\n\t<meta property=\"og:image:type\" content=\"image\/jpeg\" \/>\n<meta name=\"author\" content=\"Francois\" \/>\n<meta name=\"twitter:card\" content=\"summary_large_image\" \/>\n<meta name=\"twitter:creator\" content=\"@pelletant\" \/>\n<meta name=\"twitter:site\" content=\"@pelletant\" \/>\n<meta name=\"twitter:label1\" content=\"\u00c9crit par\" \/>\n\t<meta name=\"twitter:data1\" content=\"Francois\" \/>\n\t<meta name=\"twitter:label2\" content=\"Dur\u00e9e de lecture estim\u00e9e\" \/>\n\t<meta name=\"twitter:data2\" content=\"1 minute\" \/>\n<script type=\"application\/ld+json\" class=\"yoast-schema-graph\">{\"@context\":\"https:\/\/schema.org\",\"@graph\":[{\"@type\":\"Article\",\"@id\":\"https:\/\/francois-pelletant.fr\/blog\/lautodrome-en-centre-ville\/#article\",\"isPartOf\":{\"@id\":\"https:\/\/francois-pelletant.fr\/blog\/lautodrome-en-centre-ville\/\"},\"author\":{\"name\":\"Francois\",\"@id\":\"https:\/\/francois-pelletant.fr\/blog\/#\/schema\/person\/2be41acb171dff8f31aaed1f40cee9f3\"},\"headline\":\"L&#039;autodrome en centre-ville !\",\"datePublished\":\"2014-06-23T09:01:49+00:00\",\"mainEntityOfPage\":{\"@id\":\"https:\/\/francois-pelletant.fr\/blog\/lautodrome-en-centre-ville\/\"},\"wordCount\":193,\"commentCount\":0,\"publisher\":{\"@id\":\"https:\/\/francois-pelletant.fr\/blog\/#organization\"},\"image\":{\"@id\":\"https:\/\/francois-pelletant.fr\/blog\/lautodrome-en-centre-ville\/#primaryimage\"},\"thumbnailUrl\":\"https:\/\/francois-pelletant.fr\/blog\/wp-content\/uploads\/2014\/06\/10489909_780814911950980_7699146121910080660_n.jpg\",\"articleSection\":[\"Infos\"],\"inLanguage\":\"fr-FR\",\"potentialAction\":[{\"@type\":\"CommentAction\",\"name\":\"Comment\",\"target\":[\"https:\/\/francois-pelletant.fr\/blog\/lautodrome-en-centre-ville\/#respond\"]}]},{\"@type\":\"WebPage\",\"@id\":\"https:\/\/francois-pelletant.fr\/blog\/lautodrome-en-centre-ville\/\",\"url\":\"https:\/\/francois-pelletant.fr\/blog\/lautodrome-en-centre-ville\/\",\"name\":\"L&#039;autodrome en centre-ville ! - Fran\u00e7ois Pelletant\",\"isPartOf\":{\"@id\":\"https:\/\/francois-pelletant.fr\/blog\/#website\"},\"primaryImageOfPage\":{\"@id\":\"https:\/\/francois-pelletant.fr\/blog\/lautodrome-en-centre-ville\/#primaryimage\"},\"image\":{\"@id\":\"https:\/\/francois-pelletant.fr\/blog\/lautodrome-en-centre-ville\/#primaryimage\"},\"thumbnailUrl\":\"https:\/\/francois-pelletant.fr\/blog\/wp-content\/uploads\/2014\/06\/10489909_780814911950980_7699146121910080660_n.jpg\",\"datePublished\":\"2014-06-23T09:01:49+00:00\",\"breadcrumb\":{\"@id\":\"https:\/\/francois-pelletant.fr\/blog\/lautodrome-en-centre-ville\/#breadcrumb\"},\"inLanguage\":\"fr-FR\",\"potentialAction\":[{\"@type\":\"ReadAction\",\"target\":[\"https:\/\/francois-pelletant.fr\/blog\/lautodrome-en-centre-ville\/\"]}]},{\"@type\":\"ImageObject\",\"inLanguage\":\"fr-FR\",\"@id\":\"https:\/\/francois-pelletant.fr\/blog\/lautodrome-en-centre-ville\/#primaryimage\",\"url\":\"https:\/\/francois-pelletant.fr\/blog\/wp-content\/uploads\/2014\/06\/10489909_780814911950980_7699146121910080660_n.jpg\",\"contentUrl\":\"https:\/\/francois-pelletant.fr\/blog\/wp-content\/uploads\/2014\/06\/10489909_780814911950980_7699146121910080660_n.jpg\",\"width\":710,\"height\":960},{\"@type\":\"BreadcrumbList\",\"@id\":\"https:\/\/francois-pelletant.fr\/blog\/lautodrome-en-centre-ville\/#breadcrumb\",\"itemListElement\":[{\"@type\":\"ListItem\",\"position\":1,\"name\":\"Accueil\",\"item\":\"https:\/\/francois-pelletant.fr\/blog\/\"},{\"@type\":\"ListItem\",\"position\":2,\"name\":\"L&#039;autodrome en centre-ville !\"}]},{\"@type\":\"WebSite\",\"@id\":\"https:\/\/francois-pelletant.fr\/blog\/#website\",\"url\":\"https:\/\/francois-pelletant.fr\/blog\/\",\"name\":\"Fran\u00e7ois Pelletant\",\"description\":\"Maire de Linas, pour toujours.\",\"publisher\":{\"@id\":\"https:\/\/francois-pelletant.fr\/blog\/#organization\"},\"potentialAction\":[{\"@type\":\"SearchAction\",\"target\":{\"@type\":\"EntryPoint\",\"urlTemplate\":\"https:\/\/francois-pelletant.fr\/blog\/?s={search_term_string}\"},\"query-input\":{\"@type\":\"PropertyValueSpecification\",\"valueRequired\":true,\"valueName\":\"search_term_string\"}}],\"inLanguage\":\"fr-FR\"},{\"@type\":\"Organization\",\"@id\":\"https:\/\/francois-pelletant.fr\/blog\/#organization\",\"name\":\"Fran\u00e7ois Pelletant\",\"url\":\"https:\/\/francois-pelletant.fr\/blog\/\",\"logo\":{\"@type\":\"ImageObject\",\"inLanguage\":\"fr-FR\",\"@id\":\"https:\/\/francois-pelletant.fr\/blog\/#\/schema\/logo\/image\/\",\"url\":\"https:\/\/francois-pelletant.fr\/blog\/wp-content\/uploads\/2024\/07\/icone-francois-centre-500p.png\",\"contentUrl\":\"https:\/\/francois-pelletant.fr\/blog\/wp-content\/uploads\/2024\/07\/icone-francois-centre-500p.png\",\"width\":559,\"height\":447,\"caption\":\"Fran\u00e7ois Pelletant\"},\"image\":{\"@id\":\"https:\/\/francois-pelletant.fr\/blog\/#\/schema\/logo\/image\/\"},\"sameAs\":[\"https:\/\/www.facebook.com\/francois.pelletant.7\",\"https:\/\/x.com\/pelletant\"]},{\"@type\":\"Person\",\"@id\":\"https:\/\/francois-pelletant.fr\/blog\/#\/schema\/person\/2be41acb171dff8f31aaed1f40cee9f3\",\"name\":\"Francois\"}]}<\/script>\n<!-- \/ Yoast SEO plugin. -->","yoast_head_json":{"title":"L&#039;autodrome en centre-ville ! - Fran\u00e7ois Pelletant","robots":{"index":"index","follow":"follow","max-snippet":"max-snippet:-1","max-image-preview":"max-image-preview:large","max-video-preview":"max-video-preview:-1"},"canonical":"https:\/\/francois-pelletant.fr\/blog\/lautodrome-en-centre-ville\/","og_locale":"fr_FR","og_type":"article","og_title":"L&#039;autodrome en centre-ville ! - Fran\u00e7ois Pelletant","og_description":"L&#8217;autodrome de Linas-Montlh\u00e9ry f\u00eate cette ann\u00e9e ses 90 ans d&#8217;existence. A cette occasion, la municipalit\u00e9 de Linas met \u00e0 l&#8217;honneur le fleuron de son patrimoine local en exposant dans la ville des affiches imprim\u00e9es qui content les grandes heures de ce circuit mythique. Plusieurs posters g\u00e9ants \u00e0 la m\u00e9moire des grands \u00e9v\u00e9nements viennent ainsi fleurir [&hellip;]","og_url":"https:\/\/francois-pelletant.fr\/blog\/lautodrome-en-centre-ville\/","og_site_name":"Fran\u00e7ois Pelletant","article_publisher":"https:\/\/www.facebook.com\/francois.pelletant.7","article_published_time":"2014-06-23T09:01:49+00:00","og_image":[{"width":710,"height":960,"url":"https:\/\/francois-pelletant.fr\/blog\/wp-content\/uploads\/2014\/06\/10489909_780814911950980_7699146121910080660_n.jpg","type":"image\/jpeg"}],"author":"Francois","twitter_card":"summary_large_image","twitter_creator":"@pelletant","twitter_site":"@pelletant","twitter_misc":{"\u00c9crit par":"Francois","Dur\u00e9e de lecture estim\u00e9e":"1 minute"},"schema":{"@context":"https:\/\/schema.org","@graph":[{"@type":"Article","@id":"https:\/\/francois-pelletant.fr\/blog\/lautodrome-en-centre-ville\/#article","isPartOf":{"@id":"https:\/\/francois-pelletant.fr\/blog\/lautodrome-en-centre-ville\/"},"author":{"name":"Francois","@id":"https:\/\/francois-pelletant.fr\/blog\/#\/schema\/person\/2be41acb171dff8f31aaed1f40cee9f3"},"headline":"L&#039;autodrome en centre-ville !","datePublished":"2014-06-23T09:01:49+00:00","mainEntityOfPage":{"@id":"https:\/\/francois-pelletant.fr\/blog\/lautodrome-en-centre-ville\/"},"wordCount":193,"commentCount":0,"publisher":{"@id":"https:\/\/francois-pelletant.fr\/blog\/#organization"},"image":{"@id":"https:\/\/francois-pelletant.fr\/blog\/lautodrome-en-centre-ville\/#primaryimage"},"thumbnailUrl":"https:\/\/francois-pelletant.fr\/blog\/wp-content\/uploads\/2014\/06\/10489909_780814911950980_7699146121910080660_n.jpg","articleSection":["Infos"],"inLanguage":"fr-FR","potentialAction":[{"@type":"CommentAction","name":"Comment","target":["https:\/\/francois-pelletant.fr\/blog\/lautodrome-en-centre-ville\/#respond"]}]},{"@type":"WebPage","@id":"https:\/\/francois-pelletant.fr\/blog\/lautodrome-en-centre-ville\/","url":"https:\/\/francois-pelletant.fr\/blog\/lautodrome-en-centre-ville\/","name":"L&#039;autodrome en centre-ville ! - Fran\u00e7ois Pelletant","isPartOf":{"@id":"https:\/\/francois-pelletant.fr\/blog\/#website"},"primaryImageOfPage":{"@id":"https:\/\/francois-pelletant.fr\/blog\/lautodrome-en-centre-ville\/#primaryimage"},"image":{"@id":"https:\/\/francois-pelletant.fr\/blog\/lautodrome-en-centre-ville\/#primaryimage"},"thumbnailUrl":"https:\/\/francois-pelletant.fr\/blog\/wp-content\/uploads\/2014\/06\/10489909_780814911950980_7699146121910080660_n.jpg","datePublished":"2014-06-23T09:01:49+00:00","breadcrumb":{"@id":"https:\/\/francois-pelletant.fr\/blog\/lautodrome-en-centre-ville\/#breadcrumb"},"inLanguage":"fr-FR","potentialAction":[{"@type":"ReadAction","target":["https:\/\/francois-pelletant.fr\/blog\/lautodrome-en-centre-ville\/"]}]},{"@type":"ImageObject","inLanguage":"fr-FR","@id":"https:\/\/francois-pelletant.fr\/blog\/lautodrome-en-centre-ville\/#primaryimage","url":"https:\/\/francois-pelletant.fr\/blog\/wp-content\/uploads\/2014\/06\/10489909_780814911950980_7699146121910080660_n.jpg","contentUrl":"https:\/\/francois-pelletant.fr\/blog\/wp-content\/uploads\/2014\/06\/10489909_780814911950980_7699146121910080660_n.jpg","width":710,"height":960},{"@type":"BreadcrumbList","@id":"https:\/\/francois-pelletant.fr\/blog\/lautodrome-en-centre-ville\/#breadcrumb","itemListElement":[{"@type":"ListItem","position":1,"name":"Accueil","item":"https:\/\/francois-pelletant.fr\/blog\/"},{"@type":"ListItem","position":2,"name":"L&#039;autodrome en centre-ville !"}]},{"@type":"WebSite","@id":"https:\/\/francois-pelletant.fr\/blog\/#website","url":"https:\/\/francois-pelletant.fr\/blog\/","name":"Fran\u00e7ois Pelletant","description":"Maire de Linas, pour toujours.","publisher":{"@id":"https:\/\/francois-pelletant.fr\/blog\/#organization"},"potentialAction":[{"@type":"SearchAction","target":{"@type":"EntryPoint","urlTemplate":"https:\/\/francois-pelletant.fr\/blog\/?s={search_term_string}"},"query-input":{"@type":"PropertyValueSpecification","valueRequired":true,"valueName":"search_term_string"}}],"inLanguage":"fr-FR"},{"@type":"Organization","@id":"https:\/\/francois-pelletant.fr\/blog\/#organization","name":"Fran\u00e7ois Pelletant","url":"https:\/\/francois-pelletant.fr\/blog\/","logo":{"@type":"ImageObject","inLanguage":"fr-FR","@id":"https:\/\/francois-pelletant.fr\/blog\/#\/schema\/logo\/image\/","url":"https:\/\/francois-pelletant.fr\/blog\/wp-content\/uploads\/2024\/07\/icone-francois-centre-500p.png","contentUrl":"https:\/\/francois-pelletant.fr\/blog\/wp-content\/uploads\/2024\/07\/icone-francois-centre-500p.png","width":559,"height":447,"caption":"Fran\u00e7ois Pelletant"},"image":{"@id":"https:\/\/francois-pelletant.fr\/blog\/#\/schema\/logo\/image\/"},"sameAs":["https:\/\/www.facebook.com\/francois.pelletant.7","https:\/\/x.com\/pelletant"]},{"@type":"Person","@id":"https:\/\/francois-pelletant.fr\/blog\/#\/schema\/person\/2be41acb171dff8f31aaed1f40cee9f3","name":"Francois"}]}},"_links":{"self":[{"href":"https:\/\/francois-pelletant.fr\/blog\/wp-json\/wp\/v2\/posts\/4486","targetHints":{"allow":["GET"]}}],"collection":[{"href":"https:\/\/francois-pelletant.fr\/blog\/wp-json\/wp\/v2\/posts"}],"about":[{"href":"https:\/\/francois-pelletant.fr\/blog\/wp-json\/wp\/v2\/types\/post"}],"author":[{"embeddable":true,"href":"https:\/\/francois-pelletant.fr\/blog\/wp-json\/wp\/v2\/users\/1"}],"replies":[{"embeddable":true,"href":"https:\/\/francois-pelletant.fr\/blog\/wp-json\/wp\/v2\/comments?post=4486"}],"version-history":[{"count":0,"href":"https:\/\/francois-pelletant.fr\/blog\/wp-json\/wp\/v2\/posts\/4486\/revisions"}],"wp:featuredmedia":[{"embeddable":true,"href":"https:\/\/francois-pelletant.fr\/blog\/wp-json\/wp\/v2\/media\/4487"}],"wp:attachment":[{"href":"https:\/\/francois-pelletant.fr\/blog\/wp-json\/wp\/v2\/media?parent=4486"}],"wp:term":[{"taxonomy":"category","embeddable":true,"href":"https:\/\/francois-pelletant.fr\/blog\/wp-json\/wp\/v2\/categories?post=4486"},{"taxonomy":"post_tag","embeddable":true,"href":"https:\/\/francois-pelletant.fr\/blog\/wp-json\/wp\/v2\/tags?post=4486"}],"curies":[{"name":"wp","href":"https:\/\/api.w.org\/{rel}","templated":true}]}}