{"id":4488,"date":"2014-06-24T10:20:53","date_gmt":"2014-06-24T08:20:53","guid":{"rendered":"https:\/\/francois-pelletant.fr\/blog\/?p=4488"},"modified":"2014-06-24T10:20:53","modified_gmt":"2014-06-24T08:20:53","slug":"la-stele-de-nos-pilotes-devant-lautodrome","status":"publish","type":"post","link":"https:\/\/francois-pelletant.fr\/blog\/la-stele-de-nos-pilotes-devant-lautodrome\/","title":{"rendered":"La st\u00e8le de nos pilotes devant l\u2019autodrome"},"content":{"rendered":"<p><a href=\"https:\/\/francois-pelletant.fr\/blog\/wp-content\/uploads\/2014\/06\/stele-autodrome1.jpg\"><img loading=\"lazy\" decoding=\"async\" class=\"alignleft size-medium wp-image-4489\" title=\"stele autodrome\" src=\"https:\/\/francois-pelletant.fr\/blog\/wp-content\/uploads\/2014\/06\/stele-autodrome1-300x199.jpg\" alt=\"\" width=\"300\" height=\"199\" \/><\/a>Samedi 7 juin 2014, en marge de l\u2019H\u00e9ritage Festival qui se d\u00e9roulait \u00e0 l\u2019Autodrome de Linas-Montlh\u00e9ry, nous avons d\u00e9voil\u00e9 une st\u00e8le \u00e0 la m\u00e9moire de deux grands champions du sport automobile : Georges Boillot (130 ans de sa naissance) et Robert Benoist (70 ans de son d\u00e9c\u00e8s). La st\u00e8le est d\u00e9sormais install\u00e9e \u00e0 l\u2019entr\u00e9e du circuit.<\/p>\n","protected":false},"excerpt":{"rendered":"<p>Samedi 7 juin 2014, en marge de l\u2019H\u00e9ritage Festival qui se d\u00e9roulait \u00e0 l\u2019Autodrome de Linas-Montlh\u00e9ry, nous avons d\u00e9voil\u00e9 une st\u00e8le \u00e0 la m\u00e9moire de deux grands champions du sport automobile : Georges Boillot (130 ans de sa naissance) et Robert Benoist (70 ans de son d\u00e9c\u00e8s). La st\u00e8le est d\u00e9sormais install\u00e9e \u00e0 l\u2019entr\u00e9e du [&hellip;]<\/p>\n","protected":false},"author":1,"featured_media":0,"comment_status":"open","ping_status":"open","sticky":false,"template":"","format":"standard","meta":{"footnotes":""},"categories":[15],"tags":[],"class_list":["post-4488","post","type-post","status-publish","format-standard","hentry","category-patrimoi"],"yoast_head":"<!-- This site is optimized with the Yoast SEO plugin v25.6 - https:\/\/yoast.com\/wordpress\/plugins\/seo\/ -->\n<title>La st\u00e8le de nos pilotes devant l\u2019autodrome - Fran\u00e7ois Pelletant<\/title>\n<meta name=\"robots\" content=\"index, follow, max-snippet:-1, max-image-preview:large, max-video-preview:-1\" \/>\n<link rel=\"canonical\" href=\"https:\/\/francois-pelletant.fr\/blog\/la-stele-de-nos-pilotes-devant-lautodrome\/\" \/>\n<meta property=\"og:locale\" content=\"fr_FR\" \/>\n<meta property=\"og:type\" content=\"article\" \/>\n<meta property=\"og:title\" content=\"La st\u00e8le de nos pilotes devant l\u2019autodrome - Fran\u00e7ois Pelletant\" \/>\n<meta property=\"og:description\" content=\"Samedi 7 juin 2014, en marge de l\u2019H\u00e9ritage Festival qui se d\u00e9roulait \u00e0 l\u2019Autodrome de Linas-Montlh\u00e9ry, nous avons d\u00e9voil\u00e9 une st\u00e8le \u00e0 la m\u00e9moire de deux grands champions du sport automobile : Georges Boillot (130 ans de sa naissance) et Robert Benoist (70 ans de son d\u00e9c\u00e8s). La st\u00e8le est d\u00e9sormais install\u00e9e \u00e0 l\u2019entr\u00e9e du [&hellip;]\" \/>\n<meta property=\"og:url\" content=\"https:\/\/francois-pelletant.fr\/blog\/la-stele-de-nos-pilotes-devant-lautodrome\/\" \/>\n<meta property=\"og:site_name\" content=\"Fran\u00e7ois Pelletant\" \/>\n<meta property=\"article:publisher\" content=\"https:\/\/www.facebook.com\/francois.pelletant.7\" \/>\n<meta property=\"article:published_time\" content=\"2014-06-24T08:20:53+00:00\" \/>\n<meta property=\"og:image\" content=\"https:\/\/francois-pelletant.fr\/blog\/wp-content\/uploads\/2014\/06\/stele-autodrome-scaled.jpg\" \/>\n\t<meta property=\"og:image:width\" content=\"2560\" \/>\n\t<meta property=\"og:image:height\" content=\"1700\" \/>\n\t<meta property=\"og:image:type\" content=\"image\/jpeg\" \/>\n<meta name=\"author\" content=\"Francois\" \/>\n<meta name=\"twitter:card\" content=\"summary_large_image\" \/>\n<meta name=\"twitter:creator\" content=\"@pelletant\" \/>\n<meta name=\"twitter:site\" content=\"@pelletant\" \/>\n<meta name=\"twitter:label1\" content=\"\u00c9crit par\" \/>\n\t<meta name=\"twitter:data1\" content=\"Francois\" \/>\n<script type=\"application\/ld+json\" class=\"yoast-schema-graph\">{\"@context\":\"https:\/\/schema.org\",\"@graph\":[{\"@type\":\"Article\",\"@id\":\"https:\/\/francois-pelletant.fr\/blog\/la-stele-de-nos-pilotes-devant-lautodrome\/#article\",\"isPartOf\":{\"@id\":\"https:\/\/francois-pelletant.fr\/blog\/la-stele-de-nos-pilotes-devant-lautodrome\/\"},\"author\":{\"name\":\"Francois\",\"@id\":\"https:\/\/francois-pelletant.fr\/blog\/#\/schema\/person\/2be41acb171dff8f31aaed1f40cee9f3\"},\"headline\":\"La st\u00e8le de nos pilotes devant l\u2019autodrome\",\"datePublished\":\"2014-06-24T08:20:53+00:00\",\"mainEntityOfPage\":{\"@id\":\"https:\/\/francois-pelletant.fr\/blog\/la-stele-de-nos-pilotes-devant-lautodrome\/\"},\"wordCount\":72,\"commentCount\":0,\"publisher\":{\"@id\":\"https:\/\/francois-pelletant.fr\/blog\/#organization\"},\"image\":{\"@id\":\"https:\/\/francois-pelletant.fr\/blog\/la-stele-de-nos-pilotes-devant-lautodrome\/#primaryimage\"},\"thumbnailUrl\":\"https:\/\/francois-pelletant.fr\/blog\/wp-content\/uploads\/2014\/06\/stele-autodrome1-300x199.jpg\",\"articleSection\":[\"Patrimoine\"],\"inLanguage\":\"fr-FR\",\"potentialAction\":[{\"@type\":\"CommentAction\",\"name\":\"Comment\",\"target\":[\"https:\/\/francois-pelletant.fr\/blog\/la-stele-de-nos-pilotes-devant-lautodrome\/#respond\"]}]},{\"@type\":\"WebPage\",\"@id\":\"https:\/\/francois-pelletant.fr\/blog\/la-stele-de-nos-pilotes-devant-lautodrome\/\",\"url\":\"https:\/\/francois-pelletant.fr\/blog\/la-stele-de-nos-pilotes-devant-lautodrome\/\",\"name\":\"La st\u00e8le de nos pilotes devant l\u2019autodrome - Fran\u00e7ois Pelletant\",\"isPartOf\":{\"@id\":\"https:\/\/francois-pelletant.fr\/blog\/#website\"},\"primaryImageOfPage\":{\"@id\":\"https:\/\/francois-pelletant.fr\/blog\/la-stele-de-nos-pilotes-devant-lautodrome\/#primaryimage\"},\"image\":{\"@id\":\"https:\/\/francois-pelletant.fr\/blog\/la-stele-de-nos-pilotes-devant-lautodrome\/#primaryimage\"},\"thumbnailUrl\":\"https:\/\/francois-pelletant.fr\/blog\/wp-content\/uploads\/2014\/06\/stele-autodrome1-300x199.jpg\",\"datePublished\":\"2014-06-24T08:20:53+00:00\",\"breadcrumb\":{\"@id\":\"https:\/\/francois-pelletant.fr\/blog\/la-stele-de-nos-pilotes-devant-lautodrome\/#breadcrumb\"},\"inLanguage\":\"fr-FR\",\"potentialAction\":[{\"@type\":\"ReadAction\",\"target\":[\"https:\/\/francois-pelletant.fr\/blog\/la-stele-de-nos-pilotes-devant-lautodrome\/\"]}]},{\"@type\":\"ImageObject\",\"inLanguage\":\"fr-FR\",\"@id\":\"https:\/\/francois-pelletant.fr\/blog\/la-stele-de-nos-pilotes-devant-lautodrome\/#primaryimage\",\"url\":\"https:\/\/francois-pelletant.fr\/blog\/wp-content\/uploads\/2014\/06\/stele-autodrome1-300x199.jpg\",\"contentUrl\":\"https:\/\/francois-pelletant.fr\/blog\/wp-content\/uploads\/2014\/06\/stele-autodrome1-300x199.jpg\"},{\"@type\":\"BreadcrumbList\",\"@id\":\"https:\/\/francois-pelletant.fr\/blog\/la-stele-de-nos-pilotes-devant-lautodrome\/#breadcrumb\",\"itemListElement\":[{\"@type\":\"ListItem\",\"position\":1,\"name\":\"Accueil\",\"item\":\"https:\/\/francois-pelletant.fr\/blog\/\"},{\"@type\":\"ListItem\",\"position\":2,\"name\":\"La st\u00e8le de nos pilotes devant l\u2019autodrome\"}]},{\"@type\":\"WebSite\",\"@id\":\"https:\/\/francois-pelletant.fr\/blog\/#website\",\"url\":\"https:\/\/francois-pelletant.fr\/blog\/\",\"name\":\"Fran\u00e7ois Pelletant\",\"description\":\"Maire de Linas, pour toujours.\",\"publisher\":{\"@id\":\"https:\/\/francois-pelletant.fr\/blog\/#organization\"},\"potentialAction\":[{\"@type\":\"SearchAction\",\"target\":{\"@type\":\"EntryPoint\",\"urlTemplate\":\"https:\/\/francois-pelletant.fr\/blog\/?s={search_term_string}\"},\"query-input\":{\"@type\":\"PropertyValueSpecification\",\"valueRequired\":true,\"valueName\":\"search_term_string\"}}],\"inLanguage\":\"fr-FR\"},{\"@type\":\"Organization\",\"@id\":\"https:\/\/francois-pelletant.fr\/blog\/#organization\",\"name\":\"Fran\u00e7ois Pelletant\",\"url\":\"https:\/\/francois-pelletant.fr\/blog\/\",\"logo\":{\"@type\":\"ImageObject\",\"inLanguage\":\"fr-FR\",\"@id\":\"https:\/\/francois-pelletant.fr\/blog\/#\/schema\/logo\/image\/\",\"url\":\"https:\/\/francois-pelletant.fr\/blog\/wp-content\/uploads\/2024\/07\/icone-francois-centre-500p.png\",\"contentUrl\":\"https:\/\/francois-pelletant.fr\/blog\/wp-content\/uploads\/2024\/07\/icone-francois-centre-500p.png\",\"width\":559,\"height\":447,\"caption\":\"Fran\u00e7ois Pelletant\"},\"image\":{\"@id\":\"https:\/\/francois-pelletant.fr\/blog\/#\/schema\/logo\/image\/\"},\"sameAs\":[\"https:\/\/www.facebook.com\/francois.pelletant.7\",\"https:\/\/x.com\/pelletant\"]},{\"@type\":\"Person\",\"@id\":\"https:\/\/francois-pelletant.fr\/blog\/#\/schema\/person\/2be41acb171dff8f31aaed1f40cee9f3\",\"name\":\"Francois\"}]}<\/script>\n<!-- \/ Yoast SEO plugin. -->","yoast_head_json":{"title":"La st\u00e8le de nos pilotes devant l\u2019autodrome - Fran\u00e7ois Pelletant","robots":{"index":"index","follow":"follow","max-snippet":"max-snippet:-1","max-image-preview":"max-image-preview:large","max-video-preview":"max-video-preview:-1"},"canonical":"https:\/\/francois-pelletant.fr\/blog\/la-stele-de-nos-pilotes-devant-lautodrome\/","og_locale":"fr_FR","og_type":"article","og_title":"La st\u00e8le de nos pilotes devant l\u2019autodrome - Fran\u00e7ois Pelletant","og_description":"Samedi 7 juin 2014, en marge de l\u2019H\u00e9ritage Festival qui se d\u00e9roulait \u00e0 l\u2019Autodrome de Linas-Montlh\u00e9ry, nous avons d\u00e9voil\u00e9 une st\u00e8le \u00e0 la m\u00e9moire de deux grands champions du sport automobile : Georges Boillot (130 ans de sa naissance) et Robert Benoist (70 ans de son d\u00e9c\u00e8s). La st\u00e8le est d\u00e9sormais install\u00e9e \u00e0 l\u2019entr\u00e9e du [&hellip;]","og_url":"https:\/\/francois-pelletant.fr\/blog\/la-stele-de-nos-pilotes-devant-lautodrome\/","og_site_name":"Fran\u00e7ois Pelletant","article_publisher":"https:\/\/www.facebook.com\/francois.pelletant.7","article_published_time":"2014-06-24T08:20:53+00:00","og_image":[{"width":2560,"height":1700,"url":"https:\/\/francois-pelletant.fr\/blog\/wp-content\/uploads\/2014\/06\/stele-autodrome-scaled.jpg","type":"image\/jpeg"}],"author":"Francois","twitter_card":"summary_large_image","twitter_creator":"@pelletant","twitter_site":"@pelletant","twitter_misc":{"\u00c9crit par":"Francois"},"schema":{"@context":"https:\/\/schema.org","@graph":[{"@type":"Article","@id":"https:\/\/francois-pelletant.fr\/blog\/la-stele-de-nos-pilotes-devant-lautodrome\/#article","isPartOf":{"@id":"https:\/\/francois-pelletant.fr\/blog\/la-stele-de-nos-pilotes-devant-lautodrome\/"},"author":{"name":"Francois","@id":"https:\/\/francois-pelletant.fr\/blog\/#\/schema\/person\/2be41acb171dff8f31aaed1f40cee9f3"},"headline":"La st\u00e8le de nos pilotes devant l\u2019autodrome","datePublished":"2014-06-24T08:20:53+00:00","mainEntityOfPage":{"@id":"https:\/\/francois-pelletant.fr\/blog\/la-stele-de-nos-pilotes-devant-lautodrome\/"},"wordCount":72,"commentCount":0,"publisher":{"@id":"https:\/\/francois-pelletant.fr\/blog\/#organization"},"image":{"@id":"https:\/\/francois-pelletant.fr\/blog\/la-stele-de-nos-pilotes-devant-lautodrome\/#primaryimage"},"thumbnailUrl":"https:\/\/francois-pelletant.fr\/blog\/wp-content\/uploads\/2014\/06\/stele-autodrome1-300x199.jpg","articleSection":["Patrimoine"],"inLanguage":"fr-FR","potentialAction":[{"@type":"CommentAction","name":"Comment","target":["https:\/\/francois-pelletant.fr\/blog\/la-stele-de-nos-pilotes-devant-lautodrome\/#respond"]}]},{"@type":"WebPage","@id":"https:\/\/francois-pelletant.fr\/blog\/la-stele-de-nos-pilotes-devant-lautodrome\/","url":"https:\/\/francois-pelletant.fr\/blog\/la-stele-de-nos-pilotes-devant-lautodrome\/","name":"La st\u00e8le de nos pilotes devant l\u2019autodrome - Fran\u00e7ois Pelletant","isPartOf":{"@id":"https:\/\/francois-pelletant.fr\/blog\/#website"},"primaryImageOfPage":{"@id":"https:\/\/francois-pelletant.fr\/blog\/la-stele-de-nos-pilotes-devant-lautodrome\/#primaryimage"},"image":{"@id":"https:\/\/francois-pelletant.fr\/blog\/la-stele-de-nos-pilotes-devant-lautodrome\/#primaryimage"},"thumbnailUrl":"https:\/\/francois-pelletant.fr\/blog\/wp-content\/uploads\/2014\/06\/stele-autodrome1-300x199.jpg","datePublished":"2014-06-24T08:20:53+00:00","breadcrumb":{"@id":"https:\/\/francois-pelletant.fr\/blog\/la-stele-de-nos-pilotes-devant-lautodrome\/#breadcrumb"},"inLanguage":"fr-FR","potentialAction":[{"@type":"ReadAction","target":["https:\/\/francois-pelletant.fr\/blog\/la-stele-de-nos-pilotes-devant-lautodrome\/"]}]},{"@type":"ImageObject","inLanguage":"fr-FR","@id":"https:\/\/francois-pelletant.fr\/blog\/la-stele-de-nos-pilotes-devant-lautodrome\/#primaryimage","url":"https:\/\/francois-pelletant.fr\/blog\/wp-content\/uploads\/2014\/06\/stele-autodrome1-300x199.jpg","contentUrl":"https:\/\/francois-pelletant.fr\/blog\/wp-content\/uploads\/2014\/06\/stele-autodrome1-300x199.jpg"},{"@type":"BreadcrumbList","@id":"https:\/\/francois-pelletant.fr\/blog\/la-stele-de-nos-pilotes-devant-lautodrome\/#breadcrumb","itemListElement":[{"@type":"ListItem","position":1,"name":"Accueil","item":"https:\/\/francois-pelletant.fr\/blog\/"},{"@type":"ListItem","position":2,"name":"La st\u00e8le de nos pilotes devant l\u2019autodrome"}]},{"@type":"WebSite","@id":"https:\/\/francois-pelletant.fr\/blog\/#website","url":"https:\/\/francois-pelletant.fr\/blog\/","name":"Fran\u00e7ois Pelletant","description":"Maire de Linas, pour toujours.","publisher":{"@id":"https:\/\/francois-pelletant.fr\/blog\/#organization"},"potentialAction":[{"@type":"SearchAction","target":{"@type":"EntryPoint","urlTemplate":"https:\/\/francois-pelletant.fr\/blog\/?s={search_term_string}"},"query-input":{"@type":"PropertyValueSpecification","valueRequired":true,"valueName":"search_term_string"}}],"inLanguage":"fr-FR"},{"@type":"Organization","@id":"https:\/\/francois-pelletant.fr\/blog\/#organization","name":"Fran\u00e7ois Pelletant","url":"https:\/\/francois-pelletant.fr\/blog\/","logo":{"@type":"ImageObject","inLanguage":"fr-FR","@id":"https:\/\/francois-pelletant.fr\/blog\/#\/schema\/logo\/image\/","url":"https:\/\/francois-pelletant.fr\/blog\/wp-content\/uploads\/2024\/07\/icone-francois-centre-500p.png","contentUrl":"https:\/\/francois-pelletant.fr\/blog\/wp-content\/uploads\/2024\/07\/icone-francois-centre-500p.png","width":559,"height":447,"caption":"Fran\u00e7ois Pelletant"},"image":{"@id":"https:\/\/francois-pelletant.fr\/blog\/#\/schema\/logo\/image\/"},"sameAs":["https:\/\/www.facebook.com\/francois.pelletant.7","https:\/\/x.com\/pelletant"]},{"@type":"Person","@id":"https:\/\/francois-pelletant.fr\/blog\/#\/schema\/person\/2be41acb171dff8f31aaed1f40cee9f3","name":"Francois"}]}},"_links":{"self":[{"href":"https:\/\/francois-pelletant.fr\/blog\/wp-json\/wp\/v2\/posts\/4488","targetHints":{"allow":["GET"]}}],"collection":[{"href":"https:\/\/francois-pelletant.fr\/blog\/wp-json\/wp\/v2\/posts"}],"about":[{"href":"https:\/\/francois-pelletant.fr\/blog\/wp-json\/wp\/v2\/types\/post"}],"author":[{"embeddable":true,"href":"https:\/\/francois-pelletant.fr\/blog\/wp-json\/wp\/v2\/users\/1"}],"replies":[{"embeddable":true,"href":"https:\/\/francois-pelletant.fr\/blog\/wp-json\/wp\/v2\/comments?post=4488"}],"version-history":[{"count":0,"href":"https:\/\/francois-pelletant.fr\/blog\/wp-json\/wp\/v2\/posts\/4488\/revisions"}],"wp:attachment":[{"href":"https:\/\/francois-pelletant.fr\/blog\/wp-json\/wp\/v2\/media?parent=4488"}],"wp:term":[{"taxonomy":"category","embeddable":true,"href":"https:\/\/francois-pelletant.fr\/blog\/wp-json\/wp\/v2\/categories?post=4488"},{"taxonomy":"post_tag","embeddable":true,"href":"https:\/\/francois-pelletant.fr\/blog\/wp-json\/wp\/v2\/tags?post=4488"}],"curies":[{"name":"wp","href":"https:\/\/api.w.org\/{rel}","templated":true}]}}