{"id":4872,"date":"2014-11-23T08:50:19","date_gmt":"2014-11-23T06:50:19","guid":{"rendered":"https:\/\/francois-pelletant.fr\/blog\/?p=4872"},"modified":"2014-11-23T08:50:19","modified_gmt":"2014-11-23T06:50:19","slug":"le-meilleur-des-dessins-de-presse-7","status":"publish","type":"post","link":"https:\/\/francois-pelletant.fr\/blog\/le-meilleur-des-dessins-de-presse-7\/","title":{"rendered":"Le meilleur des dessins de presse"},"content":{"rendered":"<figure id=\"attachment_4873\" aria-describedby=\"caption-attachment-4873\" style=\"width: 300px\" class=\"wp-caption alignleft\"><a href=\"https:\/\/francois-pelletant.fr\/blog\/wp-content\/uploads\/2014\/11\/Le-Parisien-19-novembre.jpg\"><img loading=\"lazy\" decoding=\"async\" class=\"size-medium wp-image-4873\" title=\"Le Parisien 19 novembre\" src=\"https:\/\/francois-pelletant.fr\/blog\/wp-content\/uploads\/2014\/11\/Le-Parisien-19-novembre-300x251.jpg\" alt=\"\" width=\"300\" height=\"251\" srcset=\"https:\/\/francois-pelletant.fr\/blog\/wp-content\/uploads\/2014\/11\/Le-Parisien-19-novembre-300x251.jpg 300w, https:\/\/francois-pelletant.fr\/blog\/wp-content\/uploads\/2014\/11\/Le-Parisien-19-novembre.jpg 466w\" sizes=\"auto, (max-width: 300px) 100vw, 300px\" \/><\/a><figcaption id=\"caption-attachment-4873\" class=\"wp-caption-text\">Le Parisien 19 novembre<\/figcaption><\/figure>\n<p>L&#8217;actualit\u00e9 ce n&#8217;est pas tous les jours tr\u00e8s dr\u00f4les. Heureusement, des dessinateurs de presse \u0153uvrent dans les m\u00e9dias pour nous faire partager leur vision des informations. Voici une s\u00e9lection des illustrations parues cette semaine.<\/p>\n<figure id=\"attachment_4874\" aria-describedby=\"caption-attachment-4874\" style=\"width: 300px\" class=\"wp-caption aligncenter\"><a href=\"https:\/\/francois-pelletant.fr\/blog\/wp-content\/uploads\/2014\/11\/Delucq-18-novembre.jpg\"><img loading=\"lazy\" decoding=\"async\" class=\"size-medium wp-image-4874\" title=\"Delucq 18 novembre\" src=\"https:\/\/francois-pelletant.fr\/blog\/wp-content\/uploads\/2014\/11\/Delucq-18-novembre-300x244.jpg\" alt=\"\" width=\"300\" height=\"244\" srcset=\"https:\/\/francois-pelletant.fr\/blog\/wp-content\/uploads\/2014\/11\/Delucq-18-novembre-300x244.jpg 300w, https:\/\/francois-pelletant.fr\/blog\/wp-content\/uploads\/2014\/11\/Delucq-18-novembre.jpg 539w\" sizes=\"auto, (max-width: 300px) 100vw, 300px\" \/><\/a><figcaption id=\"caption-attachment-4874\" class=\"wp-caption-text\">Delucq 18 novembre<\/figcaption><\/figure>\n<p>&nbsp;<\/p>\n<figure id=\"attachment_4875\" aria-describedby=\"caption-attachment-4875\" style=\"width: 300px\" class=\"wp-caption aligncenter\"><a href=\"https:\/\/francois-pelletant.fr\/blog\/wp-content\/uploads\/2014\/11\/le-Placide-13-novembre.jpg\"><img loading=\"lazy\" decoding=\"async\" class=\"size-medium wp-image-4875\" title=\"le Placide 13 novembre\" src=\"https:\/\/francois-pelletant.fr\/blog\/wp-content\/uploads\/2014\/11\/le-Placide-13-novembre-300x217.jpg\" alt=\"\" width=\"300\" height=\"217\" \/><\/a><figcaption id=\"caption-attachment-4875\" class=\"wp-caption-text\">le Placide 13 novembre<\/figcaption><\/figure>\n<p>&nbsp;<\/p>\n<figure id=\"attachment_4876\" aria-describedby=\"caption-attachment-4876\" style=\"width: 300px\" class=\"wp-caption aligncenter\"><a href=\"https:\/\/francois-pelletant.fr\/blog\/wp-content\/uploads\/2014\/11\/Urtikan-16-novembre.jpg\"><img loading=\"lazy\" decoding=\"async\" class=\"size-medium wp-image-4876\" title=\"Urtikan 16 novembre\" src=\"https:\/\/francois-pelletant.fr\/blog\/wp-content\/uploads\/2014\/11\/Urtikan-16-novembre-300x300.jpg\" alt=\"\" width=\"300\" height=\"300\" srcset=\"https:\/\/francois-pelletant.fr\/blog\/wp-content\/uploads\/2014\/11\/Urtikan-16-novembre-300x300.jpg 300w, https:\/\/francois-pelletant.fr\/blog\/wp-content\/uploads\/2014\/11\/Urtikan-16-novembre-150x150.jpg 150w, https:\/\/francois-pelletant.fr\/blog\/wp-content\/uploads\/2014\/11\/Urtikan-16-novembre-230x230.jpg 230w, https:\/\/francois-pelletant.fr\/blog\/wp-content\/uploads\/2014\/11\/Urtikan-16-novembre-400x400.jpg 400w, https:\/\/francois-pelletant.fr\/blog\/wp-content\/uploads\/2014\/11\/Urtikan-16-novembre.jpg 580w\" sizes=\"auto, (max-width: 300px) 100vw, 300px\" \/><\/a><figcaption id=\"caption-attachment-4876\" class=\"wp-caption-text\">Urtikan 16 novembre<\/figcaption><\/figure>\n<p>&nbsp;<\/p>\n<figure id=\"attachment_4877\" aria-describedby=\"caption-attachment-4877\" style=\"width: 300px\" class=\"wp-caption aligncenter\"><a href=\"https:\/\/francois-pelletant.fr\/blog\/wp-content\/uploads\/2014\/11\/Urtikan-19-novembre.jpg\"><img loading=\"lazy\" decoding=\"async\" class=\"size-medium wp-image-4877\" title=\"Urtikan 19 novembre\" src=\"https:\/\/francois-pelletant.fr\/blog\/wp-content\/uploads\/2014\/11\/Urtikan-19-novembre-300x300.jpg\" alt=\"\" width=\"300\" height=\"300\" srcset=\"https:\/\/francois-pelletant.fr\/blog\/wp-content\/uploads\/2014\/11\/Urtikan-19-novembre-300x300.jpg 300w, https:\/\/francois-pelletant.fr\/blog\/wp-content\/uploads\/2014\/11\/Urtikan-19-novembre-150x150.jpg 150w, https:\/\/francois-pelletant.fr\/blog\/wp-content\/uploads\/2014\/11\/Urtikan-19-novembre-230x230.jpg 230w, https:\/\/francois-pelletant.fr\/blog\/wp-content\/uploads\/2014\/11\/Urtikan-19-novembre-400x400.jpg 400w, https:\/\/francois-pelletant.fr\/blog\/wp-content\/uploads\/2014\/11\/Urtikan-19-novembre.jpg 580w\" sizes=\"auto, (max-width: 300px) 100vw, 300px\" \/><\/a><figcaption id=\"caption-attachment-4877\" class=\"wp-caption-text\">Urtikan 19 novembre<\/figcaption><\/figure>\n<p>&nbsp;<\/p>\n<figure id=\"attachment_4878\" aria-describedby=\"caption-attachment-4878\" style=\"width: 300px\" class=\"wp-caption aligncenter\"><a href=\"https:\/\/francois-pelletant.fr\/blog\/wp-content\/uploads\/2014\/11\/wingz-12-novembre.jpg\"><img loading=\"lazy\" decoding=\"async\" class=\"size-medium wp-image-4878\" title=\"wingz 12 novembre\" src=\"https:\/\/francois-pelletant.fr\/blog\/wp-content\/uploads\/2014\/11\/wingz-12-novembre-300x282.jpg\" alt=\"\" width=\"300\" height=\"282\" \/><\/a><figcaption id=\"caption-attachment-4878\" class=\"wp-caption-text\">wingz 12 novembre<\/figcaption><\/figure>\n","protected":false},"excerpt":{"rendered":"<p>L&#8217;actualit\u00e9 ce n&#8217;est pas tous les jours tr\u00e8s dr\u00f4les. Heureusement, des dessinateurs de presse \u0153uvrent dans les m\u00e9dias pour nous faire partager leur vision des informations. Voici une s\u00e9lection des illustrations parues cette semaine. &nbsp; &nbsp; &nbsp; &nbsp;<\/p>\n","protected":false},"author":1,"featured_media":4873,"comment_status":"open","ping_status":"open","sticky":false,"template":"","format":"standard","meta":{"footnotes":""},"categories":[17],"tags":[],"class_list":["post-4872","post","type-post","status-publish","format-standard","has-post-thumbnail","hentry","category-prix-du-meilleur-dessin-de-presse"],"yoast_head":"<!-- This site is optimized with the Yoast SEO plugin v25.6 - https:\/\/yoast.com\/wordpress\/plugins\/seo\/ -->\n<title>Le meilleur des dessins de presse - Fran\u00e7ois Pelletant<\/title>\n<meta name=\"robots\" content=\"index, follow, max-snippet:-1, max-image-preview:large, max-video-preview:-1\" \/>\n<link rel=\"canonical\" href=\"https:\/\/francois-pelletant.fr\/blog\/le-meilleur-des-dessins-de-presse-7\/\" \/>\n<meta property=\"og:locale\" content=\"fr_FR\" \/>\n<meta property=\"og:type\" content=\"article\" \/>\n<meta property=\"og:title\" content=\"Le meilleur des dessins de presse - Fran\u00e7ois Pelletant\" \/>\n<meta property=\"og:description\" content=\"L&#8217;actualit\u00e9 ce n&#8217;est pas tous les jours tr\u00e8s dr\u00f4les. Heureusement, des dessinateurs de presse \u0153uvrent dans les m\u00e9dias pour nous faire partager leur vision des informations. Voici une s\u00e9lection des illustrations parues cette semaine. &nbsp; &nbsp; &nbsp; &nbsp;\" \/>\n<meta property=\"og:url\" content=\"https:\/\/francois-pelletant.fr\/blog\/le-meilleur-des-dessins-de-presse-7\/\" \/>\n<meta property=\"og:site_name\" content=\"Fran\u00e7ois Pelletant\" \/>\n<meta property=\"article:publisher\" content=\"https:\/\/www.facebook.com\/francois.pelletant.7\" \/>\n<meta property=\"article:published_time\" content=\"2014-11-23T06:50:19+00:00\" \/>\n<meta property=\"og:image\" content=\"https:\/\/francois-pelletant.fr\/blog\/wp-content\/uploads\/2014\/11\/Le-Parisien-19-novembre.jpg\" \/>\n\t<meta property=\"og:image:width\" content=\"466\" \/>\n\t<meta property=\"og:image:height\" content=\"390\" \/>\n\t<meta property=\"og:image:type\" content=\"image\/jpeg\" \/>\n<meta name=\"author\" content=\"Francois\" \/>\n<meta name=\"twitter:card\" content=\"summary_large_image\" \/>\n<meta name=\"twitter:creator\" content=\"@pelletant\" \/>\n<meta name=\"twitter:site\" content=\"@pelletant\" \/>\n<meta name=\"twitter:label1\" content=\"\u00c9crit par\" \/>\n\t<meta name=\"twitter:data1\" content=\"Francois\" \/>\n\t<meta name=\"twitter:label2\" content=\"Dur\u00e9e de lecture estim\u00e9e\" \/>\n\t<meta name=\"twitter:data2\" content=\"1 minute\" \/>\n<script type=\"application\/ld+json\" class=\"yoast-schema-graph\">{\"@context\":\"https:\/\/schema.org\",\"@graph\":[{\"@type\":\"Article\",\"@id\":\"https:\/\/francois-pelletant.fr\/blog\/le-meilleur-des-dessins-de-presse-7\/#article\",\"isPartOf\":{\"@id\":\"https:\/\/francois-pelletant.fr\/blog\/le-meilleur-des-dessins-de-presse-7\/\"},\"author\":{\"name\":\"Francois\",\"@id\":\"https:\/\/francois-pelletant.fr\/blog\/#\/schema\/person\/2be41acb171dff8f31aaed1f40cee9f3\"},\"headline\":\"Le meilleur des dessins de presse\",\"datePublished\":\"2014-11-23T06:50:19+00:00\",\"mainEntityOfPage\":{\"@id\":\"https:\/\/francois-pelletant.fr\/blog\/le-meilleur-des-dessins-de-presse-7\/\"},\"wordCount\":112,\"commentCount\":0,\"publisher\":{\"@id\":\"https:\/\/francois-pelletant.fr\/blog\/#organization\"},\"image\":{\"@id\":\"https:\/\/francois-pelletant.fr\/blog\/le-meilleur-des-dessins-de-presse-7\/#primaryimage\"},\"thumbnailUrl\":\"https:\/\/francois-pelletant.fr\/blog\/wp-content\/uploads\/2014\/11\/Le-Parisien-19-novembre.jpg\",\"articleSection\":[\"Prix du meilleur dessin de presse\"],\"inLanguage\":\"fr-FR\",\"potentialAction\":[{\"@type\":\"CommentAction\",\"name\":\"Comment\",\"target\":[\"https:\/\/francois-pelletant.fr\/blog\/le-meilleur-des-dessins-de-presse-7\/#respond\"]}]},{\"@type\":\"WebPage\",\"@id\":\"https:\/\/francois-pelletant.fr\/blog\/le-meilleur-des-dessins-de-presse-7\/\",\"url\":\"https:\/\/francois-pelletant.fr\/blog\/le-meilleur-des-dessins-de-presse-7\/\",\"name\":\"Le meilleur des dessins de presse - Fran\u00e7ois Pelletant\",\"isPartOf\":{\"@id\":\"https:\/\/francois-pelletant.fr\/blog\/#website\"},\"primaryImageOfPage\":{\"@id\":\"https:\/\/francois-pelletant.fr\/blog\/le-meilleur-des-dessins-de-presse-7\/#primaryimage\"},\"image\":{\"@id\":\"https:\/\/francois-pelletant.fr\/blog\/le-meilleur-des-dessins-de-presse-7\/#primaryimage\"},\"thumbnailUrl\":\"https:\/\/francois-pelletant.fr\/blog\/wp-content\/uploads\/2014\/11\/Le-Parisien-19-novembre.jpg\",\"datePublished\":\"2014-11-23T06:50:19+00:00\",\"breadcrumb\":{\"@id\":\"https:\/\/francois-pelletant.fr\/blog\/le-meilleur-des-dessins-de-presse-7\/#breadcrumb\"},\"inLanguage\":\"fr-FR\",\"potentialAction\":[{\"@type\":\"ReadAction\",\"target\":[\"https:\/\/francois-pelletant.fr\/blog\/le-meilleur-des-dessins-de-presse-7\/\"]}]},{\"@type\":\"ImageObject\",\"inLanguage\":\"fr-FR\",\"@id\":\"https:\/\/francois-pelletant.fr\/blog\/le-meilleur-des-dessins-de-presse-7\/#primaryimage\",\"url\":\"https:\/\/francois-pelletant.fr\/blog\/wp-content\/uploads\/2014\/11\/Le-Parisien-19-novembre.jpg\",\"contentUrl\":\"https:\/\/francois-pelletant.fr\/blog\/wp-content\/uploads\/2014\/11\/Le-Parisien-19-novembre.jpg\",\"width\":466,\"height\":390,\"caption\":\"Le Parisien 19 novembre\"},{\"@type\":\"BreadcrumbList\",\"@id\":\"https:\/\/francois-pelletant.fr\/blog\/le-meilleur-des-dessins-de-presse-7\/#breadcrumb\",\"itemListElement\":[{\"@type\":\"ListItem\",\"position\":1,\"name\":\"Accueil\",\"item\":\"https:\/\/francois-pelletant.fr\/blog\/\"},{\"@type\":\"ListItem\",\"position\":2,\"name\":\"Le meilleur des dessins de presse\"}]},{\"@type\":\"WebSite\",\"@id\":\"https:\/\/francois-pelletant.fr\/blog\/#website\",\"url\":\"https:\/\/francois-pelletant.fr\/blog\/\",\"name\":\"Fran\u00e7ois Pelletant\",\"description\":\"Maire de Linas, pour toujours.\",\"publisher\":{\"@id\":\"https:\/\/francois-pelletant.fr\/blog\/#organization\"},\"potentialAction\":[{\"@type\":\"SearchAction\",\"target\":{\"@type\":\"EntryPoint\",\"urlTemplate\":\"https:\/\/francois-pelletant.fr\/blog\/?s={search_term_string}\"},\"query-input\":{\"@type\":\"PropertyValueSpecification\",\"valueRequired\":true,\"valueName\":\"search_term_string\"}}],\"inLanguage\":\"fr-FR\"},{\"@type\":\"Organization\",\"@id\":\"https:\/\/francois-pelletant.fr\/blog\/#organization\",\"name\":\"Fran\u00e7ois Pelletant\",\"url\":\"https:\/\/francois-pelletant.fr\/blog\/\",\"logo\":{\"@type\":\"ImageObject\",\"inLanguage\":\"fr-FR\",\"@id\":\"https:\/\/francois-pelletant.fr\/blog\/#\/schema\/logo\/image\/\",\"url\":\"https:\/\/francois-pelletant.fr\/blog\/wp-content\/uploads\/2024\/07\/icone-francois-centre-500p.png\",\"contentUrl\":\"https:\/\/francois-pelletant.fr\/blog\/wp-content\/uploads\/2024\/07\/icone-francois-centre-500p.png\",\"width\":559,\"height\":447,\"caption\":\"Fran\u00e7ois Pelletant\"},\"image\":{\"@id\":\"https:\/\/francois-pelletant.fr\/blog\/#\/schema\/logo\/image\/\"},\"sameAs\":[\"https:\/\/www.facebook.com\/francois.pelletant.7\",\"https:\/\/x.com\/pelletant\"]},{\"@type\":\"Person\",\"@id\":\"https:\/\/francois-pelletant.fr\/blog\/#\/schema\/person\/2be41acb171dff8f31aaed1f40cee9f3\",\"name\":\"Francois\"}]}<\/script>\n<!-- \/ Yoast SEO plugin. -->","yoast_head_json":{"title":"Le meilleur des dessins de presse - Fran\u00e7ois Pelletant","robots":{"index":"index","follow":"follow","max-snippet":"max-snippet:-1","max-image-preview":"max-image-preview:large","max-video-preview":"max-video-preview:-1"},"canonical":"https:\/\/francois-pelletant.fr\/blog\/le-meilleur-des-dessins-de-presse-7\/","og_locale":"fr_FR","og_type":"article","og_title":"Le meilleur des dessins de presse - Fran\u00e7ois Pelletant","og_description":"L&#8217;actualit\u00e9 ce n&#8217;est pas tous les jours tr\u00e8s dr\u00f4les. Heureusement, des dessinateurs de presse \u0153uvrent dans les m\u00e9dias pour nous faire partager leur vision des informations. Voici une s\u00e9lection des illustrations parues cette semaine. &nbsp; &nbsp; &nbsp; &nbsp;","og_url":"https:\/\/francois-pelletant.fr\/blog\/le-meilleur-des-dessins-de-presse-7\/","og_site_name":"Fran\u00e7ois Pelletant","article_publisher":"https:\/\/www.facebook.com\/francois.pelletant.7","article_published_time":"2014-11-23T06:50:19+00:00","og_image":[{"width":466,"height":390,"url":"https:\/\/francois-pelletant.fr\/blog\/wp-content\/uploads\/2014\/11\/Le-Parisien-19-novembre.jpg","type":"image\/jpeg"}],"author":"Francois","twitter_card":"summary_large_image","twitter_creator":"@pelletant","twitter_site":"@pelletant","twitter_misc":{"\u00c9crit par":"Francois","Dur\u00e9e de lecture estim\u00e9e":"1 minute"},"schema":{"@context":"https:\/\/schema.org","@graph":[{"@type":"Article","@id":"https:\/\/francois-pelletant.fr\/blog\/le-meilleur-des-dessins-de-presse-7\/#article","isPartOf":{"@id":"https:\/\/francois-pelletant.fr\/blog\/le-meilleur-des-dessins-de-presse-7\/"},"author":{"name":"Francois","@id":"https:\/\/francois-pelletant.fr\/blog\/#\/schema\/person\/2be41acb171dff8f31aaed1f40cee9f3"},"headline":"Le meilleur des dessins de presse","datePublished":"2014-11-23T06:50:19+00:00","mainEntityOfPage":{"@id":"https:\/\/francois-pelletant.fr\/blog\/le-meilleur-des-dessins-de-presse-7\/"},"wordCount":112,"commentCount":0,"publisher":{"@id":"https:\/\/francois-pelletant.fr\/blog\/#organization"},"image":{"@id":"https:\/\/francois-pelletant.fr\/blog\/le-meilleur-des-dessins-de-presse-7\/#primaryimage"},"thumbnailUrl":"https:\/\/francois-pelletant.fr\/blog\/wp-content\/uploads\/2014\/11\/Le-Parisien-19-novembre.jpg","articleSection":["Prix du meilleur dessin de presse"],"inLanguage":"fr-FR","potentialAction":[{"@type":"CommentAction","name":"Comment","target":["https:\/\/francois-pelletant.fr\/blog\/le-meilleur-des-dessins-de-presse-7\/#respond"]}]},{"@type":"WebPage","@id":"https:\/\/francois-pelletant.fr\/blog\/le-meilleur-des-dessins-de-presse-7\/","url":"https:\/\/francois-pelletant.fr\/blog\/le-meilleur-des-dessins-de-presse-7\/","name":"Le meilleur des dessins de presse - Fran\u00e7ois Pelletant","isPartOf":{"@id":"https:\/\/francois-pelletant.fr\/blog\/#website"},"primaryImageOfPage":{"@id":"https:\/\/francois-pelletant.fr\/blog\/le-meilleur-des-dessins-de-presse-7\/#primaryimage"},"image":{"@id":"https:\/\/francois-pelletant.fr\/blog\/le-meilleur-des-dessins-de-presse-7\/#primaryimage"},"thumbnailUrl":"https:\/\/francois-pelletant.fr\/blog\/wp-content\/uploads\/2014\/11\/Le-Parisien-19-novembre.jpg","datePublished":"2014-11-23T06:50:19+00:00","breadcrumb":{"@id":"https:\/\/francois-pelletant.fr\/blog\/le-meilleur-des-dessins-de-presse-7\/#breadcrumb"},"inLanguage":"fr-FR","potentialAction":[{"@type":"ReadAction","target":["https:\/\/francois-pelletant.fr\/blog\/le-meilleur-des-dessins-de-presse-7\/"]}]},{"@type":"ImageObject","inLanguage":"fr-FR","@id":"https:\/\/francois-pelletant.fr\/blog\/le-meilleur-des-dessins-de-presse-7\/#primaryimage","url":"https:\/\/francois-pelletant.fr\/blog\/wp-content\/uploads\/2014\/11\/Le-Parisien-19-novembre.jpg","contentUrl":"https:\/\/francois-pelletant.fr\/blog\/wp-content\/uploads\/2014\/11\/Le-Parisien-19-novembre.jpg","width":466,"height":390,"caption":"Le Parisien 19 novembre"},{"@type":"BreadcrumbList","@id":"https:\/\/francois-pelletant.fr\/blog\/le-meilleur-des-dessins-de-presse-7\/#breadcrumb","itemListElement":[{"@type":"ListItem","position":1,"name":"Accueil","item":"https:\/\/francois-pelletant.fr\/blog\/"},{"@type":"ListItem","position":2,"name":"Le meilleur des dessins de presse"}]},{"@type":"WebSite","@id":"https:\/\/francois-pelletant.fr\/blog\/#website","url":"https:\/\/francois-pelletant.fr\/blog\/","name":"Fran\u00e7ois Pelletant","description":"Maire de Linas, pour toujours.","publisher":{"@id":"https:\/\/francois-pelletant.fr\/blog\/#organization"},"potentialAction":[{"@type":"SearchAction","target":{"@type":"EntryPoint","urlTemplate":"https:\/\/francois-pelletant.fr\/blog\/?s={search_term_string}"},"query-input":{"@type":"PropertyValueSpecification","valueRequired":true,"valueName":"search_term_string"}}],"inLanguage":"fr-FR"},{"@type":"Organization","@id":"https:\/\/francois-pelletant.fr\/blog\/#organization","name":"Fran\u00e7ois Pelletant","url":"https:\/\/francois-pelletant.fr\/blog\/","logo":{"@type":"ImageObject","inLanguage":"fr-FR","@id":"https:\/\/francois-pelletant.fr\/blog\/#\/schema\/logo\/image\/","url":"https:\/\/francois-pelletant.fr\/blog\/wp-content\/uploads\/2024\/07\/icone-francois-centre-500p.png","contentUrl":"https:\/\/francois-pelletant.fr\/blog\/wp-content\/uploads\/2024\/07\/icone-francois-centre-500p.png","width":559,"height":447,"caption":"Fran\u00e7ois Pelletant"},"image":{"@id":"https:\/\/francois-pelletant.fr\/blog\/#\/schema\/logo\/image\/"},"sameAs":["https:\/\/www.facebook.com\/francois.pelletant.7","https:\/\/x.com\/pelletant"]},{"@type":"Person","@id":"https:\/\/francois-pelletant.fr\/blog\/#\/schema\/person\/2be41acb171dff8f31aaed1f40cee9f3","name":"Francois"}]}},"_links":{"self":[{"href":"https:\/\/francois-pelletant.fr\/blog\/wp-json\/wp\/v2\/posts\/4872","targetHints":{"allow":["GET"]}}],"collection":[{"href":"https:\/\/francois-pelletant.fr\/blog\/wp-json\/wp\/v2\/posts"}],"about":[{"href":"https:\/\/francois-pelletant.fr\/blog\/wp-json\/wp\/v2\/types\/post"}],"author":[{"embeddable":true,"href":"https:\/\/francois-pelletant.fr\/blog\/wp-json\/wp\/v2\/users\/1"}],"replies":[{"embeddable":true,"href":"https:\/\/francois-pelletant.fr\/blog\/wp-json\/wp\/v2\/comments?post=4872"}],"version-history":[{"count":0,"href":"https:\/\/francois-pelletant.fr\/blog\/wp-json\/wp\/v2\/posts\/4872\/revisions"}],"wp:featuredmedia":[{"embeddable":true,"href":"https:\/\/francois-pelletant.fr\/blog\/wp-json\/wp\/v2\/media\/4873"}],"wp:attachment":[{"href":"https:\/\/francois-pelletant.fr\/blog\/wp-json\/wp\/v2\/media?parent=4872"}],"wp:term":[{"taxonomy":"category","embeddable":true,"href":"https:\/\/francois-pelletant.fr\/blog\/wp-json\/wp\/v2\/categories?post=4872"},{"taxonomy":"post_tag","embeddable":true,"href":"https:\/\/francois-pelletant.fr\/blog\/wp-json\/wp\/v2\/tags?post=4872"}],"curies":[{"name":"wp","href":"https:\/\/api.w.org\/{rel}","templated":true}]}}