{"id":4909,"date":"2014-12-05T10:22:31","date_gmt":"2014-12-05T08:22:31","guid":{"rendered":"https:\/\/francois-pelletant.fr\/blog\/?p=4909"},"modified":"2014-12-05T10:22:31","modified_gmt":"2014-12-05T08:22:31","slug":"le-marche-de-noel-a-linas-ce-week-end","status":"publish","type":"post","link":"https:\/\/francois-pelletant.fr\/blog\/le-marche-de-noel-a-linas-ce-week-end\/","title":{"rendered":"Le March\u00e9 de No\u00ebl \u00e0 Linas ce week-end"},"content":{"rendered":"<p><a href=\"https:\/\/francois-pelletant.fr\/blog\/wp-content\/uploads\/2014\/12\/DSC_6621.jpg\"><img loading=\"lazy\" decoding=\"async\" class=\"alignleft size-medium wp-image-4910\" title=\"DSC_6621\" src=\"https:\/\/francois-pelletant.fr\/blog\/wp-content\/uploads\/2014\/12\/DSC_6621-300x199.jpg\" alt=\"\" width=\"300\" height=\"199\" srcset=\"https:\/\/francois-pelletant.fr\/blog\/wp-content\/uploads\/2014\/12\/DSC_6621-300x199.jpg 300w, https:\/\/francois-pelletant.fr\/blog\/wp-content\/uploads\/2014\/12\/DSC_6621-768x510.jpg 768w, https:\/\/francois-pelletant.fr\/blog\/wp-content\/uploads\/2014\/12\/DSC_6621-600x399.jpg 600w, https:\/\/francois-pelletant.fr\/blog\/wp-content\/uploads\/2014\/12\/DSC_6621.jpg 850w\" sizes=\"auto, (max-width: 300px) 100vw, 300px\" \/><\/a>Le coup d&#8217;envoi sera donn\u00e9 ce samedi matin \u00e0 10h00 ! Jusqu&#8217;\u00e0 dimanche soir 19h00, la ville de Linas vous invite sur son traditionnel march\u00e9 de No\u00ebl dans le Parc de la Source avec la pr\u00e9sence exceptionnelle du &#8220;vrai P\u00e8re No\u00ebl&#8221;&#8230; Programme et infos sur <a title=\"site de la ville de Linas\" href=\"http:\/\/www.linas.fr\" target=\"_blank\" rel=\"nofollow\">www.linas.fr<\/a><\/p>\n","protected":false},"excerpt":{"rendered":"<p>Le coup d&#8217;envoi sera donn\u00e9 ce samedi matin \u00e0 10h00 ! Jusqu&#8217;\u00e0 dimanche soir 19h00, la ville de Linas vous invite sur son traditionnel march\u00e9 de No\u00ebl dans le Parc de la Source avec la pr\u00e9sence exceptionnelle du &#8220;vrai P\u00e8re No\u00ebl&#8221;&#8230; Programme et infos sur www.linas.fr<\/p>\n","protected":false},"author":1,"featured_media":4910,"comment_status":"open","ping_status":"open","sticky":false,"template":"","format":"standard","meta":{"footnotes":""},"categories":[10],"tags":[],"class_list":["post-4909","post","type-post","status-publish","format-standard","has-post-thumbnail","hentry","category-1pelletant"],"yoast_head":"<!-- This site is optimized with the Yoast SEO plugin v25.6 - https:\/\/yoast.com\/wordpress\/plugins\/seo\/ -->\n<title>Le March\u00e9 de No\u00ebl \u00e0 Linas ce week-end - Fran\u00e7ois Pelletant<\/title>\n<meta name=\"robots\" content=\"index, follow, max-snippet:-1, max-image-preview:large, max-video-preview:-1\" \/>\n<link rel=\"canonical\" href=\"https:\/\/francois-pelletant.fr\/blog\/le-marche-de-noel-a-linas-ce-week-end\/\" \/>\n<meta property=\"og:locale\" content=\"fr_FR\" \/>\n<meta property=\"og:type\" content=\"article\" \/>\n<meta property=\"og:title\" content=\"Le March\u00e9 de No\u00ebl \u00e0 Linas ce week-end - Fran\u00e7ois Pelletant\" \/>\n<meta property=\"og:description\" content=\"Le coup d&#8217;envoi sera donn\u00e9 ce samedi matin \u00e0 10h00 ! Jusqu&#8217;\u00e0 dimanche soir 19h00, la ville de Linas vous invite sur son traditionnel march\u00e9 de No\u00ebl dans le Parc de la Source avec la pr\u00e9sence exceptionnelle du &#8220;vrai P\u00e8re No\u00ebl&#8221;&#8230; Programme et infos sur www.linas.fr\" \/>\n<meta property=\"og:url\" content=\"https:\/\/francois-pelletant.fr\/blog\/le-marche-de-noel-a-linas-ce-week-end\/\" \/>\n<meta property=\"og:site_name\" content=\"Fran\u00e7ois Pelletant\" \/>\n<meta property=\"article:publisher\" content=\"https:\/\/www.facebook.com\/francois.pelletant.7\" \/>\n<meta property=\"article:published_time\" content=\"2014-12-05T08:22:31+00:00\" \/>\n<meta property=\"og:image\" content=\"https:\/\/francois-pelletant.fr\/blog\/wp-content\/uploads\/2014\/12\/DSC_6621.jpg\" \/>\n\t<meta property=\"og:image:width\" content=\"850\" \/>\n\t<meta property=\"og:image:height\" content=\"565\" \/>\n\t<meta property=\"og:image:type\" content=\"image\/jpeg\" \/>\n<meta name=\"author\" content=\"Francois\" \/>\n<meta name=\"twitter:card\" content=\"summary_large_image\" \/>\n<meta name=\"twitter:creator\" content=\"@pelletant\" \/>\n<meta name=\"twitter:site\" content=\"@pelletant\" \/>\n<meta name=\"twitter:label1\" content=\"\u00c9crit par\" \/>\n\t<meta name=\"twitter:data1\" content=\"Francois\" \/>\n<script type=\"application\/ld+json\" class=\"yoast-schema-graph\">{\"@context\":\"https:\/\/schema.org\",\"@graph\":[{\"@type\":\"Article\",\"@id\":\"https:\/\/francois-pelletant.fr\/blog\/le-marche-de-noel-a-linas-ce-week-end\/#article\",\"isPartOf\":{\"@id\":\"https:\/\/francois-pelletant.fr\/blog\/le-marche-de-noel-a-linas-ce-week-end\/\"},\"author\":{\"name\":\"Francois\",\"@id\":\"https:\/\/francois-pelletant.fr\/blog\/#\/schema\/person\/2be41acb171dff8f31aaed1f40cee9f3\"},\"headline\":\"Le March\u00e9 de No\u00ebl \u00e0 Linas ce week-end\",\"datePublished\":\"2014-12-05T08:22:31+00:00\",\"mainEntityOfPage\":{\"@id\":\"https:\/\/francois-pelletant.fr\/blog\/le-marche-de-noel-a-linas-ce-week-end\/\"},\"wordCount\":59,\"commentCount\":0,\"publisher\":{\"@id\":\"https:\/\/francois-pelletant.fr\/blog\/#organization\"},\"image\":{\"@id\":\"https:\/\/francois-pelletant.fr\/blog\/le-marche-de-noel-a-linas-ce-week-end\/#primaryimage\"},\"thumbnailUrl\":\"https:\/\/francois-pelletant.fr\/blog\/wp-content\/uploads\/2014\/12\/DSC_6621.jpg\",\"articleSection\":[\"Infos\"],\"inLanguage\":\"fr-FR\",\"potentialAction\":[{\"@type\":\"CommentAction\",\"name\":\"Comment\",\"target\":[\"https:\/\/francois-pelletant.fr\/blog\/le-marche-de-noel-a-linas-ce-week-end\/#respond\"]}]},{\"@type\":\"WebPage\",\"@id\":\"https:\/\/francois-pelletant.fr\/blog\/le-marche-de-noel-a-linas-ce-week-end\/\",\"url\":\"https:\/\/francois-pelletant.fr\/blog\/le-marche-de-noel-a-linas-ce-week-end\/\",\"name\":\"Le March\u00e9 de No\u00ebl \u00e0 Linas ce week-end - Fran\u00e7ois Pelletant\",\"isPartOf\":{\"@id\":\"https:\/\/francois-pelletant.fr\/blog\/#website\"},\"primaryImageOfPage\":{\"@id\":\"https:\/\/francois-pelletant.fr\/blog\/le-marche-de-noel-a-linas-ce-week-end\/#primaryimage\"},\"image\":{\"@id\":\"https:\/\/francois-pelletant.fr\/blog\/le-marche-de-noel-a-linas-ce-week-end\/#primaryimage\"},\"thumbnailUrl\":\"https:\/\/francois-pelletant.fr\/blog\/wp-content\/uploads\/2014\/12\/DSC_6621.jpg\",\"datePublished\":\"2014-12-05T08:22:31+00:00\",\"breadcrumb\":{\"@id\":\"https:\/\/francois-pelletant.fr\/blog\/le-marche-de-noel-a-linas-ce-week-end\/#breadcrumb\"},\"inLanguage\":\"fr-FR\",\"potentialAction\":[{\"@type\":\"ReadAction\",\"target\":[\"https:\/\/francois-pelletant.fr\/blog\/le-marche-de-noel-a-linas-ce-week-end\/\"]}]},{\"@type\":\"ImageObject\",\"inLanguage\":\"fr-FR\",\"@id\":\"https:\/\/francois-pelletant.fr\/blog\/le-marche-de-noel-a-linas-ce-week-end\/#primaryimage\",\"url\":\"https:\/\/francois-pelletant.fr\/blog\/wp-content\/uploads\/2014\/12\/DSC_6621.jpg\",\"contentUrl\":\"https:\/\/francois-pelletant.fr\/blog\/wp-content\/uploads\/2014\/12\/DSC_6621.jpg\",\"width\":850,\"height\":565},{\"@type\":\"BreadcrumbList\",\"@id\":\"https:\/\/francois-pelletant.fr\/blog\/le-marche-de-noel-a-linas-ce-week-end\/#breadcrumb\",\"itemListElement\":[{\"@type\":\"ListItem\",\"position\":1,\"name\":\"Accueil\",\"item\":\"https:\/\/francois-pelletant.fr\/blog\/\"},{\"@type\":\"ListItem\",\"position\":2,\"name\":\"Le March\u00e9 de No\u00ebl \u00e0 Linas ce week-end\"}]},{\"@type\":\"WebSite\",\"@id\":\"https:\/\/francois-pelletant.fr\/blog\/#website\",\"url\":\"https:\/\/francois-pelletant.fr\/blog\/\",\"name\":\"Fran\u00e7ois Pelletant\",\"description\":\"Maire de Linas, pour toujours.\",\"publisher\":{\"@id\":\"https:\/\/francois-pelletant.fr\/blog\/#organization\"},\"potentialAction\":[{\"@type\":\"SearchAction\",\"target\":{\"@type\":\"EntryPoint\",\"urlTemplate\":\"https:\/\/francois-pelletant.fr\/blog\/?s={search_term_string}\"},\"query-input\":{\"@type\":\"PropertyValueSpecification\",\"valueRequired\":true,\"valueName\":\"search_term_string\"}}],\"inLanguage\":\"fr-FR\"},{\"@type\":\"Organization\",\"@id\":\"https:\/\/francois-pelletant.fr\/blog\/#organization\",\"name\":\"Fran\u00e7ois Pelletant\",\"url\":\"https:\/\/francois-pelletant.fr\/blog\/\",\"logo\":{\"@type\":\"ImageObject\",\"inLanguage\":\"fr-FR\",\"@id\":\"https:\/\/francois-pelletant.fr\/blog\/#\/schema\/logo\/image\/\",\"url\":\"https:\/\/francois-pelletant.fr\/blog\/wp-content\/uploads\/2024\/07\/icone-francois-centre-500p.png\",\"contentUrl\":\"https:\/\/francois-pelletant.fr\/blog\/wp-content\/uploads\/2024\/07\/icone-francois-centre-500p.png\",\"width\":559,\"height\":447,\"caption\":\"Fran\u00e7ois Pelletant\"},\"image\":{\"@id\":\"https:\/\/francois-pelletant.fr\/blog\/#\/schema\/logo\/image\/\"},\"sameAs\":[\"https:\/\/www.facebook.com\/francois.pelletant.7\",\"https:\/\/x.com\/pelletant\"]},{\"@type\":\"Person\",\"@id\":\"https:\/\/francois-pelletant.fr\/blog\/#\/schema\/person\/2be41acb171dff8f31aaed1f40cee9f3\",\"name\":\"Francois\"}]}<\/script>\n<!-- \/ Yoast SEO plugin. -->","yoast_head_json":{"title":"Le March\u00e9 de No\u00ebl \u00e0 Linas ce week-end - Fran\u00e7ois Pelletant","robots":{"index":"index","follow":"follow","max-snippet":"max-snippet:-1","max-image-preview":"max-image-preview:large","max-video-preview":"max-video-preview:-1"},"canonical":"https:\/\/francois-pelletant.fr\/blog\/le-marche-de-noel-a-linas-ce-week-end\/","og_locale":"fr_FR","og_type":"article","og_title":"Le March\u00e9 de No\u00ebl \u00e0 Linas ce week-end - Fran\u00e7ois Pelletant","og_description":"Le coup d&#8217;envoi sera donn\u00e9 ce samedi matin \u00e0 10h00 ! Jusqu&#8217;\u00e0 dimanche soir 19h00, la ville de Linas vous invite sur son traditionnel march\u00e9 de No\u00ebl dans le Parc de la Source avec la pr\u00e9sence exceptionnelle du &#8220;vrai P\u00e8re No\u00ebl&#8221;&#8230; Programme et infos sur www.linas.fr","og_url":"https:\/\/francois-pelletant.fr\/blog\/le-marche-de-noel-a-linas-ce-week-end\/","og_site_name":"Fran\u00e7ois Pelletant","article_publisher":"https:\/\/www.facebook.com\/francois.pelletant.7","article_published_time":"2014-12-05T08:22:31+00:00","og_image":[{"width":850,"height":565,"url":"https:\/\/francois-pelletant.fr\/blog\/wp-content\/uploads\/2014\/12\/DSC_6621.jpg","type":"image\/jpeg"}],"author":"Francois","twitter_card":"summary_large_image","twitter_creator":"@pelletant","twitter_site":"@pelletant","twitter_misc":{"\u00c9crit par":"Francois"},"schema":{"@context":"https:\/\/schema.org","@graph":[{"@type":"Article","@id":"https:\/\/francois-pelletant.fr\/blog\/le-marche-de-noel-a-linas-ce-week-end\/#article","isPartOf":{"@id":"https:\/\/francois-pelletant.fr\/blog\/le-marche-de-noel-a-linas-ce-week-end\/"},"author":{"name":"Francois","@id":"https:\/\/francois-pelletant.fr\/blog\/#\/schema\/person\/2be41acb171dff8f31aaed1f40cee9f3"},"headline":"Le March\u00e9 de No\u00ebl \u00e0 Linas ce week-end","datePublished":"2014-12-05T08:22:31+00:00","mainEntityOfPage":{"@id":"https:\/\/francois-pelletant.fr\/blog\/le-marche-de-noel-a-linas-ce-week-end\/"},"wordCount":59,"commentCount":0,"publisher":{"@id":"https:\/\/francois-pelletant.fr\/blog\/#organization"},"image":{"@id":"https:\/\/francois-pelletant.fr\/blog\/le-marche-de-noel-a-linas-ce-week-end\/#primaryimage"},"thumbnailUrl":"https:\/\/francois-pelletant.fr\/blog\/wp-content\/uploads\/2014\/12\/DSC_6621.jpg","articleSection":["Infos"],"inLanguage":"fr-FR","potentialAction":[{"@type":"CommentAction","name":"Comment","target":["https:\/\/francois-pelletant.fr\/blog\/le-marche-de-noel-a-linas-ce-week-end\/#respond"]}]},{"@type":"WebPage","@id":"https:\/\/francois-pelletant.fr\/blog\/le-marche-de-noel-a-linas-ce-week-end\/","url":"https:\/\/francois-pelletant.fr\/blog\/le-marche-de-noel-a-linas-ce-week-end\/","name":"Le March\u00e9 de No\u00ebl \u00e0 Linas ce week-end - Fran\u00e7ois Pelletant","isPartOf":{"@id":"https:\/\/francois-pelletant.fr\/blog\/#website"},"primaryImageOfPage":{"@id":"https:\/\/francois-pelletant.fr\/blog\/le-marche-de-noel-a-linas-ce-week-end\/#primaryimage"},"image":{"@id":"https:\/\/francois-pelletant.fr\/blog\/le-marche-de-noel-a-linas-ce-week-end\/#primaryimage"},"thumbnailUrl":"https:\/\/francois-pelletant.fr\/blog\/wp-content\/uploads\/2014\/12\/DSC_6621.jpg","datePublished":"2014-12-05T08:22:31+00:00","breadcrumb":{"@id":"https:\/\/francois-pelletant.fr\/blog\/le-marche-de-noel-a-linas-ce-week-end\/#breadcrumb"},"inLanguage":"fr-FR","potentialAction":[{"@type":"ReadAction","target":["https:\/\/francois-pelletant.fr\/blog\/le-marche-de-noel-a-linas-ce-week-end\/"]}]},{"@type":"ImageObject","inLanguage":"fr-FR","@id":"https:\/\/francois-pelletant.fr\/blog\/le-marche-de-noel-a-linas-ce-week-end\/#primaryimage","url":"https:\/\/francois-pelletant.fr\/blog\/wp-content\/uploads\/2014\/12\/DSC_6621.jpg","contentUrl":"https:\/\/francois-pelletant.fr\/blog\/wp-content\/uploads\/2014\/12\/DSC_6621.jpg","width":850,"height":565},{"@type":"BreadcrumbList","@id":"https:\/\/francois-pelletant.fr\/blog\/le-marche-de-noel-a-linas-ce-week-end\/#breadcrumb","itemListElement":[{"@type":"ListItem","position":1,"name":"Accueil","item":"https:\/\/francois-pelletant.fr\/blog\/"},{"@type":"ListItem","position":2,"name":"Le March\u00e9 de No\u00ebl \u00e0 Linas ce week-end"}]},{"@type":"WebSite","@id":"https:\/\/francois-pelletant.fr\/blog\/#website","url":"https:\/\/francois-pelletant.fr\/blog\/","name":"Fran\u00e7ois Pelletant","description":"Maire de Linas, pour toujours.","publisher":{"@id":"https:\/\/francois-pelletant.fr\/blog\/#organization"},"potentialAction":[{"@type":"SearchAction","target":{"@type":"EntryPoint","urlTemplate":"https:\/\/francois-pelletant.fr\/blog\/?s={search_term_string}"},"query-input":{"@type":"PropertyValueSpecification","valueRequired":true,"valueName":"search_term_string"}}],"inLanguage":"fr-FR"},{"@type":"Organization","@id":"https:\/\/francois-pelletant.fr\/blog\/#organization","name":"Fran\u00e7ois Pelletant","url":"https:\/\/francois-pelletant.fr\/blog\/","logo":{"@type":"ImageObject","inLanguage":"fr-FR","@id":"https:\/\/francois-pelletant.fr\/blog\/#\/schema\/logo\/image\/","url":"https:\/\/francois-pelletant.fr\/blog\/wp-content\/uploads\/2024\/07\/icone-francois-centre-500p.png","contentUrl":"https:\/\/francois-pelletant.fr\/blog\/wp-content\/uploads\/2024\/07\/icone-francois-centre-500p.png","width":559,"height":447,"caption":"Fran\u00e7ois Pelletant"},"image":{"@id":"https:\/\/francois-pelletant.fr\/blog\/#\/schema\/logo\/image\/"},"sameAs":["https:\/\/www.facebook.com\/francois.pelletant.7","https:\/\/x.com\/pelletant"]},{"@type":"Person","@id":"https:\/\/francois-pelletant.fr\/blog\/#\/schema\/person\/2be41acb171dff8f31aaed1f40cee9f3","name":"Francois"}]}},"_links":{"self":[{"href":"https:\/\/francois-pelletant.fr\/blog\/wp-json\/wp\/v2\/posts\/4909","targetHints":{"allow":["GET"]}}],"collection":[{"href":"https:\/\/francois-pelletant.fr\/blog\/wp-json\/wp\/v2\/posts"}],"about":[{"href":"https:\/\/francois-pelletant.fr\/blog\/wp-json\/wp\/v2\/types\/post"}],"author":[{"embeddable":true,"href":"https:\/\/francois-pelletant.fr\/blog\/wp-json\/wp\/v2\/users\/1"}],"replies":[{"embeddable":true,"href":"https:\/\/francois-pelletant.fr\/blog\/wp-json\/wp\/v2\/comments?post=4909"}],"version-history":[{"count":0,"href":"https:\/\/francois-pelletant.fr\/blog\/wp-json\/wp\/v2\/posts\/4909\/revisions"}],"wp:featuredmedia":[{"embeddable":true,"href":"https:\/\/francois-pelletant.fr\/blog\/wp-json\/wp\/v2\/media\/4910"}],"wp:attachment":[{"href":"https:\/\/francois-pelletant.fr\/blog\/wp-json\/wp\/v2\/media?parent=4909"}],"wp:term":[{"taxonomy":"category","embeddable":true,"href":"https:\/\/francois-pelletant.fr\/blog\/wp-json\/wp\/v2\/categories?post=4909"},{"taxonomy":"post_tag","embeddable":true,"href":"https:\/\/francois-pelletant.fr\/blog\/wp-json\/wp\/v2\/tags?post=4909"}],"curies":[{"name":"wp","href":"https:\/\/api.w.org\/{rel}","templated":true}]}}