{"id":4963,"date":"2014-12-22T10:50:16","date_gmt":"2014-12-22T08:50:16","guid":{"rendered":"https:\/\/francois-pelletant.fr\/blog\/?p=4963"},"modified":"2017-05-05T11:51:47","modified_gmt":"2017-05-05T11:51:47","slug":"les-90-ans-de-lautodrome-sur-bfm","status":"publish","type":"post","link":"https:\/\/francois-pelletant.fr\/blog\/les-90-ans-de-lautodrome-sur-bfm\/","title":{"rendered":"les 90 ans de l&#8217;Autodrome sur BFM"},"content":{"rendered":"<p><a href=\"https:\/\/francois-pelletant.fr\/blog\/wp-content\/uploads\/2014\/12\/BFM.jpg\"><img loading=\"lazy\" decoding=\"async\" class=\"alignleft size-medium wp-image-4964\" title=\"BFM\" src=\"https:\/\/francois-pelletant.fr\/blog\/wp-content\/uploads\/2014\/12\/BFM-300x167.jpg\" alt=\"\" width=\"300\" height=\"167\" \/><\/a>Le circuit de Linas-Montlh\u00e9ry f\u00eatait cette ann\u00e9e ses 90 ans. Il \u00e9tait le lieu de tous les records alors que l\u2019automobile \u00e9tait balbutiante, dans les ann\u00e9es 20, puis celui de comp\u00e9titions populaires. Aujourd\u2019hui cette construction hors du commun se trouve de nouveaux d\u00e9bouch\u00e9s: regardez le reportage diffus\u00e9 par la BFM TV ce dimanche :\u00a0<a title=\"reportage BFM\" href=\"http:\/\/www.bfmtv.com\/mediaplayer\/video\/circuit-de-montlhery-90-ans-et-toujours-moderne-371706.html\" target=\"_blank\" rel=\"nofollow\">http:\/\/www.bfmtv.com\/mediaplayer\/video\/circuit-de-montlhery-90-ans-et-toujours-moderne-371706.html<\/a><\/p>\n","protected":false},"excerpt":{"rendered":"<p>Le circuit de Linas-Montlh\u00e9ry f\u00eatait cette ann\u00e9e ses 90 ans. Il \u00e9tait le lieu de tous les records alors que l\u2019automobile \u00e9tait balbutiante, dans les ann\u00e9es 20, puis celui de comp\u00e9titions populaires. Aujourd\u2019hui cette construction hors du commun se trouve de nouveaux d\u00e9bouch\u00e9s: regardez le reportage diffus\u00e9 par la BFM TV ce dimanche :\u00a0http:\/\/www.bfmtv.com\/mediaplayer\/video\/circuit-de-montlhery-90-ans-et-toujours-moderne-371706.html<\/p>\n","protected":false},"author":1,"featured_media":4965,"comment_status":"open","ping_status":"open","sticky":false,"template":"","format":"standard","meta":{"footnotes":""},"categories":[10],"tags":[],"class_list":["post-4963","post","type-post","status-publish","format-standard","has-post-thumbnail","hentry","category-1pelletant"],"yoast_head":"<!-- This site is optimized with the Yoast SEO plugin v25.6 - https:\/\/yoast.com\/wordpress\/plugins\/seo\/ -->\n<title>les 90 ans de l&#039;Autodrome sur BFM - Fran\u00e7ois Pelletant<\/title>\n<meta name=\"robots\" content=\"index, follow, max-snippet:-1, max-image-preview:large, max-video-preview:-1\" \/>\n<link rel=\"canonical\" href=\"https:\/\/francois-pelletant.fr\/blog\/les-90-ans-de-lautodrome-sur-bfm\/\" \/>\n<meta property=\"og:locale\" content=\"fr_FR\" \/>\n<meta property=\"og:type\" content=\"article\" \/>\n<meta property=\"og:title\" content=\"les 90 ans de l&#039;Autodrome sur BFM - Fran\u00e7ois Pelletant\" \/>\n<meta property=\"og:description\" content=\"Le circuit de Linas-Montlh\u00e9ry f\u00eatait cette ann\u00e9e ses 90 ans. Il \u00e9tait le lieu de tous les records alors que l\u2019automobile \u00e9tait balbutiante, dans les ann\u00e9es 20, puis celui de comp\u00e9titions populaires. Aujourd\u2019hui cette construction hors du commun se trouve de nouveaux d\u00e9bouch\u00e9s: regardez le reportage diffus\u00e9 par la BFM TV ce dimanche :\u00a0http:\/\/www.bfmtv.com\/mediaplayer\/video\/circuit-de-montlhery-90-ans-et-toujours-moderne-371706.html\" \/>\n<meta property=\"og:url\" content=\"https:\/\/francois-pelletant.fr\/blog\/les-90-ans-de-lautodrome-sur-bfm\/\" \/>\n<meta property=\"og:site_name\" content=\"Fran\u00e7ois Pelletant\" \/>\n<meta property=\"article:publisher\" content=\"https:\/\/www.facebook.com\/francois.pelletant.7\" \/>\n<meta property=\"article:published_time\" content=\"2014-12-22T08:50:16+00:00\" \/>\n<meta property=\"article:modified_time\" content=\"2017-05-05T11:51:47+00:00\" \/>\n<meta property=\"og:image\" content=\"https:\/\/francois-pelletant.fr\/blog\/wp-content\/uploads\/2014\/12\/BFM1.jpg\" \/>\n\t<meta property=\"og:image:width\" content=\"654\" \/>\n\t<meta property=\"og:image:height\" content=\"366\" \/>\n\t<meta property=\"og:image:type\" content=\"image\/jpeg\" \/>\n<meta name=\"author\" content=\"Francois\" \/>\n<meta name=\"twitter:card\" content=\"summary_large_image\" \/>\n<meta name=\"twitter:creator\" content=\"@pelletant\" \/>\n<meta name=\"twitter:site\" content=\"@pelletant\" \/>\n<meta name=\"twitter:label1\" content=\"\u00c9crit par\" \/>\n\t<meta name=\"twitter:data1\" content=\"Francois\" \/>\n<script type=\"application\/ld+json\" class=\"yoast-schema-graph\">{\"@context\":\"https:\/\/schema.org\",\"@graph\":[{\"@type\":\"Article\",\"@id\":\"https:\/\/francois-pelletant.fr\/blog\/les-90-ans-de-lautodrome-sur-bfm\/#article\",\"isPartOf\":{\"@id\":\"https:\/\/francois-pelletant.fr\/blog\/les-90-ans-de-lautodrome-sur-bfm\/\"},\"author\":{\"name\":\"Francois\",\"@id\":\"https:\/\/francois-pelletant.fr\/blog\/#\/schema\/person\/2be41acb171dff8f31aaed1f40cee9f3\"},\"headline\":\"les 90 ans de l&#8217;Autodrome sur BFM\",\"datePublished\":\"2014-12-22T08:50:16+00:00\",\"dateModified\":\"2017-05-05T11:51:47+00:00\",\"mainEntityOfPage\":{\"@id\":\"https:\/\/francois-pelletant.fr\/blog\/les-90-ans-de-lautodrome-sur-bfm\/\"},\"wordCount\":76,\"commentCount\":0,\"publisher\":{\"@id\":\"https:\/\/francois-pelletant.fr\/blog\/#organization\"},\"image\":{\"@id\":\"https:\/\/francois-pelletant.fr\/blog\/les-90-ans-de-lautodrome-sur-bfm\/#primaryimage\"},\"thumbnailUrl\":\"https:\/\/francois-pelletant.fr\/blog\/wp-content\/uploads\/2014\/12\/BFM1.jpg\",\"articleSection\":[\"Infos\"],\"inLanguage\":\"fr-FR\",\"potentialAction\":[{\"@type\":\"CommentAction\",\"name\":\"Comment\",\"target\":[\"https:\/\/francois-pelletant.fr\/blog\/les-90-ans-de-lautodrome-sur-bfm\/#respond\"]}]},{\"@type\":\"WebPage\",\"@id\":\"https:\/\/francois-pelletant.fr\/blog\/les-90-ans-de-lautodrome-sur-bfm\/\",\"url\":\"https:\/\/francois-pelletant.fr\/blog\/les-90-ans-de-lautodrome-sur-bfm\/\",\"name\":\"les 90 ans de l'Autodrome sur BFM - Fran\u00e7ois Pelletant\",\"isPartOf\":{\"@id\":\"https:\/\/francois-pelletant.fr\/blog\/#website\"},\"primaryImageOfPage\":{\"@id\":\"https:\/\/francois-pelletant.fr\/blog\/les-90-ans-de-lautodrome-sur-bfm\/#primaryimage\"},\"image\":{\"@id\":\"https:\/\/francois-pelletant.fr\/blog\/les-90-ans-de-lautodrome-sur-bfm\/#primaryimage\"},\"thumbnailUrl\":\"https:\/\/francois-pelletant.fr\/blog\/wp-content\/uploads\/2014\/12\/BFM1.jpg\",\"datePublished\":\"2014-12-22T08:50:16+00:00\",\"dateModified\":\"2017-05-05T11:51:47+00:00\",\"breadcrumb\":{\"@id\":\"https:\/\/francois-pelletant.fr\/blog\/les-90-ans-de-lautodrome-sur-bfm\/#breadcrumb\"},\"inLanguage\":\"fr-FR\",\"potentialAction\":[{\"@type\":\"ReadAction\",\"target\":[\"https:\/\/francois-pelletant.fr\/blog\/les-90-ans-de-lautodrome-sur-bfm\/\"]}]},{\"@type\":\"ImageObject\",\"inLanguage\":\"fr-FR\",\"@id\":\"https:\/\/francois-pelletant.fr\/blog\/les-90-ans-de-lautodrome-sur-bfm\/#primaryimage\",\"url\":\"https:\/\/francois-pelletant.fr\/blog\/wp-content\/uploads\/2014\/12\/BFM1.jpg\",\"contentUrl\":\"https:\/\/francois-pelletant.fr\/blog\/wp-content\/uploads\/2014\/12\/BFM1.jpg\",\"width\":654,\"height\":366},{\"@type\":\"BreadcrumbList\",\"@id\":\"https:\/\/francois-pelletant.fr\/blog\/les-90-ans-de-lautodrome-sur-bfm\/#breadcrumb\",\"itemListElement\":[{\"@type\":\"ListItem\",\"position\":1,\"name\":\"Accueil\",\"item\":\"https:\/\/francois-pelletant.fr\/blog\/\"},{\"@type\":\"ListItem\",\"position\":2,\"name\":\"les 90 ans de l&#8217;Autodrome sur BFM\"}]},{\"@type\":\"WebSite\",\"@id\":\"https:\/\/francois-pelletant.fr\/blog\/#website\",\"url\":\"https:\/\/francois-pelletant.fr\/blog\/\",\"name\":\"Fran\u00e7ois Pelletant\",\"description\":\"Maire de Linas, pour toujours.\",\"publisher\":{\"@id\":\"https:\/\/francois-pelletant.fr\/blog\/#organization\"},\"potentialAction\":[{\"@type\":\"SearchAction\",\"target\":{\"@type\":\"EntryPoint\",\"urlTemplate\":\"https:\/\/francois-pelletant.fr\/blog\/?s={search_term_string}\"},\"query-input\":{\"@type\":\"PropertyValueSpecification\",\"valueRequired\":true,\"valueName\":\"search_term_string\"}}],\"inLanguage\":\"fr-FR\"},{\"@type\":\"Organization\",\"@id\":\"https:\/\/francois-pelletant.fr\/blog\/#organization\",\"name\":\"Fran\u00e7ois Pelletant\",\"url\":\"https:\/\/francois-pelletant.fr\/blog\/\",\"logo\":{\"@type\":\"ImageObject\",\"inLanguage\":\"fr-FR\",\"@id\":\"https:\/\/francois-pelletant.fr\/blog\/#\/schema\/logo\/image\/\",\"url\":\"https:\/\/francois-pelletant.fr\/blog\/wp-content\/uploads\/2024\/07\/icone-francois-centre-500p.png\",\"contentUrl\":\"https:\/\/francois-pelletant.fr\/blog\/wp-content\/uploads\/2024\/07\/icone-francois-centre-500p.png\",\"width\":559,\"height\":447,\"caption\":\"Fran\u00e7ois Pelletant\"},\"image\":{\"@id\":\"https:\/\/francois-pelletant.fr\/blog\/#\/schema\/logo\/image\/\"},\"sameAs\":[\"https:\/\/www.facebook.com\/francois.pelletant.7\",\"https:\/\/x.com\/pelletant\"]},{\"@type\":\"Person\",\"@id\":\"https:\/\/francois-pelletant.fr\/blog\/#\/schema\/person\/2be41acb171dff8f31aaed1f40cee9f3\",\"name\":\"Francois\"}]}<\/script>\n<!-- \/ Yoast SEO plugin. -->","yoast_head_json":{"title":"les 90 ans de l'Autodrome sur BFM - Fran\u00e7ois Pelletant","robots":{"index":"index","follow":"follow","max-snippet":"max-snippet:-1","max-image-preview":"max-image-preview:large","max-video-preview":"max-video-preview:-1"},"canonical":"https:\/\/francois-pelletant.fr\/blog\/les-90-ans-de-lautodrome-sur-bfm\/","og_locale":"fr_FR","og_type":"article","og_title":"les 90 ans de l'Autodrome sur BFM - Fran\u00e7ois Pelletant","og_description":"Le circuit de Linas-Montlh\u00e9ry f\u00eatait cette ann\u00e9e ses 90 ans. Il \u00e9tait le lieu de tous les records alors que l\u2019automobile \u00e9tait balbutiante, dans les ann\u00e9es 20, puis celui de comp\u00e9titions populaires. Aujourd\u2019hui cette construction hors du commun se trouve de nouveaux d\u00e9bouch\u00e9s: regardez le reportage diffus\u00e9 par la BFM TV ce dimanche :\u00a0http:\/\/www.bfmtv.com\/mediaplayer\/video\/circuit-de-montlhery-90-ans-et-toujours-moderne-371706.html","og_url":"https:\/\/francois-pelletant.fr\/blog\/les-90-ans-de-lautodrome-sur-bfm\/","og_site_name":"Fran\u00e7ois Pelletant","article_publisher":"https:\/\/www.facebook.com\/francois.pelletant.7","article_published_time":"2014-12-22T08:50:16+00:00","article_modified_time":"2017-05-05T11:51:47+00:00","og_image":[{"width":654,"height":366,"url":"https:\/\/francois-pelletant.fr\/blog\/wp-content\/uploads\/2014\/12\/BFM1.jpg","type":"image\/jpeg"}],"author":"Francois","twitter_card":"summary_large_image","twitter_creator":"@pelletant","twitter_site":"@pelletant","twitter_misc":{"\u00c9crit par":"Francois"},"schema":{"@context":"https:\/\/schema.org","@graph":[{"@type":"Article","@id":"https:\/\/francois-pelletant.fr\/blog\/les-90-ans-de-lautodrome-sur-bfm\/#article","isPartOf":{"@id":"https:\/\/francois-pelletant.fr\/blog\/les-90-ans-de-lautodrome-sur-bfm\/"},"author":{"name":"Francois","@id":"https:\/\/francois-pelletant.fr\/blog\/#\/schema\/person\/2be41acb171dff8f31aaed1f40cee9f3"},"headline":"les 90 ans de l&#8217;Autodrome sur BFM","datePublished":"2014-12-22T08:50:16+00:00","dateModified":"2017-05-05T11:51:47+00:00","mainEntityOfPage":{"@id":"https:\/\/francois-pelletant.fr\/blog\/les-90-ans-de-lautodrome-sur-bfm\/"},"wordCount":76,"commentCount":0,"publisher":{"@id":"https:\/\/francois-pelletant.fr\/blog\/#organization"},"image":{"@id":"https:\/\/francois-pelletant.fr\/blog\/les-90-ans-de-lautodrome-sur-bfm\/#primaryimage"},"thumbnailUrl":"https:\/\/francois-pelletant.fr\/blog\/wp-content\/uploads\/2014\/12\/BFM1.jpg","articleSection":["Infos"],"inLanguage":"fr-FR","potentialAction":[{"@type":"CommentAction","name":"Comment","target":["https:\/\/francois-pelletant.fr\/blog\/les-90-ans-de-lautodrome-sur-bfm\/#respond"]}]},{"@type":"WebPage","@id":"https:\/\/francois-pelletant.fr\/blog\/les-90-ans-de-lautodrome-sur-bfm\/","url":"https:\/\/francois-pelletant.fr\/blog\/les-90-ans-de-lautodrome-sur-bfm\/","name":"les 90 ans de l'Autodrome sur BFM - Fran\u00e7ois Pelletant","isPartOf":{"@id":"https:\/\/francois-pelletant.fr\/blog\/#website"},"primaryImageOfPage":{"@id":"https:\/\/francois-pelletant.fr\/blog\/les-90-ans-de-lautodrome-sur-bfm\/#primaryimage"},"image":{"@id":"https:\/\/francois-pelletant.fr\/blog\/les-90-ans-de-lautodrome-sur-bfm\/#primaryimage"},"thumbnailUrl":"https:\/\/francois-pelletant.fr\/blog\/wp-content\/uploads\/2014\/12\/BFM1.jpg","datePublished":"2014-12-22T08:50:16+00:00","dateModified":"2017-05-05T11:51:47+00:00","breadcrumb":{"@id":"https:\/\/francois-pelletant.fr\/blog\/les-90-ans-de-lautodrome-sur-bfm\/#breadcrumb"},"inLanguage":"fr-FR","potentialAction":[{"@type":"ReadAction","target":["https:\/\/francois-pelletant.fr\/blog\/les-90-ans-de-lautodrome-sur-bfm\/"]}]},{"@type":"ImageObject","inLanguage":"fr-FR","@id":"https:\/\/francois-pelletant.fr\/blog\/les-90-ans-de-lautodrome-sur-bfm\/#primaryimage","url":"https:\/\/francois-pelletant.fr\/blog\/wp-content\/uploads\/2014\/12\/BFM1.jpg","contentUrl":"https:\/\/francois-pelletant.fr\/blog\/wp-content\/uploads\/2014\/12\/BFM1.jpg","width":654,"height":366},{"@type":"BreadcrumbList","@id":"https:\/\/francois-pelletant.fr\/blog\/les-90-ans-de-lautodrome-sur-bfm\/#breadcrumb","itemListElement":[{"@type":"ListItem","position":1,"name":"Accueil","item":"https:\/\/francois-pelletant.fr\/blog\/"},{"@type":"ListItem","position":2,"name":"les 90 ans de l&#8217;Autodrome sur BFM"}]},{"@type":"WebSite","@id":"https:\/\/francois-pelletant.fr\/blog\/#website","url":"https:\/\/francois-pelletant.fr\/blog\/","name":"Fran\u00e7ois Pelletant","description":"Maire de Linas, pour toujours.","publisher":{"@id":"https:\/\/francois-pelletant.fr\/blog\/#organization"},"potentialAction":[{"@type":"SearchAction","target":{"@type":"EntryPoint","urlTemplate":"https:\/\/francois-pelletant.fr\/blog\/?s={search_term_string}"},"query-input":{"@type":"PropertyValueSpecification","valueRequired":true,"valueName":"search_term_string"}}],"inLanguage":"fr-FR"},{"@type":"Organization","@id":"https:\/\/francois-pelletant.fr\/blog\/#organization","name":"Fran\u00e7ois Pelletant","url":"https:\/\/francois-pelletant.fr\/blog\/","logo":{"@type":"ImageObject","inLanguage":"fr-FR","@id":"https:\/\/francois-pelletant.fr\/blog\/#\/schema\/logo\/image\/","url":"https:\/\/francois-pelletant.fr\/blog\/wp-content\/uploads\/2024\/07\/icone-francois-centre-500p.png","contentUrl":"https:\/\/francois-pelletant.fr\/blog\/wp-content\/uploads\/2024\/07\/icone-francois-centre-500p.png","width":559,"height":447,"caption":"Fran\u00e7ois Pelletant"},"image":{"@id":"https:\/\/francois-pelletant.fr\/blog\/#\/schema\/logo\/image\/"},"sameAs":["https:\/\/www.facebook.com\/francois.pelletant.7","https:\/\/x.com\/pelletant"]},{"@type":"Person","@id":"https:\/\/francois-pelletant.fr\/blog\/#\/schema\/person\/2be41acb171dff8f31aaed1f40cee9f3","name":"Francois"}]}},"_links":{"self":[{"href":"https:\/\/francois-pelletant.fr\/blog\/wp-json\/wp\/v2\/posts\/4963","targetHints":{"allow":["GET"]}}],"collection":[{"href":"https:\/\/francois-pelletant.fr\/blog\/wp-json\/wp\/v2\/posts"}],"about":[{"href":"https:\/\/francois-pelletant.fr\/blog\/wp-json\/wp\/v2\/types\/post"}],"author":[{"embeddable":true,"href":"https:\/\/francois-pelletant.fr\/blog\/wp-json\/wp\/v2\/users\/1"}],"replies":[{"embeddable":true,"href":"https:\/\/francois-pelletant.fr\/blog\/wp-json\/wp\/v2\/comments?post=4963"}],"version-history":[{"count":0,"href":"https:\/\/francois-pelletant.fr\/blog\/wp-json\/wp\/v2\/posts\/4963\/revisions"}],"wp:featuredmedia":[{"embeddable":true,"href":"https:\/\/francois-pelletant.fr\/blog\/wp-json\/wp\/v2\/media\/4965"}],"wp:attachment":[{"href":"https:\/\/francois-pelletant.fr\/blog\/wp-json\/wp\/v2\/media?parent=4963"}],"wp:term":[{"taxonomy":"category","embeddable":true,"href":"https:\/\/francois-pelletant.fr\/blog\/wp-json\/wp\/v2\/categories?post=4963"},{"taxonomy":"post_tag","embeddable":true,"href":"https:\/\/francois-pelletant.fr\/blog\/wp-json\/wp\/v2\/tags?post=4963"}],"curies":[{"name":"wp","href":"https:\/\/api.w.org\/{rel}","templated":true}]}}