{"id":5096,"date":"2015-02-01T08:37:31","date_gmt":"2015-02-01T06:37:31","guid":{"rendered":"https:\/\/francois-pelletant.fr\/blog\/?p=5096"},"modified":"2015-02-01T08:37:31","modified_gmt":"2015-02-01T06:37:31","slug":"le-meilleurs-dessins-de-presse-de-la-semaine","status":"publish","type":"post","link":"https:\/\/francois-pelletant.fr\/blog\/le-meilleurs-dessins-de-presse-de-la-semaine\/","title":{"rendered":"Le meilleurs dessins de presse de la semaine"},"content":{"rendered":"<figure id=\"attachment_5098\" aria-describedby=\"caption-attachment-5098\" style=\"width: 300px\" class=\"wp-caption alignleft\"><a href=\"https:\/\/francois-pelletant.fr\/blog\/wp-content\/uploads\/2015\/01\/Le-courrier-picard-26-janvier.jpg\"><img loading=\"lazy\" decoding=\"async\" class=\"size-medium wp-image-5098\" title=\"Le courrier picard 26 janvier\" src=\"https:\/\/francois-pelletant.fr\/blog\/wp-content\/uploads\/2015\/01\/Le-courrier-picard-26-janvier-300x256.jpg\" alt=\"\" width=\"300\" height=\"256\" \/><\/a><figcaption id=\"caption-attachment-5098\" class=\"wp-caption-text\">Le Courrier Picard 26 janvier<\/figcaption><\/figure>\n<p>Actualit\u00e9 nationale et internationale : retrouvez dans cette rubrique chaque dimanche la cr\u00e8me des dessins publi\u00e9s dans la presse fran\u00e7aise.<\/p>\n<p>&nbsp;<\/p>\n<figure id=\"attachment_5099\" aria-describedby=\"caption-attachment-5099\" style=\"width: 300px\" class=\"wp-caption aligncenter\"><a href=\"https:\/\/francois-pelletant.fr\/blog\/wp-content\/uploads\/2015\/01\/Fey-29-janvier.jpg\"><img loading=\"lazy\" decoding=\"async\" class=\"size-medium wp-image-5099\" title=\"Fey 29 janvier\" src=\"https:\/\/francois-pelletant.fr\/blog\/wp-content\/uploads\/2015\/01\/Fey-29-janvier-300x192.jpg\" alt=\"\" width=\"300\" height=\"192\" srcset=\"https:\/\/francois-pelletant.fr\/blog\/wp-content\/uploads\/2015\/01\/Fey-29-janvier-300x192.jpg 300w, https:\/\/francois-pelletant.fr\/blog\/wp-content\/uploads\/2015\/01\/Fey-29-janvier-768x492.jpg 768w, https:\/\/francois-pelletant.fr\/blog\/wp-content\/uploads\/2015\/01\/Fey-29-janvier-600x385.jpg 600w, https:\/\/francois-pelletant.fr\/blog\/wp-content\/uploads\/2015\/01\/Fey-29-janvier.jpg 958w\" sizes=\"auto, (max-width: 300px) 100vw, 300px\" \/><\/a><figcaption id=\"caption-attachment-5099\" class=\"wp-caption-text\">Fey 29 janvier<\/figcaption><\/figure>\n<p>&nbsp;<\/p>\n<figure id=\"attachment_5100\" aria-describedby=\"caption-attachment-5100\" style=\"width: 295px\" class=\"wp-caption aligncenter\"><a href=\"https:\/\/francois-pelletant.fr\/blog\/wp-content\/uploads\/2015\/01\/Le-Parisien-26-janvier.jpg\"><img loading=\"lazy\" decoding=\"async\" class=\"size-medium wp-image-5100\" title=\"Le Parisien 26 janvier\" src=\"https:\/\/francois-pelletant.fr\/blog\/wp-content\/uploads\/2015\/01\/Le-Parisien-26-janvier-295x300.jpg\" alt=\"\" width=\"295\" height=\"300\" srcset=\"https:\/\/francois-pelletant.fr\/blog\/wp-content\/uploads\/2015\/01\/Le-Parisien-26-janvier-295x300.jpg 295w, https:\/\/francois-pelletant.fr\/blog\/wp-content\/uploads\/2015\/01\/Le-Parisien-26-janvier.jpg 484w\" sizes=\"auto, (max-width: 295px) 100vw, 295px\" \/><\/a><figcaption id=\"caption-attachment-5100\" class=\"wp-caption-text\">Le Parisien 26 janvier<\/figcaption><\/figure>\n<p>&nbsp;<\/p>\n<figure id=\"attachment_5101\" aria-describedby=\"caption-attachment-5101\" style=\"width: 300px\" class=\"wp-caption aligncenter\"><a href=\"https:\/\/francois-pelletant.fr\/blog\/wp-content\/uploads\/2015\/01\/Placide-29-janvier.jpg\"><img loading=\"lazy\" decoding=\"async\" class=\"size-medium wp-image-5101\" title=\"Placide 29 janvier\" src=\"https:\/\/francois-pelletant.fr\/blog\/wp-content\/uploads\/2015\/01\/Placide-29-janvier-300x212.jpg\" alt=\"\" width=\"300\" height=\"212\" srcset=\"https:\/\/francois-pelletant.fr\/blog\/wp-content\/uploads\/2015\/01\/Placide-29-janvier-300x212.jpg 300w, https:\/\/francois-pelletant.fr\/blog\/wp-content\/uploads\/2015\/01\/Placide-29-janvier-768x543.jpg 768w, https:\/\/francois-pelletant.fr\/blog\/wp-content\/uploads\/2015\/01\/Placide-29-janvier-600x424.jpg 600w, https:\/\/francois-pelletant.fr\/blog\/wp-content\/uploads\/2015\/01\/Placide-29-janvier.jpg 834w\" sizes=\"auto, (max-width: 300px) 100vw, 300px\" \/><\/a><figcaption id=\"caption-attachment-5101\" class=\"wp-caption-text\">Placide 29 janvier<\/figcaption><\/figure>\n<p>&nbsp;<\/p>\n<figure id=\"attachment_5102\" aria-describedby=\"caption-attachment-5102\" style=\"width: 245px\" class=\"wp-caption aligncenter\"><a href=\"https:\/\/francois-pelletant.fr\/blog\/wp-content\/uploads\/2015\/01\/Rue89-29-janvier.jpg\"><img loading=\"lazy\" decoding=\"async\" class=\"size-medium wp-image-5102\" title=\"Rue89 29 janvier\" src=\"https:\/\/francois-pelletant.fr\/blog\/wp-content\/uploads\/2015\/01\/Rue89-29-janvier-245x300.jpg\" alt=\"\" width=\"245\" height=\"300\" \/><\/a><figcaption id=\"caption-attachment-5102\" class=\"wp-caption-text\">Rue89 29 janvier<\/figcaption><\/figure>\n<p>&nbsp;<\/p>\n<figure id=\"attachment_5103\" aria-describedby=\"caption-attachment-5103\" style=\"width: 300px\" class=\"wp-caption aligncenter\"><a href=\"https:\/\/francois-pelletant.fr\/blog\/wp-content\/uploads\/2015\/01\/Urtikan-27-janvier.jpg\"><img loading=\"lazy\" decoding=\"async\" class=\"size-medium wp-image-5103\" title=\"Urtikan 27 janvier\" src=\"https:\/\/francois-pelletant.fr\/blog\/wp-content\/uploads\/2015\/01\/Urtikan-27-janvier-300x300.jpg\" alt=\"\" width=\"300\" height=\"300\" srcset=\"https:\/\/francois-pelletant.fr\/blog\/wp-content\/uploads\/2015\/01\/Urtikan-27-janvier-300x300.jpg 300w, https:\/\/francois-pelletant.fr\/blog\/wp-content\/uploads\/2015\/01\/Urtikan-27-janvier-150x150.jpg 150w, https:\/\/francois-pelletant.fr\/blog\/wp-content\/uploads\/2015\/01\/Urtikan-27-janvier-230x230.jpg 230w, https:\/\/francois-pelletant.fr\/blog\/wp-content\/uploads\/2015\/01\/Urtikan-27-janvier-400x400.jpg 400w, https:\/\/francois-pelletant.fr\/blog\/wp-content\/uploads\/2015\/01\/Urtikan-27-janvier.jpg 580w\" sizes=\"auto, (max-width: 300px) 100vw, 300px\" \/><\/a><figcaption id=\"caption-attachment-5103\" class=\"wp-caption-text\">Urtikan 27 janvier<\/figcaption><\/figure>\n","protected":false},"excerpt":{"rendered":"<p>Actualit\u00e9 nationale et internationale : retrouvez dans cette rubrique chaque dimanche la cr\u00e8me des dessins publi\u00e9s dans la presse fran\u00e7aise. &nbsp; &nbsp; &nbsp; &nbsp; &nbsp;<\/p>\n","protected":false},"author":1,"featured_media":5098,"comment_status":"open","ping_status":"open","sticky":false,"template":"","format":"standard","meta":{"footnotes":""},"categories":[17],"tags":[],"class_list":["post-5096","post","type-post","status-publish","format-standard","has-post-thumbnail","hentry","category-prix-du-meilleur-dessin-de-presse"],"yoast_head":"<!-- This site is optimized with the Yoast SEO plugin v25.6 - https:\/\/yoast.com\/wordpress\/plugins\/seo\/ -->\n<title>Le meilleurs dessins de presse de la semaine - Fran\u00e7ois Pelletant<\/title>\n<meta name=\"robots\" content=\"index, follow, max-snippet:-1, max-image-preview:large, max-video-preview:-1\" \/>\n<link rel=\"canonical\" href=\"https:\/\/francois-pelletant.fr\/blog\/le-meilleurs-dessins-de-presse-de-la-semaine\/\" \/>\n<meta property=\"og:locale\" content=\"fr_FR\" \/>\n<meta property=\"og:type\" content=\"article\" \/>\n<meta property=\"og:title\" content=\"Le meilleurs dessins de presse de la semaine - Fran\u00e7ois Pelletant\" \/>\n<meta property=\"og:description\" content=\"Actualit\u00e9 nationale et internationale : retrouvez dans cette rubrique chaque dimanche la cr\u00e8me des dessins publi\u00e9s dans la presse fran\u00e7aise. &nbsp; &nbsp; &nbsp; &nbsp; &nbsp;\" \/>\n<meta property=\"og:url\" content=\"https:\/\/francois-pelletant.fr\/blog\/le-meilleurs-dessins-de-presse-de-la-semaine\/\" \/>\n<meta property=\"og:site_name\" content=\"Fran\u00e7ois Pelletant\" \/>\n<meta property=\"article:publisher\" content=\"https:\/\/www.facebook.com\/francois.pelletant.7\" \/>\n<meta property=\"article:published_time\" content=\"2015-02-01T06:37:31+00:00\" \/>\n<meta property=\"og:image\" content=\"https:\/\/francois-pelletant.fr\/blog\/wp-content\/uploads\/2015\/01\/Le-courrier-picard-26-janvier.jpg\" \/>\n\t<meta property=\"og:image:width\" content=\"580\" \/>\n\t<meta property=\"og:image:height\" content=\"496\" \/>\n\t<meta property=\"og:image:type\" content=\"image\/jpeg\" \/>\n<meta name=\"author\" content=\"Francois\" \/>\n<meta name=\"twitter:card\" content=\"summary_large_image\" \/>\n<meta name=\"twitter:creator\" content=\"@pelletant\" \/>\n<meta name=\"twitter:site\" content=\"@pelletant\" \/>\n<meta name=\"twitter:label1\" content=\"\u00c9crit par\" \/>\n\t<meta name=\"twitter:data1\" content=\"Francois\" \/>\n<script type=\"application\/ld+json\" class=\"yoast-schema-graph\">{\"@context\":\"https:\/\/schema.org\",\"@graph\":[{\"@type\":\"Article\",\"@id\":\"https:\/\/francois-pelletant.fr\/blog\/le-meilleurs-dessins-de-presse-de-la-semaine\/#article\",\"isPartOf\":{\"@id\":\"https:\/\/francois-pelletant.fr\/blog\/le-meilleurs-dessins-de-presse-de-la-semaine\/\"},\"author\":{\"name\":\"Francois\",\"@id\":\"https:\/\/francois-pelletant.fr\/blog\/#\/schema\/person\/2be41acb171dff8f31aaed1f40cee9f3\"},\"headline\":\"Le meilleurs dessins de presse de la semaine\",\"datePublished\":\"2015-02-01T06:37:31+00:00\",\"mainEntityOfPage\":{\"@id\":\"https:\/\/francois-pelletant.fr\/blog\/le-meilleurs-dessins-de-presse-de-la-semaine\/\"},\"wordCount\":98,\"commentCount\":0,\"publisher\":{\"@id\":\"https:\/\/francois-pelletant.fr\/blog\/#organization\"},\"image\":{\"@id\":\"https:\/\/francois-pelletant.fr\/blog\/le-meilleurs-dessins-de-presse-de-la-semaine\/#primaryimage\"},\"thumbnailUrl\":\"https:\/\/francois-pelletant.fr\/blog\/wp-content\/uploads\/2015\/01\/Le-courrier-picard-26-janvier.jpg\",\"articleSection\":[\"Prix du meilleur dessin de presse\"],\"inLanguage\":\"fr-FR\",\"potentialAction\":[{\"@type\":\"CommentAction\",\"name\":\"Comment\",\"target\":[\"https:\/\/francois-pelletant.fr\/blog\/le-meilleurs-dessins-de-presse-de-la-semaine\/#respond\"]}]},{\"@type\":\"WebPage\",\"@id\":\"https:\/\/francois-pelletant.fr\/blog\/le-meilleurs-dessins-de-presse-de-la-semaine\/\",\"url\":\"https:\/\/francois-pelletant.fr\/blog\/le-meilleurs-dessins-de-presse-de-la-semaine\/\",\"name\":\"Le meilleurs dessins de presse de la semaine - Fran\u00e7ois Pelletant\",\"isPartOf\":{\"@id\":\"https:\/\/francois-pelletant.fr\/blog\/#website\"},\"primaryImageOfPage\":{\"@id\":\"https:\/\/francois-pelletant.fr\/blog\/le-meilleurs-dessins-de-presse-de-la-semaine\/#primaryimage\"},\"image\":{\"@id\":\"https:\/\/francois-pelletant.fr\/blog\/le-meilleurs-dessins-de-presse-de-la-semaine\/#primaryimage\"},\"thumbnailUrl\":\"https:\/\/francois-pelletant.fr\/blog\/wp-content\/uploads\/2015\/01\/Le-courrier-picard-26-janvier.jpg\",\"datePublished\":\"2015-02-01T06:37:31+00:00\",\"breadcrumb\":{\"@id\":\"https:\/\/francois-pelletant.fr\/blog\/le-meilleurs-dessins-de-presse-de-la-semaine\/#breadcrumb\"},\"inLanguage\":\"fr-FR\",\"potentialAction\":[{\"@type\":\"ReadAction\",\"target\":[\"https:\/\/francois-pelletant.fr\/blog\/le-meilleurs-dessins-de-presse-de-la-semaine\/\"]}]},{\"@type\":\"ImageObject\",\"inLanguage\":\"fr-FR\",\"@id\":\"https:\/\/francois-pelletant.fr\/blog\/le-meilleurs-dessins-de-presse-de-la-semaine\/#primaryimage\",\"url\":\"https:\/\/francois-pelletant.fr\/blog\/wp-content\/uploads\/2015\/01\/Le-courrier-picard-26-janvier.jpg\",\"contentUrl\":\"https:\/\/francois-pelletant.fr\/blog\/wp-content\/uploads\/2015\/01\/Le-courrier-picard-26-janvier.jpg\",\"width\":580,\"height\":496,\"caption\":\"Le Courrier Picard 26 janvier\"},{\"@type\":\"BreadcrumbList\",\"@id\":\"https:\/\/francois-pelletant.fr\/blog\/le-meilleurs-dessins-de-presse-de-la-semaine\/#breadcrumb\",\"itemListElement\":[{\"@type\":\"ListItem\",\"position\":1,\"name\":\"Accueil\",\"item\":\"https:\/\/francois-pelletant.fr\/blog\/\"},{\"@type\":\"ListItem\",\"position\":2,\"name\":\"Le meilleurs dessins de presse de la semaine\"}]},{\"@type\":\"WebSite\",\"@id\":\"https:\/\/francois-pelletant.fr\/blog\/#website\",\"url\":\"https:\/\/francois-pelletant.fr\/blog\/\",\"name\":\"Fran\u00e7ois Pelletant\",\"description\":\"Maire de Linas, pour toujours.\",\"publisher\":{\"@id\":\"https:\/\/francois-pelletant.fr\/blog\/#organization\"},\"potentialAction\":[{\"@type\":\"SearchAction\",\"target\":{\"@type\":\"EntryPoint\",\"urlTemplate\":\"https:\/\/francois-pelletant.fr\/blog\/?s={search_term_string}\"},\"query-input\":{\"@type\":\"PropertyValueSpecification\",\"valueRequired\":true,\"valueName\":\"search_term_string\"}}],\"inLanguage\":\"fr-FR\"},{\"@type\":\"Organization\",\"@id\":\"https:\/\/francois-pelletant.fr\/blog\/#organization\",\"name\":\"Fran\u00e7ois Pelletant\",\"url\":\"https:\/\/francois-pelletant.fr\/blog\/\",\"logo\":{\"@type\":\"ImageObject\",\"inLanguage\":\"fr-FR\",\"@id\":\"https:\/\/francois-pelletant.fr\/blog\/#\/schema\/logo\/image\/\",\"url\":\"https:\/\/francois-pelletant.fr\/blog\/wp-content\/uploads\/2024\/07\/icone-francois-centre-500p.png\",\"contentUrl\":\"https:\/\/francois-pelletant.fr\/blog\/wp-content\/uploads\/2024\/07\/icone-francois-centre-500p.png\",\"width\":559,\"height\":447,\"caption\":\"Fran\u00e7ois Pelletant\"},\"image\":{\"@id\":\"https:\/\/francois-pelletant.fr\/blog\/#\/schema\/logo\/image\/\"},\"sameAs\":[\"https:\/\/www.facebook.com\/francois.pelletant.7\",\"https:\/\/x.com\/pelletant\"]},{\"@type\":\"Person\",\"@id\":\"https:\/\/francois-pelletant.fr\/blog\/#\/schema\/person\/2be41acb171dff8f31aaed1f40cee9f3\",\"name\":\"Francois\"}]}<\/script>\n<!-- \/ Yoast SEO plugin. -->","yoast_head_json":{"title":"Le meilleurs dessins de presse de la semaine - Fran\u00e7ois Pelletant","robots":{"index":"index","follow":"follow","max-snippet":"max-snippet:-1","max-image-preview":"max-image-preview:large","max-video-preview":"max-video-preview:-1"},"canonical":"https:\/\/francois-pelletant.fr\/blog\/le-meilleurs-dessins-de-presse-de-la-semaine\/","og_locale":"fr_FR","og_type":"article","og_title":"Le meilleurs dessins de presse de la semaine - Fran\u00e7ois Pelletant","og_description":"Actualit\u00e9 nationale et internationale : retrouvez dans cette rubrique chaque dimanche la cr\u00e8me des dessins publi\u00e9s dans la presse fran\u00e7aise. &nbsp; &nbsp; &nbsp; &nbsp; &nbsp;","og_url":"https:\/\/francois-pelletant.fr\/blog\/le-meilleurs-dessins-de-presse-de-la-semaine\/","og_site_name":"Fran\u00e7ois Pelletant","article_publisher":"https:\/\/www.facebook.com\/francois.pelletant.7","article_published_time":"2015-02-01T06:37:31+00:00","og_image":[{"width":580,"height":496,"url":"https:\/\/francois-pelletant.fr\/blog\/wp-content\/uploads\/2015\/01\/Le-courrier-picard-26-janvier.jpg","type":"image\/jpeg"}],"author":"Francois","twitter_card":"summary_large_image","twitter_creator":"@pelletant","twitter_site":"@pelletant","twitter_misc":{"\u00c9crit par":"Francois"},"schema":{"@context":"https:\/\/schema.org","@graph":[{"@type":"Article","@id":"https:\/\/francois-pelletant.fr\/blog\/le-meilleurs-dessins-de-presse-de-la-semaine\/#article","isPartOf":{"@id":"https:\/\/francois-pelletant.fr\/blog\/le-meilleurs-dessins-de-presse-de-la-semaine\/"},"author":{"name":"Francois","@id":"https:\/\/francois-pelletant.fr\/blog\/#\/schema\/person\/2be41acb171dff8f31aaed1f40cee9f3"},"headline":"Le meilleurs dessins de presse de la semaine","datePublished":"2015-02-01T06:37:31+00:00","mainEntityOfPage":{"@id":"https:\/\/francois-pelletant.fr\/blog\/le-meilleurs-dessins-de-presse-de-la-semaine\/"},"wordCount":98,"commentCount":0,"publisher":{"@id":"https:\/\/francois-pelletant.fr\/blog\/#organization"},"image":{"@id":"https:\/\/francois-pelletant.fr\/blog\/le-meilleurs-dessins-de-presse-de-la-semaine\/#primaryimage"},"thumbnailUrl":"https:\/\/francois-pelletant.fr\/blog\/wp-content\/uploads\/2015\/01\/Le-courrier-picard-26-janvier.jpg","articleSection":["Prix du meilleur dessin de presse"],"inLanguage":"fr-FR","potentialAction":[{"@type":"CommentAction","name":"Comment","target":["https:\/\/francois-pelletant.fr\/blog\/le-meilleurs-dessins-de-presse-de-la-semaine\/#respond"]}]},{"@type":"WebPage","@id":"https:\/\/francois-pelletant.fr\/blog\/le-meilleurs-dessins-de-presse-de-la-semaine\/","url":"https:\/\/francois-pelletant.fr\/blog\/le-meilleurs-dessins-de-presse-de-la-semaine\/","name":"Le meilleurs dessins de presse de la semaine - Fran\u00e7ois Pelletant","isPartOf":{"@id":"https:\/\/francois-pelletant.fr\/blog\/#website"},"primaryImageOfPage":{"@id":"https:\/\/francois-pelletant.fr\/blog\/le-meilleurs-dessins-de-presse-de-la-semaine\/#primaryimage"},"image":{"@id":"https:\/\/francois-pelletant.fr\/blog\/le-meilleurs-dessins-de-presse-de-la-semaine\/#primaryimage"},"thumbnailUrl":"https:\/\/francois-pelletant.fr\/blog\/wp-content\/uploads\/2015\/01\/Le-courrier-picard-26-janvier.jpg","datePublished":"2015-02-01T06:37:31+00:00","breadcrumb":{"@id":"https:\/\/francois-pelletant.fr\/blog\/le-meilleurs-dessins-de-presse-de-la-semaine\/#breadcrumb"},"inLanguage":"fr-FR","potentialAction":[{"@type":"ReadAction","target":["https:\/\/francois-pelletant.fr\/blog\/le-meilleurs-dessins-de-presse-de-la-semaine\/"]}]},{"@type":"ImageObject","inLanguage":"fr-FR","@id":"https:\/\/francois-pelletant.fr\/blog\/le-meilleurs-dessins-de-presse-de-la-semaine\/#primaryimage","url":"https:\/\/francois-pelletant.fr\/blog\/wp-content\/uploads\/2015\/01\/Le-courrier-picard-26-janvier.jpg","contentUrl":"https:\/\/francois-pelletant.fr\/blog\/wp-content\/uploads\/2015\/01\/Le-courrier-picard-26-janvier.jpg","width":580,"height":496,"caption":"Le Courrier Picard 26 janvier"},{"@type":"BreadcrumbList","@id":"https:\/\/francois-pelletant.fr\/blog\/le-meilleurs-dessins-de-presse-de-la-semaine\/#breadcrumb","itemListElement":[{"@type":"ListItem","position":1,"name":"Accueil","item":"https:\/\/francois-pelletant.fr\/blog\/"},{"@type":"ListItem","position":2,"name":"Le meilleurs dessins de presse de la semaine"}]},{"@type":"WebSite","@id":"https:\/\/francois-pelletant.fr\/blog\/#website","url":"https:\/\/francois-pelletant.fr\/blog\/","name":"Fran\u00e7ois Pelletant","description":"Maire de Linas, pour toujours.","publisher":{"@id":"https:\/\/francois-pelletant.fr\/blog\/#organization"},"potentialAction":[{"@type":"SearchAction","target":{"@type":"EntryPoint","urlTemplate":"https:\/\/francois-pelletant.fr\/blog\/?s={search_term_string}"},"query-input":{"@type":"PropertyValueSpecification","valueRequired":true,"valueName":"search_term_string"}}],"inLanguage":"fr-FR"},{"@type":"Organization","@id":"https:\/\/francois-pelletant.fr\/blog\/#organization","name":"Fran\u00e7ois Pelletant","url":"https:\/\/francois-pelletant.fr\/blog\/","logo":{"@type":"ImageObject","inLanguage":"fr-FR","@id":"https:\/\/francois-pelletant.fr\/blog\/#\/schema\/logo\/image\/","url":"https:\/\/francois-pelletant.fr\/blog\/wp-content\/uploads\/2024\/07\/icone-francois-centre-500p.png","contentUrl":"https:\/\/francois-pelletant.fr\/blog\/wp-content\/uploads\/2024\/07\/icone-francois-centre-500p.png","width":559,"height":447,"caption":"Fran\u00e7ois Pelletant"},"image":{"@id":"https:\/\/francois-pelletant.fr\/blog\/#\/schema\/logo\/image\/"},"sameAs":["https:\/\/www.facebook.com\/francois.pelletant.7","https:\/\/x.com\/pelletant"]},{"@type":"Person","@id":"https:\/\/francois-pelletant.fr\/blog\/#\/schema\/person\/2be41acb171dff8f31aaed1f40cee9f3","name":"Francois"}]}},"_links":{"self":[{"href":"https:\/\/francois-pelletant.fr\/blog\/wp-json\/wp\/v2\/posts\/5096","targetHints":{"allow":["GET"]}}],"collection":[{"href":"https:\/\/francois-pelletant.fr\/blog\/wp-json\/wp\/v2\/posts"}],"about":[{"href":"https:\/\/francois-pelletant.fr\/blog\/wp-json\/wp\/v2\/types\/post"}],"author":[{"embeddable":true,"href":"https:\/\/francois-pelletant.fr\/blog\/wp-json\/wp\/v2\/users\/1"}],"replies":[{"embeddable":true,"href":"https:\/\/francois-pelletant.fr\/blog\/wp-json\/wp\/v2\/comments?post=5096"}],"version-history":[{"count":0,"href":"https:\/\/francois-pelletant.fr\/blog\/wp-json\/wp\/v2\/posts\/5096\/revisions"}],"wp:featuredmedia":[{"embeddable":true,"href":"https:\/\/francois-pelletant.fr\/blog\/wp-json\/wp\/v2\/media\/5098"}],"wp:attachment":[{"href":"https:\/\/francois-pelletant.fr\/blog\/wp-json\/wp\/v2\/media?parent=5096"}],"wp:term":[{"taxonomy":"category","embeddable":true,"href":"https:\/\/francois-pelletant.fr\/blog\/wp-json\/wp\/v2\/categories?post=5096"},{"taxonomy":"post_tag","embeddable":true,"href":"https:\/\/francois-pelletant.fr\/blog\/wp-json\/wp\/v2\/tags?post=5096"}],"curies":[{"name":"wp","href":"https:\/\/api.w.org\/{rel}","templated":true}]}}