{"id":5317,"date":"2015-03-31T09:33:31","date_gmt":"2015-03-31T07:33:31","guid":{"rendered":"https:\/\/francois-pelletant.fr\/blog\/?p=5317"},"modified":"2017-05-04T08:56:46","modified_gmt":"2017-05-04T08:56:46","slug":"fibre-optique-reunion-publique-nozay","status":"publish","type":"post","link":"https:\/\/francois-pelletant.fr\/blog\/fibre-optique-reunion-publique-nozay\/","title":{"rendered":"Fibre optique : r\u00e9union publique \u00e0 Nozay"},"content":{"rendered":"<p><a href=\"https:\/\/francois-pelletant.fr\/blog\/wp-content\/uploads\/2015\/03\/affiche-reunion-publique-nozay1.jpg\"><img loading=\"lazy\" decoding=\"async\" class=\"alignleft size-medium wp-image-5318\" title=\"affiche-reunion-publique-nozay\" src=\"https:\/\/francois-pelletant.fr\/blog\/wp-content\/uploads\/2015\/03\/affiche-reunion-publique-nozay1-212x300.jpg\" alt=\"\" width=\"212\" height=\"300\" srcset=\"https:\/\/francois-pelletant.fr\/blog\/wp-content\/uploads\/2015\/03\/affiche-reunion-publique-nozay1-212x300.jpg 212w, https:\/\/francois-pelletant.fr\/blog\/wp-content\/uploads\/2015\/03\/affiche-reunion-publique-nozay1-724x1024.jpg 724w, https:\/\/francois-pelletant.fr\/blog\/wp-content\/uploads\/2015\/03\/affiche-reunion-publique-nozay1-768x1086.jpg 768w, https:\/\/francois-pelletant.fr\/blog\/wp-content\/uploads\/2015\/03\/affiche-reunion-publique-nozay1-600x849.jpg 600w, https:\/\/francois-pelletant.fr\/blog\/wp-content\/uploads\/2015\/03\/affiche-reunion-publique-nozay1-1086x1536.jpg 1086w, https:\/\/francois-pelletant.fr\/blog\/wp-content\/uploads\/2015\/03\/affiche-reunion-publique-nozay1-1448x2048.jpg 1448w, https:\/\/francois-pelletant.fr\/blog\/wp-content\/uploads\/2015\/03\/affiche-reunion-publique-nozay1-scaled.jpg 1810w\" sizes=\"auto, (max-width: 212px) 100vw, 212px\" \/><\/a><\/p>\n<h3>La fibre optique est arriv\u00e9e !<\/h3>\n<p>Nous vous donnons rendez-vous ce mardi \u00e0 19h30 au centre culturel Robert Hossein de Nozay. En effet, une r\u00e9union d&#8217;information sur l&#8217;arriv\u00e9e du Tr\u00e8s Haut D\u00e9bit y est pr\u00e9vue. Entr\u00e9 libre. Vous pourrez en savoir plus sur l\u2019arriv\u00e9e du Tr\u00e8s Haut D\u00e9bit \u00e0 Nozay et sur les modalit\u00e9s de raccordement de la fibre optique jusqu\u2019\u00e0 votre domicile. Cette r\u00e9union sera aussi l\u2019occasion de rencontrer et d\u2019\u00e9changer avec les op\u00e9rateurs qui proposeront une offre de fibre optique aux habitants.<\/p>\n<p>Les personnes qui le d\u00e9sirent pourront \u00e9galement souscrire des abonnements lors de cette soir\u00e9e.<\/p>\n<p>Pour tout savoir et connaitre votre \u00e9ligibilit\u00e9 \u00e0 la vibre visitez la page d\u00e9di\u00e9e de mon blog <a href=\"http:\/\/pelletant.fr\/fibre\" target=\"_blank\" data-saferedirecturl=\"https:\/\/www.google.com\/url?hl=fr&amp;q=http:\/\/pelletant.fr\/fibre&amp;source=gmail&amp;ust=1488296007446000&amp;usg=AFQjCNGCLjMF_jhtx0mX9502BwvDSncc5Q\" rel=\"nofollow\">pelletant.fr\/fibre<\/a><\/p>\n","protected":false},"excerpt":{"rendered":"<p>La fibre optique est arriv\u00e9e ! Nous vous donnons rendez-vous ce mardi \u00e0 19h30 au centre culturel Robert Hossein de Nozay. En effet, une r\u00e9union d&#8217;information sur l&#8217;arriv\u00e9e du Tr\u00e8s Haut D\u00e9bit y est pr\u00e9vue. Entr\u00e9 libre. Vous pourrez en savoir plus sur l\u2019arriv\u00e9e du Tr\u00e8s Haut D\u00e9bit \u00e0 Nozay et sur les modalit\u00e9s de [&hellip;]<\/p>\n","protected":false},"author":1,"featured_media":5318,"comment_status":"open","ping_status":"open","sticky":false,"template":"","format":"standard","meta":{"footnotes":""},"categories":[23],"tags":[],"class_list":["post-5317","post","type-post","status-publish","format-standard","has-post-thumbnail","hentry","category-thd"],"yoast_head":"<!-- This site is optimized with the Yoast SEO plugin v25.6 - https:\/\/yoast.com\/wordpress\/plugins\/seo\/ -->\n<title>Fibre optique : r\u00e9union publique \u00e0 Nozay - Fran\u00e7ois Pelletant<\/title>\n<meta name=\"description\" content=\"Nozay : Une r\u00e9union d\u2019information sur les modalit\u00e9s de raccordement aura lieu, suite \u00e0 l&#039;arriv\u00e9e de la fibre optique.\" \/>\n<meta name=\"robots\" content=\"index, follow, max-snippet:-1, max-image-preview:large, max-video-preview:-1\" \/>\n<link rel=\"canonical\" href=\"https:\/\/francois-pelletant.fr\/blog\/fibre-optique-reunion-publique-nozay\/\" \/>\n<meta property=\"og:locale\" content=\"fr_FR\" \/>\n<meta property=\"og:type\" content=\"article\" \/>\n<meta property=\"og:title\" content=\"Fibre optique : r\u00e9union publique \u00e0 Nozay - Fran\u00e7ois Pelletant\" \/>\n<meta property=\"og:description\" content=\"Nozay : Une r\u00e9union d\u2019information sur les modalit\u00e9s de raccordement aura lieu, suite \u00e0 l&#039;arriv\u00e9e de la fibre optique.\" \/>\n<meta property=\"og:url\" content=\"https:\/\/francois-pelletant.fr\/blog\/fibre-optique-reunion-publique-nozay\/\" \/>\n<meta property=\"og:site_name\" content=\"Fran\u00e7ois Pelletant\" \/>\n<meta property=\"article:publisher\" content=\"https:\/\/www.facebook.com\/francois.pelletant.7\" \/>\n<meta property=\"article:published_time\" content=\"2015-03-31T07:33:31+00:00\" \/>\n<meta property=\"article:modified_time\" content=\"2017-05-04T08:56:46+00:00\" \/>\n<meta property=\"og:image\" content=\"https:\/\/francois-pelletant.fr\/blog\/wp-content\/uploads\/2015\/03\/affiche-reunion-publique-nozay1-scaled.jpg\" \/>\n\t<meta property=\"og:image:width\" content=\"1810\" \/>\n\t<meta property=\"og:image:height\" content=\"2560\" \/>\n\t<meta property=\"og:image:type\" content=\"image\/jpeg\" \/>\n<meta name=\"author\" content=\"Francois\" \/>\n<meta name=\"twitter:card\" content=\"summary_large_image\" \/>\n<meta name=\"twitter:creator\" content=\"@pelletant\" \/>\n<meta name=\"twitter:site\" content=\"@pelletant\" \/>\n<meta name=\"twitter:label1\" content=\"\u00c9crit par\" \/>\n\t<meta name=\"twitter:data1\" content=\"Francois\" \/>\n\t<meta name=\"twitter:label2\" content=\"Dur\u00e9e de lecture estim\u00e9e\" \/>\n\t<meta name=\"twitter:data2\" content=\"1 minute\" \/>\n<script type=\"application\/ld+json\" class=\"yoast-schema-graph\">{\"@context\":\"https:\/\/schema.org\",\"@graph\":[{\"@type\":\"Article\",\"@id\":\"https:\/\/francois-pelletant.fr\/blog\/fibre-optique-reunion-publique-nozay\/#article\",\"isPartOf\":{\"@id\":\"https:\/\/francois-pelletant.fr\/blog\/fibre-optique-reunion-publique-nozay\/\"},\"author\":{\"name\":\"Francois\",\"@id\":\"https:\/\/francois-pelletant.fr\/blog\/#\/schema\/person\/2be41acb171dff8f31aaed1f40cee9f3\"},\"headline\":\"Fibre optique : r\u00e9union publique \u00e0 Nozay\",\"datePublished\":\"2015-03-31T07:33:31+00:00\",\"dateModified\":\"2017-05-04T08:56:46+00:00\",\"mainEntityOfPage\":{\"@id\":\"https:\/\/francois-pelletant.fr\/blog\/fibre-optique-reunion-publique-nozay\/\"},\"wordCount\":141,\"commentCount\":0,\"publisher\":{\"@id\":\"https:\/\/francois-pelletant.fr\/blog\/#organization\"},\"image\":{\"@id\":\"https:\/\/francois-pelletant.fr\/blog\/fibre-optique-reunion-publique-nozay\/#primaryimage\"},\"thumbnailUrl\":\"https:\/\/francois-pelletant.fr\/blog\/wp-content\/uploads\/2015\/03\/affiche-reunion-publique-nozay1-scaled.jpg\",\"articleSection\":[\"Tr\u00e8s Haut D\u00e9bit\"],\"inLanguage\":\"fr-FR\",\"potentialAction\":[{\"@type\":\"CommentAction\",\"name\":\"Comment\",\"target\":[\"https:\/\/francois-pelletant.fr\/blog\/fibre-optique-reunion-publique-nozay\/#respond\"]}]},{\"@type\":\"WebPage\",\"@id\":\"https:\/\/francois-pelletant.fr\/blog\/fibre-optique-reunion-publique-nozay\/\",\"url\":\"https:\/\/francois-pelletant.fr\/blog\/fibre-optique-reunion-publique-nozay\/\",\"name\":\"Fibre optique : r\u00e9union publique \u00e0 Nozay - Fran\u00e7ois Pelletant\",\"isPartOf\":{\"@id\":\"https:\/\/francois-pelletant.fr\/blog\/#website\"},\"primaryImageOfPage\":{\"@id\":\"https:\/\/francois-pelletant.fr\/blog\/fibre-optique-reunion-publique-nozay\/#primaryimage\"},\"image\":{\"@id\":\"https:\/\/francois-pelletant.fr\/blog\/fibre-optique-reunion-publique-nozay\/#primaryimage\"},\"thumbnailUrl\":\"https:\/\/francois-pelletant.fr\/blog\/wp-content\/uploads\/2015\/03\/affiche-reunion-publique-nozay1-scaled.jpg\",\"datePublished\":\"2015-03-31T07:33:31+00:00\",\"dateModified\":\"2017-05-04T08:56:46+00:00\",\"description\":\"Nozay : Une r\u00e9union d\u2019information sur les modalit\u00e9s de raccordement aura lieu, suite \u00e0 l'arriv\u00e9e de la fibre optique.\",\"breadcrumb\":{\"@id\":\"https:\/\/francois-pelletant.fr\/blog\/fibre-optique-reunion-publique-nozay\/#breadcrumb\"},\"inLanguage\":\"fr-FR\",\"potentialAction\":[{\"@type\":\"ReadAction\",\"target\":[\"https:\/\/francois-pelletant.fr\/blog\/fibre-optique-reunion-publique-nozay\/\"]}]},{\"@type\":\"ImageObject\",\"inLanguage\":\"fr-FR\",\"@id\":\"https:\/\/francois-pelletant.fr\/blog\/fibre-optique-reunion-publique-nozay\/#primaryimage\",\"url\":\"https:\/\/francois-pelletant.fr\/blog\/wp-content\/uploads\/2015\/03\/affiche-reunion-publique-nozay1-scaled.jpg\",\"contentUrl\":\"https:\/\/francois-pelletant.fr\/blog\/wp-content\/uploads\/2015\/03\/affiche-reunion-publique-nozay1-scaled.jpg\",\"width\":1810,\"height\":2560},{\"@type\":\"BreadcrumbList\",\"@id\":\"https:\/\/francois-pelletant.fr\/blog\/fibre-optique-reunion-publique-nozay\/#breadcrumb\",\"itemListElement\":[{\"@type\":\"ListItem\",\"position\":1,\"name\":\"Accueil\",\"item\":\"https:\/\/francois-pelletant.fr\/blog\/\"},{\"@type\":\"ListItem\",\"position\":2,\"name\":\"Fibre optique : r\u00e9union publique \u00e0 Nozay\"}]},{\"@type\":\"WebSite\",\"@id\":\"https:\/\/francois-pelletant.fr\/blog\/#website\",\"url\":\"https:\/\/francois-pelletant.fr\/blog\/\",\"name\":\"Fran\u00e7ois Pelletant\",\"description\":\"Maire de Linas, pour toujours.\",\"publisher\":{\"@id\":\"https:\/\/francois-pelletant.fr\/blog\/#organization\"},\"potentialAction\":[{\"@type\":\"SearchAction\",\"target\":{\"@type\":\"EntryPoint\",\"urlTemplate\":\"https:\/\/francois-pelletant.fr\/blog\/?s={search_term_string}\"},\"query-input\":{\"@type\":\"PropertyValueSpecification\",\"valueRequired\":true,\"valueName\":\"search_term_string\"}}],\"inLanguage\":\"fr-FR\"},{\"@type\":\"Organization\",\"@id\":\"https:\/\/francois-pelletant.fr\/blog\/#organization\",\"name\":\"Fran\u00e7ois Pelletant\",\"url\":\"https:\/\/francois-pelletant.fr\/blog\/\",\"logo\":{\"@type\":\"ImageObject\",\"inLanguage\":\"fr-FR\",\"@id\":\"https:\/\/francois-pelletant.fr\/blog\/#\/schema\/logo\/image\/\",\"url\":\"https:\/\/francois-pelletant.fr\/blog\/wp-content\/uploads\/2024\/07\/icone-francois-centre-500p.png\",\"contentUrl\":\"https:\/\/francois-pelletant.fr\/blog\/wp-content\/uploads\/2024\/07\/icone-francois-centre-500p.png\",\"width\":559,\"height\":447,\"caption\":\"Fran\u00e7ois Pelletant\"},\"image\":{\"@id\":\"https:\/\/francois-pelletant.fr\/blog\/#\/schema\/logo\/image\/\"},\"sameAs\":[\"https:\/\/www.facebook.com\/francois.pelletant.7\",\"https:\/\/x.com\/pelletant\"]},{\"@type\":\"Person\",\"@id\":\"https:\/\/francois-pelletant.fr\/blog\/#\/schema\/person\/2be41acb171dff8f31aaed1f40cee9f3\",\"name\":\"Francois\"}]}<\/script>\n<!-- \/ Yoast SEO plugin. -->","yoast_head_json":{"title":"Fibre optique : r\u00e9union publique \u00e0 Nozay - Fran\u00e7ois Pelletant","description":"Nozay : Une r\u00e9union d\u2019information sur les modalit\u00e9s de raccordement aura lieu, suite \u00e0 l'arriv\u00e9e de la fibre optique.","robots":{"index":"index","follow":"follow","max-snippet":"max-snippet:-1","max-image-preview":"max-image-preview:large","max-video-preview":"max-video-preview:-1"},"canonical":"https:\/\/francois-pelletant.fr\/blog\/fibre-optique-reunion-publique-nozay\/","og_locale":"fr_FR","og_type":"article","og_title":"Fibre optique : r\u00e9union publique \u00e0 Nozay - Fran\u00e7ois Pelletant","og_description":"Nozay : Une r\u00e9union d\u2019information sur les modalit\u00e9s de raccordement aura lieu, suite \u00e0 l'arriv\u00e9e de la fibre optique.","og_url":"https:\/\/francois-pelletant.fr\/blog\/fibre-optique-reunion-publique-nozay\/","og_site_name":"Fran\u00e7ois Pelletant","article_publisher":"https:\/\/www.facebook.com\/francois.pelletant.7","article_published_time":"2015-03-31T07:33:31+00:00","article_modified_time":"2017-05-04T08:56:46+00:00","og_image":[{"width":1810,"height":2560,"url":"https:\/\/francois-pelletant.fr\/blog\/wp-content\/uploads\/2015\/03\/affiche-reunion-publique-nozay1-scaled.jpg","type":"image\/jpeg"}],"author":"Francois","twitter_card":"summary_large_image","twitter_creator":"@pelletant","twitter_site":"@pelletant","twitter_misc":{"\u00c9crit par":"Francois","Dur\u00e9e de lecture estim\u00e9e":"1 minute"},"schema":{"@context":"https:\/\/schema.org","@graph":[{"@type":"Article","@id":"https:\/\/francois-pelletant.fr\/blog\/fibre-optique-reunion-publique-nozay\/#article","isPartOf":{"@id":"https:\/\/francois-pelletant.fr\/blog\/fibre-optique-reunion-publique-nozay\/"},"author":{"name":"Francois","@id":"https:\/\/francois-pelletant.fr\/blog\/#\/schema\/person\/2be41acb171dff8f31aaed1f40cee9f3"},"headline":"Fibre optique : r\u00e9union publique \u00e0 Nozay","datePublished":"2015-03-31T07:33:31+00:00","dateModified":"2017-05-04T08:56:46+00:00","mainEntityOfPage":{"@id":"https:\/\/francois-pelletant.fr\/blog\/fibre-optique-reunion-publique-nozay\/"},"wordCount":141,"commentCount":0,"publisher":{"@id":"https:\/\/francois-pelletant.fr\/blog\/#organization"},"image":{"@id":"https:\/\/francois-pelletant.fr\/blog\/fibre-optique-reunion-publique-nozay\/#primaryimage"},"thumbnailUrl":"https:\/\/francois-pelletant.fr\/blog\/wp-content\/uploads\/2015\/03\/affiche-reunion-publique-nozay1-scaled.jpg","articleSection":["Tr\u00e8s Haut D\u00e9bit"],"inLanguage":"fr-FR","potentialAction":[{"@type":"CommentAction","name":"Comment","target":["https:\/\/francois-pelletant.fr\/blog\/fibre-optique-reunion-publique-nozay\/#respond"]}]},{"@type":"WebPage","@id":"https:\/\/francois-pelletant.fr\/blog\/fibre-optique-reunion-publique-nozay\/","url":"https:\/\/francois-pelletant.fr\/blog\/fibre-optique-reunion-publique-nozay\/","name":"Fibre optique : r\u00e9union publique \u00e0 Nozay - Fran\u00e7ois Pelletant","isPartOf":{"@id":"https:\/\/francois-pelletant.fr\/blog\/#website"},"primaryImageOfPage":{"@id":"https:\/\/francois-pelletant.fr\/blog\/fibre-optique-reunion-publique-nozay\/#primaryimage"},"image":{"@id":"https:\/\/francois-pelletant.fr\/blog\/fibre-optique-reunion-publique-nozay\/#primaryimage"},"thumbnailUrl":"https:\/\/francois-pelletant.fr\/blog\/wp-content\/uploads\/2015\/03\/affiche-reunion-publique-nozay1-scaled.jpg","datePublished":"2015-03-31T07:33:31+00:00","dateModified":"2017-05-04T08:56:46+00:00","description":"Nozay : Une r\u00e9union d\u2019information sur les modalit\u00e9s de raccordement aura lieu, suite \u00e0 l'arriv\u00e9e de la fibre optique.","breadcrumb":{"@id":"https:\/\/francois-pelletant.fr\/blog\/fibre-optique-reunion-publique-nozay\/#breadcrumb"},"inLanguage":"fr-FR","potentialAction":[{"@type":"ReadAction","target":["https:\/\/francois-pelletant.fr\/blog\/fibre-optique-reunion-publique-nozay\/"]}]},{"@type":"ImageObject","inLanguage":"fr-FR","@id":"https:\/\/francois-pelletant.fr\/blog\/fibre-optique-reunion-publique-nozay\/#primaryimage","url":"https:\/\/francois-pelletant.fr\/blog\/wp-content\/uploads\/2015\/03\/affiche-reunion-publique-nozay1-scaled.jpg","contentUrl":"https:\/\/francois-pelletant.fr\/blog\/wp-content\/uploads\/2015\/03\/affiche-reunion-publique-nozay1-scaled.jpg","width":1810,"height":2560},{"@type":"BreadcrumbList","@id":"https:\/\/francois-pelletant.fr\/blog\/fibre-optique-reunion-publique-nozay\/#breadcrumb","itemListElement":[{"@type":"ListItem","position":1,"name":"Accueil","item":"https:\/\/francois-pelletant.fr\/blog\/"},{"@type":"ListItem","position":2,"name":"Fibre optique : r\u00e9union publique \u00e0 Nozay"}]},{"@type":"WebSite","@id":"https:\/\/francois-pelletant.fr\/blog\/#website","url":"https:\/\/francois-pelletant.fr\/blog\/","name":"Fran\u00e7ois Pelletant","description":"Maire de Linas, pour toujours.","publisher":{"@id":"https:\/\/francois-pelletant.fr\/blog\/#organization"},"potentialAction":[{"@type":"SearchAction","target":{"@type":"EntryPoint","urlTemplate":"https:\/\/francois-pelletant.fr\/blog\/?s={search_term_string}"},"query-input":{"@type":"PropertyValueSpecification","valueRequired":true,"valueName":"search_term_string"}}],"inLanguage":"fr-FR"},{"@type":"Organization","@id":"https:\/\/francois-pelletant.fr\/blog\/#organization","name":"Fran\u00e7ois Pelletant","url":"https:\/\/francois-pelletant.fr\/blog\/","logo":{"@type":"ImageObject","inLanguage":"fr-FR","@id":"https:\/\/francois-pelletant.fr\/blog\/#\/schema\/logo\/image\/","url":"https:\/\/francois-pelletant.fr\/blog\/wp-content\/uploads\/2024\/07\/icone-francois-centre-500p.png","contentUrl":"https:\/\/francois-pelletant.fr\/blog\/wp-content\/uploads\/2024\/07\/icone-francois-centre-500p.png","width":559,"height":447,"caption":"Fran\u00e7ois Pelletant"},"image":{"@id":"https:\/\/francois-pelletant.fr\/blog\/#\/schema\/logo\/image\/"},"sameAs":["https:\/\/www.facebook.com\/francois.pelletant.7","https:\/\/x.com\/pelletant"]},{"@type":"Person","@id":"https:\/\/francois-pelletant.fr\/blog\/#\/schema\/person\/2be41acb171dff8f31aaed1f40cee9f3","name":"Francois"}]}},"_links":{"self":[{"href":"https:\/\/francois-pelletant.fr\/blog\/wp-json\/wp\/v2\/posts\/5317","targetHints":{"allow":["GET"]}}],"collection":[{"href":"https:\/\/francois-pelletant.fr\/blog\/wp-json\/wp\/v2\/posts"}],"about":[{"href":"https:\/\/francois-pelletant.fr\/blog\/wp-json\/wp\/v2\/types\/post"}],"author":[{"embeddable":true,"href":"https:\/\/francois-pelletant.fr\/blog\/wp-json\/wp\/v2\/users\/1"}],"replies":[{"embeddable":true,"href":"https:\/\/francois-pelletant.fr\/blog\/wp-json\/wp\/v2\/comments?post=5317"}],"version-history":[{"count":0,"href":"https:\/\/francois-pelletant.fr\/blog\/wp-json\/wp\/v2\/posts\/5317\/revisions"}],"wp:featuredmedia":[{"embeddable":true,"href":"https:\/\/francois-pelletant.fr\/blog\/wp-json\/wp\/v2\/media\/5318"}],"wp:attachment":[{"href":"https:\/\/francois-pelletant.fr\/blog\/wp-json\/wp\/v2\/media?parent=5317"}],"wp:term":[{"taxonomy":"category","embeddable":true,"href":"https:\/\/francois-pelletant.fr\/blog\/wp-json\/wp\/v2\/categories?post=5317"},{"taxonomy":"post_tag","embeddable":true,"href":"https:\/\/francois-pelletant.fr\/blog\/wp-json\/wp\/v2\/tags?post=5317"}],"curies":[{"name":"wp","href":"https:\/\/api.w.org\/{rel}","templated":true}]}}