{"id":5367,"date":"2015-04-22T08:08:45","date_gmt":"2015-04-22T06:08:45","guid":{"rendered":"https:\/\/francois-pelletant.fr\/blog\/?p=5367"},"modified":"2017-05-03T13:35:40","modified_gmt":"2017-05-03T13:35:40","slug":"14-juillet-participez","status":"publish","type":"post","link":"https:\/\/francois-pelletant.fr\/blog\/14-juillet-participez\/","title":{"rendered":"14 juillet : participez !"},"content":{"rendered":"<p><a href=\"https:\/\/francois-pelletant.fr\/blog\/wp-content\/uploads\/2015\/04\/14-juillet.jpg\"><img loading=\"lazy\" decoding=\"async\" class=\"alignleft size-medium wp-image-5368\" title=\"14 juillet\" src=\"https:\/\/francois-pelletant.fr\/blog\/wp-content\/uploads\/2015\/04\/14-juillet-300x176.jpg\" alt=\"\" width=\"300\" height=\"176\" \/><\/a><\/p>\n<h2>La troupe du 14 juillet c\u00e9l\u00e8bre la F\u00eate Nationale<\/h2>\n<p>Depuis 4 d\u00e9cennies, la troupe du 14 juillet de Linas organise un spectacle Son et Lumi\u00e8re la veille au soir de la F\u00eate Nationale. Devenez acteur, figurant, technicien ou d\u00e9corateur de ce spectacle exceptionnel et unique. Vivez une exp\u00e9rience humaine hors du commun et un moment de f\u00eate et de communion. Si vous \u00eates int\u00e9ress\u00e9s, contactez sans tarder le 01.69.80.14.19.<\/p>\n","protected":false},"excerpt":{"rendered":"<p>La troupe du 14 juillet c\u00e9l\u00e8bre la F\u00eate Nationale Depuis 4 d\u00e9cennies, la troupe du 14 juillet de Linas organise un spectacle Son et Lumi\u00e8re la veille au soir de la F\u00eate Nationale. Devenez acteur, figurant, technicien ou d\u00e9corateur de ce spectacle exceptionnel et unique. Vivez une exp\u00e9rience humaine hors du commun et un moment [&hellip;]<\/p>\n","protected":false},"author":1,"featured_media":5368,"comment_status":"open","ping_status":"open","sticky":false,"template":"","format":"standard","meta":{"footnotes":""},"categories":[10],"tags":[],"class_list":["post-5367","post","type-post","status-publish","format-standard","has-post-thumbnail","hentry","category-1pelletant"],"yoast_head":"<!-- This site is optimized with the Yoast SEO plugin v25.6 - https:\/\/yoast.com\/wordpress\/plugins\/seo\/ -->\n<title>14 juillet : participez ! - Fran\u00e7ois Pelletant<\/title>\n<meta name=\"description\" content=\"En partenariat avec la troupe du 14 juillet la ville de Linas organise un spectacle Son et Lumi\u00e8re \u00e0 l&#039;occasion de la f\u00eate Nationale.\" \/>\n<meta name=\"robots\" content=\"index, follow, max-snippet:-1, max-image-preview:large, max-video-preview:-1\" \/>\n<link rel=\"canonical\" href=\"https:\/\/francois-pelletant.fr\/blog\/14-juillet-participez\/\" \/>\n<meta property=\"og:locale\" content=\"fr_FR\" \/>\n<meta property=\"og:type\" content=\"article\" \/>\n<meta property=\"og:title\" content=\"14 juillet : participez ! - Fran\u00e7ois Pelletant\" \/>\n<meta property=\"og:description\" content=\"En partenariat avec la troupe du 14 juillet la ville de Linas organise un spectacle Son et Lumi\u00e8re \u00e0 l&#039;occasion de la f\u00eate Nationale.\" \/>\n<meta property=\"og:url\" content=\"https:\/\/francois-pelletant.fr\/blog\/14-juillet-participez\/\" \/>\n<meta property=\"og:site_name\" content=\"Fran\u00e7ois Pelletant\" \/>\n<meta property=\"article:publisher\" content=\"https:\/\/www.facebook.com\/francois.pelletant.7\" \/>\n<meta property=\"article:published_time\" content=\"2015-04-22T06:08:45+00:00\" \/>\n<meta property=\"article:modified_time\" content=\"2017-05-03T13:35:40+00:00\" \/>\n<meta property=\"og:image\" content=\"https:\/\/francois-pelletant.fr\/blog\/wp-content\/uploads\/2015\/04\/14-juillet-scaled.jpg\" \/>\n\t<meta property=\"og:image:width\" content=\"2560\" \/>\n\t<meta property=\"og:image:height\" content=\"1510\" \/>\n\t<meta property=\"og:image:type\" content=\"image\/jpeg\" \/>\n<meta name=\"author\" content=\"Francois\" \/>\n<meta name=\"twitter:card\" content=\"summary_large_image\" \/>\n<meta name=\"twitter:creator\" content=\"@pelletant\" \/>\n<meta name=\"twitter:site\" content=\"@pelletant\" \/>\n<meta name=\"twitter:label1\" content=\"\u00c9crit par\" \/>\n\t<meta name=\"twitter:data1\" content=\"Francois\" \/>\n<script type=\"application\/ld+json\" class=\"yoast-schema-graph\">{\"@context\":\"https:\/\/schema.org\",\"@graph\":[{\"@type\":\"Article\",\"@id\":\"https:\/\/francois-pelletant.fr\/blog\/14-juillet-participez\/#article\",\"isPartOf\":{\"@id\":\"https:\/\/francois-pelletant.fr\/blog\/14-juillet-participez\/\"},\"author\":{\"name\":\"Francois\",\"@id\":\"https:\/\/francois-pelletant.fr\/blog\/#\/schema\/person\/2be41acb171dff8f31aaed1f40cee9f3\"},\"headline\":\"14 juillet : participez !\",\"datePublished\":\"2015-04-22T06:08:45+00:00\",\"dateModified\":\"2017-05-03T13:35:40+00:00\",\"mainEntityOfPage\":{\"@id\":\"https:\/\/francois-pelletant.fr\/blog\/14-juillet-participez\/\"},\"wordCount\":78,\"commentCount\":0,\"publisher\":{\"@id\":\"https:\/\/francois-pelletant.fr\/blog\/#organization\"},\"image\":{\"@id\":\"https:\/\/francois-pelletant.fr\/blog\/14-juillet-participez\/#primaryimage\"},\"thumbnailUrl\":\"https:\/\/francois-pelletant.fr\/blog\/wp-content\/uploads\/2015\/04\/14-juillet-scaled.jpg\",\"articleSection\":[\"Infos\"],\"inLanguage\":\"fr-FR\",\"potentialAction\":[{\"@type\":\"CommentAction\",\"name\":\"Comment\",\"target\":[\"https:\/\/francois-pelletant.fr\/blog\/14-juillet-participez\/#respond\"]}]},{\"@type\":\"WebPage\",\"@id\":\"https:\/\/francois-pelletant.fr\/blog\/14-juillet-participez\/\",\"url\":\"https:\/\/francois-pelletant.fr\/blog\/14-juillet-participez\/\",\"name\":\"14 juillet : participez ! - Fran\u00e7ois Pelletant\",\"isPartOf\":{\"@id\":\"https:\/\/francois-pelletant.fr\/blog\/#website\"},\"primaryImageOfPage\":{\"@id\":\"https:\/\/francois-pelletant.fr\/blog\/14-juillet-participez\/#primaryimage\"},\"image\":{\"@id\":\"https:\/\/francois-pelletant.fr\/blog\/14-juillet-participez\/#primaryimage\"},\"thumbnailUrl\":\"https:\/\/francois-pelletant.fr\/blog\/wp-content\/uploads\/2015\/04\/14-juillet-scaled.jpg\",\"datePublished\":\"2015-04-22T06:08:45+00:00\",\"dateModified\":\"2017-05-03T13:35:40+00:00\",\"description\":\"En partenariat avec la troupe du 14 juillet la ville de Linas organise un spectacle Son et Lumi\u00e8re \u00e0 l'occasion de la f\u00eate Nationale.\",\"breadcrumb\":{\"@id\":\"https:\/\/francois-pelletant.fr\/blog\/14-juillet-participez\/#breadcrumb\"},\"inLanguage\":\"fr-FR\",\"potentialAction\":[{\"@type\":\"ReadAction\",\"target\":[\"https:\/\/francois-pelletant.fr\/blog\/14-juillet-participez\/\"]}]},{\"@type\":\"ImageObject\",\"inLanguage\":\"fr-FR\",\"@id\":\"https:\/\/francois-pelletant.fr\/blog\/14-juillet-participez\/#primaryimage\",\"url\":\"https:\/\/francois-pelletant.fr\/blog\/wp-content\/uploads\/2015\/04\/14-juillet-scaled.jpg\",\"contentUrl\":\"https:\/\/francois-pelletant.fr\/blog\/wp-content\/uploads\/2015\/04\/14-juillet-scaled.jpg\",\"width\":2560,\"height\":1510},{\"@type\":\"BreadcrumbList\",\"@id\":\"https:\/\/francois-pelletant.fr\/blog\/14-juillet-participez\/#breadcrumb\",\"itemListElement\":[{\"@type\":\"ListItem\",\"position\":1,\"name\":\"Accueil\",\"item\":\"https:\/\/francois-pelletant.fr\/blog\/\"},{\"@type\":\"ListItem\",\"position\":2,\"name\":\"14 juillet : participez !\"}]},{\"@type\":\"WebSite\",\"@id\":\"https:\/\/francois-pelletant.fr\/blog\/#website\",\"url\":\"https:\/\/francois-pelletant.fr\/blog\/\",\"name\":\"Fran\u00e7ois Pelletant\",\"description\":\"Maire de Linas, pour toujours.\",\"publisher\":{\"@id\":\"https:\/\/francois-pelletant.fr\/blog\/#organization\"},\"potentialAction\":[{\"@type\":\"SearchAction\",\"target\":{\"@type\":\"EntryPoint\",\"urlTemplate\":\"https:\/\/francois-pelletant.fr\/blog\/?s={search_term_string}\"},\"query-input\":{\"@type\":\"PropertyValueSpecification\",\"valueRequired\":true,\"valueName\":\"search_term_string\"}}],\"inLanguage\":\"fr-FR\"},{\"@type\":\"Organization\",\"@id\":\"https:\/\/francois-pelletant.fr\/blog\/#organization\",\"name\":\"Fran\u00e7ois Pelletant\",\"url\":\"https:\/\/francois-pelletant.fr\/blog\/\",\"logo\":{\"@type\":\"ImageObject\",\"inLanguage\":\"fr-FR\",\"@id\":\"https:\/\/francois-pelletant.fr\/blog\/#\/schema\/logo\/image\/\",\"url\":\"https:\/\/francois-pelletant.fr\/blog\/wp-content\/uploads\/2024\/07\/icone-francois-centre-500p.png\",\"contentUrl\":\"https:\/\/francois-pelletant.fr\/blog\/wp-content\/uploads\/2024\/07\/icone-francois-centre-500p.png\",\"width\":559,\"height\":447,\"caption\":\"Fran\u00e7ois Pelletant\"},\"image\":{\"@id\":\"https:\/\/francois-pelletant.fr\/blog\/#\/schema\/logo\/image\/\"},\"sameAs\":[\"https:\/\/www.facebook.com\/francois.pelletant.7\",\"https:\/\/x.com\/pelletant\"]},{\"@type\":\"Person\",\"@id\":\"https:\/\/francois-pelletant.fr\/blog\/#\/schema\/person\/2be41acb171dff8f31aaed1f40cee9f3\",\"name\":\"Francois\"}]}<\/script>\n<!-- \/ Yoast SEO plugin. -->","yoast_head_json":{"title":"14 juillet : participez ! - Fran\u00e7ois Pelletant","description":"En partenariat avec la troupe du 14 juillet la ville de Linas organise un spectacle Son et Lumi\u00e8re \u00e0 l'occasion de la f\u00eate Nationale.","robots":{"index":"index","follow":"follow","max-snippet":"max-snippet:-1","max-image-preview":"max-image-preview:large","max-video-preview":"max-video-preview:-1"},"canonical":"https:\/\/francois-pelletant.fr\/blog\/14-juillet-participez\/","og_locale":"fr_FR","og_type":"article","og_title":"14 juillet : participez ! - Fran\u00e7ois Pelletant","og_description":"En partenariat avec la troupe du 14 juillet la ville de Linas organise un spectacle Son et Lumi\u00e8re \u00e0 l'occasion de la f\u00eate Nationale.","og_url":"https:\/\/francois-pelletant.fr\/blog\/14-juillet-participez\/","og_site_name":"Fran\u00e7ois Pelletant","article_publisher":"https:\/\/www.facebook.com\/francois.pelletant.7","article_published_time":"2015-04-22T06:08:45+00:00","article_modified_time":"2017-05-03T13:35:40+00:00","og_image":[{"width":2560,"height":1510,"url":"https:\/\/francois-pelletant.fr\/blog\/wp-content\/uploads\/2015\/04\/14-juillet-scaled.jpg","type":"image\/jpeg"}],"author":"Francois","twitter_card":"summary_large_image","twitter_creator":"@pelletant","twitter_site":"@pelletant","twitter_misc":{"\u00c9crit par":"Francois"},"schema":{"@context":"https:\/\/schema.org","@graph":[{"@type":"Article","@id":"https:\/\/francois-pelletant.fr\/blog\/14-juillet-participez\/#article","isPartOf":{"@id":"https:\/\/francois-pelletant.fr\/blog\/14-juillet-participez\/"},"author":{"name":"Francois","@id":"https:\/\/francois-pelletant.fr\/blog\/#\/schema\/person\/2be41acb171dff8f31aaed1f40cee9f3"},"headline":"14 juillet : participez !","datePublished":"2015-04-22T06:08:45+00:00","dateModified":"2017-05-03T13:35:40+00:00","mainEntityOfPage":{"@id":"https:\/\/francois-pelletant.fr\/blog\/14-juillet-participez\/"},"wordCount":78,"commentCount":0,"publisher":{"@id":"https:\/\/francois-pelletant.fr\/blog\/#organization"},"image":{"@id":"https:\/\/francois-pelletant.fr\/blog\/14-juillet-participez\/#primaryimage"},"thumbnailUrl":"https:\/\/francois-pelletant.fr\/blog\/wp-content\/uploads\/2015\/04\/14-juillet-scaled.jpg","articleSection":["Infos"],"inLanguage":"fr-FR","potentialAction":[{"@type":"CommentAction","name":"Comment","target":["https:\/\/francois-pelletant.fr\/blog\/14-juillet-participez\/#respond"]}]},{"@type":"WebPage","@id":"https:\/\/francois-pelletant.fr\/blog\/14-juillet-participez\/","url":"https:\/\/francois-pelletant.fr\/blog\/14-juillet-participez\/","name":"14 juillet : participez ! - Fran\u00e7ois Pelletant","isPartOf":{"@id":"https:\/\/francois-pelletant.fr\/blog\/#website"},"primaryImageOfPage":{"@id":"https:\/\/francois-pelletant.fr\/blog\/14-juillet-participez\/#primaryimage"},"image":{"@id":"https:\/\/francois-pelletant.fr\/blog\/14-juillet-participez\/#primaryimage"},"thumbnailUrl":"https:\/\/francois-pelletant.fr\/blog\/wp-content\/uploads\/2015\/04\/14-juillet-scaled.jpg","datePublished":"2015-04-22T06:08:45+00:00","dateModified":"2017-05-03T13:35:40+00:00","description":"En partenariat avec la troupe du 14 juillet la ville de Linas organise un spectacle Son et Lumi\u00e8re \u00e0 l'occasion de la f\u00eate Nationale.","breadcrumb":{"@id":"https:\/\/francois-pelletant.fr\/blog\/14-juillet-participez\/#breadcrumb"},"inLanguage":"fr-FR","potentialAction":[{"@type":"ReadAction","target":["https:\/\/francois-pelletant.fr\/blog\/14-juillet-participez\/"]}]},{"@type":"ImageObject","inLanguage":"fr-FR","@id":"https:\/\/francois-pelletant.fr\/blog\/14-juillet-participez\/#primaryimage","url":"https:\/\/francois-pelletant.fr\/blog\/wp-content\/uploads\/2015\/04\/14-juillet-scaled.jpg","contentUrl":"https:\/\/francois-pelletant.fr\/blog\/wp-content\/uploads\/2015\/04\/14-juillet-scaled.jpg","width":2560,"height":1510},{"@type":"BreadcrumbList","@id":"https:\/\/francois-pelletant.fr\/blog\/14-juillet-participez\/#breadcrumb","itemListElement":[{"@type":"ListItem","position":1,"name":"Accueil","item":"https:\/\/francois-pelletant.fr\/blog\/"},{"@type":"ListItem","position":2,"name":"14 juillet : participez !"}]},{"@type":"WebSite","@id":"https:\/\/francois-pelletant.fr\/blog\/#website","url":"https:\/\/francois-pelletant.fr\/blog\/","name":"Fran\u00e7ois Pelletant","description":"Maire de Linas, pour toujours.","publisher":{"@id":"https:\/\/francois-pelletant.fr\/blog\/#organization"},"potentialAction":[{"@type":"SearchAction","target":{"@type":"EntryPoint","urlTemplate":"https:\/\/francois-pelletant.fr\/blog\/?s={search_term_string}"},"query-input":{"@type":"PropertyValueSpecification","valueRequired":true,"valueName":"search_term_string"}}],"inLanguage":"fr-FR"},{"@type":"Organization","@id":"https:\/\/francois-pelletant.fr\/blog\/#organization","name":"Fran\u00e7ois Pelletant","url":"https:\/\/francois-pelletant.fr\/blog\/","logo":{"@type":"ImageObject","inLanguage":"fr-FR","@id":"https:\/\/francois-pelletant.fr\/blog\/#\/schema\/logo\/image\/","url":"https:\/\/francois-pelletant.fr\/blog\/wp-content\/uploads\/2024\/07\/icone-francois-centre-500p.png","contentUrl":"https:\/\/francois-pelletant.fr\/blog\/wp-content\/uploads\/2024\/07\/icone-francois-centre-500p.png","width":559,"height":447,"caption":"Fran\u00e7ois Pelletant"},"image":{"@id":"https:\/\/francois-pelletant.fr\/blog\/#\/schema\/logo\/image\/"},"sameAs":["https:\/\/www.facebook.com\/francois.pelletant.7","https:\/\/x.com\/pelletant"]},{"@type":"Person","@id":"https:\/\/francois-pelletant.fr\/blog\/#\/schema\/person\/2be41acb171dff8f31aaed1f40cee9f3","name":"Francois"}]}},"_links":{"self":[{"href":"https:\/\/francois-pelletant.fr\/blog\/wp-json\/wp\/v2\/posts\/5367","targetHints":{"allow":["GET"]}}],"collection":[{"href":"https:\/\/francois-pelletant.fr\/blog\/wp-json\/wp\/v2\/posts"}],"about":[{"href":"https:\/\/francois-pelletant.fr\/blog\/wp-json\/wp\/v2\/types\/post"}],"author":[{"embeddable":true,"href":"https:\/\/francois-pelletant.fr\/blog\/wp-json\/wp\/v2\/users\/1"}],"replies":[{"embeddable":true,"href":"https:\/\/francois-pelletant.fr\/blog\/wp-json\/wp\/v2\/comments?post=5367"}],"version-history":[{"count":0,"href":"https:\/\/francois-pelletant.fr\/blog\/wp-json\/wp\/v2\/posts\/5367\/revisions"}],"wp:featuredmedia":[{"embeddable":true,"href":"https:\/\/francois-pelletant.fr\/blog\/wp-json\/wp\/v2\/media\/5368"}],"wp:attachment":[{"href":"https:\/\/francois-pelletant.fr\/blog\/wp-json\/wp\/v2\/media?parent=5367"}],"wp:term":[{"taxonomy":"category","embeddable":true,"href":"https:\/\/francois-pelletant.fr\/blog\/wp-json\/wp\/v2\/categories?post=5367"},{"taxonomy":"post_tag","embeddable":true,"href":"https:\/\/francois-pelletant.fr\/blog\/wp-json\/wp\/v2\/tags?post=5367"}],"curies":[{"name":"wp","href":"https:\/\/api.w.org\/{rel}","templated":true}]}}