{"id":5389,"date":"2015-04-30T09:33:13","date_gmt":"2015-04-30T07:33:13","guid":{"rendered":"https:\/\/francois-pelletant.fr\/blog\/?p=5389"},"modified":"2015-04-30T09:33:13","modified_gmt":"2015-04-30T07:33:13","slug":"reunion-pour-la-zac-carcassonne-etang-a-linas","status":"publish","type":"post","link":"https:\/\/francois-pelletant.fr\/blog\/reunion-pour-la-zac-carcassonne-etang-a-linas\/","title":{"rendered":"R\u00e9union pour la ZAC Carcassonne-Etang \u00e0 Linas"},"content":{"rendered":"<p><a href=\"https:\/\/francois-pelletant.fr\/blog\/wp-content\/uploads\/2015\/04\/plu1.jpg\"><img loading=\"lazy\" decoding=\"async\" class=\"alignleft size-medium wp-image-5390\" title=\"N:SOREPADiv22AffairesVILLE DE LINAS (91)PLU - AEU\ufffd3 Donn\u00c3\u00a9\" src=\"https:\/\/francois-pelletant.fr\/blog\/wp-content\/uploads\/2015\/04\/plu1-213x300.jpg\" alt=\"\" width=\"213\" height=\"300\" srcset=\"https:\/\/francois-pelletant.fr\/blog\/wp-content\/uploads\/2015\/04\/plu1-213x300.jpg 213w, https:\/\/francois-pelletant.fr\/blog\/wp-content\/uploads\/2015\/04\/plu1.jpg 256w\" sizes=\"auto, (max-width: 213px) 100vw, 213px\" \/><\/a>Dans le cadre de l&#8217;urbanisation du territoire communal et conform\u00e9ment au Sch\u00e9ma Directeur de la R\u00e9gion, la Commune de Linas est sur le point de finaliser les \u00e9tudes pr\u00e9alables \u00e0 la cr\u00e9ation d&#8217;une Zone d&#8217;Am\u00e9nagement Concert\u00e9e (ZAC) sur le secteur dit de Carcassonne-Etang.<br \/>\nAinsi, la Commune organise une r\u00e9union publique pour pr\u00e9senter aux habitants les grandes lignes du futur projet d&#8217;am\u00e9nagement d&#8217;ensemble et mener une concertation sur ce projet. En compl\u00e9ment, des panneaux d&#8217;information seront prochainement expos\u00e9s en Mairie. Pour rappel, un registre pour recueillir les avis et suggestions du public, est d\u00e9j\u00e0 \u00e0 disposition \u00e0 l&#8217;accueil de l&#8217;h\u00f4tel de Ville. Rendez-vous le mercredi 6 mai 2015 \u00e0 20h Mairie de Linas (Salle des Mariages)<\/p>\n","protected":false},"excerpt":{"rendered":"<p>Dans le cadre de l&#8217;urbanisation du territoire communal et conform\u00e9ment au Sch\u00e9ma Directeur de la R\u00e9gion, la Commune de Linas est sur le point de finaliser les \u00e9tudes pr\u00e9alables \u00e0 la cr\u00e9ation d&#8217;une Zone d&#8217;Am\u00e9nagement Concert\u00e9e (ZAC) sur le secteur dit de Carcassonne-Etang. Ainsi, la Commune organise une r\u00e9union publique pour pr\u00e9senter aux habitants les [&hellip;]<\/p>\n","protected":false},"author":1,"featured_media":5390,"comment_status":"open","ping_status":"open","sticky":false,"template":"","format":"standard","meta":{"footnotes":""},"categories":[15],"tags":[],"class_list":["post-5389","post","type-post","status-publish","format-standard","has-post-thumbnail","hentry","category-patrimoi"],"yoast_head":"<!-- This site is optimized with the Yoast SEO plugin v25.6 - https:\/\/yoast.com\/wordpress\/plugins\/seo\/ -->\n<title>R\u00e9union pour la ZAC Carcassonne-Etang \u00e0 Linas - Fran\u00e7ois Pelletant<\/title>\n<meta name=\"robots\" content=\"index, follow, max-snippet:-1, max-image-preview:large, max-video-preview:-1\" \/>\n<link rel=\"canonical\" href=\"https:\/\/francois-pelletant.fr\/blog\/reunion-pour-la-zac-carcassonne-etang-a-linas\/\" \/>\n<meta property=\"og:locale\" content=\"fr_FR\" \/>\n<meta property=\"og:type\" content=\"article\" \/>\n<meta property=\"og:title\" content=\"R\u00e9union pour la ZAC Carcassonne-Etang \u00e0 Linas - Fran\u00e7ois Pelletant\" \/>\n<meta property=\"og:description\" content=\"Dans le cadre de l&#8217;urbanisation du territoire communal et conform\u00e9ment au Sch\u00e9ma Directeur de la R\u00e9gion, la Commune de Linas est sur le point de finaliser les \u00e9tudes pr\u00e9alables \u00e0 la cr\u00e9ation d&#8217;une Zone d&#8217;Am\u00e9nagement Concert\u00e9e (ZAC) sur le secteur dit de Carcassonne-Etang. Ainsi, la Commune organise une r\u00e9union publique pour pr\u00e9senter aux habitants les [&hellip;]\" \/>\n<meta property=\"og:url\" content=\"https:\/\/francois-pelletant.fr\/blog\/reunion-pour-la-zac-carcassonne-etang-a-linas\/\" \/>\n<meta property=\"og:site_name\" content=\"Fran\u00e7ois Pelletant\" \/>\n<meta property=\"article:publisher\" content=\"https:\/\/www.facebook.com\/francois.pelletant.7\" \/>\n<meta property=\"article:published_time\" content=\"2015-04-30T07:33:13+00:00\" \/>\n<meta property=\"og:image\" content=\"https:\/\/francois-pelletant.fr\/blog\/wp-content\/uploads\/2015\/04\/plu1.jpg\" \/>\n\t<meta property=\"og:image:width\" content=\"256\" \/>\n\t<meta property=\"og:image:height\" content=\"360\" \/>\n\t<meta property=\"og:image:type\" content=\"image\/jpeg\" \/>\n<meta name=\"author\" content=\"Francois\" \/>\n<meta name=\"twitter:card\" content=\"summary_large_image\" \/>\n<meta name=\"twitter:creator\" content=\"@pelletant\" \/>\n<meta name=\"twitter:site\" content=\"@pelletant\" \/>\n<meta name=\"twitter:label1\" content=\"\u00c9crit par\" \/>\n\t<meta name=\"twitter:data1\" content=\"Francois\" \/>\n\t<meta name=\"twitter:label2\" content=\"Dur\u00e9e de lecture estim\u00e9e\" \/>\n\t<meta name=\"twitter:data2\" content=\"1 minute\" \/>\n<script type=\"application\/ld+json\" class=\"yoast-schema-graph\">{\"@context\":\"https:\/\/schema.org\",\"@graph\":[{\"@type\":\"Article\",\"@id\":\"https:\/\/francois-pelletant.fr\/blog\/reunion-pour-la-zac-carcassonne-etang-a-linas\/#article\",\"isPartOf\":{\"@id\":\"https:\/\/francois-pelletant.fr\/blog\/reunion-pour-la-zac-carcassonne-etang-a-linas\/\"},\"author\":{\"name\":\"Francois\",\"@id\":\"https:\/\/francois-pelletant.fr\/blog\/#\/schema\/person\/2be41acb171dff8f31aaed1f40cee9f3\"},\"headline\":\"R\u00e9union pour la ZAC Carcassonne-Etang \u00e0 Linas\",\"datePublished\":\"2015-04-30T07:33:13+00:00\",\"mainEntityOfPage\":{\"@id\":\"https:\/\/francois-pelletant.fr\/blog\/reunion-pour-la-zac-carcassonne-etang-a-linas\/\"},\"wordCount\":138,\"commentCount\":0,\"publisher\":{\"@id\":\"https:\/\/francois-pelletant.fr\/blog\/#organization\"},\"image\":{\"@id\":\"https:\/\/francois-pelletant.fr\/blog\/reunion-pour-la-zac-carcassonne-etang-a-linas\/#primaryimage\"},\"thumbnailUrl\":\"https:\/\/francois-pelletant.fr\/blog\/wp-content\/uploads\/2015\/04\/plu1.jpg\",\"articleSection\":[\"Patrimoine\"],\"inLanguage\":\"fr-FR\",\"potentialAction\":[{\"@type\":\"CommentAction\",\"name\":\"Comment\",\"target\":[\"https:\/\/francois-pelletant.fr\/blog\/reunion-pour-la-zac-carcassonne-etang-a-linas\/#respond\"]}]},{\"@type\":\"WebPage\",\"@id\":\"https:\/\/francois-pelletant.fr\/blog\/reunion-pour-la-zac-carcassonne-etang-a-linas\/\",\"url\":\"https:\/\/francois-pelletant.fr\/blog\/reunion-pour-la-zac-carcassonne-etang-a-linas\/\",\"name\":\"R\u00e9union pour la ZAC Carcassonne-Etang \u00e0 Linas - Fran\u00e7ois Pelletant\",\"isPartOf\":{\"@id\":\"https:\/\/francois-pelletant.fr\/blog\/#website\"},\"primaryImageOfPage\":{\"@id\":\"https:\/\/francois-pelletant.fr\/blog\/reunion-pour-la-zac-carcassonne-etang-a-linas\/#primaryimage\"},\"image\":{\"@id\":\"https:\/\/francois-pelletant.fr\/blog\/reunion-pour-la-zac-carcassonne-etang-a-linas\/#primaryimage\"},\"thumbnailUrl\":\"https:\/\/francois-pelletant.fr\/blog\/wp-content\/uploads\/2015\/04\/plu1.jpg\",\"datePublished\":\"2015-04-30T07:33:13+00:00\",\"breadcrumb\":{\"@id\":\"https:\/\/francois-pelletant.fr\/blog\/reunion-pour-la-zac-carcassonne-etang-a-linas\/#breadcrumb\"},\"inLanguage\":\"fr-FR\",\"potentialAction\":[{\"@type\":\"ReadAction\",\"target\":[\"https:\/\/francois-pelletant.fr\/blog\/reunion-pour-la-zac-carcassonne-etang-a-linas\/\"]}]},{\"@type\":\"ImageObject\",\"inLanguage\":\"fr-FR\",\"@id\":\"https:\/\/francois-pelletant.fr\/blog\/reunion-pour-la-zac-carcassonne-etang-a-linas\/#primaryimage\",\"url\":\"https:\/\/francois-pelletant.fr\/blog\/wp-content\/uploads\/2015\/04\/plu1.jpg\",\"contentUrl\":\"https:\/\/francois-pelletant.fr\/blog\/wp-content\/uploads\/2015\/04\/plu1.jpg\",\"width\":256,\"height\":360},{\"@type\":\"BreadcrumbList\",\"@id\":\"https:\/\/francois-pelletant.fr\/blog\/reunion-pour-la-zac-carcassonne-etang-a-linas\/#breadcrumb\",\"itemListElement\":[{\"@type\":\"ListItem\",\"position\":1,\"name\":\"Accueil\",\"item\":\"https:\/\/francois-pelletant.fr\/blog\/\"},{\"@type\":\"ListItem\",\"position\":2,\"name\":\"R\u00e9union pour la ZAC Carcassonne-Etang \u00e0 Linas\"}]},{\"@type\":\"WebSite\",\"@id\":\"https:\/\/francois-pelletant.fr\/blog\/#website\",\"url\":\"https:\/\/francois-pelletant.fr\/blog\/\",\"name\":\"Fran\u00e7ois Pelletant\",\"description\":\"Maire de Linas, pour toujours.\",\"publisher\":{\"@id\":\"https:\/\/francois-pelletant.fr\/blog\/#organization\"},\"potentialAction\":[{\"@type\":\"SearchAction\",\"target\":{\"@type\":\"EntryPoint\",\"urlTemplate\":\"https:\/\/francois-pelletant.fr\/blog\/?s={search_term_string}\"},\"query-input\":{\"@type\":\"PropertyValueSpecification\",\"valueRequired\":true,\"valueName\":\"search_term_string\"}}],\"inLanguage\":\"fr-FR\"},{\"@type\":\"Organization\",\"@id\":\"https:\/\/francois-pelletant.fr\/blog\/#organization\",\"name\":\"Fran\u00e7ois Pelletant\",\"url\":\"https:\/\/francois-pelletant.fr\/blog\/\",\"logo\":{\"@type\":\"ImageObject\",\"inLanguage\":\"fr-FR\",\"@id\":\"https:\/\/francois-pelletant.fr\/blog\/#\/schema\/logo\/image\/\",\"url\":\"https:\/\/francois-pelletant.fr\/blog\/wp-content\/uploads\/2024\/07\/icone-francois-centre-500p.png\",\"contentUrl\":\"https:\/\/francois-pelletant.fr\/blog\/wp-content\/uploads\/2024\/07\/icone-francois-centre-500p.png\",\"width\":559,\"height\":447,\"caption\":\"Fran\u00e7ois Pelletant\"},\"image\":{\"@id\":\"https:\/\/francois-pelletant.fr\/blog\/#\/schema\/logo\/image\/\"},\"sameAs\":[\"https:\/\/www.facebook.com\/francois.pelletant.7\",\"https:\/\/x.com\/pelletant\"]},{\"@type\":\"Person\",\"@id\":\"https:\/\/francois-pelletant.fr\/blog\/#\/schema\/person\/2be41acb171dff8f31aaed1f40cee9f3\",\"name\":\"Francois\"}]}<\/script>\n<!-- \/ Yoast SEO plugin. -->","yoast_head_json":{"title":"R\u00e9union pour la ZAC Carcassonne-Etang \u00e0 Linas - Fran\u00e7ois Pelletant","robots":{"index":"index","follow":"follow","max-snippet":"max-snippet:-1","max-image-preview":"max-image-preview:large","max-video-preview":"max-video-preview:-1"},"canonical":"https:\/\/francois-pelletant.fr\/blog\/reunion-pour-la-zac-carcassonne-etang-a-linas\/","og_locale":"fr_FR","og_type":"article","og_title":"R\u00e9union pour la ZAC Carcassonne-Etang \u00e0 Linas - Fran\u00e7ois Pelletant","og_description":"Dans le cadre de l&#8217;urbanisation du territoire communal et conform\u00e9ment au Sch\u00e9ma Directeur de la R\u00e9gion, la Commune de Linas est sur le point de finaliser les \u00e9tudes pr\u00e9alables \u00e0 la cr\u00e9ation d&#8217;une Zone d&#8217;Am\u00e9nagement Concert\u00e9e (ZAC) sur le secteur dit de Carcassonne-Etang. Ainsi, la Commune organise une r\u00e9union publique pour pr\u00e9senter aux habitants les [&hellip;]","og_url":"https:\/\/francois-pelletant.fr\/blog\/reunion-pour-la-zac-carcassonne-etang-a-linas\/","og_site_name":"Fran\u00e7ois Pelletant","article_publisher":"https:\/\/www.facebook.com\/francois.pelletant.7","article_published_time":"2015-04-30T07:33:13+00:00","og_image":[{"width":256,"height":360,"url":"https:\/\/francois-pelletant.fr\/blog\/wp-content\/uploads\/2015\/04\/plu1.jpg","type":"image\/jpeg"}],"author":"Francois","twitter_card":"summary_large_image","twitter_creator":"@pelletant","twitter_site":"@pelletant","twitter_misc":{"\u00c9crit par":"Francois","Dur\u00e9e de lecture estim\u00e9e":"1 minute"},"schema":{"@context":"https:\/\/schema.org","@graph":[{"@type":"Article","@id":"https:\/\/francois-pelletant.fr\/blog\/reunion-pour-la-zac-carcassonne-etang-a-linas\/#article","isPartOf":{"@id":"https:\/\/francois-pelletant.fr\/blog\/reunion-pour-la-zac-carcassonne-etang-a-linas\/"},"author":{"name":"Francois","@id":"https:\/\/francois-pelletant.fr\/blog\/#\/schema\/person\/2be41acb171dff8f31aaed1f40cee9f3"},"headline":"R\u00e9union pour la ZAC Carcassonne-Etang \u00e0 Linas","datePublished":"2015-04-30T07:33:13+00:00","mainEntityOfPage":{"@id":"https:\/\/francois-pelletant.fr\/blog\/reunion-pour-la-zac-carcassonne-etang-a-linas\/"},"wordCount":138,"commentCount":0,"publisher":{"@id":"https:\/\/francois-pelletant.fr\/blog\/#organization"},"image":{"@id":"https:\/\/francois-pelletant.fr\/blog\/reunion-pour-la-zac-carcassonne-etang-a-linas\/#primaryimage"},"thumbnailUrl":"https:\/\/francois-pelletant.fr\/blog\/wp-content\/uploads\/2015\/04\/plu1.jpg","articleSection":["Patrimoine"],"inLanguage":"fr-FR","potentialAction":[{"@type":"CommentAction","name":"Comment","target":["https:\/\/francois-pelletant.fr\/blog\/reunion-pour-la-zac-carcassonne-etang-a-linas\/#respond"]}]},{"@type":"WebPage","@id":"https:\/\/francois-pelletant.fr\/blog\/reunion-pour-la-zac-carcassonne-etang-a-linas\/","url":"https:\/\/francois-pelletant.fr\/blog\/reunion-pour-la-zac-carcassonne-etang-a-linas\/","name":"R\u00e9union pour la ZAC Carcassonne-Etang \u00e0 Linas - Fran\u00e7ois Pelletant","isPartOf":{"@id":"https:\/\/francois-pelletant.fr\/blog\/#website"},"primaryImageOfPage":{"@id":"https:\/\/francois-pelletant.fr\/blog\/reunion-pour-la-zac-carcassonne-etang-a-linas\/#primaryimage"},"image":{"@id":"https:\/\/francois-pelletant.fr\/blog\/reunion-pour-la-zac-carcassonne-etang-a-linas\/#primaryimage"},"thumbnailUrl":"https:\/\/francois-pelletant.fr\/blog\/wp-content\/uploads\/2015\/04\/plu1.jpg","datePublished":"2015-04-30T07:33:13+00:00","breadcrumb":{"@id":"https:\/\/francois-pelletant.fr\/blog\/reunion-pour-la-zac-carcassonne-etang-a-linas\/#breadcrumb"},"inLanguage":"fr-FR","potentialAction":[{"@type":"ReadAction","target":["https:\/\/francois-pelletant.fr\/blog\/reunion-pour-la-zac-carcassonne-etang-a-linas\/"]}]},{"@type":"ImageObject","inLanguage":"fr-FR","@id":"https:\/\/francois-pelletant.fr\/blog\/reunion-pour-la-zac-carcassonne-etang-a-linas\/#primaryimage","url":"https:\/\/francois-pelletant.fr\/blog\/wp-content\/uploads\/2015\/04\/plu1.jpg","contentUrl":"https:\/\/francois-pelletant.fr\/blog\/wp-content\/uploads\/2015\/04\/plu1.jpg","width":256,"height":360},{"@type":"BreadcrumbList","@id":"https:\/\/francois-pelletant.fr\/blog\/reunion-pour-la-zac-carcassonne-etang-a-linas\/#breadcrumb","itemListElement":[{"@type":"ListItem","position":1,"name":"Accueil","item":"https:\/\/francois-pelletant.fr\/blog\/"},{"@type":"ListItem","position":2,"name":"R\u00e9union pour la ZAC Carcassonne-Etang \u00e0 Linas"}]},{"@type":"WebSite","@id":"https:\/\/francois-pelletant.fr\/blog\/#website","url":"https:\/\/francois-pelletant.fr\/blog\/","name":"Fran\u00e7ois Pelletant","description":"Maire de Linas, pour toujours.","publisher":{"@id":"https:\/\/francois-pelletant.fr\/blog\/#organization"},"potentialAction":[{"@type":"SearchAction","target":{"@type":"EntryPoint","urlTemplate":"https:\/\/francois-pelletant.fr\/blog\/?s={search_term_string}"},"query-input":{"@type":"PropertyValueSpecification","valueRequired":true,"valueName":"search_term_string"}}],"inLanguage":"fr-FR"},{"@type":"Organization","@id":"https:\/\/francois-pelletant.fr\/blog\/#organization","name":"Fran\u00e7ois Pelletant","url":"https:\/\/francois-pelletant.fr\/blog\/","logo":{"@type":"ImageObject","inLanguage":"fr-FR","@id":"https:\/\/francois-pelletant.fr\/blog\/#\/schema\/logo\/image\/","url":"https:\/\/francois-pelletant.fr\/blog\/wp-content\/uploads\/2024\/07\/icone-francois-centre-500p.png","contentUrl":"https:\/\/francois-pelletant.fr\/blog\/wp-content\/uploads\/2024\/07\/icone-francois-centre-500p.png","width":559,"height":447,"caption":"Fran\u00e7ois Pelletant"},"image":{"@id":"https:\/\/francois-pelletant.fr\/blog\/#\/schema\/logo\/image\/"},"sameAs":["https:\/\/www.facebook.com\/francois.pelletant.7","https:\/\/x.com\/pelletant"]},{"@type":"Person","@id":"https:\/\/francois-pelletant.fr\/blog\/#\/schema\/person\/2be41acb171dff8f31aaed1f40cee9f3","name":"Francois"}]}},"_links":{"self":[{"href":"https:\/\/francois-pelletant.fr\/blog\/wp-json\/wp\/v2\/posts\/5389","targetHints":{"allow":["GET"]}}],"collection":[{"href":"https:\/\/francois-pelletant.fr\/blog\/wp-json\/wp\/v2\/posts"}],"about":[{"href":"https:\/\/francois-pelletant.fr\/blog\/wp-json\/wp\/v2\/types\/post"}],"author":[{"embeddable":true,"href":"https:\/\/francois-pelletant.fr\/blog\/wp-json\/wp\/v2\/users\/1"}],"replies":[{"embeddable":true,"href":"https:\/\/francois-pelletant.fr\/blog\/wp-json\/wp\/v2\/comments?post=5389"}],"version-history":[{"count":0,"href":"https:\/\/francois-pelletant.fr\/blog\/wp-json\/wp\/v2\/posts\/5389\/revisions"}],"wp:featuredmedia":[{"embeddable":true,"href":"https:\/\/francois-pelletant.fr\/blog\/wp-json\/wp\/v2\/media\/5390"}],"wp:attachment":[{"href":"https:\/\/francois-pelletant.fr\/blog\/wp-json\/wp\/v2\/media?parent=5389"}],"wp:term":[{"taxonomy":"category","embeddable":true,"href":"https:\/\/francois-pelletant.fr\/blog\/wp-json\/wp\/v2\/categories?post=5389"},{"taxonomy":"post_tag","embeddable":true,"href":"https:\/\/francois-pelletant.fr\/blog\/wp-json\/wp\/v2\/tags?post=5389"}],"curies":[{"name":"wp","href":"https:\/\/api.w.org\/{rel}","templated":true}]}}