{"id":5438,"date":"2015-05-21T08:10:42","date_gmt":"2015-05-21T06:10:42","guid":{"rendered":"https:\/\/francois-pelletant.fr\/blog\/?p=5438"},"modified":"2015-05-21T08:10:42","modified_gmt":"2015-05-21T06:10:42","slug":"les-muzicales-le-nouveau-rendez-vous-linois","status":"publish","type":"post","link":"https:\/\/francois-pelletant.fr\/blog\/les-muzicales-le-nouveau-rendez-vous-linois\/","title":{"rendered":"Les &quot;Muzicales&quot; : le nouveau rendez-vous Linois"},"content":{"rendered":"<p><a href=\"https:\/\/francois-pelletant.fr\/blog\/wp-content\/uploads\/2015\/05\/musicales-fb.jpg\"><img loading=\"lazy\" decoding=\"async\" class=\"alignleft size-medium wp-image-5439\" title=\"musicales fb\" src=\"https:\/\/francois-pelletant.fr\/blog\/wp-content\/uploads\/2015\/05\/musicales-fb-212x300.jpg\" alt=\"\" width=\"212\" height=\"300\" srcset=\"https:\/\/francois-pelletant.fr\/blog\/wp-content\/uploads\/2015\/05\/musicales-fb-212x300.jpg 212w, https:\/\/francois-pelletant.fr\/blog\/wp-content\/uploads\/2015\/05\/musicales-fb.jpg 401w\" sizes=\"auto, (max-width: 212px) 100vw, 212px\" \/><\/a>Du 23 mai au 13 juin 2015, chaque samedi soir, la salle Erato de la M\u00e9diath\u00e8que \u00ab Les Muses \u00bb \u00e0 Linas vous accueille de 20h \u00e0 22h pour une s\u00e9rie de concerts exceptionnels dans le cadre d&#8217;un nouveau rendez-vous culturel : les \u00ab Muzicales \u00bb de Linas. Entr\u00e9e libre (places limit\u00e9es).<br \/>\nProgramme (pr\u00e9visionnel) :<br \/>\n&#8211; Samedi 23 mai 2015 : Angels Symphonie (concert acoustique guitare chant)<br \/>\n&#8211; Samedi 30 mai 2015 : Fried Squid (concert duo guitare chant)<br \/>\n&#8211; Samedi 6 juin 2015 : Masla (concert funk pop fusion)<br \/>\n&#8211; Samedi 13 juin 2015 : groupe du Conservatoire de Linas<\/p>\n","protected":false},"excerpt":{"rendered":"<p>Du 23 mai au 13 juin 2015, chaque samedi soir, la salle Erato de la M\u00e9diath\u00e8que \u00ab Les Muses \u00bb \u00e0 Linas vous accueille de 20h \u00e0 22h pour une s\u00e9rie de concerts exceptionnels dans le cadre d&#8217;un nouveau rendez-vous culturel : les \u00ab Muzicales \u00bb de Linas. Entr\u00e9e libre (places limit\u00e9es). Programme (pr\u00e9visionnel) : [&hellip;]<\/p>\n","protected":false},"author":1,"featured_media":5439,"comment_status":"open","ping_status":"open","sticky":false,"template":"","format":"standard","meta":{"footnotes":""},"categories":[10],"tags":[],"class_list":["post-5438","post","type-post","status-publish","format-standard","has-post-thumbnail","hentry","category-1pelletant"],"yoast_head":"<!-- This site is optimized with the Yoast SEO plugin v25.6 - https:\/\/yoast.com\/wordpress\/plugins\/seo\/ -->\n<title>Les &quot;Muzicales&quot; : le nouveau rendez-vous Linois - Fran\u00e7ois Pelletant<\/title>\n<meta name=\"robots\" content=\"index, follow, max-snippet:-1, max-image-preview:large, max-video-preview:-1\" \/>\n<link rel=\"canonical\" href=\"https:\/\/francois-pelletant.fr\/blog\/les-muzicales-le-nouveau-rendez-vous-linois\/\" \/>\n<meta property=\"og:locale\" content=\"fr_FR\" \/>\n<meta property=\"og:type\" content=\"article\" \/>\n<meta property=\"og:title\" content=\"Les &quot;Muzicales&quot; : le nouveau rendez-vous Linois - Fran\u00e7ois Pelletant\" \/>\n<meta property=\"og:description\" content=\"Du 23 mai au 13 juin 2015, chaque samedi soir, la salle Erato de la M\u00e9diath\u00e8que \u00ab Les Muses \u00bb \u00e0 Linas vous accueille de 20h \u00e0 22h pour une s\u00e9rie de concerts exceptionnels dans le cadre d&#8217;un nouveau rendez-vous culturel : les \u00ab Muzicales \u00bb de Linas. Entr\u00e9e libre (places limit\u00e9es). Programme (pr\u00e9visionnel) : [&hellip;]\" \/>\n<meta property=\"og:url\" content=\"https:\/\/francois-pelletant.fr\/blog\/les-muzicales-le-nouveau-rendez-vous-linois\/\" \/>\n<meta property=\"og:site_name\" content=\"Fran\u00e7ois Pelletant\" \/>\n<meta property=\"article:publisher\" content=\"https:\/\/www.facebook.com\/francois.pelletant.7\" \/>\n<meta property=\"article:published_time\" content=\"2015-05-21T06:10:42+00:00\" \/>\n<meta property=\"og:image\" content=\"https:\/\/francois-pelletant.fr\/blog\/wp-content\/uploads\/2015\/05\/musicales-fb.jpg\" \/>\n\t<meta property=\"og:image:width\" content=\"401\" \/>\n\t<meta property=\"og:image:height\" content=\"567\" \/>\n\t<meta property=\"og:image:type\" content=\"image\/jpeg\" \/>\n<meta name=\"author\" content=\"Francois\" \/>\n<meta name=\"twitter:card\" content=\"summary_large_image\" \/>\n<meta name=\"twitter:creator\" content=\"@pelletant\" \/>\n<meta name=\"twitter:site\" content=\"@pelletant\" \/>\n<meta name=\"twitter:label1\" content=\"\u00c9crit par\" \/>\n\t<meta name=\"twitter:data1\" content=\"Francois\" \/>\n<script type=\"application\/ld+json\" class=\"yoast-schema-graph\">{\"@context\":\"https:\/\/schema.org\",\"@graph\":[{\"@type\":\"Article\",\"@id\":\"https:\/\/francois-pelletant.fr\/blog\/les-muzicales-le-nouveau-rendez-vous-linois\/#article\",\"isPartOf\":{\"@id\":\"https:\/\/francois-pelletant.fr\/blog\/les-muzicales-le-nouveau-rendez-vous-linois\/\"},\"author\":{\"name\":\"Francois\",\"@id\":\"https:\/\/francois-pelletant.fr\/blog\/#\/schema\/person\/2be41acb171dff8f31aaed1f40cee9f3\"},\"headline\":\"Les &quot;Muzicales&quot; : le nouveau rendez-vous Linois\",\"datePublished\":\"2015-05-21T06:10:42+00:00\",\"mainEntityOfPage\":{\"@id\":\"https:\/\/francois-pelletant.fr\/blog\/les-muzicales-le-nouveau-rendez-vous-linois\/\"},\"wordCount\":93,\"commentCount\":0,\"publisher\":{\"@id\":\"https:\/\/francois-pelletant.fr\/blog\/#organization\"},\"image\":{\"@id\":\"https:\/\/francois-pelletant.fr\/blog\/les-muzicales-le-nouveau-rendez-vous-linois\/#primaryimage\"},\"thumbnailUrl\":\"https:\/\/francois-pelletant.fr\/blog\/wp-content\/uploads\/2015\/05\/musicales-fb.jpg\",\"articleSection\":[\"Infos\"],\"inLanguage\":\"fr-FR\",\"potentialAction\":[{\"@type\":\"CommentAction\",\"name\":\"Comment\",\"target\":[\"https:\/\/francois-pelletant.fr\/blog\/les-muzicales-le-nouveau-rendez-vous-linois\/#respond\"]}]},{\"@type\":\"WebPage\",\"@id\":\"https:\/\/francois-pelletant.fr\/blog\/les-muzicales-le-nouveau-rendez-vous-linois\/\",\"url\":\"https:\/\/francois-pelletant.fr\/blog\/les-muzicales-le-nouveau-rendez-vous-linois\/\",\"name\":\"Les &quot;Muzicales&quot; : le nouveau rendez-vous Linois - Fran\u00e7ois Pelletant\",\"isPartOf\":{\"@id\":\"https:\/\/francois-pelletant.fr\/blog\/#website\"},\"primaryImageOfPage\":{\"@id\":\"https:\/\/francois-pelletant.fr\/blog\/les-muzicales-le-nouveau-rendez-vous-linois\/#primaryimage\"},\"image\":{\"@id\":\"https:\/\/francois-pelletant.fr\/blog\/les-muzicales-le-nouveau-rendez-vous-linois\/#primaryimage\"},\"thumbnailUrl\":\"https:\/\/francois-pelletant.fr\/blog\/wp-content\/uploads\/2015\/05\/musicales-fb.jpg\",\"datePublished\":\"2015-05-21T06:10:42+00:00\",\"breadcrumb\":{\"@id\":\"https:\/\/francois-pelletant.fr\/blog\/les-muzicales-le-nouveau-rendez-vous-linois\/#breadcrumb\"},\"inLanguage\":\"fr-FR\",\"potentialAction\":[{\"@type\":\"ReadAction\",\"target\":[\"https:\/\/francois-pelletant.fr\/blog\/les-muzicales-le-nouveau-rendez-vous-linois\/\"]}]},{\"@type\":\"ImageObject\",\"inLanguage\":\"fr-FR\",\"@id\":\"https:\/\/francois-pelletant.fr\/blog\/les-muzicales-le-nouveau-rendez-vous-linois\/#primaryimage\",\"url\":\"https:\/\/francois-pelletant.fr\/blog\/wp-content\/uploads\/2015\/05\/musicales-fb.jpg\",\"contentUrl\":\"https:\/\/francois-pelletant.fr\/blog\/wp-content\/uploads\/2015\/05\/musicales-fb.jpg\",\"width\":401,\"height\":567},{\"@type\":\"BreadcrumbList\",\"@id\":\"https:\/\/francois-pelletant.fr\/blog\/les-muzicales-le-nouveau-rendez-vous-linois\/#breadcrumb\",\"itemListElement\":[{\"@type\":\"ListItem\",\"position\":1,\"name\":\"Accueil\",\"item\":\"https:\/\/francois-pelletant.fr\/blog\/\"},{\"@type\":\"ListItem\",\"position\":2,\"name\":\"Les &quot;Muzicales&quot; : le nouveau rendez-vous Linois\"}]},{\"@type\":\"WebSite\",\"@id\":\"https:\/\/francois-pelletant.fr\/blog\/#website\",\"url\":\"https:\/\/francois-pelletant.fr\/blog\/\",\"name\":\"Fran\u00e7ois Pelletant\",\"description\":\"Maire de Linas, pour toujours.\",\"publisher\":{\"@id\":\"https:\/\/francois-pelletant.fr\/blog\/#organization\"},\"potentialAction\":[{\"@type\":\"SearchAction\",\"target\":{\"@type\":\"EntryPoint\",\"urlTemplate\":\"https:\/\/francois-pelletant.fr\/blog\/?s={search_term_string}\"},\"query-input\":{\"@type\":\"PropertyValueSpecification\",\"valueRequired\":true,\"valueName\":\"search_term_string\"}}],\"inLanguage\":\"fr-FR\"},{\"@type\":\"Organization\",\"@id\":\"https:\/\/francois-pelletant.fr\/blog\/#organization\",\"name\":\"Fran\u00e7ois Pelletant\",\"url\":\"https:\/\/francois-pelletant.fr\/blog\/\",\"logo\":{\"@type\":\"ImageObject\",\"inLanguage\":\"fr-FR\",\"@id\":\"https:\/\/francois-pelletant.fr\/blog\/#\/schema\/logo\/image\/\",\"url\":\"https:\/\/francois-pelletant.fr\/blog\/wp-content\/uploads\/2024\/07\/icone-francois-centre-500p.png\",\"contentUrl\":\"https:\/\/francois-pelletant.fr\/blog\/wp-content\/uploads\/2024\/07\/icone-francois-centre-500p.png\",\"width\":559,\"height\":447,\"caption\":\"Fran\u00e7ois Pelletant\"},\"image\":{\"@id\":\"https:\/\/francois-pelletant.fr\/blog\/#\/schema\/logo\/image\/\"},\"sameAs\":[\"https:\/\/www.facebook.com\/francois.pelletant.7\",\"https:\/\/x.com\/pelletant\"]},{\"@type\":\"Person\",\"@id\":\"https:\/\/francois-pelletant.fr\/blog\/#\/schema\/person\/2be41acb171dff8f31aaed1f40cee9f3\",\"name\":\"Francois\"}]}<\/script>\n<!-- \/ Yoast SEO plugin. -->","yoast_head_json":{"title":"Les &quot;Muzicales&quot; : le nouveau rendez-vous Linois - Fran\u00e7ois Pelletant","robots":{"index":"index","follow":"follow","max-snippet":"max-snippet:-1","max-image-preview":"max-image-preview:large","max-video-preview":"max-video-preview:-1"},"canonical":"https:\/\/francois-pelletant.fr\/blog\/les-muzicales-le-nouveau-rendez-vous-linois\/","og_locale":"fr_FR","og_type":"article","og_title":"Les &quot;Muzicales&quot; : le nouveau rendez-vous Linois - Fran\u00e7ois Pelletant","og_description":"Du 23 mai au 13 juin 2015, chaque samedi soir, la salle Erato de la M\u00e9diath\u00e8que \u00ab Les Muses \u00bb \u00e0 Linas vous accueille de 20h \u00e0 22h pour une s\u00e9rie de concerts exceptionnels dans le cadre d&#8217;un nouveau rendez-vous culturel : les \u00ab Muzicales \u00bb de Linas. Entr\u00e9e libre (places limit\u00e9es). Programme (pr\u00e9visionnel) : [&hellip;]","og_url":"https:\/\/francois-pelletant.fr\/blog\/les-muzicales-le-nouveau-rendez-vous-linois\/","og_site_name":"Fran\u00e7ois Pelletant","article_publisher":"https:\/\/www.facebook.com\/francois.pelletant.7","article_published_time":"2015-05-21T06:10:42+00:00","og_image":[{"width":401,"height":567,"url":"https:\/\/francois-pelletant.fr\/blog\/wp-content\/uploads\/2015\/05\/musicales-fb.jpg","type":"image\/jpeg"}],"author":"Francois","twitter_card":"summary_large_image","twitter_creator":"@pelletant","twitter_site":"@pelletant","twitter_misc":{"\u00c9crit par":"Francois"},"schema":{"@context":"https:\/\/schema.org","@graph":[{"@type":"Article","@id":"https:\/\/francois-pelletant.fr\/blog\/les-muzicales-le-nouveau-rendez-vous-linois\/#article","isPartOf":{"@id":"https:\/\/francois-pelletant.fr\/blog\/les-muzicales-le-nouveau-rendez-vous-linois\/"},"author":{"name":"Francois","@id":"https:\/\/francois-pelletant.fr\/blog\/#\/schema\/person\/2be41acb171dff8f31aaed1f40cee9f3"},"headline":"Les &quot;Muzicales&quot; : le nouveau rendez-vous Linois","datePublished":"2015-05-21T06:10:42+00:00","mainEntityOfPage":{"@id":"https:\/\/francois-pelletant.fr\/blog\/les-muzicales-le-nouveau-rendez-vous-linois\/"},"wordCount":93,"commentCount":0,"publisher":{"@id":"https:\/\/francois-pelletant.fr\/blog\/#organization"},"image":{"@id":"https:\/\/francois-pelletant.fr\/blog\/les-muzicales-le-nouveau-rendez-vous-linois\/#primaryimage"},"thumbnailUrl":"https:\/\/francois-pelletant.fr\/blog\/wp-content\/uploads\/2015\/05\/musicales-fb.jpg","articleSection":["Infos"],"inLanguage":"fr-FR","potentialAction":[{"@type":"CommentAction","name":"Comment","target":["https:\/\/francois-pelletant.fr\/blog\/les-muzicales-le-nouveau-rendez-vous-linois\/#respond"]}]},{"@type":"WebPage","@id":"https:\/\/francois-pelletant.fr\/blog\/les-muzicales-le-nouveau-rendez-vous-linois\/","url":"https:\/\/francois-pelletant.fr\/blog\/les-muzicales-le-nouveau-rendez-vous-linois\/","name":"Les &quot;Muzicales&quot; : le nouveau rendez-vous Linois - Fran\u00e7ois Pelletant","isPartOf":{"@id":"https:\/\/francois-pelletant.fr\/blog\/#website"},"primaryImageOfPage":{"@id":"https:\/\/francois-pelletant.fr\/blog\/les-muzicales-le-nouveau-rendez-vous-linois\/#primaryimage"},"image":{"@id":"https:\/\/francois-pelletant.fr\/blog\/les-muzicales-le-nouveau-rendez-vous-linois\/#primaryimage"},"thumbnailUrl":"https:\/\/francois-pelletant.fr\/blog\/wp-content\/uploads\/2015\/05\/musicales-fb.jpg","datePublished":"2015-05-21T06:10:42+00:00","breadcrumb":{"@id":"https:\/\/francois-pelletant.fr\/blog\/les-muzicales-le-nouveau-rendez-vous-linois\/#breadcrumb"},"inLanguage":"fr-FR","potentialAction":[{"@type":"ReadAction","target":["https:\/\/francois-pelletant.fr\/blog\/les-muzicales-le-nouveau-rendez-vous-linois\/"]}]},{"@type":"ImageObject","inLanguage":"fr-FR","@id":"https:\/\/francois-pelletant.fr\/blog\/les-muzicales-le-nouveau-rendez-vous-linois\/#primaryimage","url":"https:\/\/francois-pelletant.fr\/blog\/wp-content\/uploads\/2015\/05\/musicales-fb.jpg","contentUrl":"https:\/\/francois-pelletant.fr\/blog\/wp-content\/uploads\/2015\/05\/musicales-fb.jpg","width":401,"height":567},{"@type":"BreadcrumbList","@id":"https:\/\/francois-pelletant.fr\/blog\/les-muzicales-le-nouveau-rendez-vous-linois\/#breadcrumb","itemListElement":[{"@type":"ListItem","position":1,"name":"Accueil","item":"https:\/\/francois-pelletant.fr\/blog\/"},{"@type":"ListItem","position":2,"name":"Les &quot;Muzicales&quot; : le nouveau rendez-vous Linois"}]},{"@type":"WebSite","@id":"https:\/\/francois-pelletant.fr\/blog\/#website","url":"https:\/\/francois-pelletant.fr\/blog\/","name":"Fran\u00e7ois Pelletant","description":"Maire de Linas, pour toujours.","publisher":{"@id":"https:\/\/francois-pelletant.fr\/blog\/#organization"},"potentialAction":[{"@type":"SearchAction","target":{"@type":"EntryPoint","urlTemplate":"https:\/\/francois-pelletant.fr\/blog\/?s={search_term_string}"},"query-input":{"@type":"PropertyValueSpecification","valueRequired":true,"valueName":"search_term_string"}}],"inLanguage":"fr-FR"},{"@type":"Organization","@id":"https:\/\/francois-pelletant.fr\/blog\/#organization","name":"Fran\u00e7ois Pelletant","url":"https:\/\/francois-pelletant.fr\/blog\/","logo":{"@type":"ImageObject","inLanguage":"fr-FR","@id":"https:\/\/francois-pelletant.fr\/blog\/#\/schema\/logo\/image\/","url":"https:\/\/francois-pelletant.fr\/blog\/wp-content\/uploads\/2024\/07\/icone-francois-centre-500p.png","contentUrl":"https:\/\/francois-pelletant.fr\/blog\/wp-content\/uploads\/2024\/07\/icone-francois-centre-500p.png","width":559,"height":447,"caption":"Fran\u00e7ois Pelletant"},"image":{"@id":"https:\/\/francois-pelletant.fr\/blog\/#\/schema\/logo\/image\/"},"sameAs":["https:\/\/www.facebook.com\/francois.pelletant.7","https:\/\/x.com\/pelletant"]},{"@type":"Person","@id":"https:\/\/francois-pelletant.fr\/blog\/#\/schema\/person\/2be41acb171dff8f31aaed1f40cee9f3","name":"Francois"}]}},"_links":{"self":[{"href":"https:\/\/francois-pelletant.fr\/blog\/wp-json\/wp\/v2\/posts\/5438","targetHints":{"allow":["GET"]}}],"collection":[{"href":"https:\/\/francois-pelletant.fr\/blog\/wp-json\/wp\/v2\/posts"}],"about":[{"href":"https:\/\/francois-pelletant.fr\/blog\/wp-json\/wp\/v2\/types\/post"}],"author":[{"embeddable":true,"href":"https:\/\/francois-pelletant.fr\/blog\/wp-json\/wp\/v2\/users\/1"}],"replies":[{"embeddable":true,"href":"https:\/\/francois-pelletant.fr\/blog\/wp-json\/wp\/v2\/comments?post=5438"}],"version-history":[{"count":0,"href":"https:\/\/francois-pelletant.fr\/blog\/wp-json\/wp\/v2\/posts\/5438\/revisions"}],"wp:featuredmedia":[{"embeddable":true,"href":"https:\/\/francois-pelletant.fr\/blog\/wp-json\/wp\/v2\/media\/5439"}],"wp:attachment":[{"href":"https:\/\/francois-pelletant.fr\/blog\/wp-json\/wp\/v2\/media?parent=5438"}],"wp:term":[{"taxonomy":"category","embeddable":true,"href":"https:\/\/francois-pelletant.fr\/blog\/wp-json\/wp\/v2\/categories?post=5438"},{"taxonomy":"post_tag","embeddable":true,"href":"https:\/\/francois-pelletant.fr\/blog\/wp-json\/wp\/v2\/tags?post=5438"}],"curies":[{"name":"wp","href":"https:\/\/api.w.org\/{rel}","templated":true}]}}