{"id":5462,"date":"2015-05-29T10:53:02","date_gmt":"2015-05-29T08:53:02","guid":{"rendered":"https:\/\/francois-pelletant.fr\/blog\/?p=5462"},"modified":"2017-05-02T08:52:52","modified_gmt":"2017-05-02T08:52:52","slug":"respectons-notre-cadre-de-vie","status":"publish","type":"post","link":"https:\/\/francois-pelletant.fr\/blog\/respectons-notre-cadre-de-vie\/","title":{"rendered":"Respectons notre cadre de vie"},"content":{"rendered":"<p><a href=\"https:\/\/francois-pelletant.fr\/blog\/wp-content\/uploads\/2015\/05\/pollution.jpg\"><img loading=\"lazy\" decoding=\"async\" class=\"alignleft wp-image-5463 size-medium\" title=\"pollution\" src=\"https:\/\/francois-pelletant.fr\/blog\/wp-content\/uploads\/2015\/05\/pollution-300x290.jpg\" alt=\"Le-Parc-de-la-Source-Linas\" width=\"300\" height=\"290\" srcset=\"https:\/\/francois-pelletant.fr\/blog\/wp-content\/uploads\/2015\/05\/pollution-300x290.jpg 300w, https:\/\/francois-pelletant.fr\/blog\/wp-content\/uploads\/2015\/05\/pollution.jpg 480w\" sizes=\"auto, (max-width: 300px) 100vw, 300px\" \/><\/a><\/p>\n<h2>La d\u00e9gradation du Parc de la Source \u00e0 Linas entra\u00eene une forte pollution .<\/h2>\n<p>Le Parc de la Source \u00e0 Linas a \u00e9t\u00e9 l\u2019objet le week-end de Pentec\u00f4te d\u2019actes malveillants. Ces derniers ont alors \u00a0entrain\u00e9 une s\u00e9v\u00e8re pollution du point d\u2019eau de ce site pr\u00e9serv\u00e9. Des dizaines de bouteilles de bi\u00e8re vides et leurs emballages cartons ont \u00e9t\u00e9 retrouv\u00e9s flottant dans le bassin. Le nettoyage a ainsi n\u00e9cessit\u00e9 le recours \u00e0 des moyens techniques sp\u00e9cifiques qui sont \u00e0 la charge de la commune. Le co\u00fbt financier pour les d\u00e9penses publiques est loin d\u2019\u00eatre n\u00e9gligeable et malheureusement ce n\u2019est pas la premi\u00e8re fois qu\u2019une telle d\u00e9gradation du domaine public se produit. De ce fait, j\u2019appelle chacun \u00e0 faire preuve de civisme et \u00e0 veiller \u00e0 respecter notre cadre de vie.<\/p>\n<p>&nbsp;<\/p>\n","protected":false},"excerpt":{"rendered":"<p>La d\u00e9gradation du Parc de la Source \u00e0 Linas entra\u00eene une forte pollution . Le Parc de la Source \u00e0 Linas a \u00e9t\u00e9 l\u2019objet le week-end de Pentec\u00f4te d\u2019actes malveillants. Ces derniers ont alors \u00a0entrain\u00e9 une s\u00e9v\u00e8re pollution du point d\u2019eau de ce site pr\u00e9serv\u00e9. Des dizaines de bouteilles de bi\u00e8re vides et leurs emballages [&hellip;]<\/p>\n","protected":false},"author":1,"featured_media":5463,"comment_status":"open","ping_status":"open","sticky":false,"template":"","format":"standard","meta":{"footnotes":""},"categories":[15],"tags":[],"class_list":["post-5462","post","type-post","status-publish","format-standard","has-post-thumbnail","hentry","category-patrimoi"],"yoast_head":"<!-- This site is optimized with the Yoast SEO plugin v25.6 - https:\/\/yoast.com\/wordpress\/plugins\/seo\/ -->\n<title>Linas : Respectons notre cadre de vie - Fran\u00e7ois Pelletant<\/title>\n<meta name=\"description\" content=\"Le parc de la Source situ\u00e9 \u00e0 Linas a \u00e9t\u00e9 vandalis\u00e9. Par cons\u00e9quent, le nettoyage \u00e0 causer des frais pris en charge par la commune.\" \/>\n<meta name=\"robots\" content=\"index, follow, max-snippet:-1, max-image-preview:large, max-video-preview:-1\" \/>\n<link rel=\"canonical\" href=\"https:\/\/francois-pelletant.fr\/blog\/respectons-notre-cadre-de-vie\/\" \/>\n<meta property=\"og:locale\" content=\"fr_FR\" \/>\n<meta property=\"og:type\" content=\"article\" \/>\n<meta property=\"og:title\" content=\"Linas : Respectons notre cadre de vie - Fran\u00e7ois Pelletant\" \/>\n<meta property=\"og:description\" content=\"Le parc de la Source situ\u00e9 \u00e0 Linas a \u00e9t\u00e9 vandalis\u00e9. Par cons\u00e9quent, le nettoyage \u00e0 causer des frais pris en charge par la commune.\" \/>\n<meta property=\"og:url\" content=\"https:\/\/francois-pelletant.fr\/blog\/respectons-notre-cadre-de-vie\/\" \/>\n<meta property=\"og:site_name\" content=\"Fran\u00e7ois Pelletant\" \/>\n<meta property=\"article:publisher\" content=\"https:\/\/www.facebook.com\/francois.pelletant.7\" \/>\n<meta property=\"article:published_time\" content=\"2015-05-29T08:53:02+00:00\" \/>\n<meta property=\"article:modified_time\" content=\"2017-05-02T08:52:52+00:00\" \/>\n<meta property=\"og:image\" content=\"https:\/\/francois-pelletant.fr\/blog\/wp-content\/uploads\/2015\/05\/pollution.jpg\" \/>\n\t<meta property=\"og:image:width\" content=\"480\" \/>\n\t<meta property=\"og:image:height\" content=\"464\" \/>\n\t<meta property=\"og:image:type\" content=\"image\/jpeg\" \/>\n<meta name=\"author\" content=\"Francois\" \/>\n<meta name=\"twitter:card\" content=\"summary_large_image\" \/>\n<meta name=\"twitter:creator\" content=\"@pelletant\" \/>\n<meta name=\"twitter:site\" content=\"@pelletant\" \/>\n<meta name=\"twitter:label1\" content=\"\u00c9crit par\" \/>\n\t<meta name=\"twitter:data1\" content=\"Francois\" \/>\n\t<meta name=\"twitter:label2\" content=\"Dur\u00e9e de lecture estim\u00e9e\" \/>\n\t<meta name=\"twitter:data2\" content=\"1 minute\" \/>\n<script type=\"application\/ld+json\" class=\"yoast-schema-graph\">{\"@context\":\"https:\/\/schema.org\",\"@graph\":[{\"@type\":\"Article\",\"@id\":\"https:\/\/francois-pelletant.fr\/blog\/respectons-notre-cadre-de-vie\/#article\",\"isPartOf\":{\"@id\":\"https:\/\/francois-pelletant.fr\/blog\/respectons-notre-cadre-de-vie\/\"},\"author\":{\"name\":\"Francois\",\"@id\":\"https:\/\/francois-pelletant.fr\/blog\/#\/schema\/person\/2be41acb171dff8f31aaed1f40cee9f3\"},\"headline\":\"Respectons notre cadre de vie\",\"datePublished\":\"2015-05-29T08:53:02+00:00\",\"dateModified\":\"2017-05-02T08:52:52+00:00\",\"mainEntityOfPage\":{\"@id\":\"https:\/\/francois-pelletant.fr\/blog\/respectons-notre-cadre-de-vie\/\"},\"wordCount\":149,\"commentCount\":0,\"publisher\":{\"@id\":\"https:\/\/francois-pelletant.fr\/blog\/#organization\"},\"image\":{\"@id\":\"https:\/\/francois-pelletant.fr\/blog\/respectons-notre-cadre-de-vie\/#primaryimage\"},\"thumbnailUrl\":\"https:\/\/francois-pelletant.fr\/blog\/wp-content\/uploads\/2015\/05\/pollution.jpg\",\"articleSection\":[\"Patrimoine\"],\"inLanguage\":\"fr-FR\",\"potentialAction\":[{\"@type\":\"CommentAction\",\"name\":\"Comment\",\"target\":[\"https:\/\/francois-pelletant.fr\/blog\/respectons-notre-cadre-de-vie\/#respond\"]}]},{\"@type\":\"WebPage\",\"@id\":\"https:\/\/francois-pelletant.fr\/blog\/respectons-notre-cadre-de-vie\/\",\"url\":\"https:\/\/francois-pelletant.fr\/blog\/respectons-notre-cadre-de-vie\/\",\"name\":\"Linas : Respectons notre cadre de vie - Fran\u00e7ois Pelletant\",\"isPartOf\":{\"@id\":\"https:\/\/francois-pelletant.fr\/blog\/#website\"},\"primaryImageOfPage\":{\"@id\":\"https:\/\/francois-pelletant.fr\/blog\/respectons-notre-cadre-de-vie\/#primaryimage\"},\"image\":{\"@id\":\"https:\/\/francois-pelletant.fr\/blog\/respectons-notre-cadre-de-vie\/#primaryimage\"},\"thumbnailUrl\":\"https:\/\/francois-pelletant.fr\/blog\/wp-content\/uploads\/2015\/05\/pollution.jpg\",\"datePublished\":\"2015-05-29T08:53:02+00:00\",\"dateModified\":\"2017-05-02T08:52:52+00:00\",\"description\":\"Le parc de la Source situ\u00e9 \u00e0 Linas a \u00e9t\u00e9 vandalis\u00e9. Par cons\u00e9quent, le nettoyage \u00e0 causer des frais pris en charge par la commune.\",\"breadcrumb\":{\"@id\":\"https:\/\/francois-pelletant.fr\/blog\/respectons-notre-cadre-de-vie\/#breadcrumb\"},\"inLanguage\":\"fr-FR\",\"potentialAction\":[{\"@type\":\"ReadAction\",\"target\":[\"https:\/\/francois-pelletant.fr\/blog\/respectons-notre-cadre-de-vie\/\"]}]},{\"@type\":\"ImageObject\",\"inLanguage\":\"fr-FR\",\"@id\":\"https:\/\/francois-pelletant.fr\/blog\/respectons-notre-cadre-de-vie\/#primaryimage\",\"url\":\"https:\/\/francois-pelletant.fr\/blog\/wp-content\/uploads\/2015\/05\/pollution.jpg\",\"contentUrl\":\"https:\/\/francois-pelletant.fr\/blog\/wp-content\/uploads\/2015\/05\/pollution.jpg\",\"width\":480,\"height\":464},{\"@type\":\"BreadcrumbList\",\"@id\":\"https:\/\/francois-pelletant.fr\/blog\/respectons-notre-cadre-de-vie\/#breadcrumb\",\"itemListElement\":[{\"@type\":\"ListItem\",\"position\":1,\"name\":\"Accueil\",\"item\":\"https:\/\/francois-pelletant.fr\/blog\/\"},{\"@type\":\"ListItem\",\"position\":2,\"name\":\"Respectons notre cadre de vie\"}]},{\"@type\":\"WebSite\",\"@id\":\"https:\/\/francois-pelletant.fr\/blog\/#website\",\"url\":\"https:\/\/francois-pelletant.fr\/blog\/\",\"name\":\"Fran\u00e7ois Pelletant\",\"description\":\"Maire de Linas, pour toujours.\",\"publisher\":{\"@id\":\"https:\/\/francois-pelletant.fr\/blog\/#organization\"},\"potentialAction\":[{\"@type\":\"SearchAction\",\"target\":{\"@type\":\"EntryPoint\",\"urlTemplate\":\"https:\/\/francois-pelletant.fr\/blog\/?s={search_term_string}\"},\"query-input\":{\"@type\":\"PropertyValueSpecification\",\"valueRequired\":true,\"valueName\":\"search_term_string\"}}],\"inLanguage\":\"fr-FR\"},{\"@type\":\"Organization\",\"@id\":\"https:\/\/francois-pelletant.fr\/blog\/#organization\",\"name\":\"Fran\u00e7ois Pelletant\",\"url\":\"https:\/\/francois-pelletant.fr\/blog\/\",\"logo\":{\"@type\":\"ImageObject\",\"inLanguage\":\"fr-FR\",\"@id\":\"https:\/\/francois-pelletant.fr\/blog\/#\/schema\/logo\/image\/\",\"url\":\"https:\/\/francois-pelletant.fr\/blog\/wp-content\/uploads\/2024\/07\/icone-francois-centre-500p.png\",\"contentUrl\":\"https:\/\/francois-pelletant.fr\/blog\/wp-content\/uploads\/2024\/07\/icone-francois-centre-500p.png\",\"width\":559,\"height\":447,\"caption\":\"Fran\u00e7ois Pelletant\"},\"image\":{\"@id\":\"https:\/\/francois-pelletant.fr\/blog\/#\/schema\/logo\/image\/\"},\"sameAs\":[\"https:\/\/www.facebook.com\/francois.pelletant.7\",\"https:\/\/x.com\/pelletant\"]},{\"@type\":\"Person\",\"@id\":\"https:\/\/francois-pelletant.fr\/blog\/#\/schema\/person\/2be41acb171dff8f31aaed1f40cee9f3\",\"name\":\"Francois\"}]}<\/script>\n<!-- \/ Yoast SEO plugin. -->","yoast_head_json":{"title":"Linas : Respectons notre cadre de vie - Fran\u00e7ois Pelletant","description":"Le parc de la Source situ\u00e9 \u00e0 Linas a \u00e9t\u00e9 vandalis\u00e9. Par cons\u00e9quent, le nettoyage \u00e0 causer des frais pris en charge par la commune.","robots":{"index":"index","follow":"follow","max-snippet":"max-snippet:-1","max-image-preview":"max-image-preview:large","max-video-preview":"max-video-preview:-1"},"canonical":"https:\/\/francois-pelletant.fr\/blog\/respectons-notre-cadre-de-vie\/","og_locale":"fr_FR","og_type":"article","og_title":"Linas : Respectons notre cadre de vie - Fran\u00e7ois Pelletant","og_description":"Le parc de la Source situ\u00e9 \u00e0 Linas a \u00e9t\u00e9 vandalis\u00e9. Par cons\u00e9quent, le nettoyage \u00e0 causer des frais pris en charge par la commune.","og_url":"https:\/\/francois-pelletant.fr\/blog\/respectons-notre-cadre-de-vie\/","og_site_name":"Fran\u00e7ois Pelletant","article_publisher":"https:\/\/www.facebook.com\/francois.pelletant.7","article_published_time":"2015-05-29T08:53:02+00:00","article_modified_time":"2017-05-02T08:52:52+00:00","og_image":[{"width":480,"height":464,"url":"https:\/\/francois-pelletant.fr\/blog\/wp-content\/uploads\/2015\/05\/pollution.jpg","type":"image\/jpeg"}],"author":"Francois","twitter_card":"summary_large_image","twitter_creator":"@pelletant","twitter_site":"@pelletant","twitter_misc":{"\u00c9crit par":"Francois","Dur\u00e9e de lecture estim\u00e9e":"1 minute"},"schema":{"@context":"https:\/\/schema.org","@graph":[{"@type":"Article","@id":"https:\/\/francois-pelletant.fr\/blog\/respectons-notre-cadre-de-vie\/#article","isPartOf":{"@id":"https:\/\/francois-pelletant.fr\/blog\/respectons-notre-cadre-de-vie\/"},"author":{"name":"Francois","@id":"https:\/\/francois-pelletant.fr\/blog\/#\/schema\/person\/2be41acb171dff8f31aaed1f40cee9f3"},"headline":"Respectons notre cadre de vie","datePublished":"2015-05-29T08:53:02+00:00","dateModified":"2017-05-02T08:52:52+00:00","mainEntityOfPage":{"@id":"https:\/\/francois-pelletant.fr\/blog\/respectons-notre-cadre-de-vie\/"},"wordCount":149,"commentCount":0,"publisher":{"@id":"https:\/\/francois-pelletant.fr\/blog\/#organization"},"image":{"@id":"https:\/\/francois-pelletant.fr\/blog\/respectons-notre-cadre-de-vie\/#primaryimage"},"thumbnailUrl":"https:\/\/francois-pelletant.fr\/blog\/wp-content\/uploads\/2015\/05\/pollution.jpg","articleSection":["Patrimoine"],"inLanguage":"fr-FR","potentialAction":[{"@type":"CommentAction","name":"Comment","target":["https:\/\/francois-pelletant.fr\/blog\/respectons-notre-cadre-de-vie\/#respond"]}]},{"@type":"WebPage","@id":"https:\/\/francois-pelletant.fr\/blog\/respectons-notre-cadre-de-vie\/","url":"https:\/\/francois-pelletant.fr\/blog\/respectons-notre-cadre-de-vie\/","name":"Linas : Respectons notre cadre de vie - Fran\u00e7ois Pelletant","isPartOf":{"@id":"https:\/\/francois-pelletant.fr\/blog\/#website"},"primaryImageOfPage":{"@id":"https:\/\/francois-pelletant.fr\/blog\/respectons-notre-cadre-de-vie\/#primaryimage"},"image":{"@id":"https:\/\/francois-pelletant.fr\/blog\/respectons-notre-cadre-de-vie\/#primaryimage"},"thumbnailUrl":"https:\/\/francois-pelletant.fr\/blog\/wp-content\/uploads\/2015\/05\/pollution.jpg","datePublished":"2015-05-29T08:53:02+00:00","dateModified":"2017-05-02T08:52:52+00:00","description":"Le parc de la Source situ\u00e9 \u00e0 Linas a \u00e9t\u00e9 vandalis\u00e9. Par cons\u00e9quent, le nettoyage \u00e0 causer des frais pris en charge par la commune.","breadcrumb":{"@id":"https:\/\/francois-pelletant.fr\/blog\/respectons-notre-cadre-de-vie\/#breadcrumb"},"inLanguage":"fr-FR","potentialAction":[{"@type":"ReadAction","target":["https:\/\/francois-pelletant.fr\/blog\/respectons-notre-cadre-de-vie\/"]}]},{"@type":"ImageObject","inLanguage":"fr-FR","@id":"https:\/\/francois-pelletant.fr\/blog\/respectons-notre-cadre-de-vie\/#primaryimage","url":"https:\/\/francois-pelletant.fr\/blog\/wp-content\/uploads\/2015\/05\/pollution.jpg","contentUrl":"https:\/\/francois-pelletant.fr\/blog\/wp-content\/uploads\/2015\/05\/pollution.jpg","width":480,"height":464},{"@type":"BreadcrumbList","@id":"https:\/\/francois-pelletant.fr\/blog\/respectons-notre-cadre-de-vie\/#breadcrumb","itemListElement":[{"@type":"ListItem","position":1,"name":"Accueil","item":"https:\/\/francois-pelletant.fr\/blog\/"},{"@type":"ListItem","position":2,"name":"Respectons notre cadre de vie"}]},{"@type":"WebSite","@id":"https:\/\/francois-pelletant.fr\/blog\/#website","url":"https:\/\/francois-pelletant.fr\/blog\/","name":"Fran\u00e7ois Pelletant","description":"Maire de Linas, pour toujours.","publisher":{"@id":"https:\/\/francois-pelletant.fr\/blog\/#organization"},"potentialAction":[{"@type":"SearchAction","target":{"@type":"EntryPoint","urlTemplate":"https:\/\/francois-pelletant.fr\/blog\/?s={search_term_string}"},"query-input":{"@type":"PropertyValueSpecification","valueRequired":true,"valueName":"search_term_string"}}],"inLanguage":"fr-FR"},{"@type":"Organization","@id":"https:\/\/francois-pelletant.fr\/blog\/#organization","name":"Fran\u00e7ois Pelletant","url":"https:\/\/francois-pelletant.fr\/blog\/","logo":{"@type":"ImageObject","inLanguage":"fr-FR","@id":"https:\/\/francois-pelletant.fr\/blog\/#\/schema\/logo\/image\/","url":"https:\/\/francois-pelletant.fr\/blog\/wp-content\/uploads\/2024\/07\/icone-francois-centre-500p.png","contentUrl":"https:\/\/francois-pelletant.fr\/blog\/wp-content\/uploads\/2024\/07\/icone-francois-centre-500p.png","width":559,"height":447,"caption":"Fran\u00e7ois Pelletant"},"image":{"@id":"https:\/\/francois-pelletant.fr\/blog\/#\/schema\/logo\/image\/"},"sameAs":["https:\/\/www.facebook.com\/francois.pelletant.7","https:\/\/x.com\/pelletant"]},{"@type":"Person","@id":"https:\/\/francois-pelletant.fr\/blog\/#\/schema\/person\/2be41acb171dff8f31aaed1f40cee9f3","name":"Francois"}]}},"_links":{"self":[{"href":"https:\/\/francois-pelletant.fr\/blog\/wp-json\/wp\/v2\/posts\/5462","targetHints":{"allow":["GET"]}}],"collection":[{"href":"https:\/\/francois-pelletant.fr\/blog\/wp-json\/wp\/v2\/posts"}],"about":[{"href":"https:\/\/francois-pelletant.fr\/blog\/wp-json\/wp\/v2\/types\/post"}],"author":[{"embeddable":true,"href":"https:\/\/francois-pelletant.fr\/blog\/wp-json\/wp\/v2\/users\/1"}],"replies":[{"embeddable":true,"href":"https:\/\/francois-pelletant.fr\/blog\/wp-json\/wp\/v2\/comments?post=5462"}],"version-history":[{"count":0,"href":"https:\/\/francois-pelletant.fr\/blog\/wp-json\/wp\/v2\/posts\/5462\/revisions"}],"wp:featuredmedia":[{"embeddable":true,"href":"https:\/\/francois-pelletant.fr\/blog\/wp-json\/wp\/v2\/media\/5463"}],"wp:attachment":[{"href":"https:\/\/francois-pelletant.fr\/blog\/wp-json\/wp\/v2\/media?parent=5462"}],"wp:term":[{"taxonomy":"category","embeddable":true,"href":"https:\/\/francois-pelletant.fr\/blog\/wp-json\/wp\/v2\/categories?post=5462"},{"taxonomy":"post_tag","embeddable":true,"href":"https:\/\/francois-pelletant.fr\/blog\/wp-json\/wp\/v2\/tags?post=5462"}],"curies":[{"name":"wp","href":"https:\/\/api.w.org\/{rel}","templated":true}]}}