{"id":5548,"date":"2015-06-26T10:49:28","date_gmt":"2015-06-26T08:49:28","guid":{"rendered":"https:\/\/francois-pelletant.fr\/blog\/?p=5548"},"modified":"2017-04-27T14:08:36","modified_gmt":"2017-04-27T14:08:36","slug":"non-aux-radars-de-feu-rouge","status":"publish","type":"post","link":"https:\/\/francois-pelletant.fr\/blog\/non-aux-radars-de-feu-rouge\/","title":{"rendered":"Non aux radars de feux rouges : d\u00e9j\u00e0 52.694 soutiens !"},"content":{"rendered":"<figure id=\"attachment_5549\" aria-describedby=\"caption-attachment-5549\" style=\"width: 230px\" class=\"wp-caption alignleft\"><a href=\"https:\/\/francois-pelletant.fr\/blog\/wp-content\/uploads\/2015\/06\/pelletant-et-bayard-250615.jpg\"><img loading=\"lazy\" decoding=\"async\" class=\"wp-image-5549 size-medium\" title=\"pelletant et bayard 250615\" src=\"https:\/\/francois-pelletant.fr\/blog\/wp-content\/uploads\/2015\/06\/pelletant-et-bayard-250615-230x300.jpg\" alt=\"image - radars de feux rouges\" width=\"230\" height=\"300\" srcset=\"https:\/\/francois-pelletant.fr\/blog\/wp-content\/uploads\/2015\/06\/pelletant-et-bayard-250615-230x300.jpg 230w, https:\/\/francois-pelletant.fr\/blog\/wp-content\/uploads\/2015\/06\/pelletant-et-bayard-250615-784x1024.jpg 784w, https:\/\/francois-pelletant.fr\/blog\/wp-content\/uploads\/2015\/06\/pelletant-et-bayard-250615-768x1003.jpg 768w, https:\/\/francois-pelletant.fr\/blog\/wp-content\/uploads\/2015\/06\/pelletant-et-bayard-250615-600x783.jpg 600w, https:\/\/francois-pelletant.fr\/blog\/wp-content\/uploads\/2015\/06\/pelletant-et-bayard-250615-1176x1536.jpg 1176w, https:\/\/francois-pelletant.fr\/blog\/wp-content\/uploads\/2015\/06\/pelletant-et-bayard-250615.jpg 1357w\" sizes=\"auto, (max-width: 230px) 100vw, 230px\" \/><\/a><figcaption id=\"caption-attachment-5549\" class=\"wp-caption-text\">avec Christine BAYARD, Secr\u00e9taire g\u00e9n\u00e9rale de la Ligue de D\u00e9fense des Conducteurs, devant la mairie de Linas le 25 juin 2015<\/figcaption><\/figure>\n<h3>Une p\u00e9tition pour retirer les radars de feux rouges<\/h3>\n<p>En partenariat avec la <em>Ligue de D\u00e9fense des Conducteurs<\/em>, la ville de Linas a mis en place une grande p\u00e9tition nationale pour retirer les radars de feux rouges install\u00e9s sur son territoire. En effet, non seulement ces dispositifs sont inutiles pour la s\u00e9curit\u00e9 routi\u00e8re, mais ils provoquent des accidents suppl\u00e9mentaires aux carrefours o\u00f9 ils sont install\u00e9s.<\/p>\n<p>Depuis septembre 2010, \u00e0 Linas, nous alertons les pouvoirs publics sur la recrudescence d&#8217;accidents depuis l&#8217;installation des radars aux feux dans la ville.<\/p>\n<p>Avant leur installation (en 2011), il y avait une moyenne de 6 accidents par an au carrefour. Depuis, <strong>leur nombre a doubl\u00e9<\/strong> !<\/p>\n<p>En f\u00e9vrier dernier, nous avons constatez une augmentation des accidents r\u00e9guliers et les d\u00e9g\u00e2ts sur le mobilier urbain provoqu\u00e9s du fait des radars aux feux de la RN20. Par cons\u00e9quent, nous avons mis en place <span style=\"text-decoration: underline;\">une signalisation sp\u00e9cifique pour alerter les automobilistes<\/span>, en l\u2019occurrence des panneaux \u00ab\u00a0Attention \/ freinages brutaux\u00a0\u00bb.<\/p>\n<p>Avec l\u2019aide de la <em>Ligue de D\u00e9fense des Conducteurs<\/em>, <strong>la p\u00e9tition pour retirer les radars a d\u00e9j\u00e0 recueilli 52.694 soutiens \u00e0 travers la France<\/strong>. Une action de soutien de plus grande ampleur est en pr\u00e9paration. D&#8217;autant plus que le\u00a0 gouvernement a pr\u00e9vu de relancer l&#8217;installation de radars de feu suppl\u00e9mentaires. L\u2019objectif de la mobilisation est d\u2019obtenir le retrait des radars de Linas ; et ainsi faire jurisprudence pour lancer une action contre les radars de feux rouges au niveau national !<\/p>\n<p align=\"center\">Pour signer la p\u00e9tition, rendez-vous sur\u00a0: <a href=\"http:\/\/www.liguedesconducteurs.org\/\" target=\"_blank\" rel=\"nofollow\">www.liguedesconducteurs.org<\/a><\/p>\n","protected":false},"excerpt":{"rendered":"<p>Une p\u00e9tition pour retirer les radars de feux rouges En partenariat avec la Ligue de D\u00e9fense des Conducteurs, la ville de Linas a mis en place une grande p\u00e9tition nationale pour retirer les radars de feux rouges install\u00e9s sur son territoire. En effet, non seulement ces dispositifs sont inutiles pour la s\u00e9curit\u00e9 routi\u00e8re, mais ils [&hellip;]<\/p>\n","protected":false},"author":1,"featured_media":5549,"comment_status":"open","ping_status":"open","sticky":false,"template":"","format":"standard","meta":{"footnotes":""},"categories":[19],"tags":[],"class_list":["post-5548","post","type-post","status-publish","format-standard","has-post-thumbnail","hentry","category-rn20"],"yoast_head":"<!-- This site is optimized with the Yoast SEO plugin v25.6 - https:\/\/yoast.com\/wordpress\/plugins\/seo\/ -->\n<title>Non aux radars de feux rouges : d\u00e9j\u00e0 52.694 soutiens ! - Fran\u00e7ois Pelletant<\/title>\n<meta name=\"description\" content=\"Pour lutter et d\u00e9noncer des nombreux accidents caus\u00e9s par l&#039; installation de radars de feux rouges, la ville de Linas lance une p\u00e9tition.\" \/>\n<meta name=\"robots\" content=\"index, follow, max-snippet:-1, max-image-preview:large, max-video-preview:-1\" \/>\n<link rel=\"canonical\" href=\"https:\/\/francois-pelletant.fr\/blog\/non-aux-radars-de-feu-rouge\/\" \/>\n<meta property=\"og:locale\" content=\"fr_FR\" \/>\n<meta property=\"og:type\" content=\"article\" \/>\n<meta property=\"og:title\" content=\"Non aux radars de feux rouges : d\u00e9j\u00e0 52.694 soutiens ! - Fran\u00e7ois Pelletant\" \/>\n<meta property=\"og:description\" content=\"Pour lutter et d\u00e9noncer des nombreux accidents caus\u00e9s par l&#039; installation de radars de feux rouges, la ville de Linas lance une p\u00e9tition.\" \/>\n<meta property=\"og:url\" content=\"https:\/\/francois-pelletant.fr\/blog\/non-aux-radars-de-feu-rouge\/\" \/>\n<meta property=\"og:site_name\" content=\"Fran\u00e7ois Pelletant\" \/>\n<meta property=\"article:publisher\" content=\"https:\/\/www.facebook.com\/francois.pelletant.7\" \/>\n<meta property=\"article:published_time\" content=\"2015-06-26T08:49:28+00:00\" \/>\n<meta property=\"article:modified_time\" content=\"2017-04-27T14:08:36+00:00\" \/>\n<meta property=\"og:image\" content=\"https:\/\/francois-pelletant.fr\/blog\/wp-content\/uploads\/2015\/06\/pelletant-et-bayard-250615.jpg\" \/>\n\t<meta property=\"og:image:width\" content=\"1357\" \/>\n\t<meta property=\"og:image:height\" content=\"1772\" \/>\n\t<meta property=\"og:image:type\" content=\"image\/jpeg\" \/>\n<meta name=\"author\" content=\"Francois\" \/>\n<meta name=\"twitter:card\" content=\"summary_large_image\" \/>\n<meta name=\"twitter:creator\" content=\"@pelletant\" \/>\n<meta name=\"twitter:site\" content=\"@pelletant\" \/>\n<meta name=\"twitter:label1\" content=\"\u00c9crit par\" \/>\n\t<meta name=\"twitter:data1\" content=\"Francois\" \/>\n\t<meta name=\"twitter:label2\" content=\"Dur\u00e9e de lecture estim\u00e9e\" \/>\n\t<meta name=\"twitter:data2\" content=\"1 minute\" \/>\n<script type=\"application\/ld+json\" class=\"yoast-schema-graph\">{\"@context\":\"https:\/\/schema.org\",\"@graph\":[{\"@type\":\"Article\",\"@id\":\"https:\/\/francois-pelletant.fr\/blog\/non-aux-radars-de-feu-rouge\/#article\",\"isPartOf\":{\"@id\":\"https:\/\/francois-pelletant.fr\/blog\/non-aux-radars-de-feu-rouge\/\"},\"author\":{\"name\":\"Francois\",\"@id\":\"https:\/\/francois-pelletant.fr\/blog\/#\/schema\/person\/2be41acb171dff8f31aaed1f40cee9f3\"},\"headline\":\"Non aux radars de feux rouges : d\u00e9j\u00e0 52.694 soutiens !\",\"datePublished\":\"2015-06-26T08:49:28+00:00\",\"dateModified\":\"2017-04-27T14:08:36+00:00\",\"mainEntityOfPage\":{\"@id\":\"https:\/\/francois-pelletant.fr\/blog\/non-aux-radars-de-feu-rouge\/\"},\"wordCount\":310,\"commentCount\":0,\"publisher\":{\"@id\":\"https:\/\/francois-pelletant.fr\/blog\/#organization\"},\"image\":{\"@id\":\"https:\/\/francois-pelletant.fr\/blog\/non-aux-radars-de-feu-rouge\/#primaryimage\"},\"thumbnailUrl\":\"https:\/\/francois-pelletant.fr\/blog\/wp-content\/uploads\/2015\/06\/pelletant-et-bayard-250615.jpg\",\"articleSection\":[\"RN20\"],\"inLanguage\":\"fr-FR\",\"potentialAction\":[{\"@type\":\"CommentAction\",\"name\":\"Comment\",\"target\":[\"https:\/\/francois-pelletant.fr\/blog\/non-aux-radars-de-feu-rouge\/#respond\"]}]},{\"@type\":\"WebPage\",\"@id\":\"https:\/\/francois-pelletant.fr\/blog\/non-aux-radars-de-feu-rouge\/\",\"url\":\"https:\/\/francois-pelletant.fr\/blog\/non-aux-radars-de-feu-rouge\/\",\"name\":\"Non aux radars de feux rouges : d\u00e9j\u00e0 52.694 soutiens ! - Fran\u00e7ois Pelletant\",\"isPartOf\":{\"@id\":\"https:\/\/francois-pelletant.fr\/blog\/#website\"},\"primaryImageOfPage\":{\"@id\":\"https:\/\/francois-pelletant.fr\/blog\/non-aux-radars-de-feu-rouge\/#primaryimage\"},\"image\":{\"@id\":\"https:\/\/francois-pelletant.fr\/blog\/non-aux-radars-de-feu-rouge\/#primaryimage\"},\"thumbnailUrl\":\"https:\/\/francois-pelletant.fr\/blog\/wp-content\/uploads\/2015\/06\/pelletant-et-bayard-250615.jpg\",\"datePublished\":\"2015-06-26T08:49:28+00:00\",\"dateModified\":\"2017-04-27T14:08:36+00:00\",\"description\":\"Pour lutter et d\u00e9noncer des nombreux accidents caus\u00e9s par l' installation de radars de feux rouges, la ville de Linas lance une p\u00e9tition.\",\"breadcrumb\":{\"@id\":\"https:\/\/francois-pelletant.fr\/blog\/non-aux-radars-de-feu-rouge\/#breadcrumb\"},\"inLanguage\":\"fr-FR\",\"potentialAction\":[{\"@type\":\"ReadAction\",\"target\":[\"https:\/\/francois-pelletant.fr\/blog\/non-aux-radars-de-feu-rouge\/\"]}]},{\"@type\":\"ImageObject\",\"inLanguage\":\"fr-FR\",\"@id\":\"https:\/\/francois-pelletant.fr\/blog\/non-aux-radars-de-feu-rouge\/#primaryimage\",\"url\":\"https:\/\/francois-pelletant.fr\/blog\/wp-content\/uploads\/2015\/06\/pelletant-et-bayard-250615.jpg\",\"contentUrl\":\"https:\/\/francois-pelletant.fr\/blog\/wp-content\/uploads\/2015\/06\/pelletant-et-bayard-250615.jpg\",\"width\":1357,\"height\":1772,\"caption\":\"avec Christine BAYARD, Secr\u00e9taire g\u00e9n\u00e9rale de la Ligue de D\u00e9fense des Conducteurs, devant la mairie de Linas le 25 juin 2015\"},{\"@type\":\"BreadcrumbList\",\"@id\":\"https:\/\/francois-pelletant.fr\/blog\/non-aux-radars-de-feu-rouge\/#breadcrumb\",\"itemListElement\":[{\"@type\":\"ListItem\",\"position\":1,\"name\":\"Accueil\",\"item\":\"https:\/\/francois-pelletant.fr\/blog\/\"},{\"@type\":\"ListItem\",\"position\":2,\"name\":\"Non aux radars de feux rouges : d\u00e9j\u00e0 52.694 soutiens !\"}]},{\"@type\":\"WebSite\",\"@id\":\"https:\/\/francois-pelletant.fr\/blog\/#website\",\"url\":\"https:\/\/francois-pelletant.fr\/blog\/\",\"name\":\"Fran\u00e7ois Pelletant\",\"description\":\"Maire de Linas, pour toujours.\",\"publisher\":{\"@id\":\"https:\/\/francois-pelletant.fr\/blog\/#organization\"},\"potentialAction\":[{\"@type\":\"SearchAction\",\"target\":{\"@type\":\"EntryPoint\",\"urlTemplate\":\"https:\/\/francois-pelletant.fr\/blog\/?s={search_term_string}\"},\"query-input\":{\"@type\":\"PropertyValueSpecification\",\"valueRequired\":true,\"valueName\":\"search_term_string\"}}],\"inLanguage\":\"fr-FR\"},{\"@type\":\"Organization\",\"@id\":\"https:\/\/francois-pelletant.fr\/blog\/#organization\",\"name\":\"Fran\u00e7ois Pelletant\",\"url\":\"https:\/\/francois-pelletant.fr\/blog\/\",\"logo\":{\"@type\":\"ImageObject\",\"inLanguage\":\"fr-FR\",\"@id\":\"https:\/\/francois-pelletant.fr\/blog\/#\/schema\/logo\/image\/\",\"url\":\"https:\/\/francois-pelletant.fr\/blog\/wp-content\/uploads\/2024\/07\/icone-francois-centre-500p.png\",\"contentUrl\":\"https:\/\/francois-pelletant.fr\/blog\/wp-content\/uploads\/2024\/07\/icone-francois-centre-500p.png\",\"width\":559,\"height\":447,\"caption\":\"Fran\u00e7ois Pelletant\"},\"image\":{\"@id\":\"https:\/\/francois-pelletant.fr\/blog\/#\/schema\/logo\/image\/\"},\"sameAs\":[\"https:\/\/www.facebook.com\/francois.pelletant.7\",\"https:\/\/x.com\/pelletant\"]},{\"@type\":\"Person\",\"@id\":\"https:\/\/francois-pelletant.fr\/blog\/#\/schema\/person\/2be41acb171dff8f31aaed1f40cee9f3\",\"name\":\"Francois\"}]}<\/script>\n<!-- \/ Yoast SEO plugin. -->","yoast_head_json":{"title":"Non aux radars de feux rouges : d\u00e9j\u00e0 52.694 soutiens ! - Fran\u00e7ois Pelletant","description":"Pour lutter et d\u00e9noncer des nombreux accidents caus\u00e9s par l' installation de radars de feux rouges, la ville de Linas lance une p\u00e9tition.","robots":{"index":"index","follow":"follow","max-snippet":"max-snippet:-1","max-image-preview":"max-image-preview:large","max-video-preview":"max-video-preview:-1"},"canonical":"https:\/\/francois-pelletant.fr\/blog\/non-aux-radars-de-feu-rouge\/","og_locale":"fr_FR","og_type":"article","og_title":"Non aux radars de feux rouges : d\u00e9j\u00e0 52.694 soutiens ! - Fran\u00e7ois Pelletant","og_description":"Pour lutter et d\u00e9noncer des nombreux accidents caus\u00e9s par l' installation de radars de feux rouges, la ville de Linas lance une p\u00e9tition.","og_url":"https:\/\/francois-pelletant.fr\/blog\/non-aux-radars-de-feu-rouge\/","og_site_name":"Fran\u00e7ois Pelletant","article_publisher":"https:\/\/www.facebook.com\/francois.pelletant.7","article_published_time":"2015-06-26T08:49:28+00:00","article_modified_time":"2017-04-27T14:08:36+00:00","og_image":[{"width":1357,"height":1772,"url":"https:\/\/francois-pelletant.fr\/blog\/wp-content\/uploads\/2015\/06\/pelletant-et-bayard-250615.jpg","type":"image\/jpeg"}],"author":"Francois","twitter_card":"summary_large_image","twitter_creator":"@pelletant","twitter_site":"@pelletant","twitter_misc":{"\u00c9crit par":"Francois","Dur\u00e9e de lecture estim\u00e9e":"1 minute"},"schema":{"@context":"https:\/\/schema.org","@graph":[{"@type":"Article","@id":"https:\/\/francois-pelletant.fr\/blog\/non-aux-radars-de-feu-rouge\/#article","isPartOf":{"@id":"https:\/\/francois-pelletant.fr\/blog\/non-aux-radars-de-feu-rouge\/"},"author":{"name":"Francois","@id":"https:\/\/francois-pelletant.fr\/blog\/#\/schema\/person\/2be41acb171dff8f31aaed1f40cee9f3"},"headline":"Non aux radars de feux rouges : d\u00e9j\u00e0 52.694 soutiens !","datePublished":"2015-06-26T08:49:28+00:00","dateModified":"2017-04-27T14:08:36+00:00","mainEntityOfPage":{"@id":"https:\/\/francois-pelletant.fr\/blog\/non-aux-radars-de-feu-rouge\/"},"wordCount":310,"commentCount":0,"publisher":{"@id":"https:\/\/francois-pelletant.fr\/blog\/#organization"},"image":{"@id":"https:\/\/francois-pelletant.fr\/blog\/non-aux-radars-de-feu-rouge\/#primaryimage"},"thumbnailUrl":"https:\/\/francois-pelletant.fr\/blog\/wp-content\/uploads\/2015\/06\/pelletant-et-bayard-250615.jpg","articleSection":["RN20"],"inLanguage":"fr-FR","potentialAction":[{"@type":"CommentAction","name":"Comment","target":["https:\/\/francois-pelletant.fr\/blog\/non-aux-radars-de-feu-rouge\/#respond"]}]},{"@type":"WebPage","@id":"https:\/\/francois-pelletant.fr\/blog\/non-aux-radars-de-feu-rouge\/","url":"https:\/\/francois-pelletant.fr\/blog\/non-aux-radars-de-feu-rouge\/","name":"Non aux radars de feux rouges : d\u00e9j\u00e0 52.694 soutiens ! - Fran\u00e7ois Pelletant","isPartOf":{"@id":"https:\/\/francois-pelletant.fr\/blog\/#website"},"primaryImageOfPage":{"@id":"https:\/\/francois-pelletant.fr\/blog\/non-aux-radars-de-feu-rouge\/#primaryimage"},"image":{"@id":"https:\/\/francois-pelletant.fr\/blog\/non-aux-radars-de-feu-rouge\/#primaryimage"},"thumbnailUrl":"https:\/\/francois-pelletant.fr\/blog\/wp-content\/uploads\/2015\/06\/pelletant-et-bayard-250615.jpg","datePublished":"2015-06-26T08:49:28+00:00","dateModified":"2017-04-27T14:08:36+00:00","description":"Pour lutter et d\u00e9noncer des nombreux accidents caus\u00e9s par l' installation de radars de feux rouges, la ville de Linas lance une p\u00e9tition.","breadcrumb":{"@id":"https:\/\/francois-pelletant.fr\/blog\/non-aux-radars-de-feu-rouge\/#breadcrumb"},"inLanguage":"fr-FR","potentialAction":[{"@type":"ReadAction","target":["https:\/\/francois-pelletant.fr\/blog\/non-aux-radars-de-feu-rouge\/"]}]},{"@type":"ImageObject","inLanguage":"fr-FR","@id":"https:\/\/francois-pelletant.fr\/blog\/non-aux-radars-de-feu-rouge\/#primaryimage","url":"https:\/\/francois-pelletant.fr\/blog\/wp-content\/uploads\/2015\/06\/pelletant-et-bayard-250615.jpg","contentUrl":"https:\/\/francois-pelletant.fr\/blog\/wp-content\/uploads\/2015\/06\/pelletant-et-bayard-250615.jpg","width":1357,"height":1772,"caption":"avec Christine BAYARD, Secr\u00e9taire g\u00e9n\u00e9rale de la Ligue de D\u00e9fense des Conducteurs, devant la mairie de Linas le 25 juin 2015"},{"@type":"BreadcrumbList","@id":"https:\/\/francois-pelletant.fr\/blog\/non-aux-radars-de-feu-rouge\/#breadcrumb","itemListElement":[{"@type":"ListItem","position":1,"name":"Accueil","item":"https:\/\/francois-pelletant.fr\/blog\/"},{"@type":"ListItem","position":2,"name":"Non aux radars de feux rouges : d\u00e9j\u00e0 52.694 soutiens !"}]},{"@type":"WebSite","@id":"https:\/\/francois-pelletant.fr\/blog\/#website","url":"https:\/\/francois-pelletant.fr\/blog\/","name":"Fran\u00e7ois Pelletant","description":"Maire de Linas, pour toujours.","publisher":{"@id":"https:\/\/francois-pelletant.fr\/blog\/#organization"},"potentialAction":[{"@type":"SearchAction","target":{"@type":"EntryPoint","urlTemplate":"https:\/\/francois-pelletant.fr\/blog\/?s={search_term_string}"},"query-input":{"@type":"PropertyValueSpecification","valueRequired":true,"valueName":"search_term_string"}}],"inLanguage":"fr-FR"},{"@type":"Organization","@id":"https:\/\/francois-pelletant.fr\/blog\/#organization","name":"Fran\u00e7ois Pelletant","url":"https:\/\/francois-pelletant.fr\/blog\/","logo":{"@type":"ImageObject","inLanguage":"fr-FR","@id":"https:\/\/francois-pelletant.fr\/blog\/#\/schema\/logo\/image\/","url":"https:\/\/francois-pelletant.fr\/blog\/wp-content\/uploads\/2024\/07\/icone-francois-centre-500p.png","contentUrl":"https:\/\/francois-pelletant.fr\/blog\/wp-content\/uploads\/2024\/07\/icone-francois-centre-500p.png","width":559,"height":447,"caption":"Fran\u00e7ois Pelletant"},"image":{"@id":"https:\/\/francois-pelletant.fr\/blog\/#\/schema\/logo\/image\/"},"sameAs":["https:\/\/www.facebook.com\/francois.pelletant.7","https:\/\/x.com\/pelletant"]},{"@type":"Person","@id":"https:\/\/francois-pelletant.fr\/blog\/#\/schema\/person\/2be41acb171dff8f31aaed1f40cee9f3","name":"Francois"}]}},"_links":{"self":[{"href":"https:\/\/francois-pelletant.fr\/blog\/wp-json\/wp\/v2\/posts\/5548","targetHints":{"allow":["GET"]}}],"collection":[{"href":"https:\/\/francois-pelletant.fr\/blog\/wp-json\/wp\/v2\/posts"}],"about":[{"href":"https:\/\/francois-pelletant.fr\/blog\/wp-json\/wp\/v2\/types\/post"}],"author":[{"embeddable":true,"href":"https:\/\/francois-pelletant.fr\/blog\/wp-json\/wp\/v2\/users\/1"}],"replies":[{"embeddable":true,"href":"https:\/\/francois-pelletant.fr\/blog\/wp-json\/wp\/v2\/comments?post=5548"}],"version-history":[{"count":0,"href":"https:\/\/francois-pelletant.fr\/blog\/wp-json\/wp\/v2\/posts\/5548\/revisions"}],"wp:featuredmedia":[{"embeddable":true,"href":"https:\/\/francois-pelletant.fr\/blog\/wp-json\/wp\/v2\/media\/5549"}],"wp:attachment":[{"href":"https:\/\/francois-pelletant.fr\/blog\/wp-json\/wp\/v2\/media?parent=5548"}],"wp:term":[{"taxonomy":"category","embeddable":true,"href":"https:\/\/francois-pelletant.fr\/blog\/wp-json\/wp\/v2\/categories?post=5548"},{"taxonomy":"post_tag","embeddable":true,"href":"https:\/\/francois-pelletant.fr\/blog\/wp-json\/wp\/v2\/tags?post=5548"}],"curies":[{"name":"wp","href":"https:\/\/api.w.org\/{rel}","templated":true}]}}