{"id":5562,"date":"2015-06-30T10:44:30","date_gmt":"2015-06-30T08:44:30","guid":{"rendered":"https:\/\/francois-pelletant.fr\/blog\/?p=5562"},"modified":"2015-06-30T10:44:30","modified_gmt":"2015-06-30T08:44:30","slug":"bravo-aux-jeunes-espoirs-linois","status":"publish","type":"post","link":"https:\/\/francois-pelletant.fr\/blog\/bravo-aux-jeunes-espoirs-linois\/","title":{"rendered":"Bravo aux jeunes espoirs linois !"},"content":{"rendered":"<p><a href=\"https:\/\/francois-pelletant.fr\/blog\/wp-content\/uploads\/2015\/06\/DSC_6086.jpg\"><img loading=\"lazy\" decoding=\"async\" class=\"alignleft size-medium wp-image-5563\" title=\"DSC_6086\" src=\"https:\/\/francois-pelletant.fr\/blog\/wp-content\/uploads\/2015\/06\/DSC_6086-300x199.jpg\" alt=\"\" width=\"300\" height=\"199\" srcset=\"https:\/\/francois-pelletant.fr\/blog\/wp-content\/uploads\/2015\/06\/DSC_6086-300x199.jpg 300w, https:\/\/francois-pelletant.fr\/blog\/wp-content\/uploads\/2015\/06\/DSC_6086-1024x680.jpg 1024w, https:\/\/francois-pelletant.fr\/blog\/wp-content\/uploads\/2015\/06\/DSC_6086-768x510.jpg 768w, https:\/\/francois-pelletant.fr\/blog\/wp-content\/uploads\/2015\/06\/DSC_6086-600x398.jpg 600w, https:\/\/francois-pelletant.fr\/blog\/wp-content\/uploads\/2015\/06\/DSC_6086.jpg 1029w\" sizes=\"auto, (max-width: 300px) 100vw, 300px\" \/><\/a>Pendant l&#8217;inauguration de la f\u00eate de Linas, des jeunes espoirs sportifs de Linas sont mis \u00e0 l&#8217;honneur. Cette ann\u00e9e, ils sont plusieurs jeunes linois \u00e0 s&#8217;\u00eatre particuli\u00e8rement distingu\u00e9s dans leurs disciplines respectives :<\/p>\n<p><strong>GRS\u00a0:<\/strong><\/p>\n<p><strong><\/strong><strong>Victoria BONNEFEMME,\u00a0<\/strong>\u00e2g\u00e9e de 15 ans, habite Linas, elle a termin\u00e9 Championne r\u00e9gionale de GRS ensemble minimes niveau 3. Elle est jeune espoir pour la 1<sup>\u00e8re<\/sup>\u00a0fois.<\/p>\n<p><strong>Florine KENNELLE<\/strong>, \u00e2g\u00e9e de 14 ans, habite Linas, elle a termin\u00e9 Championne d\u00e9partementale individuelle cadette. Elle est jeune espoir pour la 1<sup>\u00e9re\u00a0<\/sup>fois.<\/p>\n<p><strong>ESCRIME\u00a0:<\/strong><\/p>\n<p><strong><\/strong><strong>Romain VANRUMBEKE<\/strong>, \u00e2g\u00e9 de 14 ans, habite Linas, il a termin\u00e9 vice-champion de l\u2019Essonne 2015 \u00e0 l\u2019\u00e9p\u00e9e dans la cat\u00e9gorie minime.<\/p>\n<p><strong>JUDO<\/strong><\/p>\n<p><strong>Ad\u00e8le CASSAING<\/strong>, habite Linas, elle a d\u00e9j\u00e0 \u00e9t\u00e9 nomm\u00e9e 2 fois Jeune Espoir (en 2013 et 2014)<\/p>\n<p>Palmar\u00e8s 2015<\/p>\n<p>1<sup>er<\/sup>\u00a0championnat de l\u2019Essonne de judo en moins de 40 kg le 25 janvier 2015<\/p>\n<p>1<sup>er<\/sup>\u00a0championnat d\u2019Ile de France de judo en moins de 40 kg le 22 f\u00e9vrier 2015<\/p>\n<p>5\u00e9me championnat de France judo en moins de 40kg le 11 avril 2015<\/p>\n<p><strong>JUDO<\/strong><\/p>\n<p><strong>Arthur DANTHIER\u00a0<\/strong>habite Linas<strong>,\u00a0<\/strong>a d\u00e9j\u00e0 \u00e9t\u00e9 nomm\u00e9 2 fois jeune espoir (en 2013\u00a0 et 2014)<\/p>\n<p>Palmar\u00e8s 2015<\/p>\n<p>Il a termin\u00e9 1<sup>er<\/sup>\u00a0au championnat de l\u2019Essonne judo cadet en moins de 40 kg en 2015.<\/p>\n<p>La Ville de Linas souhaitait le mettre \u00e0 l\u2019honneur pour son parcours durant l\u2019ann\u00e9e 2015.<\/p>\n<p><strong>ESCRIME<\/strong><\/p>\n<p><strong>Giulia NOFERI<\/strong>\u00a0\u00e2g\u00e9e de 9 ans, elle a termin\u00e9 championne de l\u2019Essonne 2015 poussine en Fleuret.<\/p>\n<p><strong>EQUIPE U11 ANS DE RINK HOCKEY<\/strong><\/p>\n<p><strong><\/strong>L\u2019\u00e9quipe U11 ans essentiellement compos\u00e9e de 1<sup>\u00e8re<\/sup>\u00a0ann\u00e9e s\u2019est qualifi\u00e9e pour la finale des Championnats de France qui a eu lieu le 12 juin dernier. Elle a termin\u00e9 6<sup>\u00e8me<\/sup>\u00a0de la Finale des Championnats de France.<\/p>\n<p><strong>L\u2019\u00e9quipe U17 ans de l\u2019ESALM FOOTBALL<\/strong>\u00a0a remport\u00e9 la finale de la coupe de l\u2019Essonne contre Evry le samedi 13 juin aux tirs au but.<\/p>\n<p><strong>L\u2019\u00e9quipe U19 ans de l\u2019ESALM FOOTBALL<\/strong>\u00a0a \u00e9t\u00e9 jusqu\u2019 en 32<sup>\u00e8me<\/sup>\u00a0de finale de la Coupe GAMBARDELLA \u00e9quivalent de la coupe de France et s\u2019est inclin\u00e9e contre le vainqueur de la comp\u00e9tition le FC SOCHAUX 4-2.<\/p>\n","protected":false},"excerpt":{"rendered":"<p>Pendant l&#8217;inauguration de la f\u00eate de Linas, des jeunes espoirs sportifs de Linas sont mis \u00e0 l&#8217;honneur. Cette ann\u00e9e, ils sont plusieurs jeunes linois \u00e0 s&#8217;\u00eatre particuli\u00e8rement distingu\u00e9s dans leurs disciplines respectives : GRS\u00a0: Victoria BONNEFEMME,\u00a0\u00e2g\u00e9e de 15 ans, habite Linas, elle a termin\u00e9 Championne r\u00e9gionale de GRS ensemble minimes niveau 3. Elle est jeune [&hellip;]<\/p>\n","protected":false},"author":1,"featured_media":5563,"comment_status":"open","ping_status":"open","sticky":false,"template":"","format":"standard","meta":{"footnotes":""},"categories":[10],"tags":[],"class_list":["post-5562","post","type-post","status-publish","format-standard","has-post-thumbnail","hentry","category-1pelletant"],"yoast_head":"<!-- This site is optimized with the Yoast SEO plugin v25.6 - https:\/\/yoast.com\/wordpress\/plugins\/seo\/ -->\n<title>Bravo aux jeunes espoirs linois ! - Fran\u00e7ois Pelletant<\/title>\n<meta name=\"robots\" content=\"index, follow, max-snippet:-1, max-image-preview:large, max-video-preview:-1\" \/>\n<link rel=\"canonical\" href=\"https:\/\/francois-pelletant.fr\/blog\/bravo-aux-jeunes-espoirs-linois\/\" \/>\n<meta property=\"og:locale\" content=\"fr_FR\" \/>\n<meta property=\"og:type\" content=\"article\" \/>\n<meta property=\"og:title\" content=\"Bravo aux jeunes espoirs linois ! - Fran\u00e7ois Pelletant\" \/>\n<meta property=\"og:description\" content=\"Pendant l&#8217;inauguration de la f\u00eate de Linas, des jeunes espoirs sportifs de Linas sont mis \u00e0 l&#8217;honneur. Cette ann\u00e9e, ils sont plusieurs jeunes linois \u00e0 s&#8217;\u00eatre particuli\u00e8rement distingu\u00e9s dans leurs disciplines respectives : GRS\u00a0: Victoria BONNEFEMME,\u00a0\u00e2g\u00e9e de 15 ans, habite Linas, elle a termin\u00e9 Championne r\u00e9gionale de GRS ensemble minimes niveau 3. Elle est jeune [&hellip;]\" \/>\n<meta property=\"og:url\" content=\"https:\/\/francois-pelletant.fr\/blog\/bravo-aux-jeunes-espoirs-linois\/\" \/>\n<meta property=\"og:site_name\" content=\"Fran\u00e7ois Pelletant\" \/>\n<meta property=\"article:publisher\" content=\"https:\/\/www.facebook.com\/francois.pelletant.7\" \/>\n<meta property=\"article:published_time\" content=\"2015-06-30T08:44:30+00:00\" \/>\n<meta property=\"og:image\" content=\"https:\/\/francois-pelletant.fr\/blog\/wp-content\/uploads\/2015\/06\/DSC_6086.jpg\" \/>\n\t<meta property=\"og:image:width\" content=\"1029\" \/>\n\t<meta property=\"og:image:height\" content=\"683\" \/>\n\t<meta property=\"og:image:type\" content=\"image\/jpeg\" \/>\n<meta name=\"author\" content=\"Francois\" \/>\n<meta name=\"twitter:card\" content=\"summary_large_image\" \/>\n<meta name=\"twitter:creator\" content=\"@pelletant\" \/>\n<meta name=\"twitter:site\" content=\"@pelletant\" \/>\n<meta name=\"twitter:label1\" content=\"\u00c9crit par\" \/>\n\t<meta name=\"twitter:data1\" content=\"Francois\" \/>\n\t<meta name=\"twitter:label2\" content=\"Dur\u00e9e de lecture estim\u00e9e\" \/>\n\t<meta name=\"twitter:data2\" content=\"2 minutes\" \/>\n<script type=\"application\/ld+json\" class=\"yoast-schema-graph\">{\"@context\":\"https:\/\/schema.org\",\"@graph\":[{\"@type\":\"Article\",\"@id\":\"https:\/\/francois-pelletant.fr\/blog\/bravo-aux-jeunes-espoirs-linois\/#article\",\"isPartOf\":{\"@id\":\"https:\/\/francois-pelletant.fr\/blog\/bravo-aux-jeunes-espoirs-linois\/\"},\"author\":{\"name\":\"Francois\",\"@id\":\"https:\/\/francois-pelletant.fr\/blog\/#\/schema\/person\/2be41acb171dff8f31aaed1f40cee9f3\"},\"headline\":\"Bravo aux jeunes espoirs linois !\",\"datePublished\":\"2015-06-30T08:44:30+00:00\",\"mainEntityOfPage\":{\"@id\":\"https:\/\/francois-pelletant.fr\/blog\/bravo-aux-jeunes-espoirs-linois\/\"},\"wordCount\":356,\"commentCount\":0,\"publisher\":{\"@id\":\"https:\/\/francois-pelletant.fr\/blog\/#organization\"},\"image\":{\"@id\":\"https:\/\/francois-pelletant.fr\/blog\/bravo-aux-jeunes-espoirs-linois\/#primaryimage\"},\"thumbnailUrl\":\"https:\/\/francois-pelletant.fr\/blog\/wp-content\/uploads\/2015\/06\/DSC_6086.jpg\",\"articleSection\":[\"Infos\"],\"inLanguage\":\"fr-FR\",\"potentialAction\":[{\"@type\":\"CommentAction\",\"name\":\"Comment\",\"target\":[\"https:\/\/francois-pelletant.fr\/blog\/bravo-aux-jeunes-espoirs-linois\/#respond\"]}]},{\"@type\":\"WebPage\",\"@id\":\"https:\/\/francois-pelletant.fr\/blog\/bravo-aux-jeunes-espoirs-linois\/\",\"url\":\"https:\/\/francois-pelletant.fr\/blog\/bravo-aux-jeunes-espoirs-linois\/\",\"name\":\"Bravo aux jeunes espoirs linois ! - Fran\u00e7ois Pelletant\",\"isPartOf\":{\"@id\":\"https:\/\/francois-pelletant.fr\/blog\/#website\"},\"primaryImageOfPage\":{\"@id\":\"https:\/\/francois-pelletant.fr\/blog\/bravo-aux-jeunes-espoirs-linois\/#primaryimage\"},\"image\":{\"@id\":\"https:\/\/francois-pelletant.fr\/blog\/bravo-aux-jeunes-espoirs-linois\/#primaryimage\"},\"thumbnailUrl\":\"https:\/\/francois-pelletant.fr\/blog\/wp-content\/uploads\/2015\/06\/DSC_6086.jpg\",\"datePublished\":\"2015-06-30T08:44:30+00:00\",\"breadcrumb\":{\"@id\":\"https:\/\/francois-pelletant.fr\/blog\/bravo-aux-jeunes-espoirs-linois\/#breadcrumb\"},\"inLanguage\":\"fr-FR\",\"potentialAction\":[{\"@type\":\"ReadAction\",\"target\":[\"https:\/\/francois-pelletant.fr\/blog\/bravo-aux-jeunes-espoirs-linois\/\"]}]},{\"@type\":\"ImageObject\",\"inLanguage\":\"fr-FR\",\"@id\":\"https:\/\/francois-pelletant.fr\/blog\/bravo-aux-jeunes-espoirs-linois\/#primaryimage\",\"url\":\"https:\/\/francois-pelletant.fr\/blog\/wp-content\/uploads\/2015\/06\/DSC_6086.jpg\",\"contentUrl\":\"https:\/\/francois-pelletant.fr\/blog\/wp-content\/uploads\/2015\/06\/DSC_6086.jpg\",\"width\":1029,\"height\":683},{\"@type\":\"BreadcrumbList\",\"@id\":\"https:\/\/francois-pelletant.fr\/blog\/bravo-aux-jeunes-espoirs-linois\/#breadcrumb\",\"itemListElement\":[{\"@type\":\"ListItem\",\"position\":1,\"name\":\"Accueil\",\"item\":\"https:\/\/francois-pelletant.fr\/blog\/\"},{\"@type\":\"ListItem\",\"position\":2,\"name\":\"Bravo aux jeunes espoirs linois !\"}]},{\"@type\":\"WebSite\",\"@id\":\"https:\/\/francois-pelletant.fr\/blog\/#website\",\"url\":\"https:\/\/francois-pelletant.fr\/blog\/\",\"name\":\"Fran\u00e7ois Pelletant\",\"description\":\"Maire de Linas, pour toujours.\",\"publisher\":{\"@id\":\"https:\/\/francois-pelletant.fr\/blog\/#organization\"},\"potentialAction\":[{\"@type\":\"SearchAction\",\"target\":{\"@type\":\"EntryPoint\",\"urlTemplate\":\"https:\/\/francois-pelletant.fr\/blog\/?s={search_term_string}\"},\"query-input\":{\"@type\":\"PropertyValueSpecification\",\"valueRequired\":true,\"valueName\":\"search_term_string\"}}],\"inLanguage\":\"fr-FR\"},{\"@type\":\"Organization\",\"@id\":\"https:\/\/francois-pelletant.fr\/blog\/#organization\",\"name\":\"Fran\u00e7ois Pelletant\",\"url\":\"https:\/\/francois-pelletant.fr\/blog\/\",\"logo\":{\"@type\":\"ImageObject\",\"inLanguage\":\"fr-FR\",\"@id\":\"https:\/\/francois-pelletant.fr\/blog\/#\/schema\/logo\/image\/\",\"url\":\"https:\/\/francois-pelletant.fr\/blog\/wp-content\/uploads\/2024\/07\/icone-francois-centre-500p.png\",\"contentUrl\":\"https:\/\/francois-pelletant.fr\/blog\/wp-content\/uploads\/2024\/07\/icone-francois-centre-500p.png\",\"width\":559,\"height\":447,\"caption\":\"Fran\u00e7ois Pelletant\"},\"image\":{\"@id\":\"https:\/\/francois-pelletant.fr\/blog\/#\/schema\/logo\/image\/\"},\"sameAs\":[\"https:\/\/www.facebook.com\/francois.pelletant.7\",\"https:\/\/x.com\/pelletant\"]},{\"@type\":\"Person\",\"@id\":\"https:\/\/francois-pelletant.fr\/blog\/#\/schema\/person\/2be41acb171dff8f31aaed1f40cee9f3\",\"name\":\"Francois\"}]}<\/script>\n<!-- \/ Yoast SEO plugin. -->","yoast_head_json":{"title":"Bravo aux jeunes espoirs linois ! - Fran\u00e7ois Pelletant","robots":{"index":"index","follow":"follow","max-snippet":"max-snippet:-1","max-image-preview":"max-image-preview:large","max-video-preview":"max-video-preview:-1"},"canonical":"https:\/\/francois-pelletant.fr\/blog\/bravo-aux-jeunes-espoirs-linois\/","og_locale":"fr_FR","og_type":"article","og_title":"Bravo aux jeunes espoirs linois ! - Fran\u00e7ois Pelletant","og_description":"Pendant l&#8217;inauguration de la f\u00eate de Linas, des jeunes espoirs sportifs de Linas sont mis \u00e0 l&#8217;honneur. Cette ann\u00e9e, ils sont plusieurs jeunes linois \u00e0 s&#8217;\u00eatre particuli\u00e8rement distingu\u00e9s dans leurs disciplines respectives : GRS\u00a0: Victoria BONNEFEMME,\u00a0\u00e2g\u00e9e de 15 ans, habite Linas, elle a termin\u00e9 Championne r\u00e9gionale de GRS ensemble minimes niveau 3. Elle est jeune [&hellip;]","og_url":"https:\/\/francois-pelletant.fr\/blog\/bravo-aux-jeunes-espoirs-linois\/","og_site_name":"Fran\u00e7ois Pelletant","article_publisher":"https:\/\/www.facebook.com\/francois.pelletant.7","article_published_time":"2015-06-30T08:44:30+00:00","og_image":[{"width":1029,"height":683,"url":"https:\/\/francois-pelletant.fr\/blog\/wp-content\/uploads\/2015\/06\/DSC_6086.jpg","type":"image\/jpeg"}],"author":"Francois","twitter_card":"summary_large_image","twitter_creator":"@pelletant","twitter_site":"@pelletant","twitter_misc":{"\u00c9crit par":"Francois","Dur\u00e9e de lecture estim\u00e9e":"2 minutes"},"schema":{"@context":"https:\/\/schema.org","@graph":[{"@type":"Article","@id":"https:\/\/francois-pelletant.fr\/blog\/bravo-aux-jeunes-espoirs-linois\/#article","isPartOf":{"@id":"https:\/\/francois-pelletant.fr\/blog\/bravo-aux-jeunes-espoirs-linois\/"},"author":{"name":"Francois","@id":"https:\/\/francois-pelletant.fr\/blog\/#\/schema\/person\/2be41acb171dff8f31aaed1f40cee9f3"},"headline":"Bravo aux jeunes espoirs linois !","datePublished":"2015-06-30T08:44:30+00:00","mainEntityOfPage":{"@id":"https:\/\/francois-pelletant.fr\/blog\/bravo-aux-jeunes-espoirs-linois\/"},"wordCount":356,"commentCount":0,"publisher":{"@id":"https:\/\/francois-pelletant.fr\/blog\/#organization"},"image":{"@id":"https:\/\/francois-pelletant.fr\/blog\/bravo-aux-jeunes-espoirs-linois\/#primaryimage"},"thumbnailUrl":"https:\/\/francois-pelletant.fr\/blog\/wp-content\/uploads\/2015\/06\/DSC_6086.jpg","articleSection":["Infos"],"inLanguage":"fr-FR","potentialAction":[{"@type":"CommentAction","name":"Comment","target":["https:\/\/francois-pelletant.fr\/blog\/bravo-aux-jeunes-espoirs-linois\/#respond"]}]},{"@type":"WebPage","@id":"https:\/\/francois-pelletant.fr\/blog\/bravo-aux-jeunes-espoirs-linois\/","url":"https:\/\/francois-pelletant.fr\/blog\/bravo-aux-jeunes-espoirs-linois\/","name":"Bravo aux jeunes espoirs linois ! - Fran\u00e7ois Pelletant","isPartOf":{"@id":"https:\/\/francois-pelletant.fr\/blog\/#website"},"primaryImageOfPage":{"@id":"https:\/\/francois-pelletant.fr\/blog\/bravo-aux-jeunes-espoirs-linois\/#primaryimage"},"image":{"@id":"https:\/\/francois-pelletant.fr\/blog\/bravo-aux-jeunes-espoirs-linois\/#primaryimage"},"thumbnailUrl":"https:\/\/francois-pelletant.fr\/blog\/wp-content\/uploads\/2015\/06\/DSC_6086.jpg","datePublished":"2015-06-30T08:44:30+00:00","breadcrumb":{"@id":"https:\/\/francois-pelletant.fr\/blog\/bravo-aux-jeunes-espoirs-linois\/#breadcrumb"},"inLanguage":"fr-FR","potentialAction":[{"@type":"ReadAction","target":["https:\/\/francois-pelletant.fr\/blog\/bravo-aux-jeunes-espoirs-linois\/"]}]},{"@type":"ImageObject","inLanguage":"fr-FR","@id":"https:\/\/francois-pelletant.fr\/blog\/bravo-aux-jeunes-espoirs-linois\/#primaryimage","url":"https:\/\/francois-pelletant.fr\/blog\/wp-content\/uploads\/2015\/06\/DSC_6086.jpg","contentUrl":"https:\/\/francois-pelletant.fr\/blog\/wp-content\/uploads\/2015\/06\/DSC_6086.jpg","width":1029,"height":683},{"@type":"BreadcrumbList","@id":"https:\/\/francois-pelletant.fr\/blog\/bravo-aux-jeunes-espoirs-linois\/#breadcrumb","itemListElement":[{"@type":"ListItem","position":1,"name":"Accueil","item":"https:\/\/francois-pelletant.fr\/blog\/"},{"@type":"ListItem","position":2,"name":"Bravo aux jeunes espoirs linois !"}]},{"@type":"WebSite","@id":"https:\/\/francois-pelletant.fr\/blog\/#website","url":"https:\/\/francois-pelletant.fr\/blog\/","name":"Fran\u00e7ois Pelletant","description":"Maire de Linas, pour toujours.","publisher":{"@id":"https:\/\/francois-pelletant.fr\/blog\/#organization"},"potentialAction":[{"@type":"SearchAction","target":{"@type":"EntryPoint","urlTemplate":"https:\/\/francois-pelletant.fr\/blog\/?s={search_term_string}"},"query-input":{"@type":"PropertyValueSpecification","valueRequired":true,"valueName":"search_term_string"}}],"inLanguage":"fr-FR"},{"@type":"Organization","@id":"https:\/\/francois-pelletant.fr\/blog\/#organization","name":"Fran\u00e7ois Pelletant","url":"https:\/\/francois-pelletant.fr\/blog\/","logo":{"@type":"ImageObject","inLanguage":"fr-FR","@id":"https:\/\/francois-pelletant.fr\/blog\/#\/schema\/logo\/image\/","url":"https:\/\/francois-pelletant.fr\/blog\/wp-content\/uploads\/2024\/07\/icone-francois-centre-500p.png","contentUrl":"https:\/\/francois-pelletant.fr\/blog\/wp-content\/uploads\/2024\/07\/icone-francois-centre-500p.png","width":559,"height":447,"caption":"Fran\u00e7ois Pelletant"},"image":{"@id":"https:\/\/francois-pelletant.fr\/blog\/#\/schema\/logo\/image\/"},"sameAs":["https:\/\/www.facebook.com\/francois.pelletant.7","https:\/\/x.com\/pelletant"]},{"@type":"Person","@id":"https:\/\/francois-pelletant.fr\/blog\/#\/schema\/person\/2be41acb171dff8f31aaed1f40cee9f3","name":"Francois"}]}},"_links":{"self":[{"href":"https:\/\/francois-pelletant.fr\/blog\/wp-json\/wp\/v2\/posts\/5562","targetHints":{"allow":["GET"]}}],"collection":[{"href":"https:\/\/francois-pelletant.fr\/blog\/wp-json\/wp\/v2\/posts"}],"about":[{"href":"https:\/\/francois-pelletant.fr\/blog\/wp-json\/wp\/v2\/types\/post"}],"author":[{"embeddable":true,"href":"https:\/\/francois-pelletant.fr\/blog\/wp-json\/wp\/v2\/users\/1"}],"replies":[{"embeddable":true,"href":"https:\/\/francois-pelletant.fr\/blog\/wp-json\/wp\/v2\/comments?post=5562"}],"version-history":[{"count":0,"href":"https:\/\/francois-pelletant.fr\/blog\/wp-json\/wp\/v2\/posts\/5562\/revisions"}],"wp:featuredmedia":[{"embeddable":true,"href":"https:\/\/francois-pelletant.fr\/blog\/wp-json\/wp\/v2\/media\/5563"}],"wp:attachment":[{"href":"https:\/\/francois-pelletant.fr\/blog\/wp-json\/wp\/v2\/media?parent=5562"}],"wp:term":[{"taxonomy":"category","embeddable":true,"href":"https:\/\/francois-pelletant.fr\/blog\/wp-json\/wp\/v2\/categories?post=5562"},{"taxonomy":"post_tag","embeddable":true,"href":"https:\/\/francois-pelletant.fr\/blog\/wp-json\/wp\/v2\/tags?post=5562"}],"curies":[{"name":"wp","href":"https:\/\/api.w.org\/{rel}","templated":true}]}}