{"id":5588,"date":"2015-07-13T12:08:46","date_gmt":"2015-07-13T10:08:46","guid":{"rendered":"https:\/\/francois-pelletant.fr\/blog\/?p=5588"},"modified":"2017-04-27T13:48:06","modified_gmt":"2017-04-27T13:48:06","slug":"la-fete-nationale-ce-lundi-soir-linas","status":"publish","type":"post","link":"https:\/\/francois-pelletant.fr\/blog\/la-fete-nationale-ce-lundi-soir-linas\/","title":{"rendered":"la F\u00eate Nationale ce lundi soir \u00e0 Linas !"},"content":{"rendered":"<h3><a href=\"https:\/\/francois-pelletant.fr\/blog\/wp-content\/uploads\/2015\/07\/14_juillet-2015-web.jpg\"><img loading=\"lazy\" decoding=\"async\" class=\"alignleft wp-image-5589 size-medium\" title=\"14_juillet 2015 web\" src=\"https:\/\/francois-pelletant.fr\/blog\/wp-content\/uploads\/2015\/07\/14_juillet-2015-web-214x300.jpg\" alt=\"image - F\u00eate Nationale\" width=\"214\" height=\"300\" srcset=\"https:\/\/francois-pelletant.fr\/blog\/wp-content\/uploads\/2015\/07\/14_juillet-2015-web-214x300.jpg 214w, https:\/\/francois-pelletant.fr\/blog\/wp-content\/uploads\/2015\/07\/14_juillet-2015-web.jpg 356w\" sizes=\"auto, (max-width: 214px) 100vw, 214px\" \/><\/a>\u00a0F\u00eate Nationale \u00e0 Linas<\/h3>\n<p>Chaque ann\u00e9e, la troupe du 14 juillet pr\u00e9sente son spectacle \u00ab Son et Lumi\u00e8re \u00bb au COSOM. Cette ann\u00e9e, le spectacle se d\u00e9roulera ce soir lundi \u00e0 partir de 22h30. Cette repr\u00e9sentation sera l\u2019occasion d\u2019un formidable spectacle ponctu\u00e9 par un feu d&#8217;artifice.<\/p>\n","protected":false},"excerpt":{"rendered":"<p>\u00a0F\u00eate Nationale \u00e0 Linas Chaque ann\u00e9e, la troupe du 14 juillet pr\u00e9sente son spectacle \u00ab Son et Lumi\u00e8re \u00bb au COSOM. Cette ann\u00e9e, le spectacle se d\u00e9roulera ce soir lundi \u00e0 partir de 22h30. Cette repr\u00e9sentation sera l\u2019occasion d\u2019un formidable spectacle ponctu\u00e9 par un feu d&#8217;artifice.<\/p>\n","protected":false},"author":1,"featured_media":5589,"comment_status":"open","ping_status":"open","sticky":false,"template":"","format":"standard","meta":{"footnotes":""},"categories":[10],"tags":[],"class_list":["post-5588","post","type-post","status-publish","format-standard","has-post-thumbnail","hentry","category-1pelletant"],"yoast_head":"<!-- This site is optimized with the Yoast SEO plugin v25.6 - https:\/\/yoast.com\/wordpress\/plugins\/seo\/ -->\n<title>la F\u00eate Nationale ce lundi soir \u00e0 Linas ! - Fran\u00e7ois Pelletant<\/title>\n<meta name=\"description\" content=\"F\u00eate Nationale : Comme Chaque ann\u00e9e, la troupe du 14 juillet pr\u00e9sente son spectacle \u00ab Son et Lumi\u00e8re \u00bb au COSOM.\" \/>\n<meta name=\"robots\" content=\"index, follow, max-snippet:-1, max-image-preview:large, max-video-preview:-1\" \/>\n<link rel=\"canonical\" href=\"https:\/\/francois-pelletant.fr\/blog\/la-fete-nationale-ce-lundi-soir-linas\/\" \/>\n<meta property=\"og:locale\" content=\"fr_FR\" \/>\n<meta property=\"og:type\" content=\"article\" \/>\n<meta property=\"og:title\" content=\"la F\u00eate Nationale ce lundi soir \u00e0 Linas ! - Fran\u00e7ois Pelletant\" \/>\n<meta property=\"og:description\" content=\"F\u00eate Nationale : Comme Chaque ann\u00e9e, la troupe du 14 juillet pr\u00e9sente son spectacle \u00ab Son et Lumi\u00e8re \u00bb au COSOM.\" \/>\n<meta property=\"og:url\" content=\"https:\/\/francois-pelletant.fr\/blog\/la-fete-nationale-ce-lundi-soir-linas\/\" \/>\n<meta property=\"og:site_name\" content=\"Fran\u00e7ois Pelletant\" \/>\n<meta property=\"article:publisher\" content=\"https:\/\/www.facebook.com\/francois.pelletant.7\" \/>\n<meta property=\"article:published_time\" content=\"2015-07-13T10:08:46+00:00\" \/>\n<meta property=\"article:modified_time\" content=\"2017-04-27T13:48:06+00:00\" \/>\n<meta property=\"og:image\" content=\"https:\/\/francois-pelletant.fr\/blog\/wp-content\/uploads\/2015\/07\/14_juillet-2015-web.jpg\" \/>\n\t<meta property=\"og:image:width\" content=\"356\" \/>\n\t<meta property=\"og:image:height\" content=\"499\" \/>\n\t<meta property=\"og:image:type\" content=\"image\/jpeg\" \/>\n<meta name=\"author\" content=\"Francois\" \/>\n<meta name=\"twitter:card\" content=\"summary_large_image\" \/>\n<meta name=\"twitter:creator\" content=\"@pelletant\" \/>\n<meta name=\"twitter:site\" content=\"@pelletant\" \/>\n<meta name=\"twitter:label1\" content=\"\u00c9crit par\" \/>\n\t<meta name=\"twitter:data1\" content=\"Francois\" \/>\n<script type=\"application\/ld+json\" class=\"yoast-schema-graph\">{\"@context\":\"https:\/\/schema.org\",\"@graph\":[{\"@type\":\"Article\",\"@id\":\"https:\/\/francois-pelletant.fr\/blog\/la-fete-nationale-ce-lundi-soir-linas\/#article\",\"isPartOf\":{\"@id\":\"https:\/\/francois-pelletant.fr\/blog\/la-fete-nationale-ce-lundi-soir-linas\/\"},\"author\":{\"name\":\"Francois\",\"@id\":\"https:\/\/francois-pelletant.fr\/blog\/#\/schema\/person\/2be41acb171dff8f31aaed1f40cee9f3\"},\"headline\":\"la F\u00eate Nationale ce lundi soir \u00e0 Linas !\",\"datePublished\":\"2015-07-13T10:08:46+00:00\",\"dateModified\":\"2017-04-27T13:48:06+00:00\",\"mainEntityOfPage\":{\"@id\":\"https:\/\/francois-pelletant.fr\/blog\/la-fete-nationale-ce-lundi-soir-linas\/\"},\"wordCount\":59,\"commentCount\":0,\"publisher\":{\"@id\":\"https:\/\/francois-pelletant.fr\/blog\/#organization\"},\"image\":{\"@id\":\"https:\/\/francois-pelletant.fr\/blog\/la-fete-nationale-ce-lundi-soir-linas\/#primaryimage\"},\"thumbnailUrl\":\"https:\/\/francois-pelletant.fr\/blog\/wp-content\/uploads\/2015\/07\/14_juillet-2015-web.jpg\",\"articleSection\":[\"Infos\"],\"inLanguage\":\"fr-FR\",\"potentialAction\":[{\"@type\":\"CommentAction\",\"name\":\"Comment\",\"target\":[\"https:\/\/francois-pelletant.fr\/blog\/la-fete-nationale-ce-lundi-soir-linas\/#respond\"]}]},{\"@type\":\"WebPage\",\"@id\":\"https:\/\/francois-pelletant.fr\/blog\/la-fete-nationale-ce-lundi-soir-linas\/\",\"url\":\"https:\/\/francois-pelletant.fr\/blog\/la-fete-nationale-ce-lundi-soir-linas\/\",\"name\":\"la F\u00eate Nationale ce lundi soir \u00e0 Linas ! - Fran\u00e7ois Pelletant\",\"isPartOf\":{\"@id\":\"https:\/\/francois-pelletant.fr\/blog\/#website\"},\"primaryImageOfPage\":{\"@id\":\"https:\/\/francois-pelletant.fr\/blog\/la-fete-nationale-ce-lundi-soir-linas\/#primaryimage\"},\"image\":{\"@id\":\"https:\/\/francois-pelletant.fr\/blog\/la-fete-nationale-ce-lundi-soir-linas\/#primaryimage\"},\"thumbnailUrl\":\"https:\/\/francois-pelletant.fr\/blog\/wp-content\/uploads\/2015\/07\/14_juillet-2015-web.jpg\",\"datePublished\":\"2015-07-13T10:08:46+00:00\",\"dateModified\":\"2017-04-27T13:48:06+00:00\",\"description\":\"F\u00eate Nationale : Comme Chaque ann\u00e9e, la troupe du 14 juillet pr\u00e9sente son spectacle \u00ab Son et Lumi\u00e8re \u00bb au COSOM.\",\"breadcrumb\":{\"@id\":\"https:\/\/francois-pelletant.fr\/blog\/la-fete-nationale-ce-lundi-soir-linas\/#breadcrumb\"},\"inLanguage\":\"fr-FR\",\"potentialAction\":[{\"@type\":\"ReadAction\",\"target\":[\"https:\/\/francois-pelletant.fr\/blog\/la-fete-nationale-ce-lundi-soir-linas\/\"]}]},{\"@type\":\"ImageObject\",\"inLanguage\":\"fr-FR\",\"@id\":\"https:\/\/francois-pelletant.fr\/blog\/la-fete-nationale-ce-lundi-soir-linas\/#primaryimage\",\"url\":\"https:\/\/francois-pelletant.fr\/blog\/wp-content\/uploads\/2015\/07\/14_juillet-2015-web.jpg\",\"contentUrl\":\"https:\/\/francois-pelletant.fr\/blog\/wp-content\/uploads\/2015\/07\/14_juillet-2015-web.jpg\",\"width\":356,\"height\":499},{\"@type\":\"BreadcrumbList\",\"@id\":\"https:\/\/francois-pelletant.fr\/blog\/la-fete-nationale-ce-lundi-soir-linas\/#breadcrumb\",\"itemListElement\":[{\"@type\":\"ListItem\",\"position\":1,\"name\":\"Accueil\",\"item\":\"https:\/\/francois-pelletant.fr\/blog\/\"},{\"@type\":\"ListItem\",\"position\":2,\"name\":\"la F\u00eate Nationale ce lundi soir \u00e0 Linas !\"}]},{\"@type\":\"WebSite\",\"@id\":\"https:\/\/francois-pelletant.fr\/blog\/#website\",\"url\":\"https:\/\/francois-pelletant.fr\/blog\/\",\"name\":\"Fran\u00e7ois Pelletant\",\"description\":\"Maire de Linas, pour toujours.\",\"publisher\":{\"@id\":\"https:\/\/francois-pelletant.fr\/blog\/#organization\"},\"potentialAction\":[{\"@type\":\"SearchAction\",\"target\":{\"@type\":\"EntryPoint\",\"urlTemplate\":\"https:\/\/francois-pelletant.fr\/blog\/?s={search_term_string}\"},\"query-input\":{\"@type\":\"PropertyValueSpecification\",\"valueRequired\":true,\"valueName\":\"search_term_string\"}}],\"inLanguage\":\"fr-FR\"},{\"@type\":\"Organization\",\"@id\":\"https:\/\/francois-pelletant.fr\/blog\/#organization\",\"name\":\"Fran\u00e7ois Pelletant\",\"url\":\"https:\/\/francois-pelletant.fr\/blog\/\",\"logo\":{\"@type\":\"ImageObject\",\"inLanguage\":\"fr-FR\",\"@id\":\"https:\/\/francois-pelletant.fr\/blog\/#\/schema\/logo\/image\/\",\"url\":\"https:\/\/francois-pelletant.fr\/blog\/wp-content\/uploads\/2024\/07\/icone-francois-centre-500p.png\",\"contentUrl\":\"https:\/\/francois-pelletant.fr\/blog\/wp-content\/uploads\/2024\/07\/icone-francois-centre-500p.png\",\"width\":559,\"height\":447,\"caption\":\"Fran\u00e7ois Pelletant\"},\"image\":{\"@id\":\"https:\/\/francois-pelletant.fr\/blog\/#\/schema\/logo\/image\/\"},\"sameAs\":[\"https:\/\/www.facebook.com\/francois.pelletant.7\",\"https:\/\/x.com\/pelletant\"]},{\"@type\":\"Person\",\"@id\":\"https:\/\/francois-pelletant.fr\/blog\/#\/schema\/person\/2be41acb171dff8f31aaed1f40cee9f3\",\"name\":\"Francois\"}]}<\/script>\n<!-- \/ Yoast SEO plugin. -->","yoast_head_json":{"title":"la F\u00eate Nationale ce lundi soir \u00e0 Linas ! - Fran\u00e7ois Pelletant","description":"F\u00eate Nationale : Comme Chaque ann\u00e9e, la troupe du 14 juillet pr\u00e9sente son spectacle \u00ab Son et Lumi\u00e8re \u00bb au COSOM.","robots":{"index":"index","follow":"follow","max-snippet":"max-snippet:-1","max-image-preview":"max-image-preview:large","max-video-preview":"max-video-preview:-1"},"canonical":"https:\/\/francois-pelletant.fr\/blog\/la-fete-nationale-ce-lundi-soir-linas\/","og_locale":"fr_FR","og_type":"article","og_title":"la F\u00eate Nationale ce lundi soir \u00e0 Linas ! - Fran\u00e7ois Pelletant","og_description":"F\u00eate Nationale : Comme Chaque ann\u00e9e, la troupe du 14 juillet pr\u00e9sente son spectacle \u00ab Son et Lumi\u00e8re \u00bb au COSOM.","og_url":"https:\/\/francois-pelletant.fr\/blog\/la-fete-nationale-ce-lundi-soir-linas\/","og_site_name":"Fran\u00e7ois Pelletant","article_publisher":"https:\/\/www.facebook.com\/francois.pelletant.7","article_published_time":"2015-07-13T10:08:46+00:00","article_modified_time":"2017-04-27T13:48:06+00:00","og_image":[{"width":356,"height":499,"url":"https:\/\/francois-pelletant.fr\/blog\/wp-content\/uploads\/2015\/07\/14_juillet-2015-web.jpg","type":"image\/jpeg"}],"author":"Francois","twitter_card":"summary_large_image","twitter_creator":"@pelletant","twitter_site":"@pelletant","twitter_misc":{"\u00c9crit par":"Francois"},"schema":{"@context":"https:\/\/schema.org","@graph":[{"@type":"Article","@id":"https:\/\/francois-pelletant.fr\/blog\/la-fete-nationale-ce-lundi-soir-linas\/#article","isPartOf":{"@id":"https:\/\/francois-pelletant.fr\/blog\/la-fete-nationale-ce-lundi-soir-linas\/"},"author":{"name":"Francois","@id":"https:\/\/francois-pelletant.fr\/blog\/#\/schema\/person\/2be41acb171dff8f31aaed1f40cee9f3"},"headline":"la F\u00eate Nationale ce lundi soir \u00e0 Linas !","datePublished":"2015-07-13T10:08:46+00:00","dateModified":"2017-04-27T13:48:06+00:00","mainEntityOfPage":{"@id":"https:\/\/francois-pelletant.fr\/blog\/la-fete-nationale-ce-lundi-soir-linas\/"},"wordCount":59,"commentCount":0,"publisher":{"@id":"https:\/\/francois-pelletant.fr\/blog\/#organization"},"image":{"@id":"https:\/\/francois-pelletant.fr\/blog\/la-fete-nationale-ce-lundi-soir-linas\/#primaryimage"},"thumbnailUrl":"https:\/\/francois-pelletant.fr\/blog\/wp-content\/uploads\/2015\/07\/14_juillet-2015-web.jpg","articleSection":["Infos"],"inLanguage":"fr-FR","potentialAction":[{"@type":"CommentAction","name":"Comment","target":["https:\/\/francois-pelletant.fr\/blog\/la-fete-nationale-ce-lundi-soir-linas\/#respond"]}]},{"@type":"WebPage","@id":"https:\/\/francois-pelletant.fr\/blog\/la-fete-nationale-ce-lundi-soir-linas\/","url":"https:\/\/francois-pelletant.fr\/blog\/la-fete-nationale-ce-lundi-soir-linas\/","name":"la F\u00eate Nationale ce lundi soir \u00e0 Linas ! - Fran\u00e7ois Pelletant","isPartOf":{"@id":"https:\/\/francois-pelletant.fr\/blog\/#website"},"primaryImageOfPage":{"@id":"https:\/\/francois-pelletant.fr\/blog\/la-fete-nationale-ce-lundi-soir-linas\/#primaryimage"},"image":{"@id":"https:\/\/francois-pelletant.fr\/blog\/la-fete-nationale-ce-lundi-soir-linas\/#primaryimage"},"thumbnailUrl":"https:\/\/francois-pelletant.fr\/blog\/wp-content\/uploads\/2015\/07\/14_juillet-2015-web.jpg","datePublished":"2015-07-13T10:08:46+00:00","dateModified":"2017-04-27T13:48:06+00:00","description":"F\u00eate Nationale : Comme Chaque ann\u00e9e, la troupe du 14 juillet pr\u00e9sente son spectacle \u00ab Son et Lumi\u00e8re \u00bb au COSOM.","breadcrumb":{"@id":"https:\/\/francois-pelletant.fr\/blog\/la-fete-nationale-ce-lundi-soir-linas\/#breadcrumb"},"inLanguage":"fr-FR","potentialAction":[{"@type":"ReadAction","target":["https:\/\/francois-pelletant.fr\/blog\/la-fete-nationale-ce-lundi-soir-linas\/"]}]},{"@type":"ImageObject","inLanguage":"fr-FR","@id":"https:\/\/francois-pelletant.fr\/blog\/la-fete-nationale-ce-lundi-soir-linas\/#primaryimage","url":"https:\/\/francois-pelletant.fr\/blog\/wp-content\/uploads\/2015\/07\/14_juillet-2015-web.jpg","contentUrl":"https:\/\/francois-pelletant.fr\/blog\/wp-content\/uploads\/2015\/07\/14_juillet-2015-web.jpg","width":356,"height":499},{"@type":"BreadcrumbList","@id":"https:\/\/francois-pelletant.fr\/blog\/la-fete-nationale-ce-lundi-soir-linas\/#breadcrumb","itemListElement":[{"@type":"ListItem","position":1,"name":"Accueil","item":"https:\/\/francois-pelletant.fr\/blog\/"},{"@type":"ListItem","position":2,"name":"la F\u00eate Nationale ce lundi soir \u00e0 Linas !"}]},{"@type":"WebSite","@id":"https:\/\/francois-pelletant.fr\/blog\/#website","url":"https:\/\/francois-pelletant.fr\/blog\/","name":"Fran\u00e7ois Pelletant","description":"Maire de Linas, pour toujours.","publisher":{"@id":"https:\/\/francois-pelletant.fr\/blog\/#organization"},"potentialAction":[{"@type":"SearchAction","target":{"@type":"EntryPoint","urlTemplate":"https:\/\/francois-pelletant.fr\/blog\/?s={search_term_string}"},"query-input":{"@type":"PropertyValueSpecification","valueRequired":true,"valueName":"search_term_string"}}],"inLanguage":"fr-FR"},{"@type":"Organization","@id":"https:\/\/francois-pelletant.fr\/blog\/#organization","name":"Fran\u00e7ois Pelletant","url":"https:\/\/francois-pelletant.fr\/blog\/","logo":{"@type":"ImageObject","inLanguage":"fr-FR","@id":"https:\/\/francois-pelletant.fr\/blog\/#\/schema\/logo\/image\/","url":"https:\/\/francois-pelletant.fr\/blog\/wp-content\/uploads\/2024\/07\/icone-francois-centre-500p.png","contentUrl":"https:\/\/francois-pelletant.fr\/blog\/wp-content\/uploads\/2024\/07\/icone-francois-centre-500p.png","width":559,"height":447,"caption":"Fran\u00e7ois Pelletant"},"image":{"@id":"https:\/\/francois-pelletant.fr\/blog\/#\/schema\/logo\/image\/"},"sameAs":["https:\/\/www.facebook.com\/francois.pelletant.7","https:\/\/x.com\/pelletant"]},{"@type":"Person","@id":"https:\/\/francois-pelletant.fr\/blog\/#\/schema\/person\/2be41acb171dff8f31aaed1f40cee9f3","name":"Francois"}]}},"_links":{"self":[{"href":"https:\/\/francois-pelletant.fr\/blog\/wp-json\/wp\/v2\/posts\/5588","targetHints":{"allow":["GET"]}}],"collection":[{"href":"https:\/\/francois-pelletant.fr\/blog\/wp-json\/wp\/v2\/posts"}],"about":[{"href":"https:\/\/francois-pelletant.fr\/blog\/wp-json\/wp\/v2\/types\/post"}],"author":[{"embeddable":true,"href":"https:\/\/francois-pelletant.fr\/blog\/wp-json\/wp\/v2\/users\/1"}],"replies":[{"embeddable":true,"href":"https:\/\/francois-pelletant.fr\/blog\/wp-json\/wp\/v2\/comments?post=5588"}],"version-history":[{"count":0,"href":"https:\/\/francois-pelletant.fr\/blog\/wp-json\/wp\/v2\/posts\/5588\/revisions"}],"wp:featuredmedia":[{"embeddable":true,"href":"https:\/\/francois-pelletant.fr\/blog\/wp-json\/wp\/v2\/media\/5589"}],"wp:attachment":[{"href":"https:\/\/francois-pelletant.fr\/blog\/wp-json\/wp\/v2\/media?parent=5588"}],"wp:term":[{"taxonomy":"category","embeddable":true,"href":"https:\/\/francois-pelletant.fr\/blog\/wp-json\/wp\/v2\/categories?post=5588"},{"taxonomy":"post_tag","embeddable":true,"href":"https:\/\/francois-pelletant.fr\/blog\/wp-json\/wp\/v2\/tags?post=5588"}],"curies":[{"name":"wp","href":"https:\/\/api.w.org\/{rel}","templated":true}]}}