{"id":5603,"date":"2015-08-12T08:13:19","date_gmt":"2015-08-12T06:13:19","guid":{"rendered":"https:\/\/francois-pelletant.fr\/blog\/?p=5603"},"modified":"2015-08-12T08:13:19","modified_gmt":"2015-08-12T06:13:19","slug":"de-nouveaux-panneaux-de-signalisation-du-danger-des-radars-aux-feu","status":"publish","type":"post","link":"https:\/\/francois-pelletant.fr\/blog\/de-nouveaux-panneaux-de-signalisation-du-danger-des-radars-aux-feu\/","title":{"rendered":"De nouveaux panneaux de signalisation du danger des radars aux feu&#8230;"},"content":{"rendered":"<p><a href=\"https:\/\/francois-pelletant.fr\/blog\/wp-content\/uploads\/2015\/07\/panneau-prevenir-radar.jpg\"><img loading=\"lazy\" decoding=\"async\" class=\"alignleft size-full wp-image-5604\" title=\"panneau-prevenir-radar\" src=\"https:\/\/francois-pelletant.fr\/blog\/wp-content\/uploads\/2015\/07\/panneau-prevenir-radar.jpg\" alt=\"\" width=\"181\" height=\"250\" \/><\/a>Vos contributions \u00e0 notre grande enqu\u00eate sur la signalisation routi\u00e8re que vous rencontrez, aussi bien en France qu&#8217;\u00e0 l&#8217;\u00e9tranger, s\u00e9rieux ou moins s\u00e9rieux, et qui pourraient utilement \u00eatre mis en place \u00e0 Linas \u00a0: voici quelques nouveaux exemples, merci \u00e0 tous et n&#8217;h\u00e9sitez pas \u00e0 nous en envoyer d&#8217;autres&#8230;<\/p>\n<p>&nbsp;<\/p>\n<p><a href=\"https:\/\/francois-pelletant.fr\/blog\/wp-content\/uploads\/2015\/07\/images.jpg\"><img loading=\"lazy\" decoding=\"async\" class=\"aligncenter size-full wp-image-5605\" title=\"images\" src=\"https:\/\/francois-pelletant.fr\/blog\/wp-content\/uploads\/2015\/07\/images.jpg\" alt=\"\" width=\"205\" height=\"246\" \/><\/a><\/p>\n<p>&nbsp;<\/p>\n<p>&nbsp;<\/p>\n<p><a href=\"https:\/\/francois-pelletant.fr\/blog\/wp-content\/uploads\/2015\/07\/097-panneau-signalisation-radar.jpg\"><img loading=\"lazy\" decoding=\"async\" class=\"aligncenter size-medium wp-image-5607\" title=\"097-panneau-signalisation-radar\" src=\"https:\/\/francois-pelletant.fr\/blog\/wp-content\/uploads\/2015\/07\/097-panneau-signalisation-radar-300x200.jpg\" alt=\"\" width=\"300\" height=\"200\" \/><\/a><\/p>\n<p>&nbsp;<\/p>\n<p>&nbsp;<\/p>\n<p>&nbsp;<\/p>\n<p><a href=\"https:\/\/francois-pelletant.fr\/blog\/wp-content\/uploads\/2015\/07\/speed_camera_gaetan_lee.jpg\"><img loading=\"lazy\" decoding=\"async\" class=\"aligncenter size-medium wp-image-5608\" title=\"speed_camera_gaetan_lee\" src=\"https:\/\/francois-pelletant.fr\/blog\/wp-content\/uploads\/2015\/07\/speed_camera_gaetan_lee-300x201.jpg\" alt=\"\" width=\"300\" height=\"201\" \/><\/a><\/p>\n<p><a href=\"https:\/\/francois-pelletant.fr\/blog\/wp-content\/uploads\/2015\/07\/t-red.jpg\"><img loading=\"lazy\" decoding=\"async\" class=\"aligncenter size-full wp-image-5606\" title=\"t-red\" src=\"https:\/\/francois-pelletant.fr\/blog\/wp-content\/uploads\/2015\/07\/t-red.jpg\" alt=\"\" width=\"190\" height=\"166\" \/><\/a><\/p>\n<p>&nbsp;<\/p>\n<p>&nbsp;<\/p>\n<p>&nbsp;<\/p>\n<p>&nbsp;<\/p>\n<p>&nbsp;<\/p>\n<p>&nbsp;<\/p>\n","protected":false},"excerpt":{"rendered":"<p>Vos contributions \u00e0 notre grande enqu\u00eate sur la signalisation routi\u00e8re que vous rencontrez, aussi bien en France qu&#8217;\u00e0 l&#8217;\u00e9tranger, s\u00e9rieux ou moins s\u00e9rieux, et qui pourraient utilement \u00eatre mis en place \u00e0 Linas \u00a0: voici quelques nouveaux exemples, merci \u00e0 tous et n&#8217;h\u00e9sitez pas \u00e0 nous en envoyer d&#8217;autres&#8230; &nbsp; &nbsp; &nbsp; &nbsp; &nbsp; &nbsp; [&hellip;]<\/p>\n","protected":false},"author":1,"featured_media":5604,"comment_status":"open","ping_status":"open","sticky":false,"template":"","format":"standard","meta":{"footnotes":""},"categories":[19],"tags":[],"class_list":["post-5603","post","type-post","status-publish","format-standard","has-post-thumbnail","hentry","category-rn20"],"yoast_head":"<!-- This site is optimized with the Yoast SEO plugin v25.6 - https:\/\/yoast.com\/wordpress\/plugins\/seo\/ -->\n<title>De nouveaux panneaux de signalisation du danger des radars aux feu... - Fran\u00e7ois Pelletant<\/title>\n<meta name=\"robots\" content=\"index, follow, max-snippet:-1, max-image-preview:large, max-video-preview:-1\" \/>\n<link rel=\"canonical\" href=\"https:\/\/francois-pelletant.fr\/blog\/de-nouveaux-panneaux-de-signalisation-du-danger-des-radars-aux-feu\/\" \/>\n<meta property=\"og:locale\" content=\"fr_FR\" \/>\n<meta property=\"og:type\" content=\"article\" \/>\n<meta property=\"og:title\" content=\"De nouveaux panneaux de signalisation du danger des radars aux feu... - Fran\u00e7ois Pelletant\" \/>\n<meta property=\"og:description\" content=\"Vos contributions \u00e0 notre grande enqu\u00eate sur la signalisation routi\u00e8re que vous rencontrez, aussi bien en France qu&#8217;\u00e0 l&#8217;\u00e9tranger, s\u00e9rieux ou moins s\u00e9rieux, et qui pourraient utilement \u00eatre mis en place \u00e0 Linas \u00a0: voici quelques nouveaux exemples, merci \u00e0 tous et n&#8217;h\u00e9sitez pas \u00e0 nous en envoyer d&#8217;autres&#8230; &nbsp; &nbsp; &nbsp; &nbsp; &nbsp; &nbsp; [&hellip;]\" \/>\n<meta property=\"og:url\" content=\"https:\/\/francois-pelletant.fr\/blog\/de-nouveaux-panneaux-de-signalisation-du-danger-des-radars-aux-feu\/\" \/>\n<meta property=\"og:site_name\" content=\"Fran\u00e7ois Pelletant\" \/>\n<meta property=\"article:publisher\" content=\"https:\/\/www.facebook.com\/francois.pelletant.7\" \/>\n<meta property=\"article:published_time\" content=\"2015-08-12T06:13:19+00:00\" \/>\n<meta property=\"og:image\" content=\"https:\/\/francois-pelletant.fr\/blog\/wp-content\/uploads\/2015\/07\/panneau-prevenir-radar.jpg\" \/>\n\t<meta property=\"og:image:width\" content=\"181\" \/>\n\t<meta property=\"og:image:height\" content=\"250\" \/>\n\t<meta property=\"og:image:type\" content=\"image\/jpeg\" \/>\n<meta name=\"author\" content=\"Francois\" \/>\n<meta name=\"twitter:card\" content=\"summary_large_image\" \/>\n<meta name=\"twitter:creator\" content=\"@pelletant\" \/>\n<meta name=\"twitter:site\" content=\"@pelletant\" \/>\n<meta name=\"twitter:label1\" content=\"\u00c9crit par\" \/>\n\t<meta name=\"twitter:data1\" content=\"Francois\" \/>\n<script type=\"application\/ld+json\" class=\"yoast-schema-graph\">{\"@context\":\"https:\/\/schema.org\",\"@graph\":[{\"@type\":\"Article\",\"@id\":\"https:\/\/francois-pelletant.fr\/blog\/de-nouveaux-panneaux-de-signalisation-du-danger-des-radars-aux-feu\/#article\",\"isPartOf\":{\"@id\":\"https:\/\/francois-pelletant.fr\/blog\/de-nouveaux-panneaux-de-signalisation-du-danger-des-radars-aux-feu\/\"},\"author\":{\"name\":\"Francois\",\"@id\":\"https:\/\/francois-pelletant.fr\/blog\/#\/schema\/person\/2be41acb171dff8f31aaed1f40cee9f3\"},\"headline\":\"De nouveaux panneaux de signalisation du danger des radars aux feu&#8230;\",\"datePublished\":\"2015-08-12T06:13:19+00:00\",\"mainEntityOfPage\":{\"@id\":\"https:\/\/francois-pelletant.fr\/blog\/de-nouveaux-panneaux-de-signalisation-du-danger-des-radars-aux-feu\/\"},\"wordCount\":75,\"commentCount\":0,\"publisher\":{\"@id\":\"https:\/\/francois-pelletant.fr\/blog\/#organization\"},\"image\":{\"@id\":\"https:\/\/francois-pelletant.fr\/blog\/de-nouveaux-panneaux-de-signalisation-du-danger-des-radars-aux-feu\/#primaryimage\"},\"thumbnailUrl\":\"https:\/\/francois-pelletant.fr\/blog\/wp-content\/uploads\/2015\/07\/panneau-prevenir-radar.jpg\",\"articleSection\":[\"RN20\"],\"inLanguage\":\"fr-FR\",\"potentialAction\":[{\"@type\":\"CommentAction\",\"name\":\"Comment\",\"target\":[\"https:\/\/francois-pelletant.fr\/blog\/de-nouveaux-panneaux-de-signalisation-du-danger-des-radars-aux-feu\/#respond\"]}]},{\"@type\":\"WebPage\",\"@id\":\"https:\/\/francois-pelletant.fr\/blog\/de-nouveaux-panneaux-de-signalisation-du-danger-des-radars-aux-feu\/\",\"url\":\"https:\/\/francois-pelletant.fr\/blog\/de-nouveaux-panneaux-de-signalisation-du-danger-des-radars-aux-feu\/\",\"name\":\"De nouveaux panneaux de signalisation du danger des radars aux feu... - Fran\u00e7ois Pelletant\",\"isPartOf\":{\"@id\":\"https:\/\/francois-pelletant.fr\/blog\/#website\"},\"primaryImageOfPage\":{\"@id\":\"https:\/\/francois-pelletant.fr\/blog\/de-nouveaux-panneaux-de-signalisation-du-danger-des-radars-aux-feu\/#primaryimage\"},\"image\":{\"@id\":\"https:\/\/francois-pelletant.fr\/blog\/de-nouveaux-panneaux-de-signalisation-du-danger-des-radars-aux-feu\/#primaryimage\"},\"thumbnailUrl\":\"https:\/\/francois-pelletant.fr\/blog\/wp-content\/uploads\/2015\/07\/panneau-prevenir-radar.jpg\",\"datePublished\":\"2015-08-12T06:13:19+00:00\",\"breadcrumb\":{\"@id\":\"https:\/\/francois-pelletant.fr\/blog\/de-nouveaux-panneaux-de-signalisation-du-danger-des-radars-aux-feu\/#breadcrumb\"},\"inLanguage\":\"fr-FR\",\"potentialAction\":[{\"@type\":\"ReadAction\",\"target\":[\"https:\/\/francois-pelletant.fr\/blog\/de-nouveaux-panneaux-de-signalisation-du-danger-des-radars-aux-feu\/\"]}]},{\"@type\":\"ImageObject\",\"inLanguage\":\"fr-FR\",\"@id\":\"https:\/\/francois-pelletant.fr\/blog\/de-nouveaux-panneaux-de-signalisation-du-danger-des-radars-aux-feu\/#primaryimage\",\"url\":\"https:\/\/francois-pelletant.fr\/blog\/wp-content\/uploads\/2015\/07\/panneau-prevenir-radar.jpg\",\"contentUrl\":\"https:\/\/francois-pelletant.fr\/blog\/wp-content\/uploads\/2015\/07\/panneau-prevenir-radar.jpg\",\"width\":181,\"height\":250},{\"@type\":\"BreadcrumbList\",\"@id\":\"https:\/\/francois-pelletant.fr\/blog\/de-nouveaux-panneaux-de-signalisation-du-danger-des-radars-aux-feu\/#breadcrumb\",\"itemListElement\":[{\"@type\":\"ListItem\",\"position\":1,\"name\":\"Accueil\",\"item\":\"https:\/\/francois-pelletant.fr\/blog\/\"},{\"@type\":\"ListItem\",\"position\":2,\"name\":\"De nouveaux panneaux de signalisation du danger des radars aux feu&#8230;\"}]},{\"@type\":\"WebSite\",\"@id\":\"https:\/\/francois-pelletant.fr\/blog\/#website\",\"url\":\"https:\/\/francois-pelletant.fr\/blog\/\",\"name\":\"Fran\u00e7ois Pelletant\",\"description\":\"Maire de Linas, pour toujours.\",\"publisher\":{\"@id\":\"https:\/\/francois-pelletant.fr\/blog\/#organization\"},\"potentialAction\":[{\"@type\":\"SearchAction\",\"target\":{\"@type\":\"EntryPoint\",\"urlTemplate\":\"https:\/\/francois-pelletant.fr\/blog\/?s={search_term_string}\"},\"query-input\":{\"@type\":\"PropertyValueSpecification\",\"valueRequired\":true,\"valueName\":\"search_term_string\"}}],\"inLanguage\":\"fr-FR\"},{\"@type\":\"Organization\",\"@id\":\"https:\/\/francois-pelletant.fr\/blog\/#organization\",\"name\":\"Fran\u00e7ois Pelletant\",\"url\":\"https:\/\/francois-pelletant.fr\/blog\/\",\"logo\":{\"@type\":\"ImageObject\",\"inLanguage\":\"fr-FR\",\"@id\":\"https:\/\/francois-pelletant.fr\/blog\/#\/schema\/logo\/image\/\",\"url\":\"https:\/\/francois-pelletant.fr\/blog\/wp-content\/uploads\/2024\/07\/icone-francois-centre-500p.png\",\"contentUrl\":\"https:\/\/francois-pelletant.fr\/blog\/wp-content\/uploads\/2024\/07\/icone-francois-centre-500p.png\",\"width\":559,\"height\":447,\"caption\":\"Fran\u00e7ois Pelletant\"},\"image\":{\"@id\":\"https:\/\/francois-pelletant.fr\/blog\/#\/schema\/logo\/image\/\"},\"sameAs\":[\"https:\/\/www.facebook.com\/francois.pelletant.7\",\"https:\/\/x.com\/pelletant\"]},{\"@type\":\"Person\",\"@id\":\"https:\/\/francois-pelletant.fr\/blog\/#\/schema\/person\/2be41acb171dff8f31aaed1f40cee9f3\",\"name\":\"Francois\"}]}<\/script>\n<!-- \/ Yoast SEO plugin. -->","yoast_head_json":{"title":"De nouveaux panneaux de signalisation du danger des radars aux feu... - Fran\u00e7ois Pelletant","robots":{"index":"index","follow":"follow","max-snippet":"max-snippet:-1","max-image-preview":"max-image-preview:large","max-video-preview":"max-video-preview:-1"},"canonical":"https:\/\/francois-pelletant.fr\/blog\/de-nouveaux-panneaux-de-signalisation-du-danger-des-radars-aux-feu\/","og_locale":"fr_FR","og_type":"article","og_title":"De nouveaux panneaux de signalisation du danger des radars aux feu... - Fran\u00e7ois Pelletant","og_description":"Vos contributions \u00e0 notre grande enqu\u00eate sur la signalisation routi\u00e8re que vous rencontrez, aussi bien en France qu&#8217;\u00e0 l&#8217;\u00e9tranger, s\u00e9rieux ou moins s\u00e9rieux, et qui pourraient utilement \u00eatre mis en place \u00e0 Linas \u00a0: voici quelques nouveaux exemples, merci \u00e0 tous et n&#8217;h\u00e9sitez pas \u00e0 nous en envoyer d&#8217;autres&#8230; &nbsp; &nbsp; &nbsp; &nbsp; &nbsp; &nbsp; [&hellip;]","og_url":"https:\/\/francois-pelletant.fr\/blog\/de-nouveaux-panneaux-de-signalisation-du-danger-des-radars-aux-feu\/","og_site_name":"Fran\u00e7ois Pelletant","article_publisher":"https:\/\/www.facebook.com\/francois.pelletant.7","article_published_time":"2015-08-12T06:13:19+00:00","og_image":[{"width":181,"height":250,"url":"https:\/\/francois-pelletant.fr\/blog\/wp-content\/uploads\/2015\/07\/panneau-prevenir-radar.jpg","type":"image\/jpeg"}],"author":"Francois","twitter_card":"summary_large_image","twitter_creator":"@pelletant","twitter_site":"@pelletant","twitter_misc":{"\u00c9crit par":"Francois"},"schema":{"@context":"https:\/\/schema.org","@graph":[{"@type":"Article","@id":"https:\/\/francois-pelletant.fr\/blog\/de-nouveaux-panneaux-de-signalisation-du-danger-des-radars-aux-feu\/#article","isPartOf":{"@id":"https:\/\/francois-pelletant.fr\/blog\/de-nouveaux-panneaux-de-signalisation-du-danger-des-radars-aux-feu\/"},"author":{"name":"Francois","@id":"https:\/\/francois-pelletant.fr\/blog\/#\/schema\/person\/2be41acb171dff8f31aaed1f40cee9f3"},"headline":"De nouveaux panneaux de signalisation du danger des radars aux feu&#8230;","datePublished":"2015-08-12T06:13:19+00:00","mainEntityOfPage":{"@id":"https:\/\/francois-pelletant.fr\/blog\/de-nouveaux-panneaux-de-signalisation-du-danger-des-radars-aux-feu\/"},"wordCount":75,"commentCount":0,"publisher":{"@id":"https:\/\/francois-pelletant.fr\/blog\/#organization"},"image":{"@id":"https:\/\/francois-pelletant.fr\/blog\/de-nouveaux-panneaux-de-signalisation-du-danger-des-radars-aux-feu\/#primaryimage"},"thumbnailUrl":"https:\/\/francois-pelletant.fr\/blog\/wp-content\/uploads\/2015\/07\/panneau-prevenir-radar.jpg","articleSection":["RN20"],"inLanguage":"fr-FR","potentialAction":[{"@type":"CommentAction","name":"Comment","target":["https:\/\/francois-pelletant.fr\/blog\/de-nouveaux-panneaux-de-signalisation-du-danger-des-radars-aux-feu\/#respond"]}]},{"@type":"WebPage","@id":"https:\/\/francois-pelletant.fr\/blog\/de-nouveaux-panneaux-de-signalisation-du-danger-des-radars-aux-feu\/","url":"https:\/\/francois-pelletant.fr\/blog\/de-nouveaux-panneaux-de-signalisation-du-danger-des-radars-aux-feu\/","name":"De nouveaux panneaux de signalisation du danger des radars aux feu... - Fran\u00e7ois Pelletant","isPartOf":{"@id":"https:\/\/francois-pelletant.fr\/blog\/#website"},"primaryImageOfPage":{"@id":"https:\/\/francois-pelletant.fr\/blog\/de-nouveaux-panneaux-de-signalisation-du-danger-des-radars-aux-feu\/#primaryimage"},"image":{"@id":"https:\/\/francois-pelletant.fr\/blog\/de-nouveaux-panneaux-de-signalisation-du-danger-des-radars-aux-feu\/#primaryimage"},"thumbnailUrl":"https:\/\/francois-pelletant.fr\/blog\/wp-content\/uploads\/2015\/07\/panneau-prevenir-radar.jpg","datePublished":"2015-08-12T06:13:19+00:00","breadcrumb":{"@id":"https:\/\/francois-pelletant.fr\/blog\/de-nouveaux-panneaux-de-signalisation-du-danger-des-radars-aux-feu\/#breadcrumb"},"inLanguage":"fr-FR","potentialAction":[{"@type":"ReadAction","target":["https:\/\/francois-pelletant.fr\/blog\/de-nouveaux-panneaux-de-signalisation-du-danger-des-radars-aux-feu\/"]}]},{"@type":"ImageObject","inLanguage":"fr-FR","@id":"https:\/\/francois-pelletant.fr\/blog\/de-nouveaux-panneaux-de-signalisation-du-danger-des-radars-aux-feu\/#primaryimage","url":"https:\/\/francois-pelletant.fr\/blog\/wp-content\/uploads\/2015\/07\/panneau-prevenir-radar.jpg","contentUrl":"https:\/\/francois-pelletant.fr\/blog\/wp-content\/uploads\/2015\/07\/panneau-prevenir-radar.jpg","width":181,"height":250},{"@type":"BreadcrumbList","@id":"https:\/\/francois-pelletant.fr\/blog\/de-nouveaux-panneaux-de-signalisation-du-danger-des-radars-aux-feu\/#breadcrumb","itemListElement":[{"@type":"ListItem","position":1,"name":"Accueil","item":"https:\/\/francois-pelletant.fr\/blog\/"},{"@type":"ListItem","position":2,"name":"De nouveaux panneaux de signalisation du danger des radars aux feu&#8230;"}]},{"@type":"WebSite","@id":"https:\/\/francois-pelletant.fr\/blog\/#website","url":"https:\/\/francois-pelletant.fr\/blog\/","name":"Fran\u00e7ois Pelletant","description":"Maire de Linas, pour toujours.","publisher":{"@id":"https:\/\/francois-pelletant.fr\/blog\/#organization"},"potentialAction":[{"@type":"SearchAction","target":{"@type":"EntryPoint","urlTemplate":"https:\/\/francois-pelletant.fr\/blog\/?s={search_term_string}"},"query-input":{"@type":"PropertyValueSpecification","valueRequired":true,"valueName":"search_term_string"}}],"inLanguage":"fr-FR"},{"@type":"Organization","@id":"https:\/\/francois-pelletant.fr\/blog\/#organization","name":"Fran\u00e7ois Pelletant","url":"https:\/\/francois-pelletant.fr\/blog\/","logo":{"@type":"ImageObject","inLanguage":"fr-FR","@id":"https:\/\/francois-pelletant.fr\/blog\/#\/schema\/logo\/image\/","url":"https:\/\/francois-pelletant.fr\/blog\/wp-content\/uploads\/2024\/07\/icone-francois-centre-500p.png","contentUrl":"https:\/\/francois-pelletant.fr\/blog\/wp-content\/uploads\/2024\/07\/icone-francois-centre-500p.png","width":559,"height":447,"caption":"Fran\u00e7ois Pelletant"},"image":{"@id":"https:\/\/francois-pelletant.fr\/blog\/#\/schema\/logo\/image\/"},"sameAs":["https:\/\/www.facebook.com\/francois.pelletant.7","https:\/\/x.com\/pelletant"]},{"@type":"Person","@id":"https:\/\/francois-pelletant.fr\/blog\/#\/schema\/person\/2be41acb171dff8f31aaed1f40cee9f3","name":"Francois"}]}},"_links":{"self":[{"href":"https:\/\/francois-pelletant.fr\/blog\/wp-json\/wp\/v2\/posts\/5603","targetHints":{"allow":["GET"]}}],"collection":[{"href":"https:\/\/francois-pelletant.fr\/blog\/wp-json\/wp\/v2\/posts"}],"about":[{"href":"https:\/\/francois-pelletant.fr\/blog\/wp-json\/wp\/v2\/types\/post"}],"author":[{"embeddable":true,"href":"https:\/\/francois-pelletant.fr\/blog\/wp-json\/wp\/v2\/users\/1"}],"replies":[{"embeddable":true,"href":"https:\/\/francois-pelletant.fr\/blog\/wp-json\/wp\/v2\/comments?post=5603"}],"version-history":[{"count":0,"href":"https:\/\/francois-pelletant.fr\/blog\/wp-json\/wp\/v2\/posts\/5603\/revisions"}],"wp:featuredmedia":[{"embeddable":true,"href":"https:\/\/francois-pelletant.fr\/blog\/wp-json\/wp\/v2\/media\/5604"}],"wp:attachment":[{"href":"https:\/\/francois-pelletant.fr\/blog\/wp-json\/wp\/v2\/media?parent=5603"}],"wp:term":[{"taxonomy":"category","embeddable":true,"href":"https:\/\/francois-pelletant.fr\/blog\/wp-json\/wp\/v2\/categories?post=5603"},{"taxonomy":"post_tag","embeddable":true,"href":"https:\/\/francois-pelletant.fr\/blog\/wp-json\/wp\/v2\/tags?post=5603"}],"curies":[{"name":"wp","href":"https:\/\/api.w.org\/{rel}","templated":true}]}}