{"id":5713,"date":"2015-09-24T10:38:54","date_gmt":"2015-09-24T08:38:54","guid":{"rendered":"https:\/\/francois-pelletant.fr\/blog\/?p=5713"},"modified":"2017-04-27T08:50:01","modified_gmt":"2017-04-27T08:50:01","slug":"un-conte-musical-pour-les-enfants","status":"publish","type":"post","link":"https:\/\/francois-pelletant.fr\/blog\/un-conte-musical-pour-les-enfants\/","title":{"rendered":"Un conte musical pour les enfants"},"content":{"rendered":"<h4><a href=\"https:\/\/francois-pelletant.fr\/blog\/wp-content\/uploads\/2015\/09\/MEDIATHEQUE.jpg\"><img loading=\"lazy\" decoding=\"async\" class=\"alignleft wp-image-5714 size-medium\" title=\"MEDIATHEQUE\" src=\"https:\/\/francois-pelletant.fr\/blog\/wp-content\/uploads\/2015\/09\/MEDIATHEQUE-300x241.jpg\" alt=\"image-conte musical-pour-les-enfants\" width=\"300\" height=\"241\" \/><\/a>Le conte musical d\u00e9di\u00e9 aux enfants<\/h4>\n<p>Ce Samedi 26 septembre \u00e0 10h30 rien que pour les enfants. En effet, \u00a0les biblioth\u00e9caires de Linas vous invite \u00e0 venir d\u00e9couvrir le conte musical \u00ab\u00a0Pourquoi les feuilles des arbres changent de couleurs\u00a0?\u00bb<\/p>\n<p>Ce compte musical est \u00a0racont\u00e9 par Margarita Roussel. Vous y d\u00e9couvrirez des instruments de musique vari\u00e9s puis\u00a0un r\u00e9pertoire de chants des indiens d\u2019Am\u00e9rique accompagnent ce M\u00e9lodiconte pour les tout-petits (0 \u00e0 3ans). Enfin, ce spectacle est gratuit sur r\u00e9servation \u00e0 la m\u00e9diath\u00e8que Les Muses aux heures habituelles d\u2019ouverture.<\/p>\n","protected":false},"excerpt":{"rendered":"<p>Le conte musical d\u00e9di\u00e9 aux enfants Ce Samedi 26 septembre \u00e0 10h30 rien que pour les enfants. En effet, \u00a0les biblioth\u00e9caires de Linas vous invite \u00e0 venir d\u00e9couvrir le conte musical \u00ab\u00a0Pourquoi les feuilles des arbres changent de couleurs\u00a0?\u00bb Ce compte musical est \u00a0racont\u00e9 par Margarita Roussel. Vous y d\u00e9couvrirez des instruments de musique vari\u00e9s [&hellip;]<\/p>\n","protected":false},"author":1,"featured_media":5714,"comment_status":"open","ping_status":"open","sticky":false,"template":"","format":"standard","meta":{"footnotes":""},"categories":[10],"tags":[],"class_list":["post-5713","post","type-post","status-publish","format-standard","has-post-thumbnail","hentry","category-1pelletant"],"yoast_head":"<!-- This site is optimized with the Yoast SEO plugin v25.6 - https:\/\/yoast.com\/wordpress\/plugins\/seo\/ -->\n<title>Un conte musical pour les enfants - Fran\u00e7ois Pelletant<\/title>\n<meta name=\"description\" content=\"Les biblioth\u00e9caire de Linas vous invite \u00e0 d\u00e9couvrir un conte musical pour les enfants le samedi 26 septembre 2015.\" \/>\n<meta name=\"robots\" content=\"index, follow, max-snippet:-1, max-image-preview:large, max-video-preview:-1\" \/>\n<link rel=\"canonical\" href=\"https:\/\/francois-pelletant.fr\/blog\/un-conte-musical-pour-les-enfants\/\" \/>\n<meta property=\"og:locale\" content=\"fr_FR\" \/>\n<meta property=\"og:type\" content=\"article\" \/>\n<meta property=\"og:title\" content=\"Un conte musical pour les enfants - Fran\u00e7ois Pelletant\" \/>\n<meta property=\"og:description\" content=\"Les biblioth\u00e9caire de Linas vous invite \u00e0 d\u00e9couvrir un conte musical pour les enfants le samedi 26 septembre 2015.\" \/>\n<meta property=\"og:url\" content=\"https:\/\/francois-pelletant.fr\/blog\/un-conte-musical-pour-les-enfants\/\" \/>\n<meta property=\"og:site_name\" content=\"Fran\u00e7ois Pelletant\" \/>\n<meta property=\"article:publisher\" content=\"https:\/\/www.facebook.com\/francois.pelletant.7\" \/>\n<meta property=\"article:published_time\" content=\"2015-09-24T08:38:54+00:00\" \/>\n<meta property=\"article:modified_time\" content=\"2017-04-27T08:50:01+00:00\" \/>\n<meta name=\"author\" content=\"Francois\" \/>\n<meta name=\"twitter:card\" content=\"summary_large_image\" \/>\n<meta name=\"twitter:creator\" content=\"@pelletant\" \/>\n<meta name=\"twitter:site\" content=\"@pelletant\" \/>\n<meta name=\"twitter:label1\" content=\"\u00c9crit par\" \/>\n\t<meta name=\"twitter:data1\" content=\"Francois\" \/>\n<script type=\"application\/ld+json\" class=\"yoast-schema-graph\">{\"@context\":\"https:\/\/schema.org\",\"@graph\":[{\"@type\":\"Article\",\"@id\":\"https:\/\/francois-pelletant.fr\/blog\/un-conte-musical-pour-les-enfants\/#article\",\"isPartOf\":{\"@id\":\"https:\/\/francois-pelletant.fr\/blog\/un-conte-musical-pour-les-enfants\/\"},\"author\":{\"name\":\"Francois\",\"@id\":\"https:\/\/francois-pelletant.fr\/blog\/#\/schema\/person\/2be41acb171dff8f31aaed1f40cee9f3\"},\"headline\":\"Un conte musical pour les enfants\",\"datePublished\":\"2015-09-24T08:38:54+00:00\",\"dateModified\":\"2017-04-27T08:50:01+00:00\",\"mainEntityOfPage\":{\"@id\":\"https:\/\/francois-pelletant.fr\/blog\/un-conte-musical-pour-les-enfants\/\"},\"wordCount\":101,\"commentCount\":0,\"publisher\":{\"@id\":\"https:\/\/francois-pelletant.fr\/blog\/#organization\"},\"image\":{\"@id\":\"https:\/\/francois-pelletant.fr\/blog\/un-conte-musical-pour-les-enfants\/#primaryimage\"},\"thumbnailUrl\":\"\",\"articleSection\":[\"Infos\"],\"inLanguage\":\"fr-FR\",\"potentialAction\":[{\"@type\":\"CommentAction\",\"name\":\"Comment\",\"target\":[\"https:\/\/francois-pelletant.fr\/blog\/un-conte-musical-pour-les-enfants\/#respond\"]}]},{\"@type\":\"WebPage\",\"@id\":\"https:\/\/francois-pelletant.fr\/blog\/un-conte-musical-pour-les-enfants\/\",\"url\":\"https:\/\/francois-pelletant.fr\/blog\/un-conte-musical-pour-les-enfants\/\",\"name\":\"Un conte musical pour les enfants - Fran\u00e7ois Pelletant\",\"isPartOf\":{\"@id\":\"https:\/\/francois-pelletant.fr\/blog\/#website\"},\"primaryImageOfPage\":{\"@id\":\"https:\/\/francois-pelletant.fr\/blog\/un-conte-musical-pour-les-enfants\/#primaryimage\"},\"image\":{\"@id\":\"https:\/\/francois-pelletant.fr\/blog\/un-conte-musical-pour-les-enfants\/#primaryimage\"},\"thumbnailUrl\":\"\",\"datePublished\":\"2015-09-24T08:38:54+00:00\",\"dateModified\":\"2017-04-27T08:50:01+00:00\",\"description\":\"Les biblioth\u00e9caire de Linas vous invite \u00e0 d\u00e9couvrir un conte musical pour les enfants le samedi 26 septembre 2015.\",\"breadcrumb\":{\"@id\":\"https:\/\/francois-pelletant.fr\/blog\/un-conte-musical-pour-les-enfants\/#breadcrumb\"},\"inLanguage\":\"fr-FR\",\"potentialAction\":[{\"@type\":\"ReadAction\",\"target\":[\"https:\/\/francois-pelletant.fr\/blog\/un-conte-musical-pour-les-enfants\/\"]}]},{\"@type\":\"ImageObject\",\"inLanguage\":\"fr-FR\",\"@id\":\"https:\/\/francois-pelletant.fr\/blog\/un-conte-musical-pour-les-enfants\/#primaryimage\",\"url\":\"\",\"contentUrl\":\"\"},{\"@type\":\"BreadcrumbList\",\"@id\":\"https:\/\/francois-pelletant.fr\/blog\/un-conte-musical-pour-les-enfants\/#breadcrumb\",\"itemListElement\":[{\"@type\":\"ListItem\",\"position\":1,\"name\":\"Accueil\",\"item\":\"https:\/\/francois-pelletant.fr\/blog\/\"},{\"@type\":\"ListItem\",\"position\":2,\"name\":\"Un conte musical pour les enfants\"}]},{\"@type\":\"WebSite\",\"@id\":\"https:\/\/francois-pelletant.fr\/blog\/#website\",\"url\":\"https:\/\/francois-pelletant.fr\/blog\/\",\"name\":\"Fran\u00e7ois Pelletant\",\"description\":\"Maire de Linas, pour toujours.\",\"publisher\":{\"@id\":\"https:\/\/francois-pelletant.fr\/blog\/#organization\"},\"potentialAction\":[{\"@type\":\"SearchAction\",\"target\":{\"@type\":\"EntryPoint\",\"urlTemplate\":\"https:\/\/francois-pelletant.fr\/blog\/?s={search_term_string}\"},\"query-input\":{\"@type\":\"PropertyValueSpecification\",\"valueRequired\":true,\"valueName\":\"search_term_string\"}}],\"inLanguage\":\"fr-FR\"},{\"@type\":\"Organization\",\"@id\":\"https:\/\/francois-pelletant.fr\/blog\/#organization\",\"name\":\"Fran\u00e7ois Pelletant\",\"url\":\"https:\/\/francois-pelletant.fr\/blog\/\",\"logo\":{\"@type\":\"ImageObject\",\"inLanguage\":\"fr-FR\",\"@id\":\"https:\/\/francois-pelletant.fr\/blog\/#\/schema\/logo\/image\/\",\"url\":\"https:\/\/francois-pelletant.fr\/blog\/wp-content\/uploads\/2024\/07\/icone-francois-centre-500p.png\",\"contentUrl\":\"https:\/\/francois-pelletant.fr\/blog\/wp-content\/uploads\/2024\/07\/icone-francois-centre-500p.png\",\"width\":559,\"height\":447,\"caption\":\"Fran\u00e7ois Pelletant\"},\"image\":{\"@id\":\"https:\/\/francois-pelletant.fr\/blog\/#\/schema\/logo\/image\/\"},\"sameAs\":[\"https:\/\/www.facebook.com\/francois.pelletant.7\",\"https:\/\/x.com\/pelletant\"]},{\"@type\":\"Person\",\"@id\":\"https:\/\/francois-pelletant.fr\/blog\/#\/schema\/person\/2be41acb171dff8f31aaed1f40cee9f3\",\"name\":\"Francois\"}]}<\/script>\n<!-- \/ Yoast SEO plugin. -->","yoast_head_json":{"title":"Un conte musical pour les enfants - Fran\u00e7ois Pelletant","description":"Les biblioth\u00e9caire de Linas vous invite \u00e0 d\u00e9couvrir un conte musical pour les enfants le samedi 26 septembre 2015.","robots":{"index":"index","follow":"follow","max-snippet":"max-snippet:-1","max-image-preview":"max-image-preview:large","max-video-preview":"max-video-preview:-1"},"canonical":"https:\/\/francois-pelletant.fr\/blog\/un-conte-musical-pour-les-enfants\/","og_locale":"fr_FR","og_type":"article","og_title":"Un conte musical pour les enfants - Fran\u00e7ois Pelletant","og_description":"Les biblioth\u00e9caire de Linas vous invite \u00e0 d\u00e9couvrir un conte musical pour les enfants le samedi 26 septembre 2015.","og_url":"https:\/\/francois-pelletant.fr\/blog\/un-conte-musical-pour-les-enfants\/","og_site_name":"Fran\u00e7ois Pelletant","article_publisher":"https:\/\/www.facebook.com\/francois.pelletant.7","article_published_time":"2015-09-24T08:38:54+00:00","article_modified_time":"2017-04-27T08:50:01+00:00","author":"Francois","twitter_card":"summary_large_image","twitter_creator":"@pelletant","twitter_site":"@pelletant","twitter_misc":{"\u00c9crit par":"Francois"},"schema":{"@context":"https:\/\/schema.org","@graph":[{"@type":"Article","@id":"https:\/\/francois-pelletant.fr\/blog\/un-conte-musical-pour-les-enfants\/#article","isPartOf":{"@id":"https:\/\/francois-pelletant.fr\/blog\/un-conte-musical-pour-les-enfants\/"},"author":{"name":"Francois","@id":"https:\/\/francois-pelletant.fr\/blog\/#\/schema\/person\/2be41acb171dff8f31aaed1f40cee9f3"},"headline":"Un conte musical pour les enfants","datePublished":"2015-09-24T08:38:54+00:00","dateModified":"2017-04-27T08:50:01+00:00","mainEntityOfPage":{"@id":"https:\/\/francois-pelletant.fr\/blog\/un-conte-musical-pour-les-enfants\/"},"wordCount":101,"commentCount":0,"publisher":{"@id":"https:\/\/francois-pelletant.fr\/blog\/#organization"},"image":{"@id":"https:\/\/francois-pelletant.fr\/blog\/un-conte-musical-pour-les-enfants\/#primaryimage"},"thumbnailUrl":"","articleSection":["Infos"],"inLanguage":"fr-FR","potentialAction":[{"@type":"CommentAction","name":"Comment","target":["https:\/\/francois-pelletant.fr\/blog\/un-conte-musical-pour-les-enfants\/#respond"]}]},{"@type":"WebPage","@id":"https:\/\/francois-pelletant.fr\/blog\/un-conte-musical-pour-les-enfants\/","url":"https:\/\/francois-pelletant.fr\/blog\/un-conte-musical-pour-les-enfants\/","name":"Un conte musical pour les enfants - Fran\u00e7ois Pelletant","isPartOf":{"@id":"https:\/\/francois-pelletant.fr\/blog\/#website"},"primaryImageOfPage":{"@id":"https:\/\/francois-pelletant.fr\/blog\/un-conte-musical-pour-les-enfants\/#primaryimage"},"image":{"@id":"https:\/\/francois-pelletant.fr\/blog\/un-conte-musical-pour-les-enfants\/#primaryimage"},"thumbnailUrl":"","datePublished":"2015-09-24T08:38:54+00:00","dateModified":"2017-04-27T08:50:01+00:00","description":"Les biblioth\u00e9caire de Linas vous invite \u00e0 d\u00e9couvrir un conte musical pour les enfants le samedi 26 septembre 2015.","breadcrumb":{"@id":"https:\/\/francois-pelletant.fr\/blog\/un-conte-musical-pour-les-enfants\/#breadcrumb"},"inLanguage":"fr-FR","potentialAction":[{"@type":"ReadAction","target":["https:\/\/francois-pelletant.fr\/blog\/un-conte-musical-pour-les-enfants\/"]}]},{"@type":"ImageObject","inLanguage":"fr-FR","@id":"https:\/\/francois-pelletant.fr\/blog\/un-conte-musical-pour-les-enfants\/#primaryimage","url":"","contentUrl":""},{"@type":"BreadcrumbList","@id":"https:\/\/francois-pelletant.fr\/blog\/un-conte-musical-pour-les-enfants\/#breadcrumb","itemListElement":[{"@type":"ListItem","position":1,"name":"Accueil","item":"https:\/\/francois-pelletant.fr\/blog\/"},{"@type":"ListItem","position":2,"name":"Un conte musical pour les enfants"}]},{"@type":"WebSite","@id":"https:\/\/francois-pelletant.fr\/blog\/#website","url":"https:\/\/francois-pelletant.fr\/blog\/","name":"Fran\u00e7ois Pelletant","description":"Maire de Linas, pour toujours.","publisher":{"@id":"https:\/\/francois-pelletant.fr\/blog\/#organization"},"potentialAction":[{"@type":"SearchAction","target":{"@type":"EntryPoint","urlTemplate":"https:\/\/francois-pelletant.fr\/blog\/?s={search_term_string}"},"query-input":{"@type":"PropertyValueSpecification","valueRequired":true,"valueName":"search_term_string"}}],"inLanguage":"fr-FR"},{"@type":"Organization","@id":"https:\/\/francois-pelletant.fr\/blog\/#organization","name":"Fran\u00e7ois Pelletant","url":"https:\/\/francois-pelletant.fr\/blog\/","logo":{"@type":"ImageObject","inLanguage":"fr-FR","@id":"https:\/\/francois-pelletant.fr\/blog\/#\/schema\/logo\/image\/","url":"https:\/\/francois-pelletant.fr\/blog\/wp-content\/uploads\/2024\/07\/icone-francois-centre-500p.png","contentUrl":"https:\/\/francois-pelletant.fr\/blog\/wp-content\/uploads\/2024\/07\/icone-francois-centre-500p.png","width":559,"height":447,"caption":"Fran\u00e7ois Pelletant"},"image":{"@id":"https:\/\/francois-pelletant.fr\/blog\/#\/schema\/logo\/image\/"},"sameAs":["https:\/\/www.facebook.com\/francois.pelletant.7","https:\/\/x.com\/pelletant"]},{"@type":"Person","@id":"https:\/\/francois-pelletant.fr\/blog\/#\/schema\/person\/2be41acb171dff8f31aaed1f40cee9f3","name":"Francois"}]}},"_links":{"self":[{"href":"https:\/\/francois-pelletant.fr\/blog\/wp-json\/wp\/v2\/posts\/5713","targetHints":{"allow":["GET"]}}],"collection":[{"href":"https:\/\/francois-pelletant.fr\/blog\/wp-json\/wp\/v2\/posts"}],"about":[{"href":"https:\/\/francois-pelletant.fr\/blog\/wp-json\/wp\/v2\/types\/post"}],"author":[{"embeddable":true,"href":"https:\/\/francois-pelletant.fr\/blog\/wp-json\/wp\/v2\/users\/1"}],"replies":[{"embeddable":true,"href":"https:\/\/francois-pelletant.fr\/blog\/wp-json\/wp\/v2\/comments?post=5713"}],"version-history":[{"count":0,"href":"https:\/\/francois-pelletant.fr\/blog\/wp-json\/wp\/v2\/posts\/5713\/revisions"}],"wp:featuredmedia":[{"embeddable":true,"href":"https:\/\/francois-pelletant.fr\/blog\/wp-json\/"}],"wp:attachment":[{"href":"https:\/\/francois-pelletant.fr\/blog\/wp-json\/wp\/v2\/media?parent=5713"}],"wp:term":[{"taxonomy":"category","embeddable":true,"href":"https:\/\/francois-pelletant.fr\/blog\/wp-json\/wp\/v2\/categories?post=5713"},{"taxonomy":"post_tag","embeddable":true,"href":"https:\/\/francois-pelletant.fr\/blog\/wp-json\/wp\/v2\/tags?post=5713"}],"curies":[{"name":"wp","href":"https:\/\/api.w.org\/{rel}","templated":true}]}}