{"id":5729,"date":"2015-10-01T09:38:32","date_gmt":"2015-10-01T07:38:32","guid":{"rendered":"https:\/\/francois-pelletant.fr\/blog\/?p=5729"},"modified":"2017-04-24T08:38:49","modified_gmt":"2017-04-24T08:38:49","slug":"e-cub-un-courant-dart-sur-europessonne","status":"publish","type":"post","link":"https:\/\/francois-pelletant.fr\/blog\/e-cub-un-courant-dart-sur-europessonne\/","title":{"rendered":"E cub, un courant d\u2019art sur Europ\u2019Essonne"},"content":{"rendered":"<p><a href=\"https:\/\/francois-pelletant.fr\/blog\/wp-content\/uploads\/2015\/10\/Rough-BROCHURE-1.jpg\"><img loading=\"lazy\" decoding=\"async\" class=\"alignleft wp-image-5730 size-medium\" title=\"Rough-BROCHURE-1\" src=\"https:\/\/francois-pelletant.fr\/blog\/wp-content\/uploads\/2015\/10\/Rough-BROCHURE-1-300x300.jpg\" alt=\"image_E-cub\" width=\"300\" height=\"300\" \/><\/a><\/p>\n<h2>L\u2019\u00e9v\u00e9nement E-cub<\/h2>\n<p>E-cub c\u2019est le nouveau rendez-vous de l\u2019art en Ile-de-France.\u00a0 Pendant 3 mois, d\u2019octobre \u00e0 d\u00e9cembre 2015, les 14 villes d\u2019Europ\u2019Essonne cr\u00e9ent l\u2019\u00e9v\u00e9nement en pr\u00e9sentant un projet culturel intercommunal fort et in\u00e9dit.<\/p>\n<p>C\u2019est un v\u00e9ritable parcours artistique qui vous est propos\u00e9 sous la forme d\u2019une exposition \u00e0 l\u2019int\u00e9rieur de laquelle vont cohabiter les univers du patrimoine\u00a0historique et contemporain, les \u0153uvres monumentales en ext\u00e9rieur et des \u0153uvres plus l\u00e9g\u00e8res en salle. Cet \u00e9v\u00e9nement r\u00e9unira de nombreux artistes reconnus, des p\u00e9pites aussi et des associations dynamiques et actives. C\u2019est l\u2019occasion de les rencontrer, de d\u00e9couvrir le territoire \u00e0 travers l\u2019art des formes et du Volume\u2026<\/p>\n<p>Les \u00e9lus de la Communaut\u00e9 d\u2019Agglom\u00e9ration Europ\u2019Essonne souhaitent, avec un tel projet, renouveler leur ambition pour la culture. Mais aussi, favoriser la cr\u00e9ation des artistes, l\u2019acc\u00e8s \u00e0 l\u2019art pour tous les publics. Venez d\u00e9couvrir David Mesguich, Mademoiselle Maurice, Vincent Ganivet et beaucoup d\u2019autres\u2026<\/p>\n<p>E-cub c\u2019est aussi un travail r\u00e9alis\u00e9 en commun avec les services culturels des villes partageant le m\u00eame objectif\u00a0: faire d\u00e9couvrir les richesses artistiques m\u00e9connues du territoire.\u00a0 Le r\u00e9seau des biblioth\u00e8ques\/m\u00e9diath\u00e8ques des villes a \u00e9galement fortement contribu\u00e9 \u00e0 la programmation d\u2019E-cub.<\/p>\n<p>Ouvert \u00e0 tous, amoureux, passionn\u00e9s ou simple curieux, ce voyage artistique est \u00e0 vivre entre amis ou en famille. Au programme\u00a0: Expositions d\u2019\u0153uvres monumentales, ateliers participatifs, installations artistiques\u2026 Rendez-vous sur <a href=\"www.europessonne.fr \" target=\"_blank\" rel=\"nofollow\">www.europessonne.fr<\/a> ou <a href=\"www.facebook.com\/ecub.levenement\" target=\"_blank\" rel=\"nofollow\">www.facebook.com\/ecub.levenement<\/a><\/p>\n","protected":false},"excerpt":{"rendered":"<p>L\u2019\u00e9v\u00e9nement E-cub E-cub c\u2019est le nouveau rendez-vous de l\u2019art en Ile-de-France.\u00a0 Pendant 3 mois, d\u2019octobre \u00e0 d\u00e9cembre 2015, les 14 villes d\u2019Europ\u2019Essonne cr\u00e9ent l\u2019\u00e9v\u00e9nement en pr\u00e9sentant un projet culturel intercommunal fort et in\u00e9dit. C\u2019est un v\u00e9ritable parcours artistique qui vous est propos\u00e9 sous la forme d\u2019une exposition \u00e0 l\u2019int\u00e9rieur de laquelle vont cohabiter les univers [&hellip;]<\/p>\n","protected":false},"author":1,"featured_media":5730,"comment_status":"open","ping_status":"open","sticky":false,"template":"","format":"standard","meta":{"footnotes":""},"categories":[10],"tags":[],"class_list":["post-5729","post","type-post","status-publish","format-standard","has-post-thumbnail","hentry","category-1pelletant"],"yoast_head":"<!-- This site is optimized with the Yoast SEO plugin v25.6 - https:\/\/yoast.com\/wordpress\/plugins\/seo\/ -->\n<title>E-cub, un courant d\u2019art sur Europ\u2019Essonne - Fran\u00e7ois Pelletant<\/title>\n<meta name=\"description\" content=\"E-cub : Le nouveau rendez-vous artistique ! Les villes d&#039;Europ Essonne vous propose une exposition pr\u00e9sentant leurs projet culturel.\" \/>\n<meta name=\"robots\" content=\"index, follow, max-snippet:-1, max-image-preview:large, max-video-preview:-1\" \/>\n<link rel=\"canonical\" href=\"https:\/\/francois-pelletant.fr\/blog\/e-cub-un-courant-dart-sur-europessonne\/\" \/>\n<meta property=\"og:locale\" content=\"fr_FR\" \/>\n<meta property=\"og:type\" content=\"article\" \/>\n<meta property=\"og:title\" content=\"E-cub, un courant d\u2019art sur Europ\u2019Essonne - Fran\u00e7ois Pelletant\" \/>\n<meta property=\"og:description\" content=\"E-cub : Le nouveau rendez-vous artistique ! Les villes d&#039;Europ Essonne vous propose une exposition pr\u00e9sentant leurs projet culturel.\" \/>\n<meta property=\"og:url\" content=\"https:\/\/francois-pelletant.fr\/blog\/e-cub-un-courant-dart-sur-europessonne\/\" \/>\n<meta property=\"og:site_name\" content=\"Fran\u00e7ois Pelletant\" \/>\n<meta property=\"article:publisher\" content=\"https:\/\/www.facebook.com\/francois.pelletant.7\" \/>\n<meta property=\"article:published_time\" content=\"2015-10-01T07:38:32+00:00\" \/>\n<meta property=\"article:modified_time\" content=\"2017-04-24T08:38:49+00:00\" \/>\n<meta name=\"author\" content=\"Francois\" \/>\n<meta name=\"twitter:card\" content=\"summary_large_image\" \/>\n<meta name=\"twitter:creator\" content=\"@pelletant\" \/>\n<meta name=\"twitter:site\" content=\"@pelletant\" \/>\n<meta name=\"twitter:label1\" content=\"\u00c9crit par\" \/>\n\t<meta name=\"twitter:data1\" content=\"Francois\" \/>\n\t<meta name=\"twitter:label2\" content=\"Dur\u00e9e de lecture estim\u00e9e\" \/>\n\t<meta name=\"twitter:data2\" content=\"1 minute\" \/>\n<script type=\"application\/ld+json\" class=\"yoast-schema-graph\">{\"@context\":\"https:\/\/schema.org\",\"@graph\":[{\"@type\":\"Article\",\"@id\":\"https:\/\/francois-pelletant.fr\/blog\/e-cub-un-courant-dart-sur-europessonne\/#article\",\"isPartOf\":{\"@id\":\"https:\/\/francois-pelletant.fr\/blog\/e-cub-un-courant-dart-sur-europessonne\/\"},\"author\":{\"name\":\"Francois\",\"@id\":\"https:\/\/francois-pelletant.fr\/blog\/#\/schema\/person\/2be41acb171dff8f31aaed1f40cee9f3\"},\"headline\":\"E cub, un courant d\u2019art sur Europ\u2019Essonne\",\"datePublished\":\"2015-10-01T07:38:32+00:00\",\"dateModified\":\"2017-04-24T08:38:49+00:00\",\"mainEntityOfPage\":{\"@id\":\"https:\/\/francois-pelletant.fr\/blog\/e-cub-un-courant-dart-sur-europessonne\/\"},\"wordCount\":276,\"commentCount\":0,\"publisher\":{\"@id\":\"https:\/\/francois-pelletant.fr\/blog\/#organization\"},\"image\":{\"@id\":\"https:\/\/francois-pelletant.fr\/blog\/e-cub-un-courant-dart-sur-europessonne\/#primaryimage\"},\"thumbnailUrl\":\"\",\"articleSection\":[\"Infos\"],\"inLanguage\":\"fr-FR\",\"potentialAction\":[{\"@type\":\"CommentAction\",\"name\":\"Comment\",\"target\":[\"https:\/\/francois-pelletant.fr\/blog\/e-cub-un-courant-dart-sur-europessonne\/#respond\"]}]},{\"@type\":\"WebPage\",\"@id\":\"https:\/\/francois-pelletant.fr\/blog\/e-cub-un-courant-dart-sur-europessonne\/\",\"url\":\"https:\/\/francois-pelletant.fr\/blog\/e-cub-un-courant-dart-sur-europessonne\/\",\"name\":\"E-cub, un courant d\u2019art sur Europ\u2019Essonne - Fran\u00e7ois Pelletant\",\"isPartOf\":{\"@id\":\"https:\/\/francois-pelletant.fr\/blog\/#website\"},\"primaryImageOfPage\":{\"@id\":\"https:\/\/francois-pelletant.fr\/blog\/e-cub-un-courant-dart-sur-europessonne\/#primaryimage\"},\"image\":{\"@id\":\"https:\/\/francois-pelletant.fr\/blog\/e-cub-un-courant-dart-sur-europessonne\/#primaryimage\"},\"thumbnailUrl\":\"\",\"datePublished\":\"2015-10-01T07:38:32+00:00\",\"dateModified\":\"2017-04-24T08:38:49+00:00\",\"description\":\"E-cub : Le nouveau rendez-vous artistique ! Les villes d'Europ Essonne vous propose une exposition pr\u00e9sentant leurs projet culturel.\",\"breadcrumb\":{\"@id\":\"https:\/\/francois-pelletant.fr\/blog\/e-cub-un-courant-dart-sur-europessonne\/#breadcrumb\"},\"inLanguage\":\"fr-FR\",\"potentialAction\":[{\"@type\":\"ReadAction\",\"target\":[\"https:\/\/francois-pelletant.fr\/blog\/e-cub-un-courant-dart-sur-europessonne\/\"]}]},{\"@type\":\"ImageObject\",\"inLanguage\":\"fr-FR\",\"@id\":\"https:\/\/francois-pelletant.fr\/blog\/e-cub-un-courant-dart-sur-europessonne\/#primaryimage\",\"url\":\"\",\"contentUrl\":\"\"},{\"@type\":\"BreadcrumbList\",\"@id\":\"https:\/\/francois-pelletant.fr\/blog\/e-cub-un-courant-dart-sur-europessonne\/#breadcrumb\",\"itemListElement\":[{\"@type\":\"ListItem\",\"position\":1,\"name\":\"Accueil\",\"item\":\"https:\/\/francois-pelletant.fr\/blog\/\"},{\"@type\":\"ListItem\",\"position\":2,\"name\":\"E cub, un courant d\u2019art sur Europ\u2019Essonne\"}]},{\"@type\":\"WebSite\",\"@id\":\"https:\/\/francois-pelletant.fr\/blog\/#website\",\"url\":\"https:\/\/francois-pelletant.fr\/blog\/\",\"name\":\"Fran\u00e7ois Pelletant\",\"description\":\"Maire de Linas, pour toujours.\",\"publisher\":{\"@id\":\"https:\/\/francois-pelletant.fr\/blog\/#organization\"},\"potentialAction\":[{\"@type\":\"SearchAction\",\"target\":{\"@type\":\"EntryPoint\",\"urlTemplate\":\"https:\/\/francois-pelletant.fr\/blog\/?s={search_term_string}\"},\"query-input\":{\"@type\":\"PropertyValueSpecification\",\"valueRequired\":true,\"valueName\":\"search_term_string\"}}],\"inLanguage\":\"fr-FR\"},{\"@type\":\"Organization\",\"@id\":\"https:\/\/francois-pelletant.fr\/blog\/#organization\",\"name\":\"Fran\u00e7ois Pelletant\",\"url\":\"https:\/\/francois-pelletant.fr\/blog\/\",\"logo\":{\"@type\":\"ImageObject\",\"inLanguage\":\"fr-FR\",\"@id\":\"https:\/\/francois-pelletant.fr\/blog\/#\/schema\/logo\/image\/\",\"url\":\"https:\/\/francois-pelletant.fr\/blog\/wp-content\/uploads\/2024\/07\/icone-francois-centre-500p.png\",\"contentUrl\":\"https:\/\/francois-pelletant.fr\/blog\/wp-content\/uploads\/2024\/07\/icone-francois-centre-500p.png\",\"width\":559,\"height\":447,\"caption\":\"Fran\u00e7ois Pelletant\"},\"image\":{\"@id\":\"https:\/\/francois-pelletant.fr\/blog\/#\/schema\/logo\/image\/\"},\"sameAs\":[\"https:\/\/www.facebook.com\/francois.pelletant.7\",\"https:\/\/x.com\/pelletant\"]},{\"@type\":\"Person\",\"@id\":\"https:\/\/francois-pelletant.fr\/blog\/#\/schema\/person\/2be41acb171dff8f31aaed1f40cee9f3\",\"name\":\"Francois\"}]}<\/script>\n<!-- \/ Yoast SEO plugin. -->","yoast_head_json":{"title":"E-cub, un courant d\u2019art sur Europ\u2019Essonne - Fran\u00e7ois Pelletant","description":"E-cub : Le nouveau rendez-vous artistique ! Les villes d'Europ Essonne vous propose une exposition pr\u00e9sentant leurs projet culturel.","robots":{"index":"index","follow":"follow","max-snippet":"max-snippet:-1","max-image-preview":"max-image-preview:large","max-video-preview":"max-video-preview:-1"},"canonical":"https:\/\/francois-pelletant.fr\/blog\/e-cub-un-courant-dart-sur-europessonne\/","og_locale":"fr_FR","og_type":"article","og_title":"E-cub, un courant d\u2019art sur Europ\u2019Essonne - Fran\u00e7ois Pelletant","og_description":"E-cub : Le nouveau rendez-vous artistique ! Les villes d'Europ Essonne vous propose une exposition pr\u00e9sentant leurs projet culturel.","og_url":"https:\/\/francois-pelletant.fr\/blog\/e-cub-un-courant-dart-sur-europessonne\/","og_site_name":"Fran\u00e7ois Pelletant","article_publisher":"https:\/\/www.facebook.com\/francois.pelletant.7","article_published_time":"2015-10-01T07:38:32+00:00","article_modified_time":"2017-04-24T08:38:49+00:00","author":"Francois","twitter_card":"summary_large_image","twitter_creator":"@pelletant","twitter_site":"@pelletant","twitter_misc":{"\u00c9crit par":"Francois","Dur\u00e9e de lecture estim\u00e9e":"1 minute"},"schema":{"@context":"https:\/\/schema.org","@graph":[{"@type":"Article","@id":"https:\/\/francois-pelletant.fr\/blog\/e-cub-un-courant-dart-sur-europessonne\/#article","isPartOf":{"@id":"https:\/\/francois-pelletant.fr\/blog\/e-cub-un-courant-dart-sur-europessonne\/"},"author":{"name":"Francois","@id":"https:\/\/francois-pelletant.fr\/blog\/#\/schema\/person\/2be41acb171dff8f31aaed1f40cee9f3"},"headline":"E cub, un courant d\u2019art sur Europ\u2019Essonne","datePublished":"2015-10-01T07:38:32+00:00","dateModified":"2017-04-24T08:38:49+00:00","mainEntityOfPage":{"@id":"https:\/\/francois-pelletant.fr\/blog\/e-cub-un-courant-dart-sur-europessonne\/"},"wordCount":276,"commentCount":0,"publisher":{"@id":"https:\/\/francois-pelletant.fr\/blog\/#organization"},"image":{"@id":"https:\/\/francois-pelletant.fr\/blog\/e-cub-un-courant-dart-sur-europessonne\/#primaryimage"},"thumbnailUrl":"","articleSection":["Infos"],"inLanguage":"fr-FR","potentialAction":[{"@type":"CommentAction","name":"Comment","target":["https:\/\/francois-pelletant.fr\/blog\/e-cub-un-courant-dart-sur-europessonne\/#respond"]}]},{"@type":"WebPage","@id":"https:\/\/francois-pelletant.fr\/blog\/e-cub-un-courant-dart-sur-europessonne\/","url":"https:\/\/francois-pelletant.fr\/blog\/e-cub-un-courant-dart-sur-europessonne\/","name":"E-cub, un courant d\u2019art sur Europ\u2019Essonne - Fran\u00e7ois Pelletant","isPartOf":{"@id":"https:\/\/francois-pelletant.fr\/blog\/#website"},"primaryImageOfPage":{"@id":"https:\/\/francois-pelletant.fr\/blog\/e-cub-un-courant-dart-sur-europessonne\/#primaryimage"},"image":{"@id":"https:\/\/francois-pelletant.fr\/blog\/e-cub-un-courant-dart-sur-europessonne\/#primaryimage"},"thumbnailUrl":"","datePublished":"2015-10-01T07:38:32+00:00","dateModified":"2017-04-24T08:38:49+00:00","description":"E-cub : Le nouveau rendez-vous artistique ! Les villes d'Europ Essonne vous propose une exposition pr\u00e9sentant leurs projet culturel.","breadcrumb":{"@id":"https:\/\/francois-pelletant.fr\/blog\/e-cub-un-courant-dart-sur-europessonne\/#breadcrumb"},"inLanguage":"fr-FR","potentialAction":[{"@type":"ReadAction","target":["https:\/\/francois-pelletant.fr\/blog\/e-cub-un-courant-dart-sur-europessonne\/"]}]},{"@type":"ImageObject","inLanguage":"fr-FR","@id":"https:\/\/francois-pelletant.fr\/blog\/e-cub-un-courant-dart-sur-europessonne\/#primaryimage","url":"","contentUrl":""},{"@type":"BreadcrumbList","@id":"https:\/\/francois-pelletant.fr\/blog\/e-cub-un-courant-dart-sur-europessonne\/#breadcrumb","itemListElement":[{"@type":"ListItem","position":1,"name":"Accueil","item":"https:\/\/francois-pelletant.fr\/blog\/"},{"@type":"ListItem","position":2,"name":"E cub, un courant d\u2019art sur Europ\u2019Essonne"}]},{"@type":"WebSite","@id":"https:\/\/francois-pelletant.fr\/blog\/#website","url":"https:\/\/francois-pelletant.fr\/blog\/","name":"Fran\u00e7ois Pelletant","description":"Maire de Linas, pour toujours.","publisher":{"@id":"https:\/\/francois-pelletant.fr\/blog\/#organization"},"potentialAction":[{"@type":"SearchAction","target":{"@type":"EntryPoint","urlTemplate":"https:\/\/francois-pelletant.fr\/blog\/?s={search_term_string}"},"query-input":{"@type":"PropertyValueSpecification","valueRequired":true,"valueName":"search_term_string"}}],"inLanguage":"fr-FR"},{"@type":"Organization","@id":"https:\/\/francois-pelletant.fr\/blog\/#organization","name":"Fran\u00e7ois Pelletant","url":"https:\/\/francois-pelletant.fr\/blog\/","logo":{"@type":"ImageObject","inLanguage":"fr-FR","@id":"https:\/\/francois-pelletant.fr\/blog\/#\/schema\/logo\/image\/","url":"https:\/\/francois-pelletant.fr\/blog\/wp-content\/uploads\/2024\/07\/icone-francois-centre-500p.png","contentUrl":"https:\/\/francois-pelletant.fr\/blog\/wp-content\/uploads\/2024\/07\/icone-francois-centre-500p.png","width":559,"height":447,"caption":"Fran\u00e7ois Pelletant"},"image":{"@id":"https:\/\/francois-pelletant.fr\/blog\/#\/schema\/logo\/image\/"},"sameAs":["https:\/\/www.facebook.com\/francois.pelletant.7","https:\/\/x.com\/pelletant"]},{"@type":"Person","@id":"https:\/\/francois-pelletant.fr\/blog\/#\/schema\/person\/2be41acb171dff8f31aaed1f40cee9f3","name":"Francois"}]}},"_links":{"self":[{"href":"https:\/\/francois-pelletant.fr\/blog\/wp-json\/wp\/v2\/posts\/5729","targetHints":{"allow":["GET"]}}],"collection":[{"href":"https:\/\/francois-pelletant.fr\/blog\/wp-json\/wp\/v2\/posts"}],"about":[{"href":"https:\/\/francois-pelletant.fr\/blog\/wp-json\/wp\/v2\/types\/post"}],"author":[{"embeddable":true,"href":"https:\/\/francois-pelletant.fr\/blog\/wp-json\/wp\/v2\/users\/1"}],"replies":[{"embeddable":true,"href":"https:\/\/francois-pelletant.fr\/blog\/wp-json\/wp\/v2\/comments?post=5729"}],"version-history":[{"count":0,"href":"https:\/\/francois-pelletant.fr\/blog\/wp-json\/wp\/v2\/posts\/5729\/revisions"}],"wp:featuredmedia":[{"embeddable":true,"href":"https:\/\/francois-pelletant.fr\/blog\/wp-json\/wp\/v2\/posts\/5730"}],"wp:attachment":[{"href":"https:\/\/francois-pelletant.fr\/blog\/wp-json\/wp\/v2\/media?parent=5729"}],"wp:term":[{"taxonomy":"category","embeddable":true,"href":"https:\/\/francois-pelletant.fr\/blog\/wp-json\/wp\/v2\/categories?post=5729"},{"taxonomy":"post_tag","embeddable":true,"href":"https:\/\/francois-pelletant.fr\/blog\/wp-json\/wp\/v2\/tags?post=5729"}],"curies":[{"name":"wp","href":"https:\/\/api.w.org\/{rel}","templated":true}]}}