{"id":5759,"date":"2015-10-12T09:46:18","date_gmt":"2015-10-12T07:46:18","guid":{"rendered":"https:\/\/francois-pelletant.fr\/blog\/?p=5759"},"modified":"2017-04-19T12:21:56","modified_gmt":"2017-04-19T12:21:56","slug":"la-semaine-bleue-2015","status":"publish","type":"post","link":"https:\/\/francois-pelletant.fr\/blog\/la-semaine-bleue-2015\/","title":{"rendered":"La semaine bleue 2015"},"content":{"rendered":"<p><a href=\"https:\/\/francois-pelletant.fr\/blog\/wp-content\/uploads\/2015\/10\/semaine-bleue-1.jpg\"><img loading=\"lazy\" decoding=\"async\" class=\"alignleft wp-image-5760 size-medium\" title=\"semaine bleue-1\" src=\"https:\/\/francois-pelletant.fr\/blog\/wp-content\/uploads\/2015\/10\/semaine-bleue-1-214x300.jpg\" alt=\"image-semaine bleue\" width=\"214\" height=\"300\" \/><\/a><\/p>\n<h3>Linas : La semaine bleue en faveur des personnes \u00e2g\u00e9es.<\/h3>\n<p>En collaboration avec le CLIC Orge\/Yvette et cinq communes limitrophes, le centre communal d&#8217;action sociale (CCAS) de Linas propose, du 12 au 16 octobre 2015, <strong>la semaine bleue :<\/strong>\u00a0Semaine nationale des retrait\u00e9s et personnes \u00e2g\u00e9es. Lors de ces cinq jours d\u2019animation \u00e0 destination des 60 ans et plus. Les participants pourront assister \u00e0 un spectacle-d\u00e9bat th\u00e9\u00e2tral \u00e0 Marcoussis, le 12 octobre ; une conf\u00e9rence-table ronde \u00ab\u00a0les cl\u00e9s d\u2019une conduite efficace au volant\u00a0\u00bb \u00e0 Longpont \u00a0le 13 octobre. Ils pourront \u00e9galement participer \u00e0 une randonn\u00e9e p\u00e9destre \u00e0 Linas le 14 octobre. Une s\u00e9ance d\u00e9couverte de Qi Gong \u00e0 Nozay le 15 octobre et enfin une sortie culturelle \u00e0 Montlh\u00e9ry le 16 octobre). Vous pouvez d&#8217;ores et d\u00e9j\u00e0 vous inscrire aupr\u00e8s du CCAS de Linas (01.69.80.14.01) Le transport est possible.<\/p>\n","protected":false},"excerpt":{"rendered":"<p>Linas : La semaine bleue en faveur des personnes \u00e2g\u00e9es. En collaboration avec le CLIC Orge\/Yvette et cinq communes limitrophes, le centre communal d&#8217;action sociale (CCAS) de Linas propose, du 12 au 16 octobre 2015, la semaine bleue :\u00a0Semaine nationale des retrait\u00e9s et personnes \u00e2g\u00e9es. Lors de ces cinq jours d\u2019animation \u00e0 destination des 60 [&hellip;]<\/p>\n","protected":false},"author":1,"featured_media":5760,"comment_status":"open","ping_status":"open","sticky":false,"template":"","format":"standard","meta":{"footnotes":""},"categories":[10],"tags":[],"class_list":["post-5759","post","type-post","status-publish","format-standard","has-post-thumbnail","hentry","category-1pelletant"],"yoast_head":"<!-- This site is optimized with the Yoast SEO plugin v25.6 - https:\/\/yoast.com\/wordpress\/plugins\/seo\/ -->\n<title>La semaine bleue 2015 - Fran\u00e7ois Pelletant<\/title>\n<meta name=\"description\" content=\"Le CCAS de Linas propose la semaine bleue: Une semaine nationale pour les retrait\u00e9s et les personnes \u00e2g\u00e9es.\" \/>\n<meta name=\"robots\" content=\"index, follow, max-snippet:-1, max-image-preview:large, max-video-preview:-1\" \/>\n<link rel=\"canonical\" href=\"https:\/\/francois-pelletant.fr\/blog\/la-semaine-bleue-2015\/\" \/>\n<meta property=\"og:locale\" content=\"fr_FR\" \/>\n<meta property=\"og:type\" content=\"article\" \/>\n<meta property=\"og:title\" content=\"La semaine bleue 2015 - Fran\u00e7ois Pelletant\" \/>\n<meta property=\"og:description\" content=\"Le CCAS de Linas propose la semaine bleue: Une semaine nationale pour les retrait\u00e9s et les personnes \u00e2g\u00e9es.\" \/>\n<meta property=\"og:url\" content=\"https:\/\/francois-pelletant.fr\/blog\/la-semaine-bleue-2015\/\" \/>\n<meta property=\"og:site_name\" content=\"Fran\u00e7ois Pelletant\" \/>\n<meta property=\"article:publisher\" content=\"https:\/\/www.facebook.com\/francois.pelletant.7\" \/>\n<meta property=\"article:published_time\" content=\"2015-10-12T07:46:18+00:00\" \/>\n<meta property=\"article:modified_time\" content=\"2017-04-19T12:21:56+00:00\" \/>\n<meta name=\"author\" content=\"Francois\" \/>\n<meta name=\"twitter:card\" content=\"summary_large_image\" \/>\n<meta name=\"twitter:creator\" content=\"@pelletant\" \/>\n<meta name=\"twitter:site\" content=\"@pelletant\" \/>\n<meta name=\"twitter:label1\" content=\"\u00c9crit par\" \/>\n\t<meta name=\"twitter:data1\" content=\"Francois\" \/>\n\t<meta name=\"twitter:label2\" content=\"Dur\u00e9e de lecture estim\u00e9e\" \/>\n\t<meta name=\"twitter:data2\" content=\"1 minute\" \/>\n<script type=\"application\/ld+json\" class=\"yoast-schema-graph\">{\"@context\":\"https:\/\/schema.org\",\"@graph\":[{\"@type\":\"Article\",\"@id\":\"https:\/\/francois-pelletant.fr\/blog\/la-semaine-bleue-2015\/#article\",\"isPartOf\":{\"@id\":\"https:\/\/francois-pelletant.fr\/blog\/la-semaine-bleue-2015\/\"},\"author\":{\"name\":\"Francois\",\"@id\":\"https:\/\/francois-pelletant.fr\/blog\/#\/schema\/person\/2be41acb171dff8f31aaed1f40cee9f3\"},\"headline\":\"La semaine bleue 2015\",\"datePublished\":\"2015-10-12T07:46:18+00:00\",\"dateModified\":\"2017-04-19T12:21:56+00:00\",\"mainEntityOfPage\":{\"@id\":\"https:\/\/francois-pelletant.fr\/blog\/la-semaine-bleue-2015\/\"},\"wordCount\":140,\"commentCount\":0,\"publisher\":{\"@id\":\"https:\/\/francois-pelletant.fr\/blog\/#organization\"},\"image\":{\"@id\":\"https:\/\/francois-pelletant.fr\/blog\/la-semaine-bleue-2015\/#primaryimage\"},\"thumbnailUrl\":\"\",\"articleSection\":[\"Infos\"],\"inLanguage\":\"fr-FR\",\"potentialAction\":[{\"@type\":\"CommentAction\",\"name\":\"Comment\",\"target\":[\"https:\/\/francois-pelletant.fr\/blog\/la-semaine-bleue-2015\/#respond\"]}]},{\"@type\":\"WebPage\",\"@id\":\"https:\/\/francois-pelletant.fr\/blog\/la-semaine-bleue-2015\/\",\"url\":\"https:\/\/francois-pelletant.fr\/blog\/la-semaine-bleue-2015\/\",\"name\":\"La semaine bleue 2015 - Fran\u00e7ois Pelletant\",\"isPartOf\":{\"@id\":\"https:\/\/francois-pelletant.fr\/blog\/#website\"},\"primaryImageOfPage\":{\"@id\":\"https:\/\/francois-pelletant.fr\/blog\/la-semaine-bleue-2015\/#primaryimage\"},\"image\":{\"@id\":\"https:\/\/francois-pelletant.fr\/blog\/la-semaine-bleue-2015\/#primaryimage\"},\"thumbnailUrl\":\"\",\"datePublished\":\"2015-10-12T07:46:18+00:00\",\"dateModified\":\"2017-04-19T12:21:56+00:00\",\"description\":\"Le CCAS de Linas propose la semaine bleue: Une semaine nationale pour les retrait\u00e9s et les personnes \u00e2g\u00e9es.\",\"breadcrumb\":{\"@id\":\"https:\/\/francois-pelletant.fr\/blog\/la-semaine-bleue-2015\/#breadcrumb\"},\"inLanguage\":\"fr-FR\",\"potentialAction\":[{\"@type\":\"ReadAction\",\"target\":[\"https:\/\/francois-pelletant.fr\/blog\/la-semaine-bleue-2015\/\"]}]},{\"@type\":\"ImageObject\",\"inLanguage\":\"fr-FR\",\"@id\":\"https:\/\/francois-pelletant.fr\/blog\/la-semaine-bleue-2015\/#primaryimage\",\"url\":\"\",\"contentUrl\":\"\"},{\"@type\":\"BreadcrumbList\",\"@id\":\"https:\/\/francois-pelletant.fr\/blog\/la-semaine-bleue-2015\/#breadcrumb\",\"itemListElement\":[{\"@type\":\"ListItem\",\"position\":1,\"name\":\"Accueil\",\"item\":\"https:\/\/francois-pelletant.fr\/blog\/\"},{\"@type\":\"ListItem\",\"position\":2,\"name\":\"La semaine bleue 2015\"}]},{\"@type\":\"WebSite\",\"@id\":\"https:\/\/francois-pelletant.fr\/blog\/#website\",\"url\":\"https:\/\/francois-pelletant.fr\/blog\/\",\"name\":\"Fran\u00e7ois Pelletant\",\"description\":\"Maire de Linas, pour toujours.\",\"publisher\":{\"@id\":\"https:\/\/francois-pelletant.fr\/blog\/#organization\"},\"potentialAction\":[{\"@type\":\"SearchAction\",\"target\":{\"@type\":\"EntryPoint\",\"urlTemplate\":\"https:\/\/francois-pelletant.fr\/blog\/?s={search_term_string}\"},\"query-input\":{\"@type\":\"PropertyValueSpecification\",\"valueRequired\":true,\"valueName\":\"search_term_string\"}}],\"inLanguage\":\"fr-FR\"},{\"@type\":\"Organization\",\"@id\":\"https:\/\/francois-pelletant.fr\/blog\/#organization\",\"name\":\"Fran\u00e7ois Pelletant\",\"url\":\"https:\/\/francois-pelletant.fr\/blog\/\",\"logo\":{\"@type\":\"ImageObject\",\"inLanguage\":\"fr-FR\",\"@id\":\"https:\/\/francois-pelletant.fr\/blog\/#\/schema\/logo\/image\/\",\"url\":\"https:\/\/francois-pelletant.fr\/blog\/wp-content\/uploads\/2024\/07\/icone-francois-centre-500p.png\",\"contentUrl\":\"https:\/\/francois-pelletant.fr\/blog\/wp-content\/uploads\/2024\/07\/icone-francois-centre-500p.png\",\"width\":559,\"height\":447,\"caption\":\"Fran\u00e7ois Pelletant\"},\"image\":{\"@id\":\"https:\/\/francois-pelletant.fr\/blog\/#\/schema\/logo\/image\/\"},\"sameAs\":[\"https:\/\/www.facebook.com\/francois.pelletant.7\",\"https:\/\/x.com\/pelletant\"]},{\"@type\":\"Person\",\"@id\":\"https:\/\/francois-pelletant.fr\/blog\/#\/schema\/person\/2be41acb171dff8f31aaed1f40cee9f3\",\"name\":\"Francois\"}]}<\/script>\n<!-- \/ Yoast SEO plugin. -->","yoast_head_json":{"title":"La semaine bleue 2015 - Fran\u00e7ois Pelletant","description":"Le CCAS de Linas propose la semaine bleue: Une semaine nationale pour les retrait\u00e9s et les personnes \u00e2g\u00e9es.","robots":{"index":"index","follow":"follow","max-snippet":"max-snippet:-1","max-image-preview":"max-image-preview:large","max-video-preview":"max-video-preview:-1"},"canonical":"https:\/\/francois-pelletant.fr\/blog\/la-semaine-bleue-2015\/","og_locale":"fr_FR","og_type":"article","og_title":"La semaine bleue 2015 - Fran\u00e7ois Pelletant","og_description":"Le CCAS de Linas propose la semaine bleue: Une semaine nationale pour les retrait\u00e9s et les personnes \u00e2g\u00e9es.","og_url":"https:\/\/francois-pelletant.fr\/blog\/la-semaine-bleue-2015\/","og_site_name":"Fran\u00e7ois Pelletant","article_publisher":"https:\/\/www.facebook.com\/francois.pelletant.7","article_published_time":"2015-10-12T07:46:18+00:00","article_modified_time":"2017-04-19T12:21:56+00:00","author":"Francois","twitter_card":"summary_large_image","twitter_creator":"@pelletant","twitter_site":"@pelletant","twitter_misc":{"\u00c9crit par":"Francois","Dur\u00e9e de lecture estim\u00e9e":"1 minute"},"schema":{"@context":"https:\/\/schema.org","@graph":[{"@type":"Article","@id":"https:\/\/francois-pelletant.fr\/blog\/la-semaine-bleue-2015\/#article","isPartOf":{"@id":"https:\/\/francois-pelletant.fr\/blog\/la-semaine-bleue-2015\/"},"author":{"name":"Francois","@id":"https:\/\/francois-pelletant.fr\/blog\/#\/schema\/person\/2be41acb171dff8f31aaed1f40cee9f3"},"headline":"La semaine bleue 2015","datePublished":"2015-10-12T07:46:18+00:00","dateModified":"2017-04-19T12:21:56+00:00","mainEntityOfPage":{"@id":"https:\/\/francois-pelletant.fr\/blog\/la-semaine-bleue-2015\/"},"wordCount":140,"commentCount":0,"publisher":{"@id":"https:\/\/francois-pelletant.fr\/blog\/#organization"},"image":{"@id":"https:\/\/francois-pelletant.fr\/blog\/la-semaine-bleue-2015\/#primaryimage"},"thumbnailUrl":"","articleSection":["Infos"],"inLanguage":"fr-FR","potentialAction":[{"@type":"CommentAction","name":"Comment","target":["https:\/\/francois-pelletant.fr\/blog\/la-semaine-bleue-2015\/#respond"]}]},{"@type":"WebPage","@id":"https:\/\/francois-pelletant.fr\/blog\/la-semaine-bleue-2015\/","url":"https:\/\/francois-pelletant.fr\/blog\/la-semaine-bleue-2015\/","name":"La semaine bleue 2015 - Fran\u00e7ois Pelletant","isPartOf":{"@id":"https:\/\/francois-pelletant.fr\/blog\/#website"},"primaryImageOfPage":{"@id":"https:\/\/francois-pelletant.fr\/blog\/la-semaine-bleue-2015\/#primaryimage"},"image":{"@id":"https:\/\/francois-pelletant.fr\/blog\/la-semaine-bleue-2015\/#primaryimage"},"thumbnailUrl":"","datePublished":"2015-10-12T07:46:18+00:00","dateModified":"2017-04-19T12:21:56+00:00","description":"Le CCAS de Linas propose la semaine bleue: Une semaine nationale pour les retrait\u00e9s et les personnes \u00e2g\u00e9es.","breadcrumb":{"@id":"https:\/\/francois-pelletant.fr\/blog\/la-semaine-bleue-2015\/#breadcrumb"},"inLanguage":"fr-FR","potentialAction":[{"@type":"ReadAction","target":["https:\/\/francois-pelletant.fr\/blog\/la-semaine-bleue-2015\/"]}]},{"@type":"ImageObject","inLanguage":"fr-FR","@id":"https:\/\/francois-pelletant.fr\/blog\/la-semaine-bleue-2015\/#primaryimage","url":"","contentUrl":""},{"@type":"BreadcrumbList","@id":"https:\/\/francois-pelletant.fr\/blog\/la-semaine-bleue-2015\/#breadcrumb","itemListElement":[{"@type":"ListItem","position":1,"name":"Accueil","item":"https:\/\/francois-pelletant.fr\/blog\/"},{"@type":"ListItem","position":2,"name":"La semaine bleue 2015"}]},{"@type":"WebSite","@id":"https:\/\/francois-pelletant.fr\/blog\/#website","url":"https:\/\/francois-pelletant.fr\/blog\/","name":"Fran\u00e7ois Pelletant","description":"Maire de Linas, pour toujours.","publisher":{"@id":"https:\/\/francois-pelletant.fr\/blog\/#organization"},"potentialAction":[{"@type":"SearchAction","target":{"@type":"EntryPoint","urlTemplate":"https:\/\/francois-pelletant.fr\/blog\/?s={search_term_string}"},"query-input":{"@type":"PropertyValueSpecification","valueRequired":true,"valueName":"search_term_string"}}],"inLanguage":"fr-FR"},{"@type":"Organization","@id":"https:\/\/francois-pelletant.fr\/blog\/#organization","name":"Fran\u00e7ois Pelletant","url":"https:\/\/francois-pelletant.fr\/blog\/","logo":{"@type":"ImageObject","inLanguage":"fr-FR","@id":"https:\/\/francois-pelletant.fr\/blog\/#\/schema\/logo\/image\/","url":"https:\/\/francois-pelletant.fr\/blog\/wp-content\/uploads\/2024\/07\/icone-francois-centre-500p.png","contentUrl":"https:\/\/francois-pelletant.fr\/blog\/wp-content\/uploads\/2024\/07\/icone-francois-centre-500p.png","width":559,"height":447,"caption":"Fran\u00e7ois Pelletant"},"image":{"@id":"https:\/\/francois-pelletant.fr\/blog\/#\/schema\/logo\/image\/"},"sameAs":["https:\/\/www.facebook.com\/francois.pelletant.7","https:\/\/x.com\/pelletant"]},{"@type":"Person","@id":"https:\/\/francois-pelletant.fr\/blog\/#\/schema\/person\/2be41acb171dff8f31aaed1f40cee9f3","name":"Francois"}]}},"_links":{"self":[{"href":"https:\/\/francois-pelletant.fr\/blog\/wp-json\/wp\/v2\/posts\/5759","targetHints":{"allow":["GET"]}}],"collection":[{"href":"https:\/\/francois-pelletant.fr\/blog\/wp-json\/wp\/v2\/posts"}],"about":[{"href":"https:\/\/francois-pelletant.fr\/blog\/wp-json\/wp\/v2\/types\/post"}],"author":[{"embeddable":true,"href":"https:\/\/francois-pelletant.fr\/blog\/wp-json\/wp\/v2\/users\/1"}],"replies":[{"embeddable":true,"href":"https:\/\/francois-pelletant.fr\/blog\/wp-json\/wp\/v2\/comments?post=5759"}],"version-history":[{"count":0,"href":"https:\/\/francois-pelletant.fr\/blog\/wp-json\/wp\/v2\/posts\/5759\/revisions"}],"wp:featuredmedia":[{"embeddable":true,"href":"https:\/\/francois-pelletant.fr\/blog\/wp-json\/"}],"wp:attachment":[{"href":"https:\/\/francois-pelletant.fr\/blog\/wp-json\/wp\/v2\/media?parent=5759"}],"wp:term":[{"taxonomy":"category","embeddable":true,"href":"https:\/\/francois-pelletant.fr\/blog\/wp-json\/wp\/v2\/categories?post=5759"},{"taxonomy":"post_tag","embeddable":true,"href":"https:\/\/francois-pelletant.fr\/blog\/wp-json\/wp\/v2\/tags?post=5759"}],"curies":[{"name":"wp","href":"https:\/\/api.w.org\/{rel}","templated":true}]}}