{"id":5776,"date":"2012-11-19T11:04:05","date_gmt":"2012-11-19T09:04:05","guid":{"rendered":"https:\/\/francois-pelletant.fr\/blog\/?p=2797"},"modified":"2017-06-27T08:50:15","modified_gmt":"2017-06-27T08:50:15","slug":"rendez-vous-artistes-linas","status":"publish","type":"post","link":"https:\/\/francois-pelletant.fr\/blog\/rendez-vous-artistes-linas\/","title":{"rendered":"Le rendez-vous des artistes les 24 et 25 novembre \u00e0 Linas"},"content":{"rendered":"<figure id=\"attachment_2798\" aria-describedby=\"caption-attachment-2798\" style=\"width: 300px\" class=\"wp-caption alignleft\"><a href=\"https:\/\/francois-pelletant.fr\/blog\/wp-content\/uploads\/2012\/11\/P1010565clair1.jpg\"><img loading=\"lazy\" decoding=\"async\" class=\"size-medium wp-image-2798\" title=\"P1010565clair1\" src=\"https:\/\/francois-pelletant.fr\/blog\/wp-content\/uploads\/2012\/11\/P1010565clair1-300x224.jpg\" alt=\"\" width=\"300\" height=\"224\" \/><\/a><figcaption id=\"caption-attachment-2798\" class=\"wp-caption-text\">les laur\u00e9ats de l&#8217;\u00e9dition 2011<\/figcaption><\/figure>\n<h3>Carrefour des Arts : L\u2019\u00e9v\u00e9nement qui r\u00e9unit les artistes au del\u00e0 des fronti\u00e8res<\/h3>\n<p>Thierry Berthommier et le sculpteur Marc Till : ces deux artistes sont les invit\u00e9s d\u2019honneur de la vingti\u00e8me deuxi\u00e8me \u00e9dition de l&#8217;exposition artistique Carrefour des Arts. Celle-ci se d\u00e9roulera \u00e0 Linas (Espace Carzou) les 24 et 25 novembre prochains.<br \/>\nDepuis 1991, le Carrefour des Arts est un \u00e9v\u00e9nement culturel majeur de notre ville. Cette exposition est fr\u00e9quent\u00e9e par de nombreux amateurs d&#8217;art et conna\u00eet un rayonnement qui va bien au-del\u00e0 des fronti\u00e8res communales, d\u00e9partementales et r\u00e9gionales.<br \/>\nExposition artistique, permet aussi \u00e0 des artistes moins connus de pr\u00e9senter leurs r\u00e9alisations et de faire d\u00e9couvrir leur talent. Cette ann\u00e9e, ils seront encore 70 \u00e0 exposer leurs \u0153uvres. Comme chaque ann\u00e9e, un jury proc\u00e8dera \u00e0 la s\u00e9lection des oeuvres qui se verront attribuer un prix.<\/p>\n","protected":false},"excerpt":{"rendered":"<p>Carrefour des Arts : L\u2019\u00e9v\u00e9nement qui r\u00e9unit les artistes au del\u00e0 des fronti\u00e8res Thierry Berthommier et le sculpteur Marc Till : ces deux artistes sont les invit\u00e9s d\u2019honneur de la vingti\u00e8me deuxi\u00e8me \u00e9dition de l&#8217;exposition artistique Carrefour des Arts. Celle-ci se d\u00e9roulera \u00e0 Linas (Espace Carzou) les 24 et 25 novembre prochains. Depuis 1991, le [&hellip;]<\/p>\n","protected":false},"author":1,"featured_media":2806,"comment_status":"open","ping_status":"open","sticky":false,"template":"","format":"standard","meta":{"footnotes":""},"categories":[10],"tags":[],"class_list":["post-5776","post","type-post","status-publish","format-standard","has-post-thumbnail","hentry","category-1pelletant"],"yoast_head":"<!-- This site is optimized with the Yoast SEO plugin v25.6 - https:\/\/yoast.com\/wordpress\/plugins\/seo\/ -->\n<title>Le rendez-vous des artistes les 24 et 25 novembre \u00e0 Linas - F. Pelletant<\/title>\n<meta name=\"description\" content=\"Deux artistes sont les invit\u00e9s d&#039;honneur \u00e0 la vingti\u00e8me \u00e9dition de l&#039;exposition artistique Carrefour des Arts.\" \/>\n<meta name=\"robots\" content=\"index, follow, max-snippet:-1, max-image-preview:large, max-video-preview:-1\" \/>\n<link rel=\"canonical\" href=\"https:\/\/francois-pelletant.fr\/blog\/rendez-vous-artistes-linas\/\" \/>\n<meta property=\"og:locale\" content=\"fr_FR\" \/>\n<meta property=\"og:type\" content=\"article\" \/>\n<meta property=\"og:title\" content=\"Le rendez-vous des artistes les 24 et 25 novembre \u00e0 Linas - F. Pelletant\" \/>\n<meta property=\"og:description\" content=\"Deux artistes sont les invit\u00e9s d&#039;honneur \u00e0 la vingti\u00e8me \u00e9dition de l&#039;exposition artistique Carrefour des Arts.\" \/>\n<meta property=\"og:url\" content=\"https:\/\/francois-pelletant.fr\/blog\/rendez-vous-artistes-linas\/\" \/>\n<meta property=\"og:site_name\" content=\"Fran\u00e7ois Pelletant\" \/>\n<meta property=\"article:publisher\" content=\"https:\/\/www.facebook.com\/francois.pelletant.7\" \/>\n<meta property=\"article:published_time\" content=\"2012-11-19T09:04:05+00:00\" \/>\n<meta property=\"article:modified_time\" content=\"2017-06-27T08:50:15+00:00\" \/>\n<meta property=\"og:image\" content=\"https:\/\/francois-pelletant.fr\/blog\/wp-content\/uploads\/2012\/11\/P1010565clair1.jpg\" \/>\n\t<meta property=\"og:image:width\" content=\"886\" \/>\n\t<meta property=\"og:image:height\" content=\"664\" \/>\n\t<meta property=\"og:image:type\" content=\"image\/jpeg\" \/>\n<meta name=\"author\" content=\"Francois\" \/>\n<meta name=\"twitter:card\" content=\"summary_large_image\" \/>\n<meta name=\"twitter:creator\" content=\"@pelletant\" \/>\n<meta name=\"twitter:site\" content=\"@pelletant\" \/>\n<meta name=\"twitter:label1\" content=\"\u00c9crit par\" \/>\n\t<meta name=\"twitter:data1\" content=\"Francois\" \/>\n\t<meta name=\"twitter:label2\" content=\"Dur\u00e9e de lecture estim\u00e9e\" \/>\n\t<meta name=\"twitter:data2\" content=\"1 minute\" \/>\n<script type=\"application\/ld+json\" class=\"yoast-schema-graph\">{\"@context\":\"https:\/\/schema.org\",\"@graph\":[{\"@type\":\"Article\",\"@id\":\"https:\/\/francois-pelletant.fr\/blog\/rendez-vous-artistes-linas\/#article\",\"isPartOf\":{\"@id\":\"https:\/\/francois-pelletant.fr\/blog\/rendez-vous-artistes-linas\/\"},\"author\":{\"name\":\"Francois\",\"@id\":\"https:\/\/francois-pelletant.fr\/blog\/#\/schema\/person\/2be41acb171dff8f31aaed1f40cee9f3\"},\"headline\":\"Le rendez-vous des artistes les 24 et 25 novembre \u00e0 Linas\",\"datePublished\":\"2012-11-19T09:04:05+00:00\",\"dateModified\":\"2017-06-27T08:50:15+00:00\",\"mainEntityOfPage\":{\"@id\":\"https:\/\/francois-pelletant.fr\/blog\/rendez-vous-artistes-linas\/\"},\"wordCount\":171,\"commentCount\":0,\"publisher\":{\"@id\":\"https:\/\/francois-pelletant.fr\/blog\/#organization\"},\"image\":{\"@id\":\"https:\/\/francois-pelletant.fr\/blog\/rendez-vous-artistes-linas\/#primaryimage\"},\"thumbnailUrl\":\"https:\/\/francois-pelletant.fr\/blog\/wp-content\/uploads\/2012\/11\/P1010565clair1.jpg\",\"articleSection\":[\"Infos\"],\"inLanguage\":\"fr-FR\",\"potentialAction\":[{\"@type\":\"CommentAction\",\"name\":\"Comment\",\"target\":[\"https:\/\/francois-pelletant.fr\/blog\/rendez-vous-artistes-linas\/#respond\"]}]},{\"@type\":\"WebPage\",\"@id\":\"https:\/\/francois-pelletant.fr\/blog\/rendez-vous-artistes-linas\/\",\"url\":\"https:\/\/francois-pelletant.fr\/blog\/rendez-vous-artistes-linas\/\",\"name\":\"Le rendez-vous des artistes les 24 et 25 novembre \u00e0 Linas - F. Pelletant\",\"isPartOf\":{\"@id\":\"https:\/\/francois-pelletant.fr\/blog\/#website\"},\"primaryImageOfPage\":{\"@id\":\"https:\/\/francois-pelletant.fr\/blog\/rendez-vous-artistes-linas\/#primaryimage\"},\"image\":{\"@id\":\"https:\/\/francois-pelletant.fr\/blog\/rendez-vous-artistes-linas\/#primaryimage\"},\"thumbnailUrl\":\"https:\/\/francois-pelletant.fr\/blog\/wp-content\/uploads\/2012\/11\/P1010565clair1.jpg\",\"datePublished\":\"2012-11-19T09:04:05+00:00\",\"dateModified\":\"2017-06-27T08:50:15+00:00\",\"description\":\"Deux artistes sont les invit\u00e9s d'honneur \u00e0 la vingti\u00e8me \u00e9dition de l'exposition artistique Carrefour des Arts.\",\"breadcrumb\":{\"@id\":\"https:\/\/francois-pelletant.fr\/blog\/rendez-vous-artistes-linas\/#breadcrumb\"},\"inLanguage\":\"fr-FR\",\"potentialAction\":[{\"@type\":\"ReadAction\",\"target\":[\"https:\/\/francois-pelletant.fr\/blog\/rendez-vous-artistes-linas\/\"]}]},{\"@type\":\"ImageObject\",\"inLanguage\":\"fr-FR\",\"@id\":\"https:\/\/francois-pelletant.fr\/blog\/rendez-vous-artistes-linas\/#primaryimage\",\"url\":\"https:\/\/francois-pelletant.fr\/blog\/wp-content\/uploads\/2012\/11\/P1010565clair1.jpg\",\"contentUrl\":\"https:\/\/francois-pelletant.fr\/blog\/wp-content\/uploads\/2012\/11\/P1010565clair1.jpg\",\"width\":886,\"height\":664,\"caption\":\"les laur\u00e9ats de l'\u00e9dition 2011\"},{\"@type\":\"BreadcrumbList\",\"@id\":\"https:\/\/francois-pelletant.fr\/blog\/rendez-vous-artistes-linas\/#breadcrumb\",\"itemListElement\":[{\"@type\":\"ListItem\",\"position\":1,\"name\":\"Accueil\",\"item\":\"https:\/\/francois-pelletant.fr\/blog\/\"},{\"@type\":\"ListItem\",\"position\":2,\"name\":\"Le rendez-vous des artistes les 24 et 25 novembre \u00e0 Linas\"}]},{\"@type\":\"WebSite\",\"@id\":\"https:\/\/francois-pelletant.fr\/blog\/#website\",\"url\":\"https:\/\/francois-pelletant.fr\/blog\/\",\"name\":\"Fran\u00e7ois Pelletant\",\"description\":\"Maire de Linas, pour toujours.\",\"publisher\":{\"@id\":\"https:\/\/francois-pelletant.fr\/blog\/#organization\"},\"potentialAction\":[{\"@type\":\"SearchAction\",\"target\":{\"@type\":\"EntryPoint\",\"urlTemplate\":\"https:\/\/francois-pelletant.fr\/blog\/?s={search_term_string}\"},\"query-input\":{\"@type\":\"PropertyValueSpecification\",\"valueRequired\":true,\"valueName\":\"search_term_string\"}}],\"inLanguage\":\"fr-FR\"},{\"@type\":\"Organization\",\"@id\":\"https:\/\/francois-pelletant.fr\/blog\/#organization\",\"name\":\"Fran\u00e7ois Pelletant\",\"url\":\"https:\/\/francois-pelletant.fr\/blog\/\",\"logo\":{\"@type\":\"ImageObject\",\"inLanguage\":\"fr-FR\",\"@id\":\"https:\/\/francois-pelletant.fr\/blog\/#\/schema\/logo\/image\/\",\"url\":\"https:\/\/francois-pelletant.fr\/blog\/wp-content\/uploads\/2024\/07\/icone-francois-centre-500p.png\",\"contentUrl\":\"https:\/\/francois-pelletant.fr\/blog\/wp-content\/uploads\/2024\/07\/icone-francois-centre-500p.png\",\"width\":559,\"height\":447,\"caption\":\"Fran\u00e7ois Pelletant\"},\"image\":{\"@id\":\"https:\/\/francois-pelletant.fr\/blog\/#\/schema\/logo\/image\/\"},\"sameAs\":[\"https:\/\/www.facebook.com\/francois.pelletant.7\",\"https:\/\/x.com\/pelletant\"]},{\"@type\":\"Person\",\"@id\":\"https:\/\/francois-pelletant.fr\/blog\/#\/schema\/person\/2be41acb171dff8f31aaed1f40cee9f3\",\"name\":\"Francois\"}]}<\/script>\n<!-- \/ Yoast SEO plugin. -->","yoast_head_json":{"title":"Le rendez-vous des artistes les 24 et 25 novembre \u00e0 Linas - F. Pelletant","description":"Deux artistes sont les invit\u00e9s d'honneur \u00e0 la vingti\u00e8me \u00e9dition de l'exposition artistique Carrefour des Arts.","robots":{"index":"index","follow":"follow","max-snippet":"max-snippet:-1","max-image-preview":"max-image-preview:large","max-video-preview":"max-video-preview:-1"},"canonical":"https:\/\/francois-pelletant.fr\/blog\/rendez-vous-artistes-linas\/","og_locale":"fr_FR","og_type":"article","og_title":"Le rendez-vous des artistes les 24 et 25 novembre \u00e0 Linas - F. Pelletant","og_description":"Deux artistes sont les invit\u00e9s d'honneur \u00e0 la vingti\u00e8me \u00e9dition de l'exposition artistique Carrefour des Arts.","og_url":"https:\/\/francois-pelletant.fr\/blog\/rendez-vous-artistes-linas\/","og_site_name":"Fran\u00e7ois Pelletant","article_publisher":"https:\/\/www.facebook.com\/francois.pelletant.7","article_published_time":"2012-11-19T09:04:05+00:00","article_modified_time":"2017-06-27T08:50:15+00:00","og_image":[{"width":886,"height":664,"url":"https:\/\/francois-pelletant.fr\/blog\/wp-content\/uploads\/2012\/11\/P1010565clair1.jpg","type":"image\/jpeg"}],"author":"Francois","twitter_card":"summary_large_image","twitter_creator":"@pelletant","twitter_site":"@pelletant","twitter_misc":{"\u00c9crit par":"Francois","Dur\u00e9e de lecture estim\u00e9e":"1 minute"},"schema":{"@context":"https:\/\/schema.org","@graph":[{"@type":"Article","@id":"https:\/\/francois-pelletant.fr\/blog\/rendez-vous-artistes-linas\/#article","isPartOf":{"@id":"https:\/\/francois-pelletant.fr\/blog\/rendez-vous-artistes-linas\/"},"author":{"name":"Francois","@id":"https:\/\/francois-pelletant.fr\/blog\/#\/schema\/person\/2be41acb171dff8f31aaed1f40cee9f3"},"headline":"Le rendez-vous des artistes les 24 et 25 novembre \u00e0 Linas","datePublished":"2012-11-19T09:04:05+00:00","dateModified":"2017-06-27T08:50:15+00:00","mainEntityOfPage":{"@id":"https:\/\/francois-pelletant.fr\/blog\/rendez-vous-artistes-linas\/"},"wordCount":171,"commentCount":0,"publisher":{"@id":"https:\/\/francois-pelletant.fr\/blog\/#organization"},"image":{"@id":"https:\/\/francois-pelletant.fr\/blog\/rendez-vous-artistes-linas\/#primaryimage"},"thumbnailUrl":"https:\/\/francois-pelletant.fr\/blog\/wp-content\/uploads\/2012\/11\/P1010565clair1.jpg","articleSection":["Infos"],"inLanguage":"fr-FR","potentialAction":[{"@type":"CommentAction","name":"Comment","target":["https:\/\/francois-pelletant.fr\/blog\/rendez-vous-artistes-linas\/#respond"]}]},{"@type":"WebPage","@id":"https:\/\/francois-pelletant.fr\/blog\/rendez-vous-artistes-linas\/","url":"https:\/\/francois-pelletant.fr\/blog\/rendez-vous-artistes-linas\/","name":"Le rendez-vous des artistes les 24 et 25 novembre \u00e0 Linas - F. Pelletant","isPartOf":{"@id":"https:\/\/francois-pelletant.fr\/blog\/#website"},"primaryImageOfPage":{"@id":"https:\/\/francois-pelletant.fr\/blog\/rendez-vous-artistes-linas\/#primaryimage"},"image":{"@id":"https:\/\/francois-pelletant.fr\/blog\/rendez-vous-artistes-linas\/#primaryimage"},"thumbnailUrl":"https:\/\/francois-pelletant.fr\/blog\/wp-content\/uploads\/2012\/11\/P1010565clair1.jpg","datePublished":"2012-11-19T09:04:05+00:00","dateModified":"2017-06-27T08:50:15+00:00","description":"Deux artistes sont les invit\u00e9s d'honneur \u00e0 la vingti\u00e8me \u00e9dition de l'exposition artistique Carrefour des Arts.","breadcrumb":{"@id":"https:\/\/francois-pelletant.fr\/blog\/rendez-vous-artistes-linas\/#breadcrumb"},"inLanguage":"fr-FR","potentialAction":[{"@type":"ReadAction","target":["https:\/\/francois-pelletant.fr\/blog\/rendez-vous-artistes-linas\/"]}]},{"@type":"ImageObject","inLanguage":"fr-FR","@id":"https:\/\/francois-pelletant.fr\/blog\/rendez-vous-artistes-linas\/#primaryimage","url":"https:\/\/francois-pelletant.fr\/blog\/wp-content\/uploads\/2012\/11\/P1010565clair1.jpg","contentUrl":"https:\/\/francois-pelletant.fr\/blog\/wp-content\/uploads\/2012\/11\/P1010565clair1.jpg","width":886,"height":664,"caption":"les laur\u00e9ats de l'\u00e9dition 2011"},{"@type":"BreadcrumbList","@id":"https:\/\/francois-pelletant.fr\/blog\/rendez-vous-artistes-linas\/#breadcrumb","itemListElement":[{"@type":"ListItem","position":1,"name":"Accueil","item":"https:\/\/francois-pelletant.fr\/blog\/"},{"@type":"ListItem","position":2,"name":"Le rendez-vous des artistes les 24 et 25 novembre \u00e0 Linas"}]},{"@type":"WebSite","@id":"https:\/\/francois-pelletant.fr\/blog\/#website","url":"https:\/\/francois-pelletant.fr\/blog\/","name":"Fran\u00e7ois Pelletant","description":"Maire de Linas, pour toujours.","publisher":{"@id":"https:\/\/francois-pelletant.fr\/blog\/#organization"},"potentialAction":[{"@type":"SearchAction","target":{"@type":"EntryPoint","urlTemplate":"https:\/\/francois-pelletant.fr\/blog\/?s={search_term_string}"},"query-input":{"@type":"PropertyValueSpecification","valueRequired":true,"valueName":"search_term_string"}}],"inLanguage":"fr-FR"},{"@type":"Organization","@id":"https:\/\/francois-pelletant.fr\/blog\/#organization","name":"Fran\u00e7ois Pelletant","url":"https:\/\/francois-pelletant.fr\/blog\/","logo":{"@type":"ImageObject","inLanguage":"fr-FR","@id":"https:\/\/francois-pelletant.fr\/blog\/#\/schema\/logo\/image\/","url":"https:\/\/francois-pelletant.fr\/blog\/wp-content\/uploads\/2024\/07\/icone-francois-centre-500p.png","contentUrl":"https:\/\/francois-pelletant.fr\/blog\/wp-content\/uploads\/2024\/07\/icone-francois-centre-500p.png","width":559,"height":447,"caption":"Fran\u00e7ois Pelletant"},"image":{"@id":"https:\/\/francois-pelletant.fr\/blog\/#\/schema\/logo\/image\/"},"sameAs":["https:\/\/www.facebook.com\/francois.pelletant.7","https:\/\/x.com\/pelletant"]},{"@type":"Person","@id":"https:\/\/francois-pelletant.fr\/blog\/#\/schema\/person\/2be41acb171dff8f31aaed1f40cee9f3","name":"Francois"}]}},"_links":{"self":[{"href":"https:\/\/francois-pelletant.fr\/blog\/wp-json\/wp\/v2\/posts\/5776","targetHints":{"allow":["GET"]}}],"collection":[{"href":"https:\/\/francois-pelletant.fr\/blog\/wp-json\/wp\/v2\/posts"}],"about":[{"href":"https:\/\/francois-pelletant.fr\/blog\/wp-json\/wp\/v2\/types\/post"}],"author":[{"embeddable":true,"href":"https:\/\/francois-pelletant.fr\/blog\/wp-json\/wp\/v2\/users\/1"}],"replies":[{"embeddable":true,"href":"https:\/\/francois-pelletant.fr\/blog\/wp-json\/wp\/v2\/comments?post=5776"}],"version-history":[{"count":0,"href":"https:\/\/francois-pelletant.fr\/blog\/wp-json\/wp\/v2\/posts\/5776\/revisions"}],"wp:featuredmedia":[{"embeddable":true,"href":"https:\/\/francois-pelletant.fr\/blog\/wp-json\/wp\/v2\/media\/2806"}],"wp:attachment":[{"href":"https:\/\/francois-pelletant.fr\/blog\/wp-json\/wp\/v2\/media?parent=5776"}],"wp:term":[{"taxonomy":"category","embeddable":true,"href":"https:\/\/francois-pelletant.fr\/blog\/wp-json\/wp\/v2\/categories?post=5776"},{"taxonomy":"post_tag","embeddable":true,"href":"https:\/\/francois-pelletant.fr\/blog\/wp-json\/wp\/v2\/tags?post=5776"}],"curies":[{"name":"wp","href":"https:\/\/api.w.org\/{rel}","templated":true}]}}