{"id":5781,"date":"2015-10-21T12:26:07","date_gmt":"2015-10-21T10:26:07","guid":{"rendered":"https:\/\/francois-pelletant.fr\/blog\/?p=5781"},"modified":"2015-10-21T12:26:07","modified_gmt":"2015-10-21T10:26:07","slug":"retour-vers-lhuma","status":"publish","type":"post","link":"https:\/\/francois-pelletant.fr\/blog\/retour-vers-lhuma\/","title":{"rendered":"Retour vers&#8230; L&#8217;Huma"},"content":{"rendered":"<p><span style=\"color: #000000;\"><a href=\"https:\/\/francois-pelletant.fr\/blog\/wp-content\/uploads\/2015\/10\/retour-vers-le-futur.jpg\"><img loading=\"lazy\" decoding=\"async\" class=\"alignleft size-medium wp-image-5782\" title=\"retour-vers-le-futur\" src=\"https:\/\/francois-pelletant.fr\/blog\/wp-content\/uploads\/2015\/10\/retour-vers-le-futur-300x168.jpg\" alt=\"\" width=\"300\" height=\"168\" \/><\/a>Dans la vie hyperactive que nous avons \u00e0 la mairie de Linas, nous\u00a0ne\u00a0prenons pas assez le temps\u00a0pour\u00a0r\u00e9tablir la v\u00e9rit\u00e9 lorsque des\u00a0contrev\u00e9rit\u00e9s de toutes sortes sont colport\u00e9es,\u00a0n\u00e9anmoins, ne rien dire peut aussi vouloir dire que l&#8217;on n&#8217;a rien \u00e0 dire, que l&#8217;on fait le dos rond face aux\u00a0calomnies. C&#8217;est pourquoi j&#8217;ai d\u00e9cid\u00e9 de ne plus nous laisser\u00a0salir\u00a0sans r\u00e9agir. Voil\u00e0 comment est n\u00e9e l&#8217;id\u00e9e de cette chronique hebdomadaire que je diffuse tous les jeudis afin de r\u00e9tablir\u00a0la v\u00e9rit\u00e9\u00a0 et d\u00e9noncer les fausses informations.<\/span><\/p>\n<p><span style=\"color: #000000;\">Et pour\u00a0couronner\u00a0le tout, nous la lan\u00e7ons aujourd\u2019hui mercredi 21 Octobre qui est la date anniversaire de la sortie &#8230;..du film &#8220;Retour vers le futur&#8221;.\u00a0<\/span><\/p>\n<p><span style=\"color: #000000;\">Rappelez-vous, il y a deux ans le journal fond\u00e9 par Jean Jaur\u00e8s avait choisi, plut\u00f4t que de consacrer ses pages pour d\u00e9noncer les magouilles politiques, de s&#8217;attaquer au\u00a0simple\u00a0maire de l&#8217;Essonne que je suis et de d\u00e9naturer mon action, pourtant priv\u00e9e, contre la crise du logement.<\/span><\/p>\n<p><a href=\"https:\/\/francois-pelletant.fr\/blog\/wp-content\/uploads\/2015\/10\/lhumanit\u00e9-13-juin-13.jpg\"><img loading=\"lazy\" decoding=\"async\" class=\"alignleft size-full wp-image-5783\" title=\"lhumanit\u00e9-13-juin-13\" src=\"https:\/\/francois-pelletant.fr\/blog\/wp-content\/uploads\/2015\/10\/lhumanit\u00e9-13-juin-13.jpg\" alt=\"\" width=\"125\" height=\"166\" \/><\/a><\/p>\n<p><span style=\"color: #000000;\">Dans un article directement inspir\u00e9 des m\u00e9thodes sovi\u00e9tiques, j\u2019\u00e9tais qualifi\u00e9 de &#8220;marchand de sommeil&#8221; accus\u00e9 et condamn\u00e9 d&#8217;office de mal assumer mon r\u00f4le de loueur de logements \u00e0 Corbeil-Essonnes.<\/span><\/p>\n<p><span style=\"color: #000000;\">Je pr\u00e9cise que L&#8217;Huma ne s&#8217;est pas g\u00ean\u00e9e d&#8217;amalgamer ces histoires personnelles et priv\u00e9es sur lesquelles je n&#8217;avais jamais fait de publicit\u00e9\u00a0lors de\u00a0mon mandat d&#8217;\u00e9lu local en titrant :<\/span><span style=\"color: #000000;\">&#8220;Quand le maire joue au marchand de sommeil&#8221;\u00a0<\/span><\/p>\n<p><span style=\"color: #000000;\">Alors nous voici deux ans plus tard et c&#8217;est maintenant qu&#8217;il devient tr\u00e8s int\u00e9ressant de revenir sur le sujet pour voir ce que sont devenus les protagonistes.<\/span><\/p>\n<p><span style=\"color: #000000;\">Rappelez vous L&#8217;Huma \u00e9crivait : &#8220;\u202f<em>Tout le monde ici, paie au minimum 600\u202feuros\u202f\u00bb, raconte un locataire qui souhaite rester anonyme. Pour un studio de 25\u202fm\u00b2 avec mezzanine, il faut m\u00eame d\u00e9bourser 800\u202feuros.<\/em><\/span><\/p>\n<p><span style=\"color: #000000;\">Parlons des locataires du studio avec mezzanine. Tout d&#8217;abord il faut pr\u00e9ciser que le studio n&#8217;en est pas un, c&#8217;est un F2 c&#8217;est-\u00e0-dire un logement comportant une pi\u00e8ce \u00e0 vivre et une chambre.<\/span><\/p>\n<p><span style=\"color: #000000;\">Il a \u00e9t\u00e9 lou\u00e9 par M.\u00a0 A.et son \u00e9pouse le 20 janvier 2012. A partir de mai 2013 les A. qui payaient 296,51 euros de loyer par mois, le reste \u00e9tant pris en charge par la CAF, n&#8217;ont plus pay\u00e9 leur loyer. Je ne leur jette pas la pierre, en cette \u00e9poque difficile, \u00a0il n&#8217;est pas anachronique que des familles ne puissent plus honorer leurs d\u00e9penses.<\/span><\/p>\n<p><span style=\"color: #000000;\">En tout cas pour les A. ,depuis cette date, plus aucun paiement n&#8217;a \u00e9t\u00e9 enregistr\u00e9 de mon c\u00f4t\u00e9 et au fil du temps la dette locative \u00e0 progress\u00e9 pour atteindre 17 500 euros.<\/span><\/p>\n<p><span style=\"color: #000000;\">Comme les A. font partie de ceux qui pensent que\u00a0la meilleure d\u00e9fense c&#8217;est l&#8217;attaque, apr\u00e8s avoir ralli\u00e9 \u00a0L&#8217;Humanit\u00e9 \u00e0 leur cause, \u00a0ils sont all\u00e9s frapper \u00e0 de\u00a0nombreuses portes afin de tenter de mettre en cause leur propri\u00e9taire et ainsi justifier leur colossale dette locative. Ils n&#8217;ont trouv\u00e9 d&#8217;oreille attentive qu&#8217;en\u00a0la mairie de Corbeil-Essonnes ce qui n&#8217;\u00e9tonnera personne&#8230; Je vous donne ici la copie du courrier que je me suis permis de renvoyer \u00e0 la municipalit\u00e9 Corbeilessonnoise : <a href=\"https:\/\/francois-pelletant.fr\/blog\/wp-content\/uploads\/2015\/10\/courrier-14-f\u00e9vrier-2015.pdf\">courrier 14 f\u00e9vrier 2015<\/a><\/span><\/p>\n<p><span style=\"color: #000000;\">Pour\u00a0conclure,\u00a0 c &#8216;est la justice qui a eu le dernier mot, \u00a0sans surprise, elle a condamn\u00e9 les A.. et prononc\u00e9 leur expulsion. Le logement a \u00e9t\u00e9 lib\u00e9r\u00e9, les A. sont ailleurs mais sachez que leur dette de 17 500 euros est en train de passer en commission de surendettement pour \u00eatre tout simplement annul\u00e9e&#8230;pourquoi se g\u00eaner.<\/span><\/p>\n","protected":false},"excerpt":{"rendered":"<p>Dans la vie hyperactive que nous avons \u00e0 la mairie de Linas, nous\u00a0ne\u00a0prenons pas assez le temps\u00a0pour\u00a0r\u00e9tablir la v\u00e9rit\u00e9 lorsque des\u00a0contrev\u00e9rit\u00e9s de toutes sortes sont colport\u00e9es,\u00a0n\u00e9anmoins, ne rien dire peut aussi vouloir dire que l&#8217;on n&#8217;a rien \u00e0 dire, que l&#8217;on fait le dos rond face aux\u00a0calomnies. C&#8217;est pourquoi j&#8217;ai d\u00e9cid\u00e9 de ne plus nous [&hellip;]<\/p>\n","protected":false},"author":1,"featured_media":5782,"comment_status":"open","ping_status":"open","sticky":false,"template":"","format":"standard","meta":{"footnotes":""},"categories":[44],"tags":[],"class_list":["post-5781","post","type-post","status-publish","format-standard","has-post-thumbnail","hentry","category-retour-vers-le-futur"],"yoast_head":"<!-- This site is optimized with the Yoast SEO plugin v25.6 - https:\/\/yoast.com\/wordpress\/plugins\/seo\/ -->\n<title>Retour vers... L&#039;Huma - Fran\u00e7ois Pelletant<\/title>\n<meta name=\"robots\" content=\"index, follow, max-snippet:-1, max-image-preview:large, max-video-preview:-1\" \/>\n<link rel=\"canonical\" href=\"https:\/\/francois-pelletant.fr\/blog\/retour-vers-lhuma\/\" \/>\n<meta property=\"og:locale\" content=\"fr_FR\" \/>\n<meta property=\"og:type\" content=\"article\" \/>\n<meta property=\"og:title\" content=\"Retour vers... L&#039;Huma - Fran\u00e7ois Pelletant\" \/>\n<meta property=\"og:description\" content=\"Dans la vie hyperactive que nous avons \u00e0 la mairie de Linas, nous\u00a0ne\u00a0prenons pas assez le temps\u00a0pour\u00a0r\u00e9tablir la v\u00e9rit\u00e9 lorsque des\u00a0contrev\u00e9rit\u00e9s de toutes sortes sont colport\u00e9es,\u00a0n\u00e9anmoins, ne rien dire peut aussi vouloir dire que l&#8217;on n&#8217;a rien \u00e0 dire, que l&#8217;on fait le dos rond face aux\u00a0calomnies. C&#8217;est pourquoi j&#8217;ai d\u00e9cid\u00e9 de ne plus nous [&hellip;]\" \/>\n<meta property=\"og:url\" content=\"https:\/\/francois-pelletant.fr\/blog\/retour-vers-lhuma\/\" \/>\n<meta property=\"og:site_name\" content=\"Fran\u00e7ois Pelletant\" \/>\n<meta property=\"article:publisher\" content=\"https:\/\/www.facebook.com\/francois.pelletant.7\" \/>\n<meta property=\"article:published_time\" content=\"2015-10-21T10:26:07+00:00\" \/>\n<meta name=\"author\" content=\"Francois\" \/>\n<meta name=\"twitter:card\" content=\"summary_large_image\" \/>\n<meta name=\"twitter:creator\" content=\"@pelletant\" \/>\n<meta name=\"twitter:site\" content=\"@pelletant\" \/>\n<meta name=\"twitter:label1\" content=\"\u00c9crit par\" \/>\n\t<meta name=\"twitter:data1\" content=\"Francois\" \/>\n\t<meta name=\"twitter:label2\" content=\"Dur\u00e9e de lecture estim\u00e9e\" \/>\n\t<meta name=\"twitter:data2\" content=\"3 minutes\" \/>\n<script type=\"application\/ld+json\" class=\"yoast-schema-graph\">{\"@context\":\"https:\/\/schema.org\",\"@graph\":[{\"@type\":\"Article\",\"@id\":\"https:\/\/francois-pelletant.fr\/blog\/retour-vers-lhuma\/#article\",\"isPartOf\":{\"@id\":\"https:\/\/francois-pelletant.fr\/blog\/retour-vers-lhuma\/\"},\"author\":{\"name\":\"Francois\",\"@id\":\"https:\/\/francois-pelletant.fr\/blog\/#\/schema\/person\/2be41acb171dff8f31aaed1f40cee9f3\"},\"headline\":\"Retour vers&#8230; L&#8217;Huma\",\"datePublished\":\"2015-10-21T10:26:07+00:00\",\"mainEntityOfPage\":{\"@id\":\"https:\/\/francois-pelletant.fr\/blog\/retour-vers-lhuma\/\"},\"wordCount\":624,\"commentCount\":0,\"publisher\":{\"@id\":\"https:\/\/francois-pelletant.fr\/blog\/#organization\"},\"image\":{\"@id\":\"https:\/\/francois-pelletant.fr\/blog\/retour-vers-lhuma\/#primaryimage\"},\"thumbnailUrl\":\"\",\"articleSection\":[\"retour vers le futur\"],\"inLanguage\":\"fr-FR\",\"potentialAction\":[{\"@type\":\"CommentAction\",\"name\":\"Comment\",\"target\":[\"https:\/\/francois-pelletant.fr\/blog\/retour-vers-lhuma\/#respond\"]}]},{\"@type\":\"WebPage\",\"@id\":\"https:\/\/francois-pelletant.fr\/blog\/retour-vers-lhuma\/\",\"url\":\"https:\/\/francois-pelletant.fr\/blog\/retour-vers-lhuma\/\",\"name\":\"Retour vers... L'Huma - Fran\u00e7ois Pelletant\",\"isPartOf\":{\"@id\":\"https:\/\/francois-pelletant.fr\/blog\/#website\"},\"primaryImageOfPage\":{\"@id\":\"https:\/\/francois-pelletant.fr\/blog\/retour-vers-lhuma\/#primaryimage\"},\"image\":{\"@id\":\"https:\/\/francois-pelletant.fr\/blog\/retour-vers-lhuma\/#primaryimage\"},\"thumbnailUrl\":\"\",\"datePublished\":\"2015-10-21T10:26:07+00:00\",\"breadcrumb\":{\"@id\":\"https:\/\/francois-pelletant.fr\/blog\/retour-vers-lhuma\/#breadcrumb\"},\"inLanguage\":\"fr-FR\",\"potentialAction\":[{\"@type\":\"ReadAction\",\"target\":[\"https:\/\/francois-pelletant.fr\/blog\/retour-vers-lhuma\/\"]}]},{\"@type\":\"ImageObject\",\"inLanguage\":\"fr-FR\",\"@id\":\"https:\/\/francois-pelletant.fr\/blog\/retour-vers-lhuma\/#primaryimage\",\"url\":\"\",\"contentUrl\":\"\"},{\"@type\":\"BreadcrumbList\",\"@id\":\"https:\/\/francois-pelletant.fr\/blog\/retour-vers-lhuma\/#breadcrumb\",\"itemListElement\":[{\"@type\":\"ListItem\",\"position\":1,\"name\":\"Accueil\",\"item\":\"https:\/\/francois-pelletant.fr\/blog\/\"},{\"@type\":\"ListItem\",\"position\":2,\"name\":\"Retour vers&#8230; L&#8217;Huma\"}]},{\"@type\":\"WebSite\",\"@id\":\"https:\/\/francois-pelletant.fr\/blog\/#website\",\"url\":\"https:\/\/francois-pelletant.fr\/blog\/\",\"name\":\"Fran\u00e7ois Pelletant\",\"description\":\"Maire de Linas, pour toujours.\",\"publisher\":{\"@id\":\"https:\/\/francois-pelletant.fr\/blog\/#organization\"},\"potentialAction\":[{\"@type\":\"SearchAction\",\"target\":{\"@type\":\"EntryPoint\",\"urlTemplate\":\"https:\/\/francois-pelletant.fr\/blog\/?s={search_term_string}\"},\"query-input\":{\"@type\":\"PropertyValueSpecification\",\"valueRequired\":true,\"valueName\":\"search_term_string\"}}],\"inLanguage\":\"fr-FR\"},{\"@type\":\"Organization\",\"@id\":\"https:\/\/francois-pelletant.fr\/blog\/#organization\",\"name\":\"Fran\u00e7ois Pelletant\",\"url\":\"https:\/\/francois-pelletant.fr\/blog\/\",\"logo\":{\"@type\":\"ImageObject\",\"inLanguage\":\"fr-FR\",\"@id\":\"https:\/\/francois-pelletant.fr\/blog\/#\/schema\/logo\/image\/\",\"url\":\"https:\/\/francois-pelletant.fr\/blog\/wp-content\/uploads\/2024\/07\/icone-francois-centre-500p.png\",\"contentUrl\":\"https:\/\/francois-pelletant.fr\/blog\/wp-content\/uploads\/2024\/07\/icone-francois-centre-500p.png\",\"width\":559,\"height\":447,\"caption\":\"Fran\u00e7ois Pelletant\"},\"image\":{\"@id\":\"https:\/\/francois-pelletant.fr\/blog\/#\/schema\/logo\/image\/\"},\"sameAs\":[\"https:\/\/www.facebook.com\/francois.pelletant.7\",\"https:\/\/x.com\/pelletant\"]},{\"@type\":\"Person\",\"@id\":\"https:\/\/francois-pelletant.fr\/blog\/#\/schema\/person\/2be41acb171dff8f31aaed1f40cee9f3\",\"name\":\"Francois\"}]}<\/script>\n<!-- \/ Yoast SEO plugin. -->","yoast_head_json":{"title":"Retour vers... L'Huma - Fran\u00e7ois Pelletant","robots":{"index":"index","follow":"follow","max-snippet":"max-snippet:-1","max-image-preview":"max-image-preview:large","max-video-preview":"max-video-preview:-1"},"canonical":"https:\/\/francois-pelletant.fr\/blog\/retour-vers-lhuma\/","og_locale":"fr_FR","og_type":"article","og_title":"Retour vers... L'Huma - Fran\u00e7ois Pelletant","og_description":"Dans la vie hyperactive que nous avons \u00e0 la mairie de Linas, nous\u00a0ne\u00a0prenons pas assez le temps\u00a0pour\u00a0r\u00e9tablir la v\u00e9rit\u00e9 lorsque des\u00a0contrev\u00e9rit\u00e9s de toutes sortes sont colport\u00e9es,\u00a0n\u00e9anmoins, ne rien dire peut aussi vouloir dire que l&#8217;on n&#8217;a rien \u00e0 dire, que l&#8217;on fait le dos rond face aux\u00a0calomnies. C&#8217;est pourquoi j&#8217;ai d\u00e9cid\u00e9 de ne plus nous [&hellip;]","og_url":"https:\/\/francois-pelletant.fr\/blog\/retour-vers-lhuma\/","og_site_name":"Fran\u00e7ois Pelletant","article_publisher":"https:\/\/www.facebook.com\/francois.pelletant.7","article_published_time":"2015-10-21T10:26:07+00:00","author":"Francois","twitter_card":"summary_large_image","twitter_creator":"@pelletant","twitter_site":"@pelletant","twitter_misc":{"\u00c9crit par":"Francois","Dur\u00e9e de lecture estim\u00e9e":"3 minutes"},"schema":{"@context":"https:\/\/schema.org","@graph":[{"@type":"Article","@id":"https:\/\/francois-pelletant.fr\/blog\/retour-vers-lhuma\/#article","isPartOf":{"@id":"https:\/\/francois-pelletant.fr\/blog\/retour-vers-lhuma\/"},"author":{"name":"Francois","@id":"https:\/\/francois-pelletant.fr\/blog\/#\/schema\/person\/2be41acb171dff8f31aaed1f40cee9f3"},"headline":"Retour vers&#8230; L&#8217;Huma","datePublished":"2015-10-21T10:26:07+00:00","mainEntityOfPage":{"@id":"https:\/\/francois-pelletant.fr\/blog\/retour-vers-lhuma\/"},"wordCount":624,"commentCount":0,"publisher":{"@id":"https:\/\/francois-pelletant.fr\/blog\/#organization"},"image":{"@id":"https:\/\/francois-pelletant.fr\/blog\/retour-vers-lhuma\/#primaryimage"},"thumbnailUrl":"","articleSection":["retour vers le futur"],"inLanguage":"fr-FR","potentialAction":[{"@type":"CommentAction","name":"Comment","target":["https:\/\/francois-pelletant.fr\/blog\/retour-vers-lhuma\/#respond"]}]},{"@type":"WebPage","@id":"https:\/\/francois-pelletant.fr\/blog\/retour-vers-lhuma\/","url":"https:\/\/francois-pelletant.fr\/blog\/retour-vers-lhuma\/","name":"Retour vers... L'Huma - Fran\u00e7ois Pelletant","isPartOf":{"@id":"https:\/\/francois-pelletant.fr\/blog\/#website"},"primaryImageOfPage":{"@id":"https:\/\/francois-pelletant.fr\/blog\/retour-vers-lhuma\/#primaryimage"},"image":{"@id":"https:\/\/francois-pelletant.fr\/blog\/retour-vers-lhuma\/#primaryimage"},"thumbnailUrl":"","datePublished":"2015-10-21T10:26:07+00:00","breadcrumb":{"@id":"https:\/\/francois-pelletant.fr\/blog\/retour-vers-lhuma\/#breadcrumb"},"inLanguage":"fr-FR","potentialAction":[{"@type":"ReadAction","target":["https:\/\/francois-pelletant.fr\/blog\/retour-vers-lhuma\/"]}]},{"@type":"ImageObject","inLanguage":"fr-FR","@id":"https:\/\/francois-pelletant.fr\/blog\/retour-vers-lhuma\/#primaryimage","url":"","contentUrl":""},{"@type":"BreadcrumbList","@id":"https:\/\/francois-pelletant.fr\/blog\/retour-vers-lhuma\/#breadcrumb","itemListElement":[{"@type":"ListItem","position":1,"name":"Accueil","item":"https:\/\/francois-pelletant.fr\/blog\/"},{"@type":"ListItem","position":2,"name":"Retour vers&#8230; L&#8217;Huma"}]},{"@type":"WebSite","@id":"https:\/\/francois-pelletant.fr\/blog\/#website","url":"https:\/\/francois-pelletant.fr\/blog\/","name":"Fran\u00e7ois Pelletant","description":"Maire de Linas, pour toujours.","publisher":{"@id":"https:\/\/francois-pelletant.fr\/blog\/#organization"},"potentialAction":[{"@type":"SearchAction","target":{"@type":"EntryPoint","urlTemplate":"https:\/\/francois-pelletant.fr\/blog\/?s={search_term_string}"},"query-input":{"@type":"PropertyValueSpecification","valueRequired":true,"valueName":"search_term_string"}}],"inLanguage":"fr-FR"},{"@type":"Organization","@id":"https:\/\/francois-pelletant.fr\/blog\/#organization","name":"Fran\u00e7ois Pelletant","url":"https:\/\/francois-pelletant.fr\/blog\/","logo":{"@type":"ImageObject","inLanguage":"fr-FR","@id":"https:\/\/francois-pelletant.fr\/blog\/#\/schema\/logo\/image\/","url":"https:\/\/francois-pelletant.fr\/blog\/wp-content\/uploads\/2024\/07\/icone-francois-centre-500p.png","contentUrl":"https:\/\/francois-pelletant.fr\/blog\/wp-content\/uploads\/2024\/07\/icone-francois-centre-500p.png","width":559,"height":447,"caption":"Fran\u00e7ois Pelletant"},"image":{"@id":"https:\/\/francois-pelletant.fr\/blog\/#\/schema\/logo\/image\/"},"sameAs":["https:\/\/www.facebook.com\/francois.pelletant.7","https:\/\/x.com\/pelletant"]},{"@type":"Person","@id":"https:\/\/francois-pelletant.fr\/blog\/#\/schema\/person\/2be41acb171dff8f31aaed1f40cee9f3","name":"Francois"}]}},"_links":{"self":[{"href":"https:\/\/francois-pelletant.fr\/blog\/wp-json\/wp\/v2\/posts\/5781","targetHints":{"allow":["GET"]}}],"collection":[{"href":"https:\/\/francois-pelletant.fr\/blog\/wp-json\/wp\/v2\/posts"}],"about":[{"href":"https:\/\/francois-pelletant.fr\/blog\/wp-json\/wp\/v2\/types\/post"}],"author":[{"embeddable":true,"href":"https:\/\/francois-pelletant.fr\/blog\/wp-json\/wp\/v2\/users\/1"}],"replies":[{"embeddable":true,"href":"https:\/\/francois-pelletant.fr\/blog\/wp-json\/wp\/v2\/comments?post=5781"}],"version-history":[{"count":0,"href":"https:\/\/francois-pelletant.fr\/blog\/wp-json\/wp\/v2\/posts\/5781\/revisions"}],"wp:featuredmedia":[{"embeddable":true,"href":"https:\/\/francois-pelletant.fr\/blog\/wp-json\/wp\/v2\/posts\/5782"}],"wp:attachment":[{"href":"https:\/\/francois-pelletant.fr\/blog\/wp-json\/wp\/v2\/media?parent=5781"}],"wp:term":[{"taxonomy":"category","embeddable":true,"href":"https:\/\/francois-pelletant.fr\/blog\/wp-json\/wp\/v2\/categories?post=5781"},{"taxonomy":"post_tag","embeddable":true,"href":"https:\/\/francois-pelletant.fr\/blog\/wp-json\/wp\/v2\/tags?post=5781"}],"curies":[{"name":"wp","href":"https:\/\/api.w.org\/{rel}","templated":true}]}}