{"id":5784,"date":"2012-11-25T08:10:35","date_gmt":"2012-11-25T06:10:35","guid":{"rendered":"https:\/\/francois-pelletant.fr\/blog\/?p=2809"},"modified":"2012-11-25T08:10:35","modified_gmt":"2012-11-25T06:10:35","slug":"dessins-de-presse-le-meilleur-de-la-semaine-3","status":"publish","type":"post","link":"https:\/\/francois-pelletant.fr\/blog\/dessins-de-presse-le-meilleur-de-la-semaine-3\/","title":{"rendered":"Dessins de presse : le meilleur de la semaine"},"content":{"rendered":"<figure id=\"attachment_2810\" aria-describedby=\"caption-attachment-2810\" style=\"width: 300px\" class=\"wp-caption alignleft\"><a href=\"https:\/\/francois-pelletant.fr\/blog\/wp-content\/uploads\/2012\/11\/urtikan.net-20-novembre1.jpg\"><img loading=\"lazy\" decoding=\"async\" class=\"size-medium wp-image-2810\" title=\"urtikan.net 20 novembre\" src=\"https:\/\/francois-pelletant.fr\/blog\/wp-content\/uploads\/2012\/11\/urtikan.net-20-novembre1-300x300.jpg\" alt=\"\" width=\"300\" height=\"300\" \/><\/a><figcaption id=\"caption-attachment-2810\" class=\"wp-caption-text\">urtikan.net 20 novembre<\/figcaption><\/figure>\n<p>Bien sur, j&#8217;aurais pu cette semaine s\u00e9lectionner un floril\u00e8ge des illustrations parues dans la presse sur le th\u00e8me de la bataille pour le leadership de l&#8217;UMP&#8230; Il y en a tellement que cela\u00a0fr\u00f4le\u00a0l&#8217;overdose. J&#8217;ai pr\u00e9f\u00e9r\u00e9 s\u00e9lectionner d&#8217;autres th\u00e9matiques telles le mariage homosexuel, le projet d&#8217;a\u00e9roport, l&#8217;augmentation du timbre poste, la gr\u00e8ve de la faim du maire de Sevran ou encore le retour d&#8217;Afghanistan de\u00a0soldats\u00a0fran\u00e7ais&#8230;<\/p>\n<p>&nbsp;<\/p>\n<figure id=\"attachment_2811\" aria-describedby=\"caption-attachment-2811\" style=\"width: 300px\" class=\"wp-caption aligncenter\"><a href=\"https:\/\/francois-pelletant.fr\/blog\/wp-content\/uploads\/2012\/11\/Le-canard-enchain\u00e9-21-novembre.jpg\"><img loading=\"lazy\" decoding=\"async\" class=\"size-medium wp-image-2811\" title=\"Le canard enchain\u00e9 21 novembre\" src=\"https:\/\/francois-pelletant.fr\/blog\/wp-content\/uploads\/2012\/11\/Le-canard-enchain\u00e9-21-novembre-300x271.jpg\" alt=\"\" width=\"300\" height=\"271\" \/><\/a><figcaption id=\"caption-attachment-2811\" class=\"wp-caption-text\">Le canard enchain\u00e9 21 novembre<\/figcaption><\/figure>\n<p>&nbsp;<\/p>\n<figure id=\"attachment_2812\" aria-describedby=\"caption-attachment-2812\" style=\"width: 300px\" class=\"wp-caption aligncenter\"><a href=\"https:\/\/francois-pelletant.fr\/blog\/wp-content\/uploads\/2012\/11\/Le-canard-enchain\u00e9-21-novembre-21.jpg\"><img loading=\"lazy\" decoding=\"async\" class=\"size-medium wp-image-2812\" title=\"Le canard enchain\u00e9 21 novembre 2\" src=\"https:\/\/francois-pelletant.fr\/blog\/wp-content\/uploads\/2012\/11\/Le-canard-enchain\u00e9-21-novembre-21-300x244.jpg\" alt=\"\" width=\"300\" height=\"244\" \/><\/a><figcaption id=\"caption-attachment-2812\" class=\"wp-caption-text\">Le canard enchain\u00e9 21 novembre<\/figcaption><\/figure>\n<p>&nbsp;<\/p>\n<figure id=\"attachment_2813\" aria-describedby=\"caption-attachment-2813\" style=\"width: 300px\" class=\"wp-caption aligncenter\"><a href=\"https:\/\/francois-pelletant.fr\/blog\/wp-content\/uploads\/2012\/11\/Le-canard-enchain\u00e9-21-novembre-3.jpg\"><img loading=\"lazy\" decoding=\"async\" class=\"size-medium wp-image-2813\" title=\"Le canard enchain\u00e9 21 novembre 3\" src=\"https:\/\/francois-pelletant.fr\/blog\/wp-content\/uploads\/2012\/11\/Le-canard-enchain\u00e9-21-novembre-3-300x287.jpg\" alt=\"\" width=\"300\" height=\"287\" \/><\/a><figcaption id=\"caption-attachment-2813\" class=\"wp-caption-text\">Le canard enchain\u00e9 21 novembre<\/figcaption><\/figure>\n<p>&nbsp;<\/p>\n<figure id=\"attachment_2814\" aria-describedby=\"caption-attachment-2814\" style=\"width: 252px\" class=\"wp-caption aligncenter\"><a href=\"https:\/\/francois-pelletant.fr\/blog\/wp-content\/uploads\/2012\/11\/bakchich.info-21-novembre.jpg\"><img loading=\"lazy\" decoding=\"async\" class=\"size-medium wp-image-2814\" title=\"bakchich.info 21 novembre\" src=\"https:\/\/francois-pelletant.fr\/blog\/wp-content\/uploads\/2012\/11\/bakchich.info-21-novembre-252x300.jpg\" alt=\"\" width=\"252\" height=\"300\" \/><\/a><figcaption id=\"caption-attachment-2814\" class=\"wp-caption-text\">bakchich.info 21 novembre<\/figcaption><\/figure>\n<p>&nbsp;<\/p>\n<figure id=\"attachment_2815\" aria-describedby=\"caption-attachment-2815\" style=\"width: 300px\" class=\"wp-caption aligncenter\"><a href=\"https:\/\/francois-pelletant.fr\/blog\/wp-content\/uploads\/2012\/11\/Marianne-17-novembre1.jpg\"><img loading=\"lazy\" decoding=\"async\" class=\"size-medium wp-image-2815\" title=\"Marianne 17 novembre\" src=\"https:\/\/francois-pelletant.fr\/blog\/wp-content\/uploads\/2012\/11\/Marianne-17-novembre1-300x214.jpg\" alt=\"\" width=\"300\" height=\"214\" \/><\/a><figcaption id=\"caption-attachment-2815\" class=\"wp-caption-text\">Marianne 17 novembre<\/figcaption><\/figure>\n","protected":false},"excerpt":{"rendered":"<p>Bien sur, j&#8217;aurais pu cette semaine s\u00e9lectionner un floril\u00e8ge des illustrations parues dans la presse sur le th\u00e8me de la bataille pour le leadership de l&#8217;UMP&#8230; Il y en a tellement que cela\u00a0fr\u00f4le\u00a0l&#8217;overdose. J&#8217;ai pr\u00e9f\u00e9r\u00e9 s\u00e9lectionner d&#8217;autres th\u00e9matiques telles le mariage homosexuel, le projet d&#8217;a\u00e9roport, l&#8217;augmentation du timbre poste, la gr\u00e8ve de la faim du [&hellip;]<\/p>\n","protected":false},"author":1,"featured_media":2815,"comment_status":"open","ping_status":"open","sticky":false,"template":"","format":"standard","meta":{"footnotes":""},"categories":[17],"tags":[],"class_list":["post-5784","post","type-post","status-publish","format-standard","has-post-thumbnail","hentry","category-prix-du-meilleur-dessin-de-presse"],"yoast_head":"<!-- This site is optimized with the Yoast SEO plugin v25.6 - https:\/\/yoast.com\/wordpress\/plugins\/seo\/ -->\n<title>Dessins de presse : le meilleur de la semaine - Fran\u00e7ois Pelletant<\/title>\n<meta name=\"robots\" content=\"index, follow, max-snippet:-1, max-image-preview:large, max-video-preview:-1\" \/>\n<link rel=\"canonical\" href=\"https:\/\/francois-pelletant.fr\/blog\/dessins-de-presse-le-meilleur-de-la-semaine-3\/\" \/>\n<meta property=\"og:locale\" content=\"fr_FR\" \/>\n<meta property=\"og:type\" content=\"article\" \/>\n<meta property=\"og:title\" content=\"Dessins de presse : le meilleur de la semaine - Fran\u00e7ois Pelletant\" \/>\n<meta property=\"og:description\" content=\"Bien sur, j&#8217;aurais pu cette semaine s\u00e9lectionner un floril\u00e8ge des illustrations parues dans la presse sur le th\u00e8me de la bataille pour le leadership de l&#8217;UMP&#8230; Il y en a tellement que cela\u00a0fr\u00f4le\u00a0l&#8217;overdose. J&#8217;ai pr\u00e9f\u00e9r\u00e9 s\u00e9lectionner d&#8217;autres th\u00e9matiques telles le mariage homosexuel, le projet d&#8217;a\u00e9roport, l&#8217;augmentation du timbre poste, la gr\u00e8ve de la faim du [&hellip;]\" \/>\n<meta property=\"og:url\" content=\"https:\/\/francois-pelletant.fr\/blog\/dessins-de-presse-le-meilleur-de-la-semaine-3\/\" \/>\n<meta property=\"og:site_name\" content=\"Fran\u00e7ois Pelletant\" \/>\n<meta property=\"article:publisher\" content=\"https:\/\/www.facebook.com\/francois.pelletant.7\" \/>\n<meta property=\"article:published_time\" content=\"2012-11-25T06:10:35+00:00\" \/>\n<meta property=\"og:image\" content=\"https:\/\/francois-pelletant.fr\/blog\/wp-content\/uploads\/2012\/11\/urtikan.net-20-novembre.jpg\" \/>\n\t<meta property=\"og:image:width\" content=\"580\" \/>\n\t<meta property=\"og:image:height\" content=\"580\" \/>\n\t<meta property=\"og:image:type\" content=\"image\/jpeg\" \/>\n<meta name=\"author\" content=\"Francois\" \/>\n<meta name=\"twitter:card\" content=\"summary_large_image\" \/>\n<meta name=\"twitter:creator\" content=\"@pelletant\" \/>\n<meta name=\"twitter:site\" content=\"@pelletant\" \/>\n<meta name=\"twitter:label1\" content=\"\u00c9crit par\" \/>\n\t<meta name=\"twitter:data1\" content=\"Francois\" \/>\n\t<meta name=\"twitter:label2\" content=\"Dur\u00e9e de lecture estim\u00e9e\" \/>\n\t<meta name=\"twitter:data2\" content=\"1 minute\" \/>\n<script type=\"application\/ld+json\" class=\"yoast-schema-graph\">{\"@context\":\"https:\/\/schema.org\",\"@graph\":[{\"@type\":\"Article\",\"@id\":\"https:\/\/francois-pelletant.fr\/blog\/dessins-de-presse-le-meilleur-de-la-semaine-3\/#article\",\"isPartOf\":{\"@id\":\"https:\/\/francois-pelletant.fr\/blog\/dessins-de-presse-le-meilleur-de-la-semaine-3\/\"},\"author\":{\"name\":\"Francois\",\"@id\":\"https:\/\/francois-pelletant.fr\/blog\/#\/schema\/person\/2be41acb171dff8f31aaed1f40cee9f3\"},\"headline\":\"Dessins de presse : le meilleur de la semaine\",\"datePublished\":\"2012-11-25T06:10:35+00:00\",\"mainEntityOfPage\":{\"@id\":\"https:\/\/francois-pelletant.fr\/blog\/dessins-de-presse-le-meilleur-de-la-semaine-3\/\"},\"wordCount\":168,\"commentCount\":0,\"publisher\":{\"@id\":\"https:\/\/francois-pelletant.fr\/blog\/#organization\"},\"image\":{\"@id\":\"https:\/\/francois-pelletant.fr\/blog\/dessins-de-presse-le-meilleur-de-la-semaine-3\/#primaryimage\"},\"thumbnailUrl\":\"https:\/\/francois-pelletant.fr\/blog\/wp-content\/uploads\/2012\/11\/urtikan.net-20-novembre.jpg\",\"articleSection\":[\"Prix du meilleur dessin de presse\"],\"inLanguage\":\"fr-FR\",\"potentialAction\":[{\"@type\":\"CommentAction\",\"name\":\"Comment\",\"target\":[\"https:\/\/francois-pelletant.fr\/blog\/dessins-de-presse-le-meilleur-de-la-semaine-3\/#respond\"]}]},{\"@type\":\"WebPage\",\"@id\":\"https:\/\/francois-pelletant.fr\/blog\/dessins-de-presse-le-meilleur-de-la-semaine-3\/\",\"url\":\"https:\/\/francois-pelletant.fr\/blog\/dessins-de-presse-le-meilleur-de-la-semaine-3\/\",\"name\":\"Dessins de presse : le meilleur de la semaine - Fran\u00e7ois Pelletant\",\"isPartOf\":{\"@id\":\"https:\/\/francois-pelletant.fr\/blog\/#website\"},\"primaryImageOfPage\":{\"@id\":\"https:\/\/francois-pelletant.fr\/blog\/dessins-de-presse-le-meilleur-de-la-semaine-3\/#primaryimage\"},\"image\":{\"@id\":\"https:\/\/francois-pelletant.fr\/blog\/dessins-de-presse-le-meilleur-de-la-semaine-3\/#primaryimage\"},\"thumbnailUrl\":\"https:\/\/francois-pelletant.fr\/blog\/wp-content\/uploads\/2012\/11\/urtikan.net-20-novembre.jpg\",\"datePublished\":\"2012-11-25T06:10:35+00:00\",\"breadcrumb\":{\"@id\":\"https:\/\/francois-pelletant.fr\/blog\/dessins-de-presse-le-meilleur-de-la-semaine-3\/#breadcrumb\"},\"inLanguage\":\"fr-FR\",\"potentialAction\":[{\"@type\":\"ReadAction\",\"target\":[\"https:\/\/francois-pelletant.fr\/blog\/dessins-de-presse-le-meilleur-de-la-semaine-3\/\"]}]},{\"@type\":\"ImageObject\",\"inLanguage\":\"fr-FR\",\"@id\":\"https:\/\/francois-pelletant.fr\/blog\/dessins-de-presse-le-meilleur-de-la-semaine-3\/#primaryimage\",\"url\":\"https:\/\/francois-pelletant.fr\/blog\/wp-content\/uploads\/2012\/11\/urtikan.net-20-novembre.jpg\",\"contentUrl\":\"https:\/\/francois-pelletant.fr\/blog\/wp-content\/uploads\/2012\/11\/urtikan.net-20-novembre.jpg\",\"width\":580,\"height\":580,\"caption\":\"urtikan.net 20 novembre\"},{\"@type\":\"BreadcrumbList\",\"@id\":\"https:\/\/francois-pelletant.fr\/blog\/dessins-de-presse-le-meilleur-de-la-semaine-3\/#breadcrumb\",\"itemListElement\":[{\"@type\":\"ListItem\",\"position\":1,\"name\":\"Accueil\",\"item\":\"https:\/\/francois-pelletant.fr\/blog\/\"},{\"@type\":\"ListItem\",\"position\":2,\"name\":\"Dessins de presse : le meilleur de la semaine\"}]},{\"@type\":\"WebSite\",\"@id\":\"https:\/\/francois-pelletant.fr\/blog\/#website\",\"url\":\"https:\/\/francois-pelletant.fr\/blog\/\",\"name\":\"Fran\u00e7ois Pelletant\",\"description\":\"Maire de Linas, pour toujours.\",\"publisher\":{\"@id\":\"https:\/\/francois-pelletant.fr\/blog\/#organization\"},\"potentialAction\":[{\"@type\":\"SearchAction\",\"target\":{\"@type\":\"EntryPoint\",\"urlTemplate\":\"https:\/\/francois-pelletant.fr\/blog\/?s={search_term_string}\"},\"query-input\":{\"@type\":\"PropertyValueSpecification\",\"valueRequired\":true,\"valueName\":\"search_term_string\"}}],\"inLanguage\":\"fr-FR\"},{\"@type\":\"Organization\",\"@id\":\"https:\/\/francois-pelletant.fr\/blog\/#organization\",\"name\":\"Fran\u00e7ois Pelletant\",\"url\":\"https:\/\/francois-pelletant.fr\/blog\/\",\"logo\":{\"@type\":\"ImageObject\",\"inLanguage\":\"fr-FR\",\"@id\":\"https:\/\/francois-pelletant.fr\/blog\/#\/schema\/logo\/image\/\",\"url\":\"https:\/\/francois-pelletant.fr\/blog\/wp-content\/uploads\/2024\/07\/icone-francois-centre-500p.png\",\"contentUrl\":\"https:\/\/francois-pelletant.fr\/blog\/wp-content\/uploads\/2024\/07\/icone-francois-centre-500p.png\",\"width\":559,\"height\":447,\"caption\":\"Fran\u00e7ois Pelletant\"},\"image\":{\"@id\":\"https:\/\/francois-pelletant.fr\/blog\/#\/schema\/logo\/image\/\"},\"sameAs\":[\"https:\/\/www.facebook.com\/francois.pelletant.7\",\"https:\/\/x.com\/pelletant\"]},{\"@type\":\"Person\",\"@id\":\"https:\/\/francois-pelletant.fr\/blog\/#\/schema\/person\/2be41acb171dff8f31aaed1f40cee9f3\",\"name\":\"Francois\"}]}<\/script>\n<!-- \/ Yoast SEO plugin. -->","yoast_head_json":{"title":"Dessins de presse : le meilleur de la semaine - Fran\u00e7ois Pelletant","robots":{"index":"index","follow":"follow","max-snippet":"max-snippet:-1","max-image-preview":"max-image-preview:large","max-video-preview":"max-video-preview:-1"},"canonical":"https:\/\/francois-pelletant.fr\/blog\/dessins-de-presse-le-meilleur-de-la-semaine-3\/","og_locale":"fr_FR","og_type":"article","og_title":"Dessins de presse : le meilleur de la semaine - Fran\u00e7ois Pelletant","og_description":"Bien sur, j&#8217;aurais pu cette semaine s\u00e9lectionner un floril\u00e8ge des illustrations parues dans la presse sur le th\u00e8me de la bataille pour le leadership de l&#8217;UMP&#8230; Il y en a tellement que cela\u00a0fr\u00f4le\u00a0l&#8217;overdose. J&#8217;ai pr\u00e9f\u00e9r\u00e9 s\u00e9lectionner d&#8217;autres th\u00e9matiques telles le mariage homosexuel, le projet d&#8217;a\u00e9roport, l&#8217;augmentation du timbre poste, la gr\u00e8ve de la faim du [&hellip;]","og_url":"https:\/\/francois-pelletant.fr\/blog\/dessins-de-presse-le-meilleur-de-la-semaine-3\/","og_site_name":"Fran\u00e7ois Pelletant","article_publisher":"https:\/\/www.facebook.com\/francois.pelletant.7","article_published_time":"2012-11-25T06:10:35+00:00","og_image":[{"width":580,"height":580,"url":"https:\/\/francois-pelletant.fr\/blog\/wp-content\/uploads\/2012\/11\/urtikan.net-20-novembre.jpg","type":"image\/jpeg"}],"author":"Francois","twitter_card":"summary_large_image","twitter_creator":"@pelletant","twitter_site":"@pelletant","twitter_misc":{"\u00c9crit par":"Francois","Dur\u00e9e de lecture estim\u00e9e":"1 minute"},"schema":{"@context":"https:\/\/schema.org","@graph":[{"@type":"Article","@id":"https:\/\/francois-pelletant.fr\/blog\/dessins-de-presse-le-meilleur-de-la-semaine-3\/#article","isPartOf":{"@id":"https:\/\/francois-pelletant.fr\/blog\/dessins-de-presse-le-meilleur-de-la-semaine-3\/"},"author":{"name":"Francois","@id":"https:\/\/francois-pelletant.fr\/blog\/#\/schema\/person\/2be41acb171dff8f31aaed1f40cee9f3"},"headline":"Dessins de presse : le meilleur de la semaine","datePublished":"2012-11-25T06:10:35+00:00","mainEntityOfPage":{"@id":"https:\/\/francois-pelletant.fr\/blog\/dessins-de-presse-le-meilleur-de-la-semaine-3\/"},"wordCount":168,"commentCount":0,"publisher":{"@id":"https:\/\/francois-pelletant.fr\/blog\/#organization"},"image":{"@id":"https:\/\/francois-pelletant.fr\/blog\/dessins-de-presse-le-meilleur-de-la-semaine-3\/#primaryimage"},"thumbnailUrl":"https:\/\/francois-pelletant.fr\/blog\/wp-content\/uploads\/2012\/11\/urtikan.net-20-novembre.jpg","articleSection":["Prix du meilleur dessin de presse"],"inLanguage":"fr-FR","potentialAction":[{"@type":"CommentAction","name":"Comment","target":["https:\/\/francois-pelletant.fr\/blog\/dessins-de-presse-le-meilleur-de-la-semaine-3\/#respond"]}]},{"@type":"WebPage","@id":"https:\/\/francois-pelletant.fr\/blog\/dessins-de-presse-le-meilleur-de-la-semaine-3\/","url":"https:\/\/francois-pelletant.fr\/blog\/dessins-de-presse-le-meilleur-de-la-semaine-3\/","name":"Dessins de presse : le meilleur de la semaine - Fran\u00e7ois Pelletant","isPartOf":{"@id":"https:\/\/francois-pelletant.fr\/blog\/#website"},"primaryImageOfPage":{"@id":"https:\/\/francois-pelletant.fr\/blog\/dessins-de-presse-le-meilleur-de-la-semaine-3\/#primaryimage"},"image":{"@id":"https:\/\/francois-pelletant.fr\/blog\/dessins-de-presse-le-meilleur-de-la-semaine-3\/#primaryimage"},"thumbnailUrl":"https:\/\/francois-pelletant.fr\/blog\/wp-content\/uploads\/2012\/11\/urtikan.net-20-novembre.jpg","datePublished":"2012-11-25T06:10:35+00:00","breadcrumb":{"@id":"https:\/\/francois-pelletant.fr\/blog\/dessins-de-presse-le-meilleur-de-la-semaine-3\/#breadcrumb"},"inLanguage":"fr-FR","potentialAction":[{"@type":"ReadAction","target":["https:\/\/francois-pelletant.fr\/blog\/dessins-de-presse-le-meilleur-de-la-semaine-3\/"]}]},{"@type":"ImageObject","inLanguage":"fr-FR","@id":"https:\/\/francois-pelletant.fr\/blog\/dessins-de-presse-le-meilleur-de-la-semaine-3\/#primaryimage","url":"https:\/\/francois-pelletant.fr\/blog\/wp-content\/uploads\/2012\/11\/urtikan.net-20-novembre.jpg","contentUrl":"https:\/\/francois-pelletant.fr\/blog\/wp-content\/uploads\/2012\/11\/urtikan.net-20-novembre.jpg","width":580,"height":580,"caption":"urtikan.net 20 novembre"},{"@type":"BreadcrumbList","@id":"https:\/\/francois-pelletant.fr\/blog\/dessins-de-presse-le-meilleur-de-la-semaine-3\/#breadcrumb","itemListElement":[{"@type":"ListItem","position":1,"name":"Accueil","item":"https:\/\/francois-pelletant.fr\/blog\/"},{"@type":"ListItem","position":2,"name":"Dessins de presse : le meilleur de la semaine"}]},{"@type":"WebSite","@id":"https:\/\/francois-pelletant.fr\/blog\/#website","url":"https:\/\/francois-pelletant.fr\/blog\/","name":"Fran\u00e7ois Pelletant","description":"Maire de Linas, pour toujours.","publisher":{"@id":"https:\/\/francois-pelletant.fr\/blog\/#organization"},"potentialAction":[{"@type":"SearchAction","target":{"@type":"EntryPoint","urlTemplate":"https:\/\/francois-pelletant.fr\/blog\/?s={search_term_string}"},"query-input":{"@type":"PropertyValueSpecification","valueRequired":true,"valueName":"search_term_string"}}],"inLanguage":"fr-FR"},{"@type":"Organization","@id":"https:\/\/francois-pelletant.fr\/blog\/#organization","name":"Fran\u00e7ois Pelletant","url":"https:\/\/francois-pelletant.fr\/blog\/","logo":{"@type":"ImageObject","inLanguage":"fr-FR","@id":"https:\/\/francois-pelletant.fr\/blog\/#\/schema\/logo\/image\/","url":"https:\/\/francois-pelletant.fr\/blog\/wp-content\/uploads\/2024\/07\/icone-francois-centre-500p.png","contentUrl":"https:\/\/francois-pelletant.fr\/blog\/wp-content\/uploads\/2024\/07\/icone-francois-centre-500p.png","width":559,"height":447,"caption":"Fran\u00e7ois Pelletant"},"image":{"@id":"https:\/\/francois-pelletant.fr\/blog\/#\/schema\/logo\/image\/"},"sameAs":["https:\/\/www.facebook.com\/francois.pelletant.7","https:\/\/x.com\/pelletant"]},{"@type":"Person","@id":"https:\/\/francois-pelletant.fr\/blog\/#\/schema\/person\/2be41acb171dff8f31aaed1f40cee9f3","name":"Francois"}]}},"_links":{"self":[{"href":"https:\/\/francois-pelletant.fr\/blog\/wp-json\/wp\/v2\/posts\/5784","targetHints":{"allow":["GET"]}}],"collection":[{"href":"https:\/\/francois-pelletant.fr\/blog\/wp-json\/wp\/v2\/posts"}],"about":[{"href":"https:\/\/francois-pelletant.fr\/blog\/wp-json\/wp\/v2\/types\/post"}],"author":[{"embeddable":true,"href":"https:\/\/francois-pelletant.fr\/blog\/wp-json\/wp\/v2\/users\/1"}],"replies":[{"embeddable":true,"href":"https:\/\/francois-pelletant.fr\/blog\/wp-json\/wp\/v2\/comments?post=5784"}],"version-history":[{"count":0,"href":"https:\/\/francois-pelletant.fr\/blog\/wp-json\/wp\/v2\/posts\/5784\/revisions"}],"wp:featuredmedia":[{"embeddable":true,"href":"https:\/\/francois-pelletant.fr\/blog\/wp-json\/wp\/v2\/media\/2815"}],"wp:attachment":[{"href":"https:\/\/francois-pelletant.fr\/blog\/wp-json\/wp\/v2\/media?parent=5784"}],"wp:term":[{"taxonomy":"category","embeddable":true,"href":"https:\/\/francois-pelletant.fr\/blog\/wp-json\/wp\/v2\/categories?post=5784"},{"taxonomy":"post_tag","embeddable":true,"href":"https:\/\/francois-pelletant.fr\/blog\/wp-json\/wp\/v2\/tags?post=5784"}],"curies":[{"name":"wp","href":"https:\/\/api.w.org\/{rel}","templated":true}]}}