{"id":5788,"date":"2012-11-26T11:07:11","date_gmt":"2012-11-26T09:07:11","guid":{"rendered":"https:\/\/francois-pelletant.fr\/blog\/?p=2819"},"modified":"2017-06-26T12:53:33","modified_gmt":"2017-06-26T12:53:33","slug":"cessez-le-feu-en-israel","status":"publish","type":"post","link":"https:\/\/francois-pelletant.fr\/blog\/cessez-le-feu-en-israel\/","title":{"rendered":"Cessez-le feu en Isra\u00ebl : les linois se r\u00e9jouissent"},"content":{"rendered":"<h3><a href=\"https:\/\/francois-pelletant.fr\/blog\/wp-content\/uploads\/2012\/11\/P1351_06-11-09.jpg\"><img loading=\"lazy\" decoding=\"async\" class=\"alignleft size-medium wp-image-2820\" title=\"VIEWTY2\" src=\"https:\/\/francois-pelletant.fr\/blog\/wp-content\/uploads\/2012\/11\/P1351_06-11-09-300x225.jpg\" alt=\"\" width=\"300\" height=\"225\" \/><\/a>Cessez-le feu en Isra\u00ebl : l\u2019Arr\u00eat d&#8217;un conflit<\/h3>\n<p>Les associations d\u2019Anciens Combattants de la ville\u00a0: l\u2019UNC, la Fnaca et l\u2019AACLM, ainsi que la ville de Linas se r\u00e9jouissent du cessez-le feu d\u00e9cr\u00e9t\u00e9 \u00e0 l\u2019issue du conflit en Isra\u00ebl et se f\u00e9licitent du retour \u00e0 la raison de la part des bellig\u00e9rants.<\/p>\n<p>La disproportion des forces en pr\u00e9sence, le nombre de victimes qui touche durement les Palestiniens, \u00e9taient autant de raisons de s\u2019indigner de la situation actuelle. La guerre est une\u00a0horreur et c\u2019est \u00e9galement le pire moyen de r\u00e9soudre les conflits.<\/p>\n<p>La ville de Linas se r\u00e9jouit donc de l\u2019arr\u00eat\u00a0de ce conflit\u00a0disproportionn\u00e9\u00a0et in\u00e9quitable. Rappelons pour m\u00e9moire que je m\u2019\u00e9tais d\u00e9j\u00e0 personnellement fortement\u00a0 impliqu\u00e9 dans la situation des Palestiniens en me rendant sur place en novembre 2009, dans la bande de Gaza, afin d\u2019y rencontrer les autorit\u00e9s et les populations et apr\u00e8s avoir rencontr\u00e9 des personnalit\u00e9s politiques isra\u00e9liennes en 2008. Mon reportage r\u00e9alis\u00e9 est consultable sur mon site Internet <a href=\"http:\/\/www.francois-pelletant.fr\/\">http:\/\/www.francois-pelletant.fr<\/a> <\/p>\n","protected":false},"excerpt":{"rendered":"<p>Cessez-le feu en Isra\u00ebl : l\u2019Arr\u00eat d&#8217;un conflit Les associations d\u2019Anciens Combattants de la ville\u00a0: l\u2019UNC, la Fnaca et l\u2019AACLM, ainsi que la ville de Linas se r\u00e9jouissent du cessez-le feu d\u00e9cr\u00e9t\u00e9 \u00e0 l\u2019issue du conflit en Isra\u00ebl et se f\u00e9licitent du retour \u00e0 la raison de la part des bellig\u00e9rants. La disproportion des forces [&hellip;]<\/p>\n","protected":false},"author":1,"featured_media":2829,"comment_status":"open","ping_status":"open","sticky":false,"template":"","format":"standard","meta":{"footnotes":""},"categories":[16],"tags":[],"class_list":["post-5788","post","type-post","status-publish","format-standard","has-post-thumbnail","hentry","category-prises-de-positions"],"yoast_head":"<!-- This site is optimized with the Yoast SEO plugin v25.6 - https:\/\/yoast.com\/wordpress\/plugins\/seo\/ -->\n<title>Cessez-le feu en Isra\u00ebl : les linois se r\u00e9jouissent - Fran\u00e7ois Pelletant<\/title>\n<meta name=\"description\" content=\"Linas se r\u00e9jouissent du cessez-le feu d\u00e9cr\u00e9t\u00e9 \u00e0 l\u2019issue du conflit en Isra\u00ebl et se f\u00e9licitent du retour \u00e0 la raison des bellig\u00e9rants.\" \/>\n<meta name=\"robots\" content=\"index, follow, max-snippet:-1, max-image-preview:large, max-video-preview:-1\" \/>\n<link rel=\"canonical\" href=\"https:\/\/francois-pelletant.fr\/blog\/cessez-le-feu-en-israel\/\" \/>\n<meta property=\"og:locale\" content=\"fr_FR\" \/>\n<meta property=\"og:type\" content=\"article\" \/>\n<meta property=\"og:title\" content=\"Cessez-le feu en Isra\u00ebl : les linois se r\u00e9jouissent - Fran\u00e7ois Pelletant\" \/>\n<meta property=\"og:description\" content=\"Linas se r\u00e9jouissent du cessez-le feu d\u00e9cr\u00e9t\u00e9 \u00e0 l\u2019issue du conflit en Isra\u00ebl et se f\u00e9licitent du retour \u00e0 la raison des bellig\u00e9rants.\" \/>\n<meta property=\"og:url\" content=\"https:\/\/francois-pelletant.fr\/blog\/cessez-le-feu-en-israel\/\" \/>\n<meta property=\"og:site_name\" content=\"Fran\u00e7ois Pelletant\" \/>\n<meta property=\"article:publisher\" content=\"https:\/\/www.facebook.com\/francois.pelletant.7\" \/>\n<meta property=\"article:published_time\" content=\"2012-11-26T09:07:11+00:00\" \/>\n<meta property=\"article:modified_time\" content=\"2017-06-26T12:53:33+00:00\" \/>\n<meta property=\"og:image\" content=\"https:\/\/francois-pelletant.fr\/blog\/wp-content\/uploads\/2012\/11\/P1351_06-11-09-scaled.jpg\" \/>\n\t<meta property=\"og:image:width\" content=\"2560\" \/>\n\t<meta property=\"og:image:height\" content=\"1920\" \/>\n\t<meta property=\"og:image:type\" content=\"image\/jpeg\" \/>\n<meta name=\"author\" content=\"Francois\" \/>\n<meta name=\"twitter:card\" content=\"summary_large_image\" \/>\n<meta name=\"twitter:creator\" content=\"@pelletant\" \/>\n<meta name=\"twitter:site\" content=\"@pelletant\" \/>\n<meta name=\"twitter:label1\" content=\"\u00c9crit par\" \/>\n\t<meta name=\"twitter:data1\" content=\"Francois\" \/>\n\t<meta name=\"twitter:label2\" content=\"Dur\u00e9e de lecture estim\u00e9e\" \/>\n\t<meta name=\"twitter:data2\" content=\"1 minute\" \/>\n<script type=\"application\/ld+json\" class=\"yoast-schema-graph\">{\"@context\":\"https:\/\/schema.org\",\"@graph\":[{\"@type\":\"Article\",\"@id\":\"https:\/\/francois-pelletant.fr\/blog\/cessez-le-feu-en-israel\/#article\",\"isPartOf\":{\"@id\":\"https:\/\/francois-pelletant.fr\/blog\/cessez-le-feu-en-israel\/\"},\"author\":{\"name\":\"Francois\",\"@id\":\"https:\/\/francois-pelletant.fr\/blog\/#\/schema\/person\/2be41acb171dff8f31aaed1f40cee9f3\"},\"headline\":\"Cessez-le feu en Isra\u00ebl : les linois se r\u00e9jouissent\",\"datePublished\":\"2012-11-26T09:07:11+00:00\",\"dateModified\":\"2017-06-26T12:53:33+00:00\",\"mainEntityOfPage\":{\"@id\":\"https:\/\/francois-pelletant.fr\/blog\/cessez-le-feu-en-israel\/\"},\"wordCount\":201,\"commentCount\":0,\"publisher\":{\"@id\":\"https:\/\/francois-pelletant.fr\/blog\/#organization\"},\"image\":{\"@id\":\"https:\/\/francois-pelletant.fr\/blog\/cessez-le-feu-en-israel\/#primaryimage\"},\"thumbnailUrl\":\"https:\/\/francois-pelletant.fr\/blog\/wp-content\/uploads\/2012\/11\/P1351_06-11-09-scaled.jpg\",\"articleSection\":[\"Prises de positions\"],\"inLanguage\":\"fr-FR\",\"potentialAction\":[{\"@type\":\"CommentAction\",\"name\":\"Comment\",\"target\":[\"https:\/\/francois-pelletant.fr\/blog\/cessez-le-feu-en-israel\/#respond\"]}]},{\"@type\":\"WebPage\",\"@id\":\"https:\/\/francois-pelletant.fr\/blog\/cessez-le-feu-en-israel\/\",\"url\":\"https:\/\/francois-pelletant.fr\/blog\/cessez-le-feu-en-israel\/\",\"name\":\"Cessez-le feu en Isra\u00ebl : les linois se r\u00e9jouissent - Fran\u00e7ois Pelletant\",\"isPartOf\":{\"@id\":\"https:\/\/francois-pelletant.fr\/blog\/#website\"},\"primaryImageOfPage\":{\"@id\":\"https:\/\/francois-pelletant.fr\/blog\/cessez-le-feu-en-israel\/#primaryimage\"},\"image\":{\"@id\":\"https:\/\/francois-pelletant.fr\/blog\/cessez-le-feu-en-israel\/#primaryimage\"},\"thumbnailUrl\":\"https:\/\/francois-pelletant.fr\/blog\/wp-content\/uploads\/2012\/11\/P1351_06-11-09-scaled.jpg\",\"datePublished\":\"2012-11-26T09:07:11+00:00\",\"dateModified\":\"2017-06-26T12:53:33+00:00\",\"description\":\"Linas se r\u00e9jouissent du cessez-le feu d\u00e9cr\u00e9t\u00e9 \u00e0 l\u2019issue du conflit en Isra\u00ebl et se f\u00e9licitent du retour \u00e0 la raison des bellig\u00e9rants.\",\"breadcrumb\":{\"@id\":\"https:\/\/francois-pelletant.fr\/blog\/cessez-le-feu-en-israel\/#breadcrumb\"},\"inLanguage\":\"fr-FR\",\"potentialAction\":[{\"@type\":\"ReadAction\",\"target\":[\"https:\/\/francois-pelletant.fr\/blog\/cessez-le-feu-en-israel\/\"]}]},{\"@type\":\"ImageObject\",\"inLanguage\":\"fr-FR\",\"@id\":\"https:\/\/francois-pelletant.fr\/blog\/cessez-le-feu-en-israel\/#primaryimage\",\"url\":\"https:\/\/francois-pelletant.fr\/blog\/wp-content\/uploads\/2012\/11\/P1351_06-11-09-scaled.jpg\",\"contentUrl\":\"https:\/\/francois-pelletant.fr\/blog\/wp-content\/uploads\/2012\/11\/P1351_06-11-09-scaled.jpg\",\"width\":2560,\"height\":1920},{\"@type\":\"BreadcrumbList\",\"@id\":\"https:\/\/francois-pelletant.fr\/blog\/cessez-le-feu-en-israel\/#breadcrumb\",\"itemListElement\":[{\"@type\":\"ListItem\",\"position\":1,\"name\":\"Accueil\",\"item\":\"https:\/\/francois-pelletant.fr\/blog\/\"},{\"@type\":\"ListItem\",\"position\":2,\"name\":\"Cessez-le feu en Isra\u00ebl : les linois se r\u00e9jouissent\"}]},{\"@type\":\"WebSite\",\"@id\":\"https:\/\/francois-pelletant.fr\/blog\/#website\",\"url\":\"https:\/\/francois-pelletant.fr\/blog\/\",\"name\":\"Fran\u00e7ois Pelletant\",\"description\":\"Maire de Linas, pour toujours.\",\"publisher\":{\"@id\":\"https:\/\/francois-pelletant.fr\/blog\/#organization\"},\"potentialAction\":[{\"@type\":\"SearchAction\",\"target\":{\"@type\":\"EntryPoint\",\"urlTemplate\":\"https:\/\/francois-pelletant.fr\/blog\/?s={search_term_string}\"},\"query-input\":{\"@type\":\"PropertyValueSpecification\",\"valueRequired\":true,\"valueName\":\"search_term_string\"}}],\"inLanguage\":\"fr-FR\"},{\"@type\":\"Organization\",\"@id\":\"https:\/\/francois-pelletant.fr\/blog\/#organization\",\"name\":\"Fran\u00e7ois Pelletant\",\"url\":\"https:\/\/francois-pelletant.fr\/blog\/\",\"logo\":{\"@type\":\"ImageObject\",\"inLanguage\":\"fr-FR\",\"@id\":\"https:\/\/francois-pelletant.fr\/blog\/#\/schema\/logo\/image\/\",\"url\":\"https:\/\/francois-pelletant.fr\/blog\/wp-content\/uploads\/2024\/07\/icone-francois-centre-500p.png\",\"contentUrl\":\"https:\/\/francois-pelletant.fr\/blog\/wp-content\/uploads\/2024\/07\/icone-francois-centre-500p.png\",\"width\":559,\"height\":447,\"caption\":\"Fran\u00e7ois Pelletant\"},\"image\":{\"@id\":\"https:\/\/francois-pelletant.fr\/blog\/#\/schema\/logo\/image\/\"},\"sameAs\":[\"https:\/\/www.facebook.com\/francois.pelletant.7\",\"https:\/\/x.com\/pelletant\"]},{\"@type\":\"Person\",\"@id\":\"https:\/\/francois-pelletant.fr\/blog\/#\/schema\/person\/2be41acb171dff8f31aaed1f40cee9f3\",\"name\":\"Francois\"}]}<\/script>\n<!-- \/ Yoast SEO plugin. -->","yoast_head_json":{"title":"Cessez-le feu en Isra\u00ebl : les linois se r\u00e9jouissent - Fran\u00e7ois Pelletant","description":"Linas se r\u00e9jouissent du cessez-le feu d\u00e9cr\u00e9t\u00e9 \u00e0 l\u2019issue du conflit en Isra\u00ebl et se f\u00e9licitent du retour \u00e0 la raison des bellig\u00e9rants.","robots":{"index":"index","follow":"follow","max-snippet":"max-snippet:-1","max-image-preview":"max-image-preview:large","max-video-preview":"max-video-preview:-1"},"canonical":"https:\/\/francois-pelletant.fr\/blog\/cessez-le-feu-en-israel\/","og_locale":"fr_FR","og_type":"article","og_title":"Cessez-le feu en Isra\u00ebl : les linois se r\u00e9jouissent - Fran\u00e7ois Pelletant","og_description":"Linas se r\u00e9jouissent du cessez-le feu d\u00e9cr\u00e9t\u00e9 \u00e0 l\u2019issue du conflit en Isra\u00ebl et se f\u00e9licitent du retour \u00e0 la raison des bellig\u00e9rants.","og_url":"https:\/\/francois-pelletant.fr\/blog\/cessez-le-feu-en-israel\/","og_site_name":"Fran\u00e7ois Pelletant","article_publisher":"https:\/\/www.facebook.com\/francois.pelletant.7","article_published_time":"2012-11-26T09:07:11+00:00","article_modified_time":"2017-06-26T12:53:33+00:00","og_image":[{"width":2560,"height":1920,"url":"https:\/\/francois-pelletant.fr\/blog\/wp-content\/uploads\/2012\/11\/P1351_06-11-09-scaled.jpg","type":"image\/jpeg"}],"author":"Francois","twitter_card":"summary_large_image","twitter_creator":"@pelletant","twitter_site":"@pelletant","twitter_misc":{"\u00c9crit par":"Francois","Dur\u00e9e de lecture estim\u00e9e":"1 minute"},"schema":{"@context":"https:\/\/schema.org","@graph":[{"@type":"Article","@id":"https:\/\/francois-pelletant.fr\/blog\/cessez-le-feu-en-israel\/#article","isPartOf":{"@id":"https:\/\/francois-pelletant.fr\/blog\/cessez-le-feu-en-israel\/"},"author":{"name":"Francois","@id":"https:\/\/francois-pelletant.fr\/blog\/#\/schema\/person\/2be41acb171dff8f31aaed1f40cee9f3"},"headline":"Cessez-le feu en Isra\u00ebl : les linois se r\u00e9jouissent","datePublished":"2012-11-26T09:07:11+00:00","dateModified":"2017-06-26T12:53:33+00:00","mainEntityOfPage":{"@id":"https:\/\/francois-pelletant.fr\/blog\/cessez-le-feu-en-israel\/"},"wordCount":201,"commentCount":0,"publisher":{"@id":"https:\/\/francois-pelletant.fr\/blog\/#organization"},"image":{"@id":"https:\/\/francois-pelletant.fr\/blog\/cessez-le-feu-en-israel\/#primaryimage"},"thumbnailUrl":"https:\/\/francois-pelletant.fr\/blog\/wp-content\/uploads\/2012\/11\/P1351_06-11-09-scaled.jpg","articleSection":["Prises de positions"],"inLanguage":"fr-FR","potentialAction":[{"@type":"CommentAction","name":"Comment","target":["https:\/\/francois-pelletant.fr\/blog\/cessez-le-feu-en-israel\/#respond"]}]},{"@type":"WebPage","@id":"https:\/\/francois-pelletant.fr\/blog\/cessez-le-feu-en-israel\/","url":"https:\/\/francois-pelletant.fr\/blog\/cessez-le-feu-en-israel\/","name":"Cessez-le feu en Isra\u00ebl : les linois se r\u00e9jouissent - Fran\u00e7ois Pelletant","isPartOf":{"@id":"https:\/\/francois-pelletant.fr\/blog\/#website"},"primaryImageOfPage":{"@id":"https:\/\/francois-pelletant.fr\/blog\/cessez-le-feu-en-israel\/#primaryimage"},"image":{"@id":"https:\/\/francois-pelletant.fr\/blog\/cessez-le-feu-en-israel\/#primaryimage"},"thumbnailUrl":"https:\/\/francois-pelletant.fr\/blog\/wp-content\/uploads\/2012\/11\/P1351_06-11-09-scaled.jpg","datePublished":"2012-11-26T09:07:11+00:00","dateModified":"2017-06-26T12:53:33+00:00","description":"Linas se r\u00e9jouissent du cessez-le feu d\u00e9cr\u00e9t\u00e9 \u00e0 l\u2019issue du conflit en Isra\u00ebl et se f\u00e9licitent du retour \u00e0 la raison des bellig\u00e9rants.","breadcrumb":{"@id":"https:\/\/francois-pelletant.fr\/blog\/cessez-le-feu-en-israel\/#breadcrumb"},"inLanguage":"fr-FR","potentialAction":[{"@type":"ReadAction","target":["https:\/\/francois-pelletant.fr\/blog\/cessez-le-feu-en-israel\/"]}]},{"@type":"ImageObject","inLanguage":"fr-FR","@id":"https:\/\/francois-pelletant.fr\/blog\/cessez-le-feu-en-israel\/#primaryimage","url":"https:\/\/francois-pelletant.fr\/blog\/wp-content\/uploads\/2012\/11\/P1351_06-11-09-scaled.jpg","contentUrl":"https:\/\/francois-pelletant.fr\/blog\/wp-content\/uploads\/2012\/11\/P1351_06-11-09-scaled.jpg","width":2560,"height":1920},{"@type":"BreadcrumbList","@id":"https:\/\/francois-pelletant.fr\/blog\/cessez-le-feu-en-israel\/#breadcrumb","itemListElement":[{"@type":"ListItem","position":1,"name":"Accueil","item":"https:\/\/francois-pelletant.fr\/blog\/"},{"@type":"ListItem","position":2,"name":"Cessez-le feu en Isra\u00ebl : les linois se r\u00e9jouissent"}]},{"@type":"WebSite","@id":"https:\/\/francois-pelletant.fr\/blog\/#website","url":"https:\/\/francois-pelletant.fr\/blog\/","name":"Fran\u00e7ois Pelletant","description":"Maire de Linas, pour toujours.","publisher":{"@id":"https:\/\/francois-pelletant.fr\/blog\/#organization"},"potentialAction":[{"@type":"SearchAction","target":{"@type":"EntryPoint","urlTemplate":"https:\/\/francois-pelletant.fr\/blog\/?s={search_term_string}"},"query-input":{"@type":"PropertyValueSpecification","valueRequired":true,"valueName":"search_term_string"}}],"inLanguage":"fr-FR"},{"@type":"Organization","@id":"https:\/\/francois-pelletant.fr\/blog\/#organization","name":"Fran\u00e7ois Pelletant","url":"https:\/\/francois-pelletant.fr\/blog\/","logo":{"@type":"ImageObject","inLanguage":"fr-FR","@id":"https:\/\/francois-pelletant.fr\/blog\/#\/schema\/logo\/image\/","url":"https:\/\/francois-pelletant.fr\/blog\/wp-content\/uploads\/2024\/07\/icone-francois-centre-500p.png","contentUrl":"https:\/\/francois-pelletant.fr\/blog\/wp-content\/uploads\/2024\/07\/icone-francois-centre-500p.png","width":559,"height":447,"caption":"Fran\u00e7ois Pelletant"},"image":{"@id":"https:\/\/francois-pelletant.fr\/blog\/#\/schema\/logo\/image\/"},"sameAs":["https:\/\/www.facebook.com\/francois.pelletant.7","https:\/\/x.com\/pelletant"]},{"@type":"Person","@id":"https:\/\/francois-pelletant.fr\/blog\/#\/schema\/person\/2be41acb171dff8f31aaed1f40cee9f3","name":"Francois"}]}},"_links":{"self":[{"href":"https:\/\/francois-pelletant.fr\/blog\/wp-json\/wp\/v2\/posts\/5788","targetHints":{"allow":["GET"]}}],"collection":[{"href":"https:\/\/francois-pelletant.fr\/blog\/wp-json\/wp\/v2\/posts"}],"about":[{"href":"https:\/\/francois-pelletant.fr\/blog\/wp-json\/wp\/v2\/types\/post"}],"author":[{"embeddable":true,"href":"https:\/\/francois-pelletant.fr\/blog\/wp-json\/wp\/v2\/users\/1"}],"replies":[{"embeddable":true,"href":"https:\/\/francois-pelletant.fr\/blog\/wp-json\/wp\/v2\/comments?post=5788"}],"version-history":[{"count":0,"href":"https:\/\/francois-pelletant.fr\/blog\/wp-json\/wp\/v2\/posts\/5788\/revisions"}],"wp:featuredmedia":[{"embeddable":true,"href":"https:\/\/francois-pelletant.fr\/blog\/wp-json\/wp\/v2\/media\/2829"}],"wp:attachment":[{"href":"https:\/\/francois-pelletant.fr\/blog\/wp-json\/wp\/v2\/media?parent=5788"}],"wp:term":[{"taxonomy":"category","embeddable":true,"href":"https:\/\/francois-pelletant.fr\/blog\/wp-json\/wp\/v2\/categories?post=5788"},{"taxonomy":"post_tag","embeddable":true,"href":"https:\/\/francois-pelletant.fr\/blog\/wp-json\/wp\/v2\/tags?post=5788"}],"curies":[{"name":"wp","href":"https:\/\/api.w.org\/{rel}","templated":true}]}}