{"id":5796,"date":"2012-12-02T08:41:31","date_gmt":"2012-12-02T06:41:31","guid":{"rendered":"https:\/\/francois-pelletant.fr\/blog\/?p=2835"},"modified":"2012-12-02T08:41:31","modified_gmt":"2012-12-02T06:41:31","slug":"illustrations-de-presse-le-meilleur-de-la-semaine","status":"publish","type":"post","link":"https:\/\/francois-pelletant.fr\/blog\/illustrations-de-presse-le-meilleur-de-la-semaine\/","title":{"rendered":"Illustrations de presse : le meilleur de la semaine"},"content":{"rendered":"<figure id=\"attachment_2836\" aria-describedby=\"caption-attachment-2836\" style=\"width: 300px\" class=\"wp-caption alignleft\"><a href=\"https:\/\/francois-pelletant.fr\/blog\/wp-content\/uploads\/2012\/11\/urtikan.net-28-novembre.jpg\"><img loading=\"lazy\" decoding=\"async\" class=\"size-medium wp-image-2836\" title=\"urtikan.net 28 novembre\" src=\"https:\/\/francois-pelletant.fr\/blog\/wp-content\/uploads\/2012\/11\/urtikan.net-28-novembre-300x300.jpg\" alt=\"\" width=\"300\" height=\"300\" \/><\/a><figcaption id=\"caption-attachment-2836\" class=\"wp-caption-text\">urtikan.net 28 novembre<\/figcaption><\/figure>\n<p>Une fois n&#8217;est pas coutume, ma nouvelle s\u00e9lection des dessins de presse fait la part belle \u00e0 la politique \u00e9conomique : pol\u00e9mique autour de la nationalisation d&#8217;Arcelor Mittal, budget europ\u00e9en chahut\u00e9, hausse programm\u00e9e du prix de l&#8217;essence \u00e0 la pompe&#8230; Une actualit\u00e9 dense et inqui\u00e9tante.<\/p>\n<p>&nbsp;<\/p>\n<figure id=\"attachment_2837\" aria-describedby=\"caption-attachment-2837\" style=\"width: 224px\" class=\"wp-caption aligncenter\"><a href=\"https:\/\/francois-pelletant.fr\/blog\/wp-content\/uploads\/2012\/11\/marianne-24-novembre1.jpg\"><img loading=\"lazy\" decoding=\"async\" class=\"size-medium wp-image-2837\" title=\"Marianne 24 novembre\" src=\"https:\/\/francois-pelletant.fr\/blog\/wp-content\/uploads\/2012\/11\/marianne-24-novembre1-224x300.jpg\" alt=\"\" width=\"224\" height=\"300\" \/><\/a><figcaption id=\"caption-attachment-2837\" class=\"wp-caption-text\">Marianne 24 novembre<\/figcaption><\/figure>\n<p>&nbsp;<\/p>\n<figure id=\"attachment_2838\" aria-describedby=\"caption-attachment-2838\" style=\"width: 191px\" class=\"wp-caption aligncenter\"><a href=\"https:\/\/francois-pelletant.fr\/blog\/wp-content\/uploads\/2012\/11\/marianne-2-24novembre.jpg\"><img loading=\"lazy\" decoding=\"async\" class=\"size-medium wp-image-2838\" title=\"marianne 2 24novembre\" src=\"https:\/\/francois-pelletant.fr\/blog\/wp-content\/uploads\/2012\/11\/marianne-2-24novembre-191x300.jpg\" alt=\"\" width=\"191\" height=\"300\" \/><\/a><figcaption id=\"caption-attachment-2838\" class=\"wp-caption-text\">Marianne 24 novembre<\/figcaption><\/figure>\n<p>&nbsp;<\/p>\n<figure id=\"attachment_2839\" aria-describedby=\"caption-attachment-2839\" style=\"width: 300px\" class=\"wp-caption aligncenter\"><a href=\"https:\/\/francois-pelletant.fr\/blog\/wp-content\/uploads\/2012\/11\/le-parisien-29-novembre1.jpg\"><img loading=\"lazy\" decoding=\"async\" class=\"size-medium wp-image-2839\" title=\"le parisien 29 novembre\" src=\"https:\/\/francois-pelletant.fr\/blog\/wp-content\/uploads\/2012\/11\/le-parisien-29-novembre1-300x269.jpg\" alt=\"\" width=\"300\" height=\"269\" \/><\/a><figcaption id=\"caption-attachment-2839\" class=\"wp-caption-text\">le parisien 29 novembre<\/figcaption><\/figure>\n<p>&nbsp;<\/p>\n<figure id=\"attachment_2840\" aria-describedby=\"caption-attachment-2840\" style=\"width: 300px\" class=\"wp-caption aligncenter\"><a href=\"https:\/\/francois-pelletant.fr\/blog\/wp-content\/uploads\/2012\/11\/le-courrier-picard-25-novembre.jpg\"><img loading=\"lazy\" decoding=\"async\" class=\"size-medium wp-image-2840\" title=\"dalals\" src=\"https:\/\/francois-pelletant.fr\/blog\/wp-content\/uploads\/2012\/11\/le-courrier-picard-25-novembre-300x237.jpg\" alt=\"\" width=\"300\" height=\"237\" \/><\/a><figcaption id=\"caption-attachment-2840\" class=\"wp-caption-text\">Le Courrier Picard 25 novembre<\/figcaption><\/figure>\n<p>&nbsp;<\/p>\n<figure id=\"attachment_2841\" aria-describedby=\"caption-attachment-2841\" style=\"width: 286px\" class=\"wp-caption aligncenter\"><a href=\"https:\/\/francois-pelletant.fr\/blog\/wp-content\/uploads\/2012\/11\/le-canard-enchain\u00e9-28-novembre.jpg\"><img loading=\"lazy\" decoding=\"async\" class=\"size-medium wp-image-2841\" title=\"le canard enchain\u00e9 28 novembre\" src=\"https:\/\/francois-pelletant.fr\/blog\/wp-content\/uploads\/2012\/11\/le-canard-enchain\u00e9-28-novembre-286x300.jpg\" alt=\"\" width=\"286\" height=\"300\" \/><\/a><figcaption id=\"caption-attachment-2841\" class=\"wp-caption-text\">le canard enchain\u00e9 28 novembre<\/figcaption><\/figure>\n","protected":false},"excerpt":{"rendered":"<p>Une fois n&#8217;est pas coutume, ma nouvelle s\u00e9lection des dessins de presse fait la part belle \u00e0 la politique \u00e9conomique : pol\u00e9mique autour de la nationalisation d&#8217;Arcelor Mittal, budget europ\u00e9en chahut\u00e9, hausse programm\u00e9e du prix de l&#8217;essence \u00e0 la pompe&#8230; Une actualit\u00e9 dense et inqui\u00e9tante. &nbsp; &nbsp; &nbsp; &nbsp; &nbsp;<\/p>\n","protected":false},"author":1,"featured_media":2839,"comment_status":"open","ping_status":"open","sticky":false,"template":"","format":"standard","meta":{"footnotes":""},"categories":[10,17],"tags":[],"class_list":["post-5796","post","type-post","status-publish","format-standard","has-post-thumbnail","hentry","category-1pelletant","category-prix-du-meilleur-dessin-de-presse"],"yoast_head":"<!-- This site is optimized with the Yoast SEO plugin v25.6 - https:\/\/yoast.com\/wordpress\/plugins\/seo\/ -->\n<title>Illustrations de presse : le meilleur de la semaine - Fran\u00e7ois Pelletant<\/title>\n<meta name=\"robots\" content=\"index, follow, max-snippet:-1, max-image-preview:large, max-video-preview:-1\" \/>\n<link rel=\"canonical\" href=\"https:\/\/francois-pelletant.fr\/blog\/illustrations-de-presse-le-meilleur-de-la-semaine\/\" \/>\n<meta property=\"og:locale\" content=\"fr_FR\" \/>\n<meta property=\"og:type\" content=\"article\" \/>\n<meta property=\"og:title\" content=\"Illustrations de presse : le meilleur de la semaine - Fran\u00e7ois Pelletant\" \/>\n<meta property=\"og:description\" content=\"Une fois n&#8217;est pas coutume, ma nouvelle s\u00e9lection des dessins de presse fait la part belle \u00e0 la politique \u00e9conomique : pol\u00e9mique autour de la nationalisation d&#8217;Arcelor Mittal, budget europ\u00e9en chahut\u00e9, hausse programm\u00e9e du prix de l&#8217;essence \u00e0 la pompe&#8230; Une actualit\u00e9 dense et inqui\u00e9tante. &nbsp; &nbsp; &nbsp; &nbsp; &nbsp;\" \/>\n<meta property=\"og:url\" content=\"https:\/\/francois-pelletant.fr\/blog\/illustrations-de-presse-le-meilleur-de-la-semaine\/\" \/>\n<meta property=\"og:site_name\" content=\"Fran\u00e7ois Pelletant\" \/>\n<meta property=\"article:publisher\" content=\"https:\/\/www.facebook.com\/francois.pelletant.7\" \/>\n<meta property=\"article:published_time\" content=\"2012-12-02T06:41:31+00:00\" \/>\n<meta property=\"og:image\" content=\"https:\/\/francois-pelletant.fr\/blog\/wp-content\/uploads\/2012\/11\/urtikan.net-28-novembre.jpg\" \/>\n\t<meta property=\"og:image:width\" content=\"580\" \/>\n\t<meta property=\"og:image:height\" content=\"580\" \/>\n\t<meta property=\"og:image:type\" content=\"image\/jpeg\" \/>\n<meta name=\"author\" content=\"Francois\" \/>\n<meta name=\"twitter:card\" content=\"summary_large_image\" \/>\n<meta name=\"twitter:creator\" content=\"@pelletant\" \/>\n<meta name=\"twitter:site\" content=\"@pelletant\" \/>\n<meta name=\"twitter:label1\" content=\"\u00c9crit par\" \/>\n\t<meta name=\"twitter:data1\" content=\"Francois\" \/>\n\t<meta name=\"twitter:label2\" content=\"Dur\u00e9e de lecture estim\u00e9e\" \/>\n\t<meta name=\"twitter:data2\" content=\"1 minute\" \/>\n<script type=\"application\/ld+json\" class=\"yoast-schema-graph\">{\"@context\":\"https:\/\/schema.org\",\"@graph\":[{\"@type\":\"Article\",\"@id\":\"https:\/\/francois-pelletant.fr\/blog\/illustrations-de-presse-le-meilleur-de-la-semaine\/#article\",\"isPartOf\":{\"@id\":\"https:\/\/francois-pelletant.fr\/blog\/illustrations-de-presse-le-meilleur-de-la-semaine\/\"},\"author\":{\"name\":\"Francois\",\"@id\":\"https:\/\/francois-pelletant.fr\/blog\/#\/schema\/person\/2be41acb171dff8f31aaed1f40cee9f3\"},\"headline\":\"Illustrations de presse : le meilleur de la semaine\",\"datePublished\":\"2012-12-02T06:41:31+00:00\",\"mainEntityOfPage\":{\"@id\":\"https:\/\/francois-pelletant.fr\/blog\/illustrations-de-presse-le-meilleur-de-la-semaine\/\"},\"wordCount\":129,\"commentCount\":0,\"publisher\":{\"@id\":\"https:\/\/francois-pelletant.fr\/blog\/#organization\"},\"image\":{\"@id\":\"https:\/\/francois-pelletant.fr\/blog\/illustrations-de-presse-le-meilleur-de-la-semaine\/#primaryimage\"},\"thumbnailUrl\":\"https:\/\/francois-pelletant.fr\/blog\/wp-content\/uploads\/2012\/11\/urtikan.net-28-novembre.jpg\",\"articleSection\":[\"Infos\",\"Prix du meilleur dessin de presse\"],\"inLanguage\":\"fr-FR\",\"potentialAction\":[{\"@type\":\"CommentAction\",\"name\":\"Comment\",\"target\":[\"https:\/\/francois-pelletant.fr\/blog\/illustrations-de-presse-le-meilleur-de-la-semaine\/#respond\"]}]},{\"@type\":\"WebPage\",\"@id\":\"https:\/\/francois-pelletant.fr\/blog\/illustrations-de-presse-le-meilleur-de-la-semaine\/\",\"url\":\"https:\/\/francois-pelletant.fr\/blog\/illustrations-de-presse-le-meilleur-de-la-semaine\/\",\"name\":\"Illustrations de presse : le meilleur de la semaine - Fran\u00e7ois Pelletant\",\"isPartOf\":{\"@id\":\"https:\/\/francois-pelletant.fr\/blog\/#website\"},\"primaryImageOfPage\":{\"@id\":\"https:\/\/francois-pelletant.fr\/blog\/illustrations-de-presse-le-meilleur-de-la-semaine\/#primaryimage\"},\"image\":{\"@id\":\"https:\/\/francois-pelletant.fr\/blog\/illustrations-de-presse-le-meilleur-de-la-semaine\/#primaryimage\"},\"thumbnailUrl\":\"https:\/\/francois-pelletant.fr\/blog\/wp-content\/uploads\/2012\/11\/urtikan.net-28-novembre.jpg\",\"datePublished\":\"2012-12-02T06:41:31+00:00\",\"breadcrumb\":{\"@id\":\"https:\/\/francois-pelletant.fr\/blog\/illustrations-de-presse-le-meilleur-de-la-semaine\/#breadcrumb\"},\"inLanguage\":\"fr-FR\",\"potentialAction\":[{\"@type\":\"ReadAction\",\"target\":[\"https:\/\/francois-pelletant.fr\/blog\/illustrations-de-presse-le-meilleur-de-la-semaine\/\"]}]},{\"@type\":\"ImageObject\",\"inLanguage\":\"fr-FR\",\"@id\":\"https:\/\/francois-pelletant.fr\/blog\/illustrations-de-presse-le-meilleur-de-la-semaine\/#primaryimage\",\"url\":\"https:\/\/francois-pelletant.fr\/blog\/wp-content\/uploads\/2012\/11\/urtikan.net-28-novembre.jpg\",\"contentUrl\":\"https:\/\/francois-pelletant.fr\/blog\/wp-content\/uploads\/2012\/11\/urtikan.net-28-novembre.jpg\",\"width\":580,\"height\":580,\"caption\":\"urtikan.net 28 novembre\"},{\"@type\":\"BreadcrumbList\",\"@id\":\"https:\/\/francois-pelletant.fr\/blog\/illustrations-de-presse-le-meilleur-de-la-semaine\/#breadcrumb\",\"itemListElement\":[{\"@type\":\"ListItem\",\"position\":1,\"name\":\"Accueil\",\"item\":\"https:\/\/francois-pelletant.fr\/blog\/\"},{\"@type\":\"ListItem\",\"position\":2,\"name\":\"Illustrations de presse : le meilleur de la semaine\"}]},{\"@type\":\"WebSite\",\"@id\":\"https:\/\/francois-pelletant.fr\/blog\/#website\",\"url\":\"https:\/\/francois-pelletant.fr\/blog\/\",\"name\":\"Fran\u00e7ois Pelletant\",\"description\":\"Maire de Linas, pour toujours.\",\"publisher\":{\"@id\":\"https:\/\/francois-pelletant.fr\/blog\/#organization\"},\"potentialAction\":[{\"@type\":\"SearchAction\",\"target\":{\"@type\":\"EntryPoint\",\"urlTemplate\":\"https:\/\/francois-pelletant.fr\/blog\/?s={search_term_string}\"},\"query-input\":{\"@type\":\"PropertyValueSpecification\",\"valueRequired\":true,\"valueName\":\"search_term_string\"}}],\"inLanguage\":\"fr-FR\"},{\"@type\":\"Organization\",\"@id\":\"https:\/\/francois-pelletant.fr\/blog\/#organization\",\"name\":\"Fran\u00e7ois Pelletant\",\"url\":\"https:\/\/francois-pelletant.fr\/blog\/\",\"logo\":{\"@type\":\"ImageObject\",\"inLanguage\":\"fr-FR\",\"@id\":\"https:\/\/francois-pelletant.fr\/blog\/#\/schema\/logo\/image\/\",\"url\":\"https:\/\/francois-pelletant.fr\/blog\/wp-content\/uploads\/2024\/07\/icone-francois-centre-500p.png\",\"contentUrl\":\"https:\/\/francois-pelletant.fr\/blog\/wp-content\/uploads\/2024\/07\/icone-francois-centre-500p.png\",\"width\":559,\"height\":447,\"caption\":\"Fran\u00e7ois Pelletant\"},\"image\":{\"@id\":\"https:\/\/francois-pelletant.fr\/blog\/#\/schema\/logo\/image\/\"},\"sameAs\":[\"https:\/\/www.facebook.com\/francois.pelletant.7\",\"https:\/\/x.com\/pelletant\"]},{\"@type\":\"Person\",\"@id\":\"https:\/\/francois-pelletant.fr\/blog\/#\/schema\/person\/2be41acb171dff8f31aaed1f40cee9f3\",\"name\":\"Francois\"}]}<\/script>\n<!-- \/ Yoast SEO plugin. -->","yoast_head_json":{"title":"Illustrations de presse : le meilleur de la semaine - Fran\u00e7ois Pelletant","robots":{"index":"index","follow":"follow","max-snippet":"max-snippet:-1","max-image-preview":"max-image-preview:large","max-video-preview":"max-video-preview:-1"},"canonical":"https:\/\/francois-pelletant.fr\/blog\/illustrations-de-presse-le-meilleur-de-la-semaine\/","og_locale":"fr_FR","og_type":"article","og_title":"Illustrations de presse : le meilleur de la semaine - Fran\u00e7ois Pelletant","og_description":"Une fois n&#8217;est pas coutume, ma nouvelle s\u00e9lection des dessins de presse fait la part belle \u00e0 la politique \u00e9conomique : pol\u00e9mique autour de la nationalisation d&#8217;Arcelor Mittal, budget europ\u00e9en chahut\u00e9, hausse programm\u00e9e du prix de l&#8217;essence \u00e0 la pompe&#8230; Une actualit\u00e9 dense et inqui\u00e9tante. &nbsp; &nbsp; &nbsp; &nbsp; &nbsp;","og_url":"https:\/\/francois-pelletant.fr\/blog\/illustrations-de-presse-le-meilleur-de-la-semaine\/","og_site_name":"Fran\u00e7ois Pelletant","article_publisher":"https:\/\/www.facebook.com\/francois.pelletant.7","article_published_time":"2012-12-02T06:41:31+00:00","og_image":[{"width":580,"height":580,"url":"https:\/\/francois-pelletant.fr\/blog\/wp-content\/uploads\/2012\/11\/urtikan.net-28-novembre.jpg","type":"image\/jpeg"}],"author":"Francois","twitter_card":"summary_large_image","twitter_creator":"@pelletant","twitter_site":"@pelletant","twitter_misc":{"\u00c9crit par":"Francois","Dur\u00e9e de lecture estim\u00e9e":"1 minute"},"schema":{"@context":"https:\/\/schema.org","@graph":[{"@type":"Article","@id":"https:\/\/francois-pelletant.fr\/blog\/illustrations-de-presse-le-meilleur-de-la-semaine\/#article","isPartOf":{"@id":"https:\/\/francois-pelletant.fr\/blog\/illustrations-de-presse-le-meilleur-de-la-semaine\/"},"author":{"name":"Francois","@id":"https:\/\/francois-pelletant.fr\/blog\/#\/schema\/person\/2be41acb171dff8f31aaed1f40cee9f3"},"headline":"Illustrations de presse : le meilleur de la semaine","datePublished":"2012-12-02T06:41:31+00:00","mainEntityOfPage":{"@id":"https:\/\/francois-pelletant.fr\/blog\/illustrations-de-presse-le-meilleur-de-la-semaine\/"},"wordCount":129,"commentCount":0,"publisher":{"@id":"https:\/\/francois-pelletant.fr\/blog\/#organization"},"image":{"@id":"https:\/\/francois-pelletant.fr\/blog\/illustrations-de-presse-le-meilleur-de-la-semaine\/#primaryimage"},"thumbnailUrl":"https:\/\/francois-pelletant.fr\/blog\/wp-content\/uploads\/2012\/11\/urtikan.net-28-novembre.jpg","articleSection":["Infos","Prix du meilleur dessin de presse"],"inLanguage":"fr-FR","potentialAction":[{"@type":"CommentAction","name":"Comment","target":["https:\/\/francois-pelletant.fr\/blog\/illustrations-de-presse-le-meilleur-de-la-semaine\/#respond"]}]},{"@type":"WebPage","@id":"https:\/\/francois-pelletant.fr\/blog\/illustrations-de-presse-le-meilleur-de-la-semaine\/","url":"https:\/\/francois-pelletant.fr\/blog\/illustrations-de-presse-le-meilleur-de-la-semaine\/","name":"Illustrations de presse : le meilleur de la semaine - Fran\u00e7ois Pelletant","isPartOf":{"@id":"https:\/\/francois-pelletant.fr\/blog\/#website"},"primaryImageOfPage":{"@id":"https:\/\/francois-pelletant.fr\/blog\/illustrations-de-presse-le-meilleur-de-la-semaine\/#primaryimage"},"image":{"@id":"https:\/\/francois-pelletant.fr\/blog\/illustrations-de-presse-le-meilleur-de-la-semaine\/#primaryimage"},"thumbnailUrl":"https:\/\/francois-pelletant.fr\/blog\/wp-content\/uploads\/2012\/11\/urtikan.net-28-novembre.jpg","datePublished":"2012-12-02T06:41:31+00:00","breadcrumb":{"@id":"https:\/\/francois-pelletant.fr\/blog\/illustrations-de-presse-le-meilleur-de-la-semaine\/#breadcrumb"},"inLanguage":"fr-FR","potentialAction":[{"@type":"ReadAction","target":["https:\/\/francois-pelletant.fr\/blog\/illustrations-de-presse-le-meilleur-de-la-semaine\/"]}]},{"@type":"ImageObject","inLanguage":"fr-FR","@id":"https:\/\/francois-pelletant.fr\/blog\/illustrations-de-presse-le-meilleur-de-la-semaine\/#primaryimage","url":"https:\/\/francois-pelletant.fr\/blog\/wp-content\/uploads\/2012\/11\/urtikan.net-28-novembre.jpg","contentUrl":"https:\/\/francois-pelletant.fr\/blog\/wp-content\/uploads\/2012\/11\/urtikan.net-28-novembre.jpg","width":580,"height":580,"caption":"urtikan.net 28 novembre"},{"@type":"BreadcrumbList","@id":"https:\/\/francois-pelletant.fr\/blog\/illustrations-de-presse-le-meilleur-de-la-semaine\/#breadcrumb","itemListElement":[{"@type":"ListItem","position":1,"name":"Accueil","item":"https:\/\/francois-pelletant.fr\/blog\/"},{"@type":"ListItem","position":2,"name":"Illustrations de presse : le meilleur de la semaine"}]},{"@type":"WebSite","@id":"https:\/\/francois-pelletant.fr\/blog\/#website","url":"https:\/\/francois-pelletant.fr\/blog\/","name":"Fran\u00e7ois Pelletant","description":"Maire de Linas, pour toujours.","publisher":{"@id":"https:\/\/francois-pelletant.fr\/blog\/#organization"},"potentialAction":[{"@type":"SearchAction","target":{"@type":"EntryPoint","urlTemplate":"https:\/\/francois-pelletant.fr\/blog\/?s={search_term_string}"},"query-input":{"@type":"PropertyValueSpecification","valueRequired":true,"valueName":"search_term_string"}}],"inLanguage":"fr-FR"},{"@type":"Organization","@id":"https:\/\/francois-pelletant.fr\/blog\/#organization","name":"Fran\u00e7ois Pelletant","url":"https:\/\/francois-pelletant.fr\/blog\/","logo":{"@type":"ImageObject","inLanguage":"fr-FR","@id":"https:\/\/francois-pelletant.fr\/blog\/#\/schema\/logo\/image\/","url":"https:\/\/francois-pelletant.fr\/blog\/wp-content\/uploads\/2024\/07\/icone-francois-centre-500p.png","contentUrl":"https:\/\/francois-pelletant.fr\/blog\/wp-content\/uploads\/2024\/07\/icone-francois-centre-500p.png","width":559,"height":447,"caption":"Fran\u00e7ois Pelletant"},"image":{"@id":"https:\/\/francois-pelletant.fr\/blog\/#\/schema\/logo\/image\/"},"sameAs":["https:\/\/www.facebook.com\/francois.pelletant.7","https:\/\/x.com\/pelletant"]},{"@type":"Person","@id":"https:\/\/francois-pelletant.fr\/blog\/#\/schema\/person\/2be41acb171dff8f31aaed1f40cee9f3","name":"Francois"}]}},"_links":{"self":[{"href":"https:\/\/francois-pelletant.fr\/blog\/wp-json\/wp\/v2\/posts\/5796","targetHints":{"allow":["GET"]}}],"collection":[{"href":"https:\/\/francois-pelletant.fr\/blog\/wp-json\/wp\/v2\/posts"}],"about":[{"href":"https:\/\/francois-pelletant.fr\/blog\/wp-json\/wp\/v2\/types\/post"}],"author":[{"embeddable":true,"href":"https:\/\/francois-pelletant.fr\/blog\/wp-json\/wp\/v2\/users\/1"}],"replies":[{"embeddable":true,"href":"https:\/\/francois-pelletant.fr\/blog\/wp-json\/wp\/v2\/comments?post=5796"}],"version-history":[{"count":0,"href":"https:\/\/francois-pelletant.fr\/blog\/wp-json\/wp\/v2\/posts\/5796\/revisions"}],"wp:featuredmedia":[{"embeddable":true,"href":"https:\/\/francois-pelletant.fr\/blog\/wp-json\/wp\/v2\/media\/2839"}],"wp:attachment":[{"href":"https:\/\/francois-pelletant.fr\/blog\/wp-json\/wp\/v2\/media?parent=5796"}],"wp:term":[{"taxonomy":"category","embeddable":true,"href":"https:\/\/francois-pelletant.fr\/blog\/wp-json\/wp\/v2\/categories?post=5796"},{"taxonomy":"post_tag","embeddable":true,"href":"https:\/\/francois-pelletant.fr\/blog\/wp-json\/wp\/v2\/tags?post=5796"}],"curies":[{"name":"wp","href":"https:\/\/api.w.org\/{rel}","templated":true}]}}