{"id":5825,"date":"2012-12-31T10:06:12","date_gmt":"2012-12-31T08:06:12","guid":{"rendered":"https:\/\/francois-pelletant.fr\/blog\/?p=2944"},"modified":"2017-06-21T09:11:15","modified_gmt":"2017-06-21T09:11:15","slug":"collecte-pendant-les-fetes","status":"publish","type":"post","link":"https:\/\/francois-pelletant.fr\/blog\/collecte-pendant-les-fetes\/","title":{"rendered":"Collecte pendant les f\u00eates"},"content":{"rendered":"<h3><a href=\"https:\/\/francois-pelletant.fr\/blog\/wp-content\/uploads\/2012\/12\/poubelle-fetes.jpg\"><img loading=\"lazy\" decoding=\"async\" class=\"alignleft size-medium wp-image-2945\" title=\"poubelle fetes\" src=\"https:\/\/francois-pelletant.fr\/blog\/wp-content\/uploads\/2012\/12\/poubelle-fetes-224x300.jpg\" alt=\"\" width=\"224\" height=\"300\" \/><\/a>Collecte report\u00e9e pendant les f\u00eates<\/h3>\n<p>Les derniers jours f\u00e9ri\u00e9s de 2012 \u00e9tant des mardis, la collecte des d\u00e9chets m\u00e9nagers \u00e0 Linas ne se fera pas ces jours l\u00e0. Le calendrier de ramassage reprendra son cours normal la semaine prochaine. Afin de vous d\u00e9barrasser de votre arbre de Noel une collecte de d\u00e9chets verts est organis\u00e9e. Celle-ci est alors pr\u00e9vue\u00a0le vendredi 11 janvier 2013. \u00a0En attendant place \u00e0 la f\u00eate\u00a0!<\/p>\n","protected":false},"excerpt":{"rendered":"<p>Collecte report\u00e9e pendant les f\u00eates Les derniers jours f\u00e9ri\u00e9s de 2012 \u00e9tant des mardis, la collecte des d\u00e9chets m\u00e9nagers \u00e0 Linas ne se fera pas ces jours l\u00e0. Le calendrier de ramassage reprendra son cours normal la semaine prochaine. Afin de vous d\u00e9barrasser de votre arbre de Noel une collecte de d\u00e9chets verts est organis\u00e9e. [&hellip;]<\/p>\n","protected":false},"author":1,"featured_media":2952,"comment_status":"open","ping_status":"open","sticky":false,"template":"","format":"standard","meta":{"footnotes":""},"categories":[10],"tags":[],"class_list":["post-5825","post","type-post","status-publish","format-standard","has-post-thumbnail","hentry","category-1pelletant"],"yoast_head":"<!-- This site is optimized with the Yoast SEO plugin v25.6 - https:\/\/yoast.com\/wordpress\/plugins\/seo\/ -->\n<title>Linas : Collecte pendant les f\u00eates - Fran\u00e7ois Pelletant<\/title>\n<meta name=\"description\" content=\"Les jours f\u00e9ri\u00e9s \u00e9tant des mardis, la collecte des d\u00e9chets m\u00e9nagers est report\u00e9e et reprendra lors des f\u00eates de fin d&#039;ann\u00e9e.\" \/>\n<meta name=\"robots\" content=\"index, follow, max-snippet:-1, max-image-preview:large, max-video-preview:-1\" \/>\n<link rel=\"canonical\" href=\"https:\/\/francois-pelletant.fr\/blog\/collecte-pendant-les-fetes\/\" \/>\n<meta property=\"og:locale\" content=\"fr_FR\" \/>\n<meta property=\"og:type\" content=\"article\" \/>\n<meta property=\"og:title\" content=\"Linas : Collecte pendant les f\u00eates - Fran\u00e7ois Pelletant\" \/>\n<meta property=\"og:description\" content=\"Les jours f\u00e9ri\u00e9s \u00e9tant des mardis, la collecte des d\u00e9chets m\u00e9nagers est report\u00e9e et reprendra lors des f\u00eates de fin d&#039;ann\u00e9e.\" \/>\n<meta property=\"og:url\" content=\"https:\/\/francois-pelletant.fr\/blog\/collecte-pendant-les-fetes\/\" \/>\n<meta property=\"og:site_name\" content=\"Fran\u00e7ois Pelletant\" \/>\n<meta property=\"article:publisher\" content=\"https:\/\/www.facebook.com\/francois.pelletant.7\" \/>\n<meta property=\"article:published_time\" content=\"2012-12-31T08:06:12+00:00\" \/>\n<meta property=\"article:modified_time\" content=\"2017-06-21T09:11:15+00:00\" \/>\n<meta property=\"og:image\" content=\"https:\/\/francois-pelletant.fr\/blog\/wp-content\/uploads\/2012\/12\/poubelle-fetes.jpg\" \/>\n\t<meta property=\"og:image:width\" content=\"664\" \/>\n\t<meta property=\"og:image:height\" content=\"886\" \/>\n\t<meta property=\"og:image:type\" content=\"image\/jpeg\" \/>\n<meta name=\"author\" content=\"Francois\" \/>\n<meta name=\"twitter:card\" content=\"summary_large_image\" \/>\n<meta name=\"twitter:creator\" content=\"@pelletant\" \/>\n<meta name=\"twitter:site\" content=\"@pelletant\" \/>\n<meta name=\"twitter:label1\" content=\"\u00c9crit par\" \/>\n\t<meta name=\"twitter:data1\" content=\"Francois\" \/>\n<script type=\"application\/ld+json\" class=\"yoast-schema-graph\">{\"@context\":\"https:\/\/schema.org\",\"@graph\":[{\"@type\":\"Article\",\"@id\":\"https:\/\/francois-pelletant.fr\/blog\/collecte-pendant-les-fetes\/#article\",\"isPartOf\":{\"@id\":\"https:\/\/francois-pelletant.fr\/blog\/collecte-pendant-les-fetes\/\"},\"author\":{\"name\":\"Francois\",\"@id\":\"https:\/\/francois-pelletant.fr\/blog\/#\/schema\/person\/2be41acb171dff8f31aaed1f40cee9f3\"},\"headline\":\"Collecte pendant les f\u00eates\",\"datePublished\":\"2012-12-31T08:06:12+00:00\",\"dateModified\":\"2017-06-21T09:11:15+00:00\",\"mainEntityOfPage\":{\"@id\":\"https:\/\/francois-pelletant.fr\/blog\/collecte-pendant-les-fetes\/\"},\"wordCount\":81,\"commentCount\":0,\"publisher\":{\"@id\":\"https:\/\/francois-pelletant.fr\/blog\/#organization\"},\"image\":{\"@id\":\"https:\/\/francois-pelletant.fr\/blog\/collecte-pendant-les-fetes\/#primaryimage\"},\"thumbnailUrl\":\"https:\/\/francois-pelletant.fr\/blog\/wp-content\/uploads\/2012\/12\/poubelle-fetes.jpg\",\"articleSection\":[\"Infos\"],\"inLanguage\":\"fr-FR\",\"potentialAction\":[{\"@type\":\"CommentAction\",\"name\":\"Comment\",\"target\":[\"https:\/\/francois-pelletant.fr\/blog\/collecte-pendant-les-fetes\/#respond\"]}]},{\"@type\":\"WebPage\",\"@id\":\"https:\/\/francois-pelletant.fr\/blog\/collecte-pendant-les-fetes\/\",\"url\":\"https:\/\/francois-pelletant.fr\/blog\/collecte-pendant-les-fetes\/\",\"name\":\"Linas : Collecte pendant les f\u00eates - Fran\u00e7ois Pelletant\",\"isPartOf\":{\"@id\":\"https:\/\/francois-pelletant.fr\/blog\/#website\"},\"primaryImageOfPage\":{\"@id\":\"https:\/\/francois-pelletant.fr\/blog\/collecte-pendant-les-fetes\/#primaryimage\"},\"image\":{\"@id\":\"https:\/\/francois-pelletant.fr\/blog\/collecte-pendant-les-fetes\/#primaryimage\"},\"thumbnailUrl\":\"https:\/\/francois-pelletant.fr\/blog\/wp-content\/uploads\/2012\/12\/poubelle-fetes.jpg\",\"datePublished\":\"2012-12-31T08:06:12+00:00\",\"dateModified\":\"2017-06-21T09:11:15+00:00\",\"description\":\"Les jours f\u00e9ri\u00e9s \u00e9tant des mardis, la collecte des d\u00e9chets m\u00e9nagers est report\u00e9e et reprendra lors des f\u00eates de fin d'ann\u00e9e.\",\"breadcrumb\":{\"@id\":\"https:\/\/francois-pelletant.fr\/blog\/collecte-pendant-les-fetes\/#breadcrumb\"},\"inLanguage\":\"fr-FR\",\"potentialAction\":[{\"@type\":\"ReadAction\",\"target\":[\"https:\/\/francois-pelletant.fr\/blog\/collecte-pendant-les-fetes\/\"]}]},{\"@type\":\"ImageObject\",\"inLanguage\":\"fr-FR\",\"@id\":\"https:\/\/francois-pelletant.fr\/blog\/collecte-pendant-les-fetes\/#primaryimage\",\"url\":\"https:\/\/francois-pelletant.fr\/blog\/wp-content\/uploads\/2012\/12\/poubelle-fetes.jpg\",\"contentUrl\":\"https:\/\/francois-pelletant.fr\/blog\/wp-content\/uploads\/2012\/12\/poubelle-fetes.jpg\",\"width\":664,\"height\":886},{\"@type\":\"BreadcrumbList\",\"@id\":\"https:\/\/francois-pelletant.fr\/blog\/collecte-pendant-les-fetes\/#breadcrumb\",\"itemListElement\":[{\"@type\":\"ListItem\",\"position\":1,\"name\":\"Accueil\",\"item\":\"https:\/\/francois-pelletant.fr\/blog\/\"},{\"@type\":\"ListItem\",\"position\":2,\"name\":\"Collecte pendant les f\u00eates\"}]},{\"@type\":\"WebSite\",\"@id\":\"https:\/\/francois-pelletant.fr\/blog\/#website\",\"url\":\"https:\/\/francois-pelletant.fr\/blog\/\",\"name\":\"Fran\u00e7ois Pelletant\",\"description\":\"Maire de Linas, pour toujours.\",\"publisher\":{\"@id\":\"https:\/\/francois-pelletant.fr\/blog\/#organization\"},\"potentialAction\":[{\"@type\":\"SearchAction\",\"target\":{\"@type\":\"EntryPoint\",\"urlTemplate\":\"https:\/\/francois-pelletant.fr\/blog\/?s={search_term_string}\"},\"query-input\":{\"@type\":\"PropertyValueSpecification\",\"valueRequired\":true,\"valueName\":\"search_term_string\"}}],\"inLanguage\":\"fr-FR\"},{\"@type\":\"Organization\",\"@id\":\"https:\/\/francois-pelletant.fr\/blog\/#organization\",\"name\":\"Fran\u00e7ois Pelletant\",\"url\":\"https:\/\/francois-pelletant.fr\/blog\/\",\"logo\":{\"@type\":\"ImageObject\",\"inLanguage\":\"fr-FR\",\"@id\":\"https:\/\/francois-pelletant.fr\/blog\/#\/schema\/logo\/image\/\",\"url\":\"https:\/\/francois-pelletant.fr\/blog\/wp-content\/uploads\/2024\/07\/icone-francois-centre-500p.png\",\"contentUrl\":\"https:\/\/francois-pelletant.fr\/blog\/wp-content\/uploads\/2024\/07\/icone-francois-centre-500p.png\",\"width\":559,\"height\":447,\"caption\":\"Fran\u00e7ois Pelletant\"},\"image\":{\"@id\":\"https:\/\/francois-pelletant.fr\/blog\/#\/schema\/logo\/image\/\"},\"sameAs\":[\"https:\/\/www.facebook.com\/francois.pelletant.7\",\"https:\/\/x.com\/pelletant\"]},{\"@type\":\"Person\",\"@id\":\"https:\/\/francois-pelletant.fr\/blog\/#\/schema\/person\/2be41acb171dff8f31aaed1f40cee9f3\",\"name\":\"Francois\"}]}<\/script>\n<!-- \/ Yoast SEO plugin. -->","yoast_head_json":{"title":"Linas : Collecte pendant les f\u00eates - Fran\u00e7ois Pelletant","description":"Les jours f\u00e9ri\u00e9s \u00e9tant des mardis, la collecte des d\u00e9chets m\u00e9nagers est report\u00e9e et reprendra lors des f\u00eates de fin d'ann\u00e9e.","robots":{"index":"index","follow":"follow","max-snippet":"max-snippet:-1","max-image-preview":"max-image-preview:large","max-video-preview":"max-video-preview:-1"},"canonical":"https:\/\/francois-pelletant.fr\/blog\/collecte-pendant-les-fetes\/","og_locale":"fr_FR","og_type":"article","og_title":"Linas : Collecte pendant les f\u00eates - Fran\u00e7ois Pelletant","og_description":"Les jours f\u00e9ri\u00e9s \u00e9tant des mardis, la collecte des d\u00e9chets m\u00e9nagers est report\u00e9e et reprendra lors des f\u00eates de fin d'ann\u00e9e.","og_url":"https:\/\/francois-pelletant.fr\/blog\/collecte-pendant-les-fetes\/","og_site_name":"Fran\u00e7ois Pelletant","article_publisher":"https:\/\/www.facebook.com\/francois.pelletant.7","article_published_time":"2012-12-31T08:06:12+00:00","article_modified_time":"2017-06-21T09:11:15+00:00","og_image":[{"width":664,"height":886,"url":"https:\/\/francois-pelletant.fr\/blog\/wp-content\/uploads\/2012\/12\/poubelle-fetes.jpg","type":"image\/jpeg"}],"author":"Francois","twitter_card":"summary_large_image","twitter_creator":"@pelletant","twitter_site":"@pelletant","twitter_misc":{"\u00c9crit par":"Francois"},"schema":{"@context":"https:\/\/schema.org","@graph":[{"@type":"Article","@id":"https:\/\/francois-pelletant.fr\/blog\/collecte-pendant-les-fetes\/#article","isPartOf":{"@id":"https:\/\/francois-pelletant.fr\/blog\/collecte-pendant-les-fetes\/"},"author":{"name":"Francois","@id":"https:\/\/francois-pelletant.fr\/blog\/#\/schema\/person\/2be41acb171dff8f31aaed1f40cee9f3"},"headline":"Collecte pendant les f\u00eates","datePublished":"2012-12-31T08:06:12+00:00","dateModified":"2017-06-21T09:11:15+00:00","mainEntityOfPage":{"@id":"https:\/\/francois-pelletant.fr\/blog\/collecte-pendant-les-fetes\/"},"wordCount":81,"commentCount":0,"publisher":{"@id":"https:\/\/francois-pelletant.fr\/blog\/#organization"},"image":{"@id":"https:\/\/francois-pelletant.fr\/blog\/collecte-pendant-les-fetes\/#primaryimage"},"thumbnailUrl":"https:\/\/francois-pelletant.fr\/blog\/wp-content\/uploads\/2012\/12\/poubelle-fetes.jpg","articleSection":["Infos"],"inLanguage":"fr-FR","potentialAction":[{"@type":"CommentAction","name":"Comment","target":["https:\/\/francois-pelletant.fr\/blog\/collecte-pendant-les-fetes\/#respond"]}]},{"@type":"WebPage","@id":"https:\/\/francois-pelletant.fr\/blog\/collecte-pendant-les-fetes\/","url":"https:\/\/francois-pelletant.fr\/blog\/collecte-pendant-les-fetes\/","name":"Linas : Collecte pendant les f\u00eates - Fran\u00e7ois Pelletant","isPartOf":{"@id":"https:\/\/francois-pelletant.fr\/blog\/#website"},"primaryImageOfPage":{"@id":"https:\/\/francois-pelletant.fr\/blog\/collecte-pendant-les-fetes\/#primaryimage"},"image":{"@id":"https:\/\/francois-pelletant.fr\/blog\/collecte-pendant-les-fetes\/#primaryimage"},"thumbnailUrl":"https:\/\/francois-pelletant.fr\/blog\/wp-content\/uploads\/2012\/12\/poubelle-fetes.jpg","datePublished":"2012-12-31T08:06:12+00:00","dateModified":"2017-06-21T09:11:15+00:00","description":"Les jours f\u00e9ri\u00e9s \u00e9tant des mardis, la collecte des d\u00e9chets m\u00e9nagers est report\u00e9e et reprendra lors des f\u00eates de fin d'ann\u00e9e.","breadcrumb":{"@id":"https:\/\/francois-pelletant.fr\/blog\/collecte-pendant-les-fetes\/#breadcrumb"},"inLanguage":"fr-FR","potentialAction":[{"@type":"ReadAction","target":["https:\/\/francois-pelletant.fr\/blog\/collecte-pendant-les-fetes\/"]}]},{"@type":"ImageObject","inLanguage":"fr-FR","@id":"https:\/\/francois-pelletant.fr\/blog\/collecte-pendant-les-fetes\/#primaryimage","url":"https:\/\/francois-pelletant.fr\/blog\/wp-content\/uploads\/2012\/12\/poubelle-fetes.jpg","contentUrl":"https:\/\/francois-pelletant.fr\/blog\/wp-content\/uploads\/2012\/12\/poubelle-fetes.jpg","width":664,"height":886},{"@type":"BreadcrumbList","@id":"https:\/\/francois-pelletant.fr\/blog\/collecte-pendant-les-fetes\/#breadcrumb","itemListElement":[{"@type":"ListItem","position":1,"name":"Accueil","item":"https:\/\/francois-pelletant.fr\/blog\/"},{"@type":"ListItem","position":2,"name":"Collecte pendant les f\u00eates"}]},{"@type":"WebSite","@id":"https:\/\/francois-pelletant.fr\/blog\/#website","url":"https:\/\/francois-pelletant.fr\/blog\/","name":"Fran\u00e7ois Pelletant","description":"Maire de Linas, pour toujours.","publisher":{"@id":"https:\/\/francois-pelletant.fr\/blog\/#organization"},"potentialAction":[{"@type":"SearchAction","target":{"@type":"EntryPoint","urlTemplate":"https:\/\/francois-pelletant.fr\/blog\/?s={search_term_string}"},"query-input":{"@type":"PropertyValueSpecification","valueRequired":true,"valueName":"search_term_string"}}],"inLanguage":"fr-FR"},{"@type":"Organization","@id":"https:\/\/francois-pelletant.fr\/blog\/#organization","name":"Fran\u00e7ois Pelletant","url":"https:\/\/francois-pelletant.fr\/blog\/","logo":{"@type":"ImageObject","inLanguage":"fr-FR","@id":"https:\/\/francois-pelletant.fr\/blog\/#\/schema\/logo\/image\/","url":"https:\/\/francois-pelletant.fr\/blog\/wp-content\/uploads\/2024\/07\/icone-francois-centre-500p.png","contentUrl":"https:\/\/francois-pelletant.fr\/blog\/wp-content\/uploads\/2024\/07\/icone-francois-centre-500p.png","width":559,"height":447,"caption":"Fran\u00e7ois Pelletant"},"image":{"@id":"https:\/\/francois-pelletant.fr\/blog\/#\/schema\/logo\/image\/"},"sameAs":["https:\/\/www.facebook.com\/francois.pelletant.7","https:\/\/x.com\/pelletant"]},{"@type":"Person","@id":"https:\/\/francois-pelletant.fr\/blog\/#\/schema\/person\/2be41acb171dff8f31aaed1f40cee9f3","name":"Francois"}]}},"_links":{"self":[{"href":"https:\/\/francois-pelletant.fr\/blog\/wp-json\/wp\/v2\/posts\/5825","targetHints":{"allow":["GET"]}}],"collection":[{"href":"https:\/\/francois-pelletant.fr\/blog\/wp-json\/wp\/v2\/posts"}],"about":[{"href":"https:\/\/francois-pelletant.fr\/blog\/wp-json\/wp\/v2\/types\/post"}],"author":[{"embeddable":true,"href":"https:\/\/francois-pelletant.fr\/blog\/wp-json\/wp\/v2\/users\/1"}],"replies":[{"embeddable":true,"href":"https:\/\/francois-pelletant.fr\/blog\/wp-json\/wp\/v2\/comments?post=5825"}],"version-history":[{"count":0,"href":"https:\/\/francois-pelletant.fr\/blog\/wp-json\/wp\/v2\/posts\/5825\/revisions"}],"wp:featuredmedia":[{"embeddable":true,"href":"https:\/\/francois-pelletant.fr\/blog\/wp-json\/wp\/v2\/media\/2952"}],"wp:attachment":[{"href":"https:\/\/francois-pelletant.fr\/blog\/wp-json\/wp\/v2\/media?parent=5825"}],"wp:term":[{"taxonomy":"category","embeddable":true,"href":"https:\/\/francois-pelletant.fr\/blog\/wp-json\/wp\/v2\/categories?post=5825"},{"taxonomy":"post_tag","embeddable":true,"href":"https:\/\/francois-pelletant.fr\/blog\/wp-json\/wp\/v2\/tags?post=5825"}],"curies":[{"name":"wp","href":"https:\/\/api.w.org\/{rel}","templated":true}]}}