{"id":5827,"date":"2013-01-02T10:22:59","date_gmt":"2013-01-02T08:22:59","guid":{"rendered":"https:\/\/francois-pelletant.fr\/blog\/?p=2947"},"modified":"2017-06-21T08:59:20","modified_gmt":"2017-06-21T08:59:20","slug":"sortie-territoire-mineurs-supprimee","status":"publish","type":"post","link":"https:\/\/francois-pelletant.fr\/blog\/sortie-territoire-mineurs-supprimee\/","title":{"rendered":"L&#8217;autorisation de sortie de territoire des mineurs supprim\u00e9e"},"content":{"rendered":"<h3><a href=\"https:\/\/francois-pelletant.fr\/blog\/wp-content\/uploads\/2013\/01\/autorisation-de-sortie-mineur.jpg\"><img loading=\"lazy\" decoding=\"async\" class=\"alignleft size-medium wp-image-2948\" title=\"autorisation de sortie mineur\" src=\"https:\/\/francois-pelletant.fr\/blog\/wp-content\/uploads\/2013\/01\/autorisation-de-sortie-mineur-300x217.jpg\" alt=\"\" width=\"300\" height=\"217\" \/><\/a>Interruption de l&#8217;autorisation de sortie de territoire pour les mineurs<\/h3>\n<p>Plus besoin d&#8217;autorisation pour les mineurs d\u00e9sirant sortir du territoire fran\u00e7ais depuis le 1er janvier 2013.\u00a0Les autorisations de sortie du territoire, individuelles d\u00e9livr\u00e9es par les mairies, ou collectives, d\u00e9livr\u00e9es par les pr\u00e9fectures, ne seront \u00a0donc plus n\u00e9cessaires pour quitter la France.\u00a0Un mineur fran\u00e7ais &#8220;se d\u00e9pla\u00e7ant seul peut d\u00e9sormais voyager dans l&#8217;Union europ\u00e9enne avec un titre d&#8217;identit\u00e9 en cours de validit\u00e9. Pour les pays hors UE, un passeport reste, dans la plupart des cas, obligatoire.<\/p>\n","protected":false},"excerpt":{"rendered":"<p>Interruption de l&#8217;autorisation de sortie de territoire pour les mineurs Plus besoin d&#8217;autorisation pour les mineurs d\u00e9sirant sortir du territoire fran\u00e7ais depuis le 1er janvier 2013.\u00a0Les autorisations de sortie du territoire, individuelles d\u00e9livr\u00e9es par les mairies, ou collectives, d\u00e9livr\u00e9es par les pr\u00e9fectures, ne seront \u00a0donc plus n\u00e9cessaires pour quitter la France.\u00a0Un mineur fran\u00e7ais &#8220;se d\u00e9pla\u00e7ant [&hellip;]<\/p>\n","protected":false},"author":1,"featured_media":2953,"comment_status":"open","ping_status":"open","sticky":false,"template":"","format":"standard","meta":{"footnotes":""},"categories":[10],"tags":[],"class_list":["post-5827","post","type-post","status-publish","format-standard","has-post-thumbnail","hentry","category-1pelletant"],"yoast_head":"<!-- This site is optimized with the Yoast SEO plugin v25.6 - https:\/\/yoast.com\/wordpress\/plugins\/seo\/ -->\n<title>L&#039;autorisation de sortie de territoire des mineurs supprim\u00e9e - F. Pelletant<\/title>\n<meta name=\"description\" content=\"Depuis le 1er Janvier 2013, les autorisations de sortie du territoire, ne seront plus n\u00e9cessaires pour quitter la France.\" \/>\n<meta name=\"robots\" content=\"index, follow, max-snippet:-1, max-image-preview:large, max-video-preview:-1\" \/>\n<link rel=\"canonical\" href=\"https:\/\/francois-pelletant.fr\/blog\/sortie-territoire-mineurs-supprimee\/\" \/>\n<meta property=\"og:locale\" content=\"fr_FR\" \/>\n<meta property=\"og:type\" content=\"article\" \/>\n<meta property=\"og:title\" content=\"L&#039;autorisation de sortie de territoire des mineurs supprim\u00e9e - F. Pelletant\" \/>\n<meta property=\"og:description\" content=\"Depuis le 1er Janvier 2013, les autorisations de sortie du territoire, ne seront plus n\u00e9cessaires pour quitter la France.\" \/>\n<meta property=\"og:url\" content=\"https:\/\/francois-pelletant.fr\/blog\/sortie-territoire-mineurs-supprimee\/\" \/>\n<meta property=\"og:site_name\" content=\"Fran\u00e7ois Pelletant\" \/>\n<meta property=\"article:publisher\" content=\"https:\/\/www.facebook.com\/francois.pelletant.7\" \/>\n<meta property=\"article:published_time\" content=\"2013-01-02T08:22:59+00:00\" \/>\n<meta property=\"article:modified_time\" content=\"2017-06-21T08:59:20+00:00\" \/>\n<meta property=\"og:image\" content=\"https:\/\/francois-pelletant.fr\/blog\/wp-content\/uploads\/2013\/01\/autorisation-de-sortie-mineur.jpg\" \/>\n\t<meta property=\"og:image:width\" content=\"886\" \/>\n\t<meta property=\"og:image:height\" content=\"643\" \/>\n\t<meta property=\"og:image:type\" content=\"image\/jpeg\" \/>\n<meta name=\"author\" content=\"Francois\" \/>\n<meta name=\"twitter:card\" content=\"summary_large_image\" \/>\n<meta name=\"twitter:creator\" content=\"@pelletant\" \/>\n<meta name=\"twitter:site\" content=\"@pelletant\" \/>\n<meta name=\"twitter:label1\" content=\"\u00c9crit par\" \/>\n\t<meta name=\"twitter:data1\" content=\"Francois\" \/>\n<script type=\"application\/ld+json\" class=\"yoast-schema-graph\">{\"@context\":\"https:\/\/schema.org\",\"@graph\":[{\"@type\":\"Article\",\"@id\":\"https:\/\/francois-pelletant.fr\/blog\/sortie-territoire-mineurs-supprimee\/#article\",\"isPartOf\":{\"@id\":\"https:\/\/francois-pelletant.fr\/blog\/sortie-territoire-mineurs-supprimee\/\"},\"author\":{\"name\":\"Francois\",\"@id\":\"https:\/\/francois-pelletant.fr\/blog\/#\/schema\/person\/2be41acb171dff8f31aaed1f40cee9f3\"},\"headline\":\"L&#8217;autorisation de sortie de territoire des mineurs supprim\u00e9e\",\"datePublished\":\"2013-01-02T08:22:59+00:00\",\"dateModified\":\"2017-06-21T08:59:20+00:00\",\"mainEntityOfPage\":{\"@id\":\"https:\/\/francois-pelletant.fr\/blog\/sortie-territoire-mineurs-supprimee\/\"},\"wordCount\":112,\"commentCount\":0,\"publisher\":{\"@id\":\"https:\/\/francois-pelletant.fr\/blog\/#organization\"},\"image\":{\"@id\":\"https:\/\/francois-pelletant.fr\/blog\/sortie-territoire-mineurs-supprimee\/#primaryimage\"},\"thumbnailUrl\":\"https:\/\/francois-pelletant.fr\/blog\/wp-content\/uploads\/2013\/01\/autorisation-de-sortie-mineur.jpg\",\"articleSection\":[\"Infos\"],\"inLanguage\":\"fr-FR\",\"potentialAction\":[{\"@type\":\"CommentAction\",\"name\":\"Comment\",\"target\":[\"https:\/\/francois-pelletant.fr\/blog\/sortie-territoire-mineurs-supprimee\/#respond\"]}]},{\"@type\":\"WebPage\",\"@id\":\"https:\/\/francois-pelletant.fr\/blog\/sortie-territoire-mineurs-supprimee\/\",\"url\":\"https:\/\/francois-pelletant.fr\/blog\/sortie-territoire-mineurs-supprimee\/\",\"name\":\"L'autorisation de sortie de territoire des mineurs supprim\u00e9e - F. Pelletant\",\"isPartOf\":{\"@id\":\"https:\/\/francois-pelletant.fr\/blog\/#website\"},\"primaryImageOfPage\":{\"@id\":\"https:\/\/francois-pelletant.fr\/blog\/sortie-territoire-mineurs-supprimee\/#primaryimage\"},\"image\":{\"@id\":\"https:\/\/francois-pelletant.fr\/blog\/sortie-territoire-mineurs-supprimee\/#primaryimage\"},\"thumbnailUrl\":\"https:\/\/francois-pelletant.fr\/blog\/wp-content\/uploads\/2013\/01\/autorisation-de-sortie-mineur.jpg\",\"datePublished\":\"2013-01-02T08:22:59+00:00\",\"dateModified\":\"2017-06-21T08:59:20+00:00\",\"description\":\"Depuis le 1er Janvier 2013, les autorisations de sortie du territoire, ne seront plus n\u00e9cessaires pour quitter la France.\",\"breadcrumb\":{\"@id\":\"https:\/\/francois-pelletant.fr\/blog\/sortie-territoire-mineurs-supprimee\/#breadcrumb\"},\"inLanguage\":\"fr-FR\",\"potentialAction\":[{\"@type\":\"ReadAction\",\"target\":[\"https:\/\/francois-pelletant.fr\/blog\/sortie-territoire-mineurs-supprimee\/\"]}]},{\"@type\":\"ImageObject\",\"inLanguage\":\"fr-FR\",\"@id\":\"https:\/\/francois-pelletant.fr\/blog\/sortie-territoire-mineurs-supprimee\/#primaryimage\",\"url\":\"https:\/\/francois-pelletant.fr\/blog\/wp-content\/uploads\/2013\/01\/autorisation-de-sortie-mineur.jpg\",\"contentUrl\":\"https:\/\/francois-pelletant.fr\/blog\/wp-content\/uploads\/2013\/01\/autorisation-de-sortie-mineur.jpg\",\"width\":886,\"height\":643},{\"@type\":\"BreadcrumbList\",\"@id\":\"https:\/\/francois-pelletant.fr\/blog\/sortie-territoire-mineurs-supprimee\/#breadcrumb\",\"itemListElement\":[{\"@type\":\"ListItem\",\"position\":1,\"name\":\"Accueil\",\"item\":\"https:\/\/francois-pelletant.fr\/blog\/\"},{\"@type\":\"ListItem\",\"position\":2,\"name\":\"L&#8217;autorisation de sortie de territoire des mineurs supprim\u00e9e\"}]},{\"@type\":\"WebSite\",\"@id\":\"https:\/\/francois-pelletant.fr\/blog\/#website\",\"url\":\"https:\/\/francois-pelletant.fr\/blog\/\",\"name\":\"Fran\u00e7ois Pelletant\",\"description\":\"Maire de Linas, pour toujours.\",\"publisher\":{\"@id\":\"https:\/\/francois-pelletant.fr\/blog\/#organization\"},\"potentialAction\":[{\"@type\":\"SearchAction\",\"target\":{\"@type\":\"EntryPoint\",\"urlTemplate\":\"https:\/\/francois-pelletant.fr\/blog\/?s={search_term_string}\"},\"query-input\":{\"@type\":\"PropertyValueSpecification\",\"valueRequired\":true,\"valueName\":\"search_term_string\"}}],\"inLanguage\":\"fr-FR\"},{\"@type\":\"Organization\",\"@id\":\"https:\/\/francois-pelletant.fr\/blog\/#organization\",\"name\":\"Fran\u00e7ois Pelletant\",\"url\":\"https:\/\/francois-pelletant.fr\/blog\/\",\"logo\":{\"@type\":\"ImageObject\",\"inLanguage\":\"fr-FR\",\"@id\":\"https:\/\/francois-pelletant.fr\/blog\/#\/schema\/logo\/image\/\",\"url\":\"https:\/\/francois-pelletant.fr\/blog\/wp-content\/uploads\/2024\/07\/icone-francois-centre-500p.png\",\"contentUrl\":\"https:\/\/francois-pelletant.fr\/blog\/wp-content\/uploads\/2024\/07\/icone-francois-centre-500p.png\",\"width\":559,\"height\":447,\"caption\":\"Fran\u00e7ois Pelletant\"},\"image\":{\"@id\":\"https:\/\/francois-pelletant.fr\/blog\/#\/schema\/logo\/image\/\"},\"sameAs\":[\"https:\/\/www.facebook.com\/francois.pelletant.7\",\"https:\/\/x.com\/pelletant\"]},{\"@type\":\"Person\",\"@id\":\"https:\/\/francois-pelletant.fr\/blog\/#\/schema\/person\/2be41acb171dff8f31aaed1f40cee9f3\",\"name\":\"Francois\"}]}<\/script>\n<!-- \/ Yoast SEO plugin. -->","yoast_head_json":{"title":"L'autorisation de sortie de territoire des mineurs supprim\u00e9e - F. Pelletant","description":"Depuis le 1er Janvier 2013, les autorisations de sortie du territoire, ne seront plus n\u00e9cessaires pour quitter la France.","robots":{"index":"index","follow":"follow","max-snippet":"max-snippet:-1","max-image-preview":"max-image-preview:large","max-video-preview":"max-video-preview:-1"},"canonical":"https:\/\/francois-pelletant.fr\/blog\/sortie-territoire-mineurs-supprimee\/","og_locale":"fr_FR","og_type":"article","og_title":"L'autorisation de sortie de territoire des mineurs supprim\u00e9e - F. Pelletant","og_description":"Depuis le 1er Janvier 2013, les autorisations de sortie du territoire, ne seront plus n\u00e9cessaires pour quitter la France.","og_url":"https:\/\/francois-pelletant.fr\/blog\/sortie-territoire-mineurs-supprimee\/","og_site_name":"Fran\u00e7ois Pelletant","article_publisher":"https:\/\/www.facebook.com\/francois.pelletant.7","article_published_time":"2013-01-02T08:22:59+00:00","article_modified_time":"2017-06-21T08:59:20+00:00","og_image":[{"width":886,"height":643,"url":"https:\/\/francois-pelletant.fr\/blog\/wp-content\/uploads\/2013\/01\/autorisation-de-sortie-mineur.jpg","type":"image\/jpeg"}],"author":"Francois","twitter_card":"summary_large_image","twitter_creator":"@pelletant","twitter_site":"@pelletant","twitter_misc":{"\u00c9crit par":"Francois"},"schema":{"@context":"https:\/\/schema.org","@graph":[{"@type":"Article","@id":"https:\/\/francois-pelletant.fr\/blog\/sortie-territoire-mineurs-supprimee\/#article","isPartOf":{"@id":"https:\/\/francois-pelletant.fr\/blog\/sortie-territoire-mineurs-supprimee\/"},"author":{"name":"Francois","@id":"https:\/\/francois-pelletant.fr\/blog\/#\/schema\/person\/2be41acb171dff8f31aaed1f40cee9f3"},"headline":"L&#8217;autorisation de sortie de territoire des mineurs supprim\u00e9e","datePublished":"2013-01-02T08:22:59+00:00","dateModified":"2017-06-21T08:59:20+00:00","mainEntityOfPage":{"@id":"https:\/\/francois-pelletant.fr\/blog\/sortie-territoire-mineurs-supprimee\/"},"wordCount":112,"commentCount":0,"publisher":{"@id":"https:\/\/francois-pelletant.fr\/blog\/#organization"},"image":{"@id":"https:\/\/francois-pelletant.fr\/blog\/sortie-territoire-mineurs-supprimee\/#primaryimage"},"thumbnailUrl":"https:\/\/francois-pelletant.fr\/blog\/wp-content\/uploads\/2013\/01\/autorisation-de-sortie-mineur.jpg","articleSection":["Infos"],"inLanguage":"fr-FR","potentialAction":[{"@type":"CommentAction","name":"Comment","target":["https:\/\/francois-pelletant.fr\/blog\/sortie-territoire-mineurs-supprimee\/#respond"]}]},{"@type":"WebPage","@id":"https:\/\/francois-pelletant.fr\/blog\/sortie-territoire-mineurs-supprimee\/","url":"https:\/\/francois-pelletant.fr\/blog\/sortie-territoire-mineurs-supprimee\/","name":"L'autorisation de sortie de territoire des mineurs supprim\u00e9e - F. Pelletant","isPartOf":{"@id":"https:\/\/francois-pelletant.fr\/blog\/#website"},"primaryImageOfPage":{"@id":"https:\/\/francois-pelletant.fr\/blog\/sortie-territoire-mineurs-supprimee\/#primaryimage"},"image":{"@id":"https:\/\/francois-pelletant.fr\/blog\/sortie-territoire-mineurs-supprimee\/#primaryimage"},"thumbnailUrl":"https:\/\/francois-pelletant.fr\/blog\/wp-content\/uploads\/2013\/01\/autorisation-de-sortie-mineur.jpg","datePublished":"2013-01-02T08:22:59+00:00","dateModified":"2017-06-21T08:59:20+00:00","description":"Depuis le 1er Janvier 2013, les autorisations de sortie du territoire, ne seront plus n\u00e9cessaires pour quitter la France.","breadcrumb":{"@id":"https:\/\/francois-pelletant.fr\/blog\/sortie-territoire-mineurs-supprimee\/#breadcrumb"},"inLanguage":"fr-FR","potentialAction":[{"@type":"ReadAction","target":["https:\/\/francois-pelletant.fr\/blog\/sortie-territoire-mineurs-supprimee\/"]}]},{"@type":"ImageObject","inLanguage":"fr-FR","@id":"https:\/\/francois-pelletant.fr\/blog\/sortie-territoire-mineurs-supprimee\/#primaryimage","url":"https:\/\/francois-pelletant.fr\/blog\/wp-content\/uploads\/2013\/01\/autorisation-de-sortie-mineur.jpg","contentUrl":"https:\/\/francois-pelletant.fr\/blog\/wp-content\/uploads\/2013\/01\/autorisation-de-sortie-mineur.jpg","width":886,"height":643},{"@type":"BreadcrumbList","@id":"https:\/\/francois-pelletant.fr\/blog\/sortie-territoire-mineurs-supprimee\/#breadcrumb","itemListElement":[{"@type":"ListItem","position":1,"name":"Accueil","item":"https:\/\/francois-pelletant.fr\/blog\/"},{"@type":"ListItem","position":2,"name":"L&#8217;autorisation de sortie de territoire des mineurs supprim\u00e9e"}]},{"@type":"WebSite","@id":"https:\/\/francois-pelletant.fr\/blog\/#website","url":"https:\/\/francois-pelletant.fr\/blog\/","name":"Fran\u00e7ois Pelletant","description":"Maire de Linas, pour toujours.","publisher":{"@id":"https:\/\/francois-pelletant.fr\/blog\/#organization"},"potentialAction":[{"@type":"SearchAction","target":{"@type":"EntryPoint","urlTemplate":"https:\/\/francois-pelletant.fr\/blog\/?s={search_term_string}"},"query-input":{"@type":"PropertyValueSpecification","valueRequired":true,"valueName":"search_term_string"}}],"inLanguage":"fr-FR"},{"@type":"Organization","@id":"https:\/\/francois-pelletant.fr\/blog\/#organization","name":"Fran\u00e7ois Pelletant","url":"https:\/\/francois-pelletant.fr\/blog\/","logo":{"@type":"ImageObject","inLanguage":"fr-FR","@id":"https:\/\/francois-pelletant.fr\/blog\/#\/schema\/logo\/image\/","url":"https:\/\/francois-pelletant.fr\/blog\/wp-content\/uploads\/2024\/07\/icone-francois-centre-500p.png","contentUrl":"https:\/\/francois-pelletant.fr\/blog\/wp-content\/uploads\/2024\/07\/icone-francois-centre-500p.png","width":559,"height":447,"caption":"Fran\u00e7ois Pelletant"},"image":{"@id":"https:\/\/francois-pelletant.fr\/blog\/#\/schema\/logo\/image\/"},"sameAs":["https:\/\/www.facebook.com\/francois.pelletant.7","https:\/\/x.com\/pelletant"]},{"@type":"Person","@id":"https:\/\/francois-pelletant.fr\/blog\/#\/schema\/person\/2be41acb171dff8f31aaed1f40cee9f3","name":"Francois"}]}},"_links":{"self":[{"href":"https:\/\/francois-pelletant.fr\/blog\/wp-json\/wp\/v2\/posts\/5827","targetHints":{"allow":["GET"]}}],"collection":[{"href":"https:\/\/francois-pelletant.fr\/blog\/wp-json\/wp\/v2\/posts"}],"about":[{"href":"https:\/\/francois-pelletant.fr\/blog\/wp-json\/wp\/v2\/types\/post"}],"author":[{"embeddable":true,"href":"https:\/\/francois-pelletant.fr\/blog\/wp-json\/wp\/v2\/users\/1"}],"replies":[{"embeddable":true,"href":"https:\/\/francois-pelletant.fr\/blog\/wp-json\/wp\/v2\/comments?post=5827"}],"version-history":[{"count":0,"href":"https:\/\/francois-pelletant.fr\/blog\/wp-json\/wp\/v2\/posts\/5827\/revisions"}],"wp:featuredmedia":[{"embeddable":true,"href":"https:\/\/francois-pelletant.fr\/blog\/wp-json\/wp\/v2\/media\/2953"}],"wp:attachment":[{"href":"https:\/\/francois-pelletant.fr\/blog\/wp-json\/wp\/v2\/media?parent=5827"}],"wp:term":[{"taxonomy":"category","embeddable":true,"href":"https:\/\/francois-pelletant.fr\/blog\/wp-json\/wp\/v2\/categories?post=5827"},{"taxonomy":"post_tag","embeddable":true,"href":"https:\/\/francois-pelletant.fr\/blog\/wp-json\/wp\/v2\/tags?post=5827"}],"curies":[{"name":"wp","href":"https:\/\/api.w.org\/{rel}","templated":true}]}}