{"id":5841,"date":"2013-01-16T11:21:51","date_gmt":"2013-01-16T09:21:51","guid":{"rendered":"https:\/\/francois-pelletant.fr\/blog\/?p=2986"},"modified":"2013-01-16T11:21:51","modified_gmt":"2013-01-16T09:21:51","slug":"le-camilm-lance-2013","status":"publish","type":"post","link":"https:\/\/francois-pelletant.fr\/blog\/le-camilm-lance-2013\/","title":{"rendered":"Le Camilm lance 2013"},"content":{"rendered":"<p><a href=\"https:\/\/francois-pelletant.fr\/blog\/wp-content\/uploads\/2013\/01\/fp-podium-web.jpg\"><img loading=\"lazy\" decoding=\"async\" class=\"alignleft size-medium wp-image-2987\" title=\"fp podium web\" src=\"https:\/\/francois-pelletant.fr\/blog\/wp-content\/uploads\/2013\/01\/fp-podium-web-300x204.jpg\" alt=\"\" width=\"300\" height=\"204\" srcset=\"https:\/\/francois-pelletant.fr\/blog\/wp-content\/uploads\/2013\/01\/fp-podium-web-300x204.jpg 300w, https:\/\/francois-pelletant.fr\/blog\/wp-content\/uploads\/2013\/01\/fp-podium-web-768x523.jpg 768w, https:\/\/francois-pelletant.fr\/blog\/wp-content\/uploads\/2013\/01\/fp-podium-web-600x408.jpg 600w, https:\/\/francois-pelletant.fr\/blog\/wp-content\/uploads\/2013\/01\/fp-podium-web.jpg 886w\" sizes=\"auto, (max-width: 300px) 100vw, 300px\" \/><\/a>Dimanche 6 janvier 2013, le gymnase du Cosom de Linas accueillait la 1<sup>\u00e8re<\/sup> comp\u00e9tition de karat\u00e9 de l\u2019ann\u00e9e en Essonne. Organis\u00e9e par le Camilm, l\u2019association sportive de Linas-Montlh\u00e9ry, la coupe Claude Saliou \u00e9tait r\u00e9serv\u00e9e aux v\u00e9t\u00e9rans. Elle a vu les karat\u00e9kas venus de tout le d\u00e9partement s\u2019affronter en cat\u00e9gorie \u00ab\u00a0kata\u00a0\u00bb et \u00ab\u00a0kumite\u00a0\u00bb. J\u2019ai eu le plaisir de remettre les prix aux sportifs des clubs de Villebon, Etiolles et Boissy qui se sont impos\u00e9s dans les \u00e9preuves.<\/p>\n","protected":false},"excerpt":{"rendered":"<p>Dimanche 6 janvier 2013, le gymnase du Cosom de Linas accueillait la 1\u00e8re comp\u00e9tition de karat\u00e9 de l\u2019ann\u00e9e en Essonne. Organis\u00e9e par le Camilm, l\u2019association sportive de Linas-Montlh\u00e9ry, la coupe Claude Saliou \u00e9tait r\u00e9serv\u00e9e aux v\u00e9t\u00e9rans. Elle a vu les karat\u00e9kas venus de tout le d\u00e9partement s\u2019affronter en cat\u00e9gorie \u00ab\u00a0kata\u00a0\u00bb et \u00ab\u00a0kumite\u00a0\u00bb. J\u2019ai eu le [&hellip;]<\/p>\n","protected":false},"author":1,"featured_media":2987,"comment_status":"open","ping_status":"open","sticky":false,"template":"","format":"standard","meta":{"footnotes":""},"categories":[10],"tags":[],"class_list":["post-5841","post","type-post","status-publish","format-standard","has-post-thumbnail","hentry","category-1pelletant"],"yoast_head":"<!-- This site is optimized with the Yoast SEO plugin v25.6 - https:\/\/yoast.com\/wordpress\/plugins\/seo\/ -->\n<title>Le Camilm lance 2013 - Fran\u00e7ois Pelletant<\/title>\n<meta name=\"robots\" content=\"index, follow, max-snippet:-1, max-image-preview:large, max-video-preview:-1\" \/>\n<link rel=\"canonical\" href=\"https:\/\/francois-pelletant.fr\/blog\/le-camilm-lance-2013\/\" \/>\n<meta property=\"og:locale\" content=\"fr_FR\" \/>\n<meta property=\"og:type\" content=\"article\" \/>\n<meta property=\"og:title\" content=\"Le Camilm lance 2013 - Fran\u00e7ois Pelletant\" \/>\n<meta property=\"og:description\" content=\"Dimanche 6 janvier 2013, le gymnase du Cosom de Linas accueillait la 1\u00e8re comp\u00e9tition de karat\u00e9 de l\u2019ann\u00e9e en Essonne. Organis\u00e9e par le Camilm, l\u2019association sportive de Linas-Montlh\u00e9ry, la coupe Claude Saliou \u00e9tait r\u00e9serv\u00e9e aux v\u00e9t\u00e9rans. Elle a vu les karat\u00e9kas venus de tout le d\u00e9partement s\u2019affronter en cat\u00e9gorie \u00ab\u00a0kata\u00a0\u00bb et \u00ab\u00a0kumite\u00a0\u00bb. J\u2019ai eu le [&hellip;]\" \/>\n<meta property=\"og:url\" content=\"https:\/\/francois-pelletant.fr\/blog\/le-camilm-lance-2013\/\" \/>\n<meta property=\"og:site_name\" content=\"Fran\u00e7ois Pelletant\" \/>\n<meta property=\"article:publisher\" content=\"https:\/\/www.facebook.com\/francois.pelletant.7\" \/>\n<meta property=\"article:published_time\" content=\"2013-01-16T09:21:51+00:00\" \/>\n<meta property=\"og:image\" content=\"https:\/\/francois-pelletant.fr\/blog\/wp-content\/uploads\/2013\/01\/fp-podium-web.jpg\" \/>\n\t<meta property=\"og:image:width\" content=\"886\" \/>\n\t<meta property=\"og:image:height\" content=\"603\" \/>\n\t<meta property=\"og:image:type\" content=\"image\/jpeg\" \/>\n<meta name=\"author\" content=\"Francois\" \/>\n<meta name=\"twitter:card\" content=\"summary_large_image\" \/>\n<meta name=\"twitter:creator\" content=\"@pelletant\" \/>\n<meta name=\"twitter:site\" content=\"@pelletant\" \/>\n<meta name=\"twitter:label1\" content=\"\u00c9crit par\" \/>\n\t<meta name=\"twitter:data1\" content=\"Francois\" \/>\n<script type=\"application\/ld+json\" class=\"yoast-schema-graph\">{\"@context\":\"https:\/\/schema.org\",\"@graph\":[{\"@type\":\"Article\",\"@id\":\"https:\/\/francois-pelletant.fr\/blog\/le-camilm-lance-2013\/#article\",\"isPartOf\":{\"@id\":\"https:\/\/francois-pelletant.fr\/blog\/le-camilm-lance-2013\/\"},\"author\":{\"name\":\"Francois\",\"@id\":\"https:\/\/francois-pelletant.fr\/blog\/#\/schema\/person\/2be41acb171dff8f31aaed1f40cee9f3\"},\"headline\":\"Le Camilm lance 2013\",\"datePublished\":\"2013-01-16T09:21:51+00:00\",\"mainEntityOfPage\":{\"@id\":\"https:\/\/francois-pelletant.fr\/blog\/le-camilm-lance-2013\/\"},\"wordCount\":93,\"commentCount\":0,\"publisher\":{\"@id\":\"https:\/\/francois-pelletant.fr\/blog\/#organization\"},\"image\":{\"@id\":\"https:\/\/francois-pelletant.fr\/blog\/le-camilm-lance-2013\/#primaryimage\"},\"thumbnailUrl\":\"https:\/\/francois-pelletant.fr\/blog\/wp-content\/uploads\/2013\/01\/fp-podium-web.jpg\",\"articleSection\":[\"Infos\"],\"inLanguage\":\"fr-FR\",\"potentialAction\":[{\"@type\":\"CommentAction\",\"name\":\"Comment\",\"target\":[\"https:\/\/francois-pelletant.fr\/blog\/le-camilm-lance-2013\/#respond\"]}]},{\"@type\":\"WebPage\",\"@id\":\"https:\/\/francois-pelletant.fr\/blog\/le-camilm-lance-2013\/\",\"url\":\"https:\/\/francois-pelletant.fr\/blog\/le-camilm-lance-2013\/\",\"name\":\"Le Camilm lance 2013 - Fran\u00e7ois Pelletant\",\"isPartOf\":{\"@id\":\"https:\/\/francois-pelletant.fr\/blog\/#website\"},\"primaryImageOfPage\":{\"@id\":\"https:\/\/francois-pelletant.fr\/blog\/le-camilm-lance-2013\/#primaryimage\"},\"image\":{\"@id\":\"https:\/\/francois-pelletant.fr\/blog\/le-camilm-lance-2013\/#primaryimage\"},\"thumbnailUrl\":\"https:\/\/francois-pelletant.fr\/blog\/wp-content\/uploads\/2013\/01\/fp-podium-web.jpg\",\"datePublished\":\"2013-01-16T09:21:51+00:00\",\"breadcrumb\":{\"@id\":\"https:\/\/francois-pelletant.fr\/blog\/le-camilm-lance-2013\/#breadcrumb\"},\"inLanguage\":\"fr-FR\",\"potentialAction\":[{\"@type\":\"ReadAction\",\"target\":[\"https:\/\/francois-pelletant.fr\/blog\/le-camilm-lance-2013\/\"]}]},{\"@type\":\"ImageObject\",\"inLanguage\":\"fr-FR\",\"@id\":\"https:\/\/francois-pelletant.fr\/blog\/le-camilm-lance-2013\/#primaryimage\",\"url\":\"https:\/\/francois-pelletant.fr\/blog\/wp-content\/uploads\/2013\/01\/fp-podium-web.jpg\",\"contentUrl\":\"https:\/\/francois-pelletant.fr\/blog\/wp-content\/uploads\/2013\/01\/fp-podium-web.jpg\",\"width\":886,\"height\":603},{\"@type\":\"BreadcrumbList\",\"@id\":\"https:\/\/francois-pelletant.fr\/blog\/le-camilm-lance-2013\/#breadcrumb\",\"itemListElement\":[{\"@type\":\"ListItem\",\"position\":1,\"name\":\"Accueil\",\"item\":\"https:\/\/francois-pelletant.fr\/blog\/\"},{\"@type\":\"ListItem\",\"position\":2,\"name\":\"Le Camilm lance 2013\"}]},{\"@type\":\"WebSite\",\"@id\":\"https:\/\/francois-pelletant.fr\/blog\/#website\",\"url\":\"https:\/\/francois-pelletant.fr\/blog\/\",\"name\":\"Fran\u00e7ois Pelletant\",\"description\":\"Maire de Linas, pour toujours.\",\"publisher\":{\"@id\":\"https:\/\/francois-pelletant.fr\/blog\/#organization\"},\"potentialAction\":[{\"@type\":\"SearchAction\",\"target\":{\"@type\":\"EntryPoint\",\"urlTemplate\":\"https:\/\/francois-pelletant.fr\/blog\/?s={search_term_string}\"},\"query-input\":{\"@type\":\"PropertyValueSpecification\",\"valueRequired\":true,\"valueName\":\"search_term_string\"}}],\"inLanguage\":\"fr-FR\"},{\"@type\":\"Organization\",\"@id\":\"https:\/\/francois-pelletant.fr\/blog\/#organization\",\"name\":\"Fran\u00e7ois Pelletant\",\"url\":\"https:\/\/francois-pelletant.fr\/blog\/\",\"logo\":{\"@type\":\"ImageObject\",\"inLanguage\":\"fr-FR\",\"@id\":\"https:\/\/francois-pelletant.fr\/blog\/#\/schema\/logo\/image\/\",\"url\":\"https:\/\/francois-pelletant.fr\/blog\/wp-content\/uploads\/2024\/07\/icone-francois-centre-500p.png\",\"contentUrl\":\"https:\/\/francois-pelletant.fr\/blog\/wp-content\/uploads\/2024\/07\/icone-francois-centre-500p.png\",\"width\":559,\"height\":447,\"caption\":\"Fran\u00e7ois Pelletant\"},\"image\":{\"@id\":\"https:\/\/francois-pelletant.fr\/blog\/#\/schema\/logo\/image\/\"},\"sameAs\":[\"https:\/\/www.facebook.com\/francois.pelletant.7\",\"https:\/\/x.com\/pelletant\"]},{\"@type\":\"Person\",\"@id\":\"https:\/\/francois-pelletant.fr\/blog\/#\/schema\/person\/2be41acb171dff8f31aaed1f40cee9f3\",\"name\":\"Francois\"}]}<\/script>\n<!-- \/ Yoast SEO plugin. -->","yoast_head_json":{"title":"Le Camilm lance 2013 - Fran\u00e7ois Pelletant","robots":{"index":"index","follow":"follow","max-snippet":"max-snippet:-1","max-image-preview":"max-image-preview:large","max-video-preview":"max-video-preview:-1"},"canonical":"https:\/\/francois-pelletant.fr\/blog\/le-camilm-lance-2013\/","og_locale":"fr_FR","og_type":"article","og_title":"Le Camilm lance 2013 - Fran\u00e7ois Pelletant","og_description":"Dimanche 6 janvier 2013, le gymnase du Cosom de Linas accueillait la 1\u00e8re comp\u00e9tition de karat\u00e9 de l\u2019ann\u00e9e en Essonne. Organis\u00e9e par le Camilm, l\u2019association sportive de Linas-Montlh\u00e9ry, la coupe Claude Saliou \u00e9tait r\u00e9serv\u00e9e aux v\u00e9t\u00e9rans. Elle a vu les karat\u00e9kas venus de tout le d\u00e9partement s\u2019affronter en cat\u00e9gorie \u00ab\u00a0kata\u00a0\u00bb et \u00ab\u00a0kumite\u00a0\u00bb. J\u2019ai eu le [&hellip;]","og_url":"https:\/\/francois-pelletant.fr\/blog\/le-camilm-lance-2013\/","og_site_name":"Fran\u00e7ois Pelletant","article_publisher":"https:\/\/www.facebook.com\/francois.pelletant.7","article_published_time":"2013-01-16T09:21:51+00:00","og_image":[{"width":886,"height":603,"url":"https:\/\/francois-pelletant.fr\/blog\/wp-content\/uploads\/2013\/01\/fp-podium-web.jpg","type":"image\/jpeg"}],"author":"Francois","twitter_card":"summary_large_image","twitter_creator":"@pelletant","twitter_site":"@pelletant","twitter_misc":{"\u00c9crit par":"Francois"},"schema":{"@context":"https:\/\/schema.org","@graph":[{"@type":"Article","@id":"https:\/\/francois-pelletant.fr\/blog\/le-camilm-lance-2013\/#article","isPartOf":{"@id":"https:\/\/francois-pelletant.fr\/blog\/le-camilm-lance-2013\/"},"author":{"name":"Francois","@id":"https:\/\/francois-pelletant.fr\/blog\/#\/schema\/person\/2be41acb171dff8f31aaed1f40cee9f3"},"headline":"Le Camilm lance 2013","datePublished":"2013-01-16T09:21:51+00:00","mainEntityOfPage":{"@id":"https:\/\/francois-pelletant.fr\/blog\/le-camilm-lance-2013\/"},"wordCount":93,"commentCount":0,"publisher":{"@id":"https:\/\/francois-pelletant.fr\/blog\/#organization"},"image":{"@id":"https:\/\/francois-pelletant.fr\/blog\/le-camilm-lance-2013\/#primaryimage"},"thumbnailUrl":"https:\/\/francois-pelletant.fr\/blog\/wp-content\/uploads\/2013\/01\/fp-podium-web.jpg","articleSection":["Infos"],"inLanguage":"fr-FR","potentialAction":[{"@type":"CommentAction","name":"Comment","target":["https:\/\/francois-pelletant.fr\/blog\/le-camilm-lance-2013\/#respond"]}]},{"@type":"WebPage","@id":"https:\/\/francois-pelletant.fr\/blog\/le-camilm-lance-2013\/","url":"https:\/\/francois-pelletant.fr\/blog\/le-camilm-lance-2013\/","name":"Le Camilm lance 2013 - Fran\u00e7ois Pelletant","isPartOf":{"@id":"https:\/\/francois-pelletant.fr\/blog\/#website"},"primaryImageOfPage":{"@id":"https:\/\/francois-pelletant.fr\/blog\/le-camilm-lance-2013\/#primaryimage"},"image":{"@id":"https:\/\/francois-pelletant.fr\/blog\/le-camilm-lance-2013\/#primaryimage"},"thumbnailUrl":"https:\/\/francois-pelletant.fr\/blog\/wp-content\/uploads\/2013\/01\/fp-podium-web.jpg","datePublished":"2013-01-16T09:21:51+00:00","breadcrumb":{"@id":"https:\/\/francois-pelletant.fr\/blog\/le-camilm-lance-2013\/#breadcrumb"},"inLanguage":"fr-FR","potentialAction":[{"@type":"ReadAction","target":["https:\/\/francois-pelletant.fr\/blog\/le-camilm-lance-2013\/"]}]},{"@type":"ImageObject","inLanguage":"fr-FR","@id":"https:\/\/francois-pelletant.fr\/blog\/le-camilm-lance-2013\/#primaryimage","url":"https:\/\/francois-pelletant.fr\/blog\/wp-content\/uploads\/2013\/01\/fp-podium-web.jpg","contentUrl":"https:\/\/francois-pelletant.fr\/blog\/wp-content\/uploads\/2013\/01\/fp-podium-web.jpg","width":886,"height":603},{"@type":"BreadcrumbList","@id":"https:\/\/francois-pelletant.fr\/blog\/le-camilm-lance-2013\/#breadcrumb","itemListElement":[{"@type":"ListItem","position":1,"name":"Accueil","item":"https:\/\/francois-pelletant.fr\/blog\/"},{"@type":"ListItem","position":2,"name":"Le Camilm lance 2013"}]},{"@type":"WebSite","@id":"https:\/\/francois-pelletant.fr\/blog\/#website","url":"https:\/\/francois-pelletant.fr\/blog\/","name":"Fran\u00e7ois Pelletant","description":"Maire de Linas, pour toujours.","publisher":{"@id":"https:\/\/francois-pelletant.fr\/blog\/#organization"},"potentialAction":[{"@type":"SearchAction","target":{"@type":"EntryPoint","urlTemplate":"https:\/\/francois-pelletant.fr\/blog\/?s={search_term_string}"},"query-input":{"@type":"PropertyValueSpecification","valueRequired":true,"valueName":"search_term_string"}}],"inLanguage":"fr-FR"},{"@type":"Organization","@id":"https:\/\/francois-pelletant.fr\/blog\/#organization","name":"Fran\u00e7ois Pelletant","url":"https:\/\/francois-pelletant.fr\/blog\/","logo":{"@type":"ImageObject","inLanguage":"fr-FR","@id":"https:\/\/francois-pelletant.fr\/blog\/#\/schema\/logo\/image\/","url":"https:\/\/francois-pelletant.fr\/blog\/wp-content\/uploads\/2024\/07\/icone-francois-centre-500p.png","contentUrl":"https:\/\/francois-pelletant.fr\/blog\/wp-content\/uploads\/2024\/07\/icone-francois-centre-500p.png","width":559,"height":447,"caption":"Fran\u00e7ois Pelletant"},"image":{"@id":"https:\/\/francois-pelletant.fr\/blog\/#\/schema\/logo\/image\/"},"sameAs":["https:\/\/www.facebook.com\/francois.pelletant.7","https:\/\/x.com\/pelletant"]},{"@type":"Person","@id":"https:\/\/francois-pelletant.fr\/blog\/#\/schema\/person\/2be41acb171dff8f31aaed1f40cee9f3","name":"Francois"}]}},"_links":{"self":[{"href":"https:\/\/francois-pelletant.fr\/blog\/wp-json\/wp\/v2\/posts\/5841","targetHints":{"allow":["GET"]}}],"collection":[{"href":"https:\/\/francois-pelletant.fr\/blog\/wp-json\/wp\/v2\/posts"}],"about":[{"href":"https:\/\/francois-pelletant.fr\/blog\/wp-json\/wp\/v2\/types\/post"}],"author":[{"embeddable":true,"href":"https:\/\/francois-pelletant.fr\/blog\/wp-json\/wp\/v2\/users\/1"}],"replies":[{"embeddable":true,"href":"https:\/\/francois-pelletant.fr\/blog\/wp-json\/wp\/v2\/comments?post=5841"}],"version-history":[{"count":0,"href":"https:\/\/francois-pelletant.fr\/blog\/wp-json\/wp\/v2\/posts\/5841\/revisions"}],"wp:featuredmedia":[{"embeddable":true,"href":"https:\/\/francois-pelletant.fr\/blog\/wp-json\/wp\/v2\/media\/2987"}],"wp:attachment":[{"href":"https:\/\/francois-pelletant.fr\/blog\/wp-json\/wp\/v2\/media?parent=5841"}],"wp:term":[{"taxonomy":"category","embeddable":true,"href":"https:\/\/francois-pelletant.fr\/blog\/wp-json\/wp\/v2\/categories?post=5841"},{"taxonomy":"post_tag","embeddable":true,"href":"https:\/\/francois-pelletant.fr\/blog\/wp-json\/wp\/v2\/tags?post=5841"}],"curies":[{"name":"wp","href":"https:\/\/api.w.org\/{rel}","templated":true}]}}