{"id":5886,"date":"2013-09-03T14:16:28","date_gmt":"2013-09-03T12:16:28","guid":{"rendered":"https:\/\/francois-pelletant.fr\/blog\/?p=3615"},"modified":"2017-05-17T11:55:49","modified_gmt":"2017-05-17T11:55:49","slug":"fournitures-scolaires-pas-de-lecons-recevoir","status":"publish","type":"post","link":"https:\/\/francois-pelletant.fr\/blog\/fournitures-scolaires-pas-de-lecons-recevoir\/","title":{"rendered":"Fournitures scolaires : pas de le\u00e7ons \u00e0 recevoir"},"content":{"rendered":"<p><a href=\"https:\/\/francois-pelletant.fr\/blog\/wp-content\/uploads\/2013\/09\/classe-linas-web.jpg\"><img loading=\"lazy\" decoding=\"async\" class=\"alignleft size-medium wp-image-3616\" title=\"classe linas web\" src=\"https:\/\/francois-pelletant.fr\/blog\/wp-content\/uploads\/2013\/09\/classe-linas-web-300x198.jpg\" alt=\"\" width=\"300\" height=\"198\" \/><\/a>Monsieur Thomas, Maire de Marcoussis, Conseiller R\u00e9gional, Vice-Pr\u00e9sident de la CAEE, Pr\u00e9sident de l\u2019Agence des Espaces Verts, Conseiller National du PS, candidat perp\u00e9tuel aux l\u00e9gislatives\u2026, aurait-il du temps \u00e0 perdre pour\u00a0faire des commentaires sur Facebook \u00a0au sujet de notre gestion municipale \u00e0 Linas. Ou veut-il ainsi apporter son soutien \u00e0 la section PS d&#8217;amateurs qu&#8217;il pilote \u00e0 Linas et leur\u00a0apprendre les bonnes vieilles m\u00e9thodes de la m\u00e9disance qui portent toujours leurs fruits\u00a0?<\/p>\n<p>On se demande, en effet, quel mal lui a pris \u00e0 vouloir tirer les moustaches du tigre en publiant le commentaire suivant\u00a0: \u00ab J<em>e pr\u00e9cise qu&#8217;\u00e0 Marcoussis, nous n&#8217;avons pas de mairie coloris\u00e9e mais les fournitures scolaires sont totalement gratuites et fournies aux \u00e9l\u00e8ves de nos \u00e9coles..<\/em>.&#8221; Autrement dit,\u00a0 \u00e0 Marcoussis la municipalit\u00e9 finance \u00e0 100% les fournitures scolaires contrairement \u00e0 Linas qui pr\u00e9f\u00e8re d\u00e9penser l&#8217;argent public dans les \u00e9clairages multicolores de la Mairie.<\/p>\n<h4>Voici donc une petite \u00e9tude comparative des politiques men\u00e9es de part et d&#8217;autre de la RN20 au sujet des fournitures scolaires.<\/h4>\n<p>Tout d&#8217;abord, \u00e9vacuons la question des lumi\u00e8res de la mairie, je ne peux que me r\u00e9jouir que le Maire de Marcoussis ait mal dig\u00e9r\u00e9 cette innovation \u00e9cologique \u00e0 base de leds, d&#8217;informatique et de cr\u00e9ativit\u00e9, mise en place \u00e0 Linas, ville o\u00f9 l&#8217;on vit avec son temps.<\/p>\n<p>A Linas, la ville met chaque ann\u00e9e \u00e0 disposition des \u00e9coles une enveloppe financi\u00e8re ; en 2013 de 8 711 \u20ac pour l\u2019\u00e9cole maternelle et de 17\u00a0981 \u20ac pour l\u2019\u00e9cole \u00e9l\u00e9mentaire ;\u00a0<span style=\"color: #000000;\">dont\u00a0<a href=\"tel:3%C2%A0500\" target=\"_blank\" rel=\"nofollow\"><span style=\"color: #000000;\">3\u00a0500<\/span><\/a>\u00a0\u20ac pour<\/span> l\u2019achat de livres scolaires et 500 \u20ac pour les fournitures administratives.\u00a0Soit une trentaine d\u2019euros par enfant (hormis\u00a0autres prestations dont le cahier de textes personnalis\u00e9 avec plusieurs pages sur les services municipaux offert aux jeunes).<\/p>\n<p>Ces sommes permettent l\u2019achat du mat\u00e9riel scolaire essentiel afin que chaque enfant dispose de tout ce qu&#8217;il faut \u00a0pour r\u00e9ussir sa scolarit\u00e9. Les directrices des \u00e9coles d\u00e9finissent les besoins et en concertation avec le Conseil d\u2019Ecole (qui r\u00e9unit professeurs, mairie et parents d\u2019\u00e9l\u00e8ves). Elles proc\u00e8dent aussi \u00e0 l\u2019achat du mat\u00e9riel collectif. Si l\u2019\u00e9cole \u00e9l\u00e9mentaire demande aux parents de participer \u00e0 l\u2019acquisition de quelques fournitures scolaires\u00a0(blouse, colle\u2026), c\u2019est pour responsabiliser parents et \u00e9l\u00e8ves\u00a0; cela rel\u00e8ve d\u2019une pratique normale qui se d\u00e9roule un peu partout dans le reste des \u00e9coles publiques du pays.<\/p>\n<h5>A Marcoussis, en revanche, la municipalit\u00e9 fournit aux enfants le mat\u00e9riel de base et certaines fournitures que Linas ne fournit pas.<\/h5>\n<p>Mais le premier hic, c&#8217;est que, d&#8217;une part ces fournitures sont donn\u00e9es une seule fois \u00e0 la rentr\u00e9e (histoire de communiquer) et pour le reste de l&#8217;ann\u00e9e : d\u00e9brouillez-vous\u00a0! Alors que c&#8217;est justement \u00e0 la rentr\u00e9e que les parents qui ont touch\u00e9 l&#8217;allocation de scolarit\u00e9 peuvent faire face \u00e0 ces d\u00e9penses.<\/p>\n<p>Le second hic, c&#8217;est que les familles financent quand m\u00eame les\u00a0trousses et les cartables\u2026 Ce que je trouve normal.<\/p>\n<p>Et puis le troisi\u00e8me hic, c&#8217;est\u00a0que\u00a0les fournitures des \u00e9l\u00e8ves Marcoussissiens restent sur place, dans leur \u00e9cole ; les \u00e9l\u00e8ves ne pouvant pas les utiliser \u00e0 l\u2019ext\u00e9rieur.\u00a0Ce qui implique que les familles de Marcoussis doivent racheter tout le mat\u00e9riel pour que l&#8217;enfant puisse travailler chez lui. A Linas, les enfants emportent le mat\u00e9riel chez eux.<\/p>\n<p>J\u2019arr\u00eate l\u00e0, il y aurait encore beaucoup de choses \u00e0 dire et \u00e0 comparer. Je pr\u00e9cise quand m\u00eame qu&#8217;\u00e0 Linas nous n&#8217;avons pas de position dogmatique sur le sujet. En effet, nous laissons enseignants et parents choisir les formules qui leur semblent les meilleures (tout en contr\u00f4lant l&#8217;enveloppe financi\u00e8re). De plus,\u00a0si un jour ils souhaitaient que l&#8217;on applique une autre politique nous n&#8217;y serions pas oppos\u00e9s a priori. Autrement dit, ce qui est fait \u00e0 Linas a \u00e9t\u00e9 d\u00e9cid\u00e9 de longue date en concertation. Mais je ne demanderai pas pour autant le limogeage de Monsieur Thomas.<\/p>\n","protected":false},"excerpt":{"rendered":"<p>Monsieur Thomas, Maire de Marcoussis, Conseiller R\u00e9gional, Vice-Pr\u00e9sident de la CAEE, Pr\u00e9sident de l\u2019Agence des Espaces Verts, Conseiller National du PS, candidat perp\u00e9tuel aux l\u00e9gislatives\u2026, aurait-il du temps \u00e0 perdre pour\u00a0faire des commentaires sur Facebook \u00a0au sujet de notre gestion municipale \u00e0 Linas. Ou veut-il ainsi apporter son soutien \u00e0 la section PS d&#8217;amateurs qu&#8217;il [&hellip;]<\/p>\n","protected":false},"author":1,"featured_media":3618,"comment_status":"open","ping_status":"open","sticky":false,"template":"","format":"standard","meta":{"footnotes":""},"categories":[16],"tags":[],"class_list":["post-5886","post","type-post","status-publish","format-standard","has-post-thumbnail","hentry","category-prises-de-positions"],"yoast_head":"<!-- This site is optimized with the Yoast SEO plugin v25.6 - https:\/\/yoast.com\/wordpress\/plugins\/seo\/ -->\n<title>Fournitures scolaires : pas de le\u00e7ons \u00e0 recevoir - Fran\u00e7ois Pelletant<\/title>\n<meta name=\"robots\" content=\"index, follow, max-snippet:-1, max-image-preview:large, max-video-preview:-1\" \/>\n<link rel=\"canonical\" href=\"https:\/\/francois-pelletant.fr\/blog\/fournitures-scolaires-pas-de-lecons-recevoir\/\" \/>\n<meta property=\"og:locale\" content=\"fr_FR\" \/>\n<meta property=\"og:type\" content=\"article\" \/>\n<meta property=\"og:title\" content=\"Fournitures scolaires : pas de le\u00e7ons \u00e0 recevoir - Fran\u00e7ois Pelletant\" \/>\n<meta property=\"og:description\" content=\"Monsieur Thomas, Maire de Marcoussis, Conseiller R\u00e9gional, Vice-Pr\u00e9sident de la CAEE, Pr\u00e9sident de l\u2019Agence des Espaces Verts, Conseiller National du PS, candidat perp\u00e9tuel aux l\u00e9gislatives\u2026, aurait-il du temps \u00e0 perdre pour\u00a0faire des commentaires sur Facebook \u00a0au sujet de notre gestion municipale \u00e0 Linas. Ou veut-il ainsi apporter son soutien \u00e0 la section PS d&#8217;amateurs qu&#8217;il [&hellip;]\" \/>\n<meta property=\"og:url\" content=\"https:\/\/francois-pelletant.fr\/blog\/fournitures-scolaires-pas-de-lecons-recevoir\/\" \/>\n<meta property=\"og:site_name\" content=\"Fran\u00e7ois Pelletant\" \/>\n<meta property=\"article:publisher\" content=\"https:\/\/www.facebook.com\/francois.pelletant.7\" \/>\n<meta property=\"article:published_time\" content=\"2013-09-03T12:16:28+00:00\" \/>\n<meta property=\"article:modified_time\" content=\"2017-05-17T11:55:49+00:00\" \/>\n<meta property=\"og:image\" content=\"https:\/\/francois-pelletant.fr\/blog\/wp-content\/uploads\/2013\/09\/classe-linas-web.jpg\" \/>\n\t<meta property=\"og:image:width\" content=\"1956\" \/>\n\t<meta property=\"og:image:height\" content=\"1296\" \/>\n\t<meta property=\"og:image:type\" content=\"image\/jpeg\" \/>\n<meta name=\"author\" content=\"Francois\" \/>\n<meta name=\"twitter:card\" content=\"summary_large_image\" \/>\n<meta name=\"twitter:creator\" content=\"@pelletant\" \/>\n<meta name=\"twitter:site\" content=\"@pelletant\" \/>\n<meta name=\"twitter:label1\" content=\"\u00c9crit par\" \/>\n\t<meta name=\"twitter:data1\" content=\"Francois\" \/>\n\t<meta name=\"twitter:label2\" content=\"Dur\u00e9e de lecture estim\u00e9e\" \/>\n\t<meta name=\"twitter:data2\" content=\"3 minutes\" \/>\n<script type=\"application\/ld+json\" class=\"yoast-schema-graph\">{\"@context\":\"https:\/\/schema.org\",\"@graph\":[{\"@type\":\"Article\",\"@id\":\"https:\/\/francois-pelletant.fr\/blog\/fournitures-scolaires-pas-de-lecons-recevoir\/#article\",\"isPartOf\":{\"@id\":\"https:\/\/francois-pelletant.fr\/blog\/fournitures-scolaires-pas-de-lecons-recevoir\/\"},\"author\":{\"name\":\"Francois\",\"@id\":\"https:\/\/francois-pelletant.fr\/blog\/#\/schema\/person\/2be41acb171dff8f31aaed1f40cee9f3\"},\"headline\":\"Fournitures scolaires : pas de le\u00e7ons \u00e0 recevoir\",\"datePublished\":\"2013-09-03T12:16:28+00:00\",\"dateModified\":\"2017-05-17T11:55:49+00:00\",\"mainEntityOfPage\":{\"@id\":\"https:\/\/francois-pelletant.fr\/blog\/fournitures-scolaires-pas-de-lecons-recevoir\/\"},\"wordCount\":686,\"commentCount\":3,\"publisher\":{\"@id\":\"https:\/\/francois-pelletant.fr\/blog\/#organization\"},\"image\":{\"@id\":\"https:\/\/francois-pelletant.fr\/blog\/fournitures-scolaires-pas-de-lecons-recevoir\/#primaryimage\"},\"thumbnailUrl\":\"https:\/\/francois-pelletant.fr\/blog\/wp-content\/uploads\/2013\/09\/classe-linas-web.jpg\",\"articleSection\":[\"Prises de positions\"],\"inLanguage\":\"fr-FR\",\"potentialAction\":[{\"@type\":\"CommentAction\",\"name\":\"Comment\",\"target\":[\"https:\/\/francois-pelletant.fr\/blog\/fournitures-scolaires-pas-de-lecons-recevoir\/#respond\"]}]},{\"@type\":\"WebPage\",\"@id\":\"https:\/\/francois-pelletant.fr\/blog\/fournitures-scolaires-pas-de-lecons-recevoir\/\",\"url\":\"https:\/\/francois-pelletant.fr\/blog\/fournitures-scolaires-pas-de-lecons-recevoir\/\",\"name\":\"Fournitures scolaires : pas de le\u00e7ons \u00e0 recevoir - Fran\u00e7ois Pelletant\",\"isPartOf\":{\"@id\":\"https:\/\/francois-pelletant.fr\/blog\/#website\"},\"primaryImageOfPage\":{\"@id\":\"https:\/\/francois-pelletant.fr\/blog\/fournitures-scolaires-pas-de-lecons-recevoir\/#primaryimage\"},\"image\":{\"@id\":\"https:\/\/francois-pelletant.fr\/blog\/fournitures-scolaires-pas-de-lecons-recevoir\/#primaryimage\"},\"thumbnailUrl\":\"https:\/\/francois-pelletant.fr\/blog\/wp-content\/uploads\/2013\/09\/classe-linas-web.jpg\",\"datePublished\":\"2013-09-03T12:16:28+00:00\",\"dateModified\":\"2017-05-17T11:55:49+00:00\",\"breadcrumb\":{\"@id\":\"https:\/\/francois-pelletant.fr\/blog\/fournitures-scolaires-pas-de-lecons-recevoir\/#breadcrumb\"},\"inLanguage\":\"fr-FR\",\"potentialAction\":[{\"@type\":\"ReadAction\",\"target\":[\"https:\/\/francois-pelletant.fr\/blog\/fournitures-scolaires-pas-de-lecons-recevoir\/\"]}]},{\"@type\":\"ImageObject\",\"inLanguage\":\"fr-FR\",\"@id\":\"https:\/\/francois-pelletant.fr\/blog\/fournitures-scolaires-pas-de-lecons-recevoir\/#primaryimage\",\"url\":\"https:\/\/francois-pelletant.fr\/blog\/wp-content\/uploads\/2013\/09\/classe-linas-web.jpg\",\"contentUrl\":\"https:\/\/francois-pelletant.fr\/blog\/wp-content\/uploads\/2013\/09\/classe-linas-web.jpg\",\"width\":1956,\"height\":1296},{\"@type\":\"BreadcrumbList\",\"@id\":\"https:\/\/francois-pelletant.fr\/blog\/fournitures-scolaires-pas-de-lecons-recevoir\/#breadcrumb\",\"itemListElement\":[{\"@type\":\"ListItem\",\"position\":1,\"name\":\"Accueil\",\"item\":\"https:\/\/francois-pelletant.fr\/blog\/\"},{\"@type\":\"ListItem\",\"position\":2,\"name\":\"Fournitures scolaires : pas de le\u00e7ons \u00e0 recevoir\"}]},{\"@type\":\"WebSite\",\"@id\":\"https:\/\/francois-pelletant.fr\/blog\/#website\",\"url\":\"https:\/\/francois-pelletant.fr\/blog\/\",\"name\":\"Fran\u00e7ois Pelletant\",\"description\":\"Maire de Linas, pour toujours.\",\"publisher\":{\"@id\":\"https:\/\/francois-pelletant.fr\/blog\/#organization\"},\"potentialAction\":[{\"@type\":\"SearchAction\",\"target\":{\"@type\":\"EntryPoint\",\"urlTemplate\":\"https:\/\/francois-pelletant.fr\/blog\/?s={search_term_string}\"},\"query-input\":{\"@type\":\"PropertyValueSpecification\",\"valueRequired\":true,\"valueName\":\"search_term_string\"}}],\"inLanguage\":\"fr-FR\"},{\"@type\":\"Organization\",\"@id\":\"https:\/\/francois-pelletant.fr\/blog\/#organization\",\"name\":\"Fran\u00e7ois Pelletant\",\"url\":\"https:\/\/francois-pelletant.fr\/blog\/\",\"logo\":{\"@type\":\"ImageObject\",\"inLanguage\":\"fr-FR\",\"@id\":\"https:\/\/francois-pelletant.fr\/blog\/#\/schema\/logo\/image\/\",\"url\":\"https:\/\/francois-pelletant.fr\/blog\/wp-content\/uploads\/2024\/07\/icone-francois-centre-500p.png\",\"contentUrl\":\"https:\/\/francois-pelletant.fr\/blog\/wp-content\/uploads\/2024\/07\/icone-francois-centre-500p.png\",\"width\":559,\"height\":447,\"caption\":\"Fran\u00e7ois Pelletant\"},\"image\":{\"@id\":\"https:\/\/francois-pelletant.fr\/blog\/#\/schema\/logo\/image\/\"},\"sameAs\":[\"https:\/\/www.facebook.com\/francois.pelletant.7\",\"https:\/\/x.com\/pelletant\"]},{\"@type\":\"Person\",\"@id\":\"https:\/\/francois-pelletant.fr\/blog\/#\/schema\/person\/2be41acb171dff8f31aaed1f40cee9f3\",\"name\":\"Francois\"}]}<\/script>\n<!-- \/ Yoast SEO plugin. -->","yoast_head_json":{"title":"Fournitures scolaires : pas de le\u00e7ons \u00e0 recevoir - Fran\u00e7ois Pelletant","robots":{"index":"index","follow":"follow","max-snippet":"max-snippet:-1","max-image-preview":"max-image-preview:large","max-video-preview":"max-video-preview:-1"},"canonical":"https:\/\/francois-pelletant.fr\/blog\/fournitures-scolaires-pas-de-lecons-recevoir\/","og_locale":"fr_FR","og_type":"article","og_title":"Fournitures scolaires : pas de le\u00e7ons \u00e0 recevoir - Fran\u00e7ois Pelletant","og_description":"Monsieur Thomas, Maire de Marcoussis, Conseiller R\u00e9gional, Vice-Pr\u00e9sident de la CAEE, Pr\u00e9sident de l\u2019Agence des Espaces Verts, Conseiller National du PS, candidat perp\u00e9tuel aux l\u00e9gislatives\u2026, aurait-il du temps \u00e0 perdre pour\u00a0faire des commentaires sur Facebook \u00a0au sujet de notre gestion municipale \u00e0 Linas. Ou veut-il ainsi apporter son soutien \u00e0 la section PS d&#8217;amateurs qu&#8217;il [&hellip;]","og_url":"https:\/\/francois-pelletant.fr\/blog\/fournitures-scolaires-pas-de-lecons-recevoir\/","og_site_name":"Fran\u00e7ois Pelletant","article_publisher":"https:\/\/www.facebook.com\/francois.pelletant.7","article_published_time":"2013-09-03T12:16:28+00:00","article_modified_time":"2017-05-17T11:55:49+00:00","og_image":[{"width":1956,"height":1296,"url":"https:\/\/francois-pelletant.fr\/blog\/wp-content\/uploads\/2013\/09\/classe-linas-web.jpg","type":"image\/jpeg"}],"author":"Francois","twitter_card":"summary_large_image","twitter_creator":"@pelletant","twitter_site":"@pelletant","twitter_misc":{"\u00c9crit par":"Francois","Dur\u00e9e de lecture estim\u00e9e":"3 minutes"},"schema":{"@context":"https:\/\/schema.org","@graph":[{"@type":"Article","@id":"https:\/\/francois-pelletant.fr\/blog\/fournitures-scolaires-pas-de-lecons-recevoir\/#article","isPartOf":{"@id":"https:\/\/francois-pelletant.fr\/blog\/fournitures-scolaires-pas-de-lecons-recevoir\/"},"author":{"name":"Francois","@id":"https:\/\/francois-pelletant.fr\/blog\/#\/schema\/person\/2be41acb171dff8f31aaed1f40cee9f3"},"headline":"Fournitures scolaires : pas de le\u00e7ons \u00e0 recevoir","datePublished":"2013-09-03T12:16:28+00:00","dateModified":"2017-05-17T11:55:49+00:00","mainEntityOfPage":{"@id":"https:\/\/francois-pelletant.fr\/blog\/fournitures-scolaires-pas-de-lecons-recevoir\/"},"wordCount":686,"commentCount":3,"publisher":{"@id":"https:\/\/francois-pelletant.fr\/blog\/#organization"},"image":{"@id":"https:\/\/francois-pelletant.fr\/blog\/fournitures-scolaires-pas-de-lecons-recevoir\/#primaryimage"},"thumbnailUrl":"https:\/\/francois-pelletant.fr\/blog\/wp-content\/uploads\/2013\/09\/classe-linas-web.jpg","articleSection":["Prises de positions"],"inLanguage":"fr-FR","potentialAction":[{"@type":"CommentAction","name":"Comment","target":["https:\/\/francois-pelletant.fr\/blog\/fournitures-scolaires-pas-de-lecons-recevoir\/#respond"]}]},{"@type":"WebPage","@id":"https:\/\/francois-pelletant.fr\/blog\/fournitures-scolaires-pas-de-lecons-recevoir\/","url":"https:\/\/francois-pelletant.fr\/blog\/fournitures-scolaires-pas-de-lecons-recevoir\/","name":"Fournitures scolaires : pas de le\u00e7ons \u00e0 recevoir - Fran\u00e7ois Pelletant","isPartOf":{"@id":"https:\/\/francois-pelletant.fr\/blog\/#website"},"primaryImageOfPage":{"@id":"https:\/\/francois-pelletant.fr\/blog\/fournitures-scolaires-pas-de-lecons-recevoir\/#primaryimage"},"image":{"@id":"https:\/\/francois-pelletant.fr\/blog\/fournitures-scolaires-pas-de-lecons-recevoir\/#primaryimage"},"thumbnailUrl":"https:\/\/francois-pelletant.fr\/blog\/wp-content\/uploads\/2013\/09\/classe-linas-web.jpg","datePublished":"2013-09-03T12:16:28+00:00","dateModified":"2017-05-17T11:55:49+00:00","breadcrumb":{"@id":"https:\/\/francois-pelletant.fr\/blog\/fournitures-scolaires-pas-de-lecons-recevoir\/#breadcrumb"},"inLanguage":"fr-FR","potentialAction":[{"@type":"ReadAction","target":["https:\/\/francois-pelletant.fr\/blog\/fournitures-scolaires-pas-de-lecons-recevoir\/"]}]},{"@type":"ImageObject","inLanguage":"fr-FR","@id":"https:\/\/francois-pelletant.fr\/blog\/fournitures-scolaires-pas-de-lecons-recevoir\/#primaryimage","url":"https:\/\/francois-pelletant.fr\/blog\/wp-content\/uploads\/2013\/09\/classe-linas-web.jpg","contentUrl":"https:\/\/francois-pelletant.fr\/blog\/wp-content\/uploads\/2013\/09\/classe-linas-web.jpg","width":1956,"height":1296},{"@type":"BreadcrumbList","@id":"https:\/\/francois-pelletant.fr\/blog\/fournitures-scolaires-pas-de-lecons-recevoir\/#breadcrumb","itemListElement":[{"@type":"ListItem","position":1,"name":"Accueil","item":"https:\/\/francois-pelletant.fr\/blog\/"},{"@type":"ListItem","position":2,"name":"Fournitures scolaires : pas de le\u00e7ons \u00e0 recevoir"}]},{"@type":"WebSite","@id":"https:\/\/francois-pelletant.fr\/blog\/#website","url":"https:\/\/francois-pelletant.fr\/blog\/","name":"Fran\u00e7ois Pelletant","description":"Maire de Linas, pour toujours.","publisher":{"@id":"https:\/\/francois-pelletant.fr\/blog\/#organization"},"potentialAction":[{"@type":"SearchAction","target":{"@type":"EntryPoint","urlTemplate":"https:\/\/francois-pelletant.fr\/blog\/?s={search_term_string}"},"query-input":{"@type":"PropertyValueSpecification","valueRequired":true,"valueName":"search_term_string"}}],"inLanguage":"fr-FR"},{"@type":"Organization","@id":"https:\/\/francois-pelletant.fr\/blog\/#organization","name":"Fran\u00e7ois Pelletant","url":"https:\/\/francois-pelletant.fr\/blog\/","logo":{"@type":"ImageObject","inLanguage":"fr-FR","@id":"https:\/\/francois-pelletant.fr\/blog\/#\/schema\/logo\/image\/","url":"https:\/\/francois-pelletant.fr\/blog\/wp-content\/uploads\/2024\/07\/icone-francois-centre-500p.png","contentUrl":"https:\/\/francois-pelletant.fr\/blog\/wp-content\/uploads\/2024\/07\/icone-francois-centre-500p.png","width":559,"height":447,"caption":"Fran\u00e7ois Pelletant"},"image":{"@id":"https:\/\/francois-pelletant.fr\/blog\/#\/schema\/logo\/image\/"},"sameAs":["https:\/\/www.facebook.com\/francois.pelletant.7","https:\/\/x.com\/pelletant"]},{"@type":"Person","@id":"https:\/\/francois-pelletant.fr\/blog\/#\/schema\/person\/2be41acb171dff8f31aaed1f40cee9f3","name":"Francois"}]}},"_links":{"self":[{"href":"https:\/\/francois-pelletant.fr\/blog\/wp-json\/wp\/v2\/posts\/5886","targetHints":{"allow":["GET"]}}],"collection":[{"href":"https:\/\/francois-pelletant.fr\/blog\/wp-json\/wp\/v2\/posts"}],"about":[{"href":"https:\/\/francois-pelletant.fr\/blog\/wp-json\/wp\/v2\/types\/post"}],"author":[{"embeddable":true,"href":"https:\/\/francois-pelletant.fr\/blog\/wp-json\/wp\/v2\/users\/1"}],"replies":[{"embeddable":true,"href":"https:\/\/francois-pelletant.fr\/blog\/wp-json\/wp\/v2\/comments?post=5886"}],"version-history":[{"count":0,"href":"https:\/\/francois-pelletant.fr\/blog\/wp-json\/wp\/v2\/posts\/5886\/revisions"}],"wp:featuredmedia":[{"embeddable":true,"href":"https:\/\/francois-pelletant.fr\/blog\/wp-json\/wp\/v2\/media\/3618"}],"wp:attachment":[{"href":"https:\/\/francois-pelletant.fr\/blog\/wp-json\/wp\/v2\/media?parent=5886"}],"wp:term":[{"taxonomy":"category","embeddable":true,"href":"https:\/\/francois-pelletant.fr\/blog\/wp-json\/wp\/v2\/categories?post=5886"},{"taxonomy":"post_tag","embeddable":true,"href":"https:\/\/francois-pelletant.fr\/blog\/wp-json\/wp\/v2\/tags?post=5886"}],"curies":[{"name":"wp","href":"https:\/\/api.w.org\/{rel}","templated":true}]}}