{"id":5971,"date":"2016-01-19T10:19:19","date_gmt":"2016-01-19T08:19:19","guid":{"rendered":"https:\/\/francois-pelletant.fr\/blog\/?p=5971"},"modified":"2017-04-20T07:56:09","modified_gmt":"2017-04-20T07:56:09","slug":"votre-nom-grave-dans-leglise","status":"publish","type":"post","link":"https:\/\/francois-pelletant.fr\/blog\/votre-nom-grave-dans-leglise\/","title":{"rendered":"Votre nom grav\u00e9 dans l&#8217;Eglise"},"content":{"rendered":"<p><a href=\"https:\/\/francois-pelletant.fr\/blog\/wp-content\/uploads\/2016\/01\/Aile_1.png\"><img loading=\"lazy\" decoding=\"async\" class=\"alignleft wp-image-5972 size-medium\" title=\"Aile_1\" src=\"https:\/\/francois-pelletant.fr\/blog\/wp-content\/uploads\/2016\/01\/Aile_1-300x215.png\" alt=\"image-Linas-Eglise-Saint-Merry\" width=\"300\" height=\"215\" \/><\/a>Vous le savez, nous recherchons de nouvelles recettes pour financer certains projets qui ne pourraient voir le jour faute de financement. C\u2019est le cas pour les vitraux de notre Eglise Saint-Merry \u00e0 Linas. Nous avons d\u00e9cid\u00e9 de les restaurer avant qu\u2019ils ne se d\u00e9gradent de fa\u00e7on trop importante. Compte tenu de la capacit\u00e9 financi\u00e8re de la ville, il fallait trouver une source de financement suppl\u00e9mentaire pour \u00e9viter l\u2019impasse dans ce projet.<\/p>\n<p>L\u2019id\u00e9e du financement participatif est n\u00e9e d\u2019une boutade en r\u00e9union de travail avec les \u00e9lus de la majorit\u00e9. J\u2019ai dit que si je le pouvais, j\u2019aiderais volontiers et tous mes adjoints \u00e9taient d\u2019accord avec moi. Au d\u00e9but, nous n\u2019\u00e9tions pas tr\u00e8s familiaris\u00e9s avec le financement participatif (ou crowdfunding). C\u2019est en cherchant un moyen de collecter des fonds que nous avons d\u00e9couvert le syst\u00e8me. Si je donne 10 euros et que cinq de mes amis font de m\u00eame, on avance. J\u2019esp\u00e8re m\u00eame que notre appel sera entendu au-del\u00e0 de la ville et du d\u00e9partement car il touche notre patrimoine \u00e0 tous.<\/p>\n<h4>Votre nom grav\u00e9 dans l&#8217;Eglise<\/h4>\n<p>Aujourd\u2019hui, la collecte ne sera prise en compte que si l\u2019objectif est atteint. Chaque euro re\u00e7u sera affect\u00e9 \u00e0 la r\u00e9novation des vitraux, c\u2019est une promesse. Nous avons conscience que l\u2019initiative pour le moins in\u00e9dite que nous avons mise en place, \u00e0 savoir faire appel au crowdfunding, ne nous assure pas d\u2019un r\u00e9sultat certain. Pourtant, chacun peut contribuer dans la mesure de ses moyens sur la page disponible sur la page Internet <a href=\"http:\/\/fr.ulule.com\/saint-merry\/\" target=\"_blank\" rel=\"nofollow\">http:\/\/fr.ulule.com\/saint-merry\/<\/a>. Pour tour don sup\u00e9rieur \u00e0 50 euros, votre nom sera grav\u00e9 sur la plaque d\u00e9di\u00e9e aux donateurs, pos\u00e9e \u00e0 l\u2019entr\u00e9e de l\u2019\u00e9glise. Nous avons d\u00e9j\u00e0 rassembl\u00e9 plus de 1 000 euros.<\/p>\n<p>D\u2019ici le 13 f\u00e9vrier 2016, nous esp\u00e9rons r\u00e9colter les 8 000 euros qui manquent encore pour finaliser ce beau projet. Linas innove en la mati\u00e8re; d\u2019autres communes r\u00e9fl\u00e9chissent au dispositif que nous avons mis en place pour nous embo\u00eeter le pas. Cependant, je ne vous cache pas que cette initiative est aussi un appel \u00e0 l\u2019aide vers l\u2019Etat. Est-il normal, en effet, qu\u2019une commune comme la n\u00f4tre doive pleurer pour recevoir des dotations afin de sauvegarder des b\u00e2timents qui font partie du patrimoine national ?<\/p>\n","protected":false},"excerpt":{"rendered":"<p>Vous le savez, nous recherchons de nouvelles recettes pour financer certains projets qui ne pourraient voir le jour faute de financement. C\u2019est le cas pour les vitraux de notre Eglise Saint-Merry \u00e0 Linas. Nous avons d\u00e9cid\u00e9 de les restaurer avant qu\u2019ils ne se d\u00e9gradent de fa\u00e7on trop importante. Compte tenu de la capacit\u00e9 financi\u00e8re de [&hellip;]<\/p>\n","protected":false},"author":1,"featured_media":6802,"comment_status":"open","ping_status":"open","sticky":false,"template":"","format":"standard","meta":{"footnotes":""},"categories":[10],"tags":[],"class_list":["post-5971","post","type-post","status-publish","format-standard","has-post-thumbnail","hentry","category-1pelletant"],"yoast_head":"<!-- This site is optimized with the Yoast SEO plugin v25.6 - https:\/\/yoast.com\/wordpress\/plugins\/seo\/ -->\n<title>linas : Votre nom grav\u00e9 dans l&#039;Eglise - Fran\u00e7ois Pelletant<\/title>\n<meta name=\"description\" content=\"La commune de Linas souhaite r\u00e9nover l&#039;Eglise Saint Merry. Faute de financement, nous recherchons des solutions pour ce projet.\" \/>\n<meta name=\"robots\" content=\"index, follow, max-snippet:-1, max-image-preview:large, max-video-preview:-1\" \/>\n<link rel=\"canonical\" href=\"https:\/\/francois-pelletant.fr\/blog\/votre-nom-grave-dans-leglise\/\" \/>\n<meta property=\"og:locale\" content=\"fr_FR\" \/>\n<meta property=\"og:type\" content=\"article\" \/>\n<meta property=\"og:title\" content=\"linas : Votre nom grav\u00e9 dans l&#039;Eglise - Fran\u00e7ois Pelletant\" \/>\n<meta property=\"og:description\" content=\"La commune de Linas souhaite r\u00e9nover l&#039;Eglise Saint Merry. Faute de financement, nous recherchons des solutions pour ce projet.\" \/>\n<meta property=\"og:url\" content=\"https:\/\/francois-pelletant.fr\/blog\/votre-nom-grave-dans-leglise\/\" \/>\n<meta property=\"og:site_name\" content=\"Fran\u00e7ois Pelletant\" \/>\n<meta property=\"article:publisher\" content=\"https:\/\/www.facebook.com\/francois.pelletant.7\" \/>\n<meta property=\"article:published_time\" content=\"2016-01-19T08:19:19+00:00\" \/>\n<meta property=\"article:modified_time\" content=\"2017-04-20T07:56:09+00:00\" \/>\n<meta property=\"og:image\" content=\"https:\/\/francois-pelletant.fr\/blog\/wp-content\/uploads\/2016\/01\/Aile_1-1.png\" \/>\n\t<meta property=\"og:image:width\" content=\"595\" \/>\n\t<meta property=\"og:image:height\" content=\"428\" \/>\n\t<meta property=\"og:image:type\" content=\"image\/png\" \/>\n<meta name=\"author\" content=\"Francois\" \/>\n<meta name=\"twitter:card\" content=\"summary_large_image\" \/>\n<meta name=\"twitter:creator\" content=\"@pelletant\" \/>\n<meta name=\"twitter:site\" content=\"@pelletant\" \/>\n<meta name=\"twitter:label1\" content=\"\u00c9crit par\" \/>\n\t<meta name=\"twitter:data1\" content=\"Francois\" \/>\n\t<meta name=\"twitter:label2\" content=\"Dur\u00e9e de lecture estim\u00e9e\" \/>\n\t<meta name=\"twitter:data2\" content=\"2 minutes\" \/>\n<script type=\"application\/ld+json\" class=\"yoast-schema-graph\">{\"@context\":\"https:\/\/schema.org\",\"@graph\":[{\"@type\":\"Article\",\"@id\":\"https:\/\/francois-pelletant.fr\/blog\/votre-nom-grave-dans-leglise\/#article\",\"isPartOf\":{\"@id\":\"https:\/\/francois-pelletant.fr\/blog\/votre-nom-grave-dans-leglise\/\"},\"author\":{\"name\":\"Francois\",\"@id\":\"https:\/\/francois-pelletant.fr\/blog\/#\/schema\/person\/2be41acb171dff8f31aaed1f40cee9f3\"},\"headline\":\"Votre nom grav\u00e9 dans l&#8217;Eglise\",\"datePublished\":\"2016-01-19T08:19:19+00:00\",\"dateModified\":\"2017-04-20T07:56:09+00:00\",\"mainEntityOfPage\":{\"@id\":\"https:\/\/francois-pelletant.fr\/blog\/votre-nom-grave-dans-leglise\/\"},\"wordCount\":419,\"commentCount\":0,\"publisher\":{\"@id\":\"https:\/\/francois-pelletant.fr\/blog\/#organization\"},\"image\":{\"@id\":\"https:\/\/francois-pelletant.fr\/blog\/votre-nom-grave-dans-leglise\/#primaryimage\"},\"thumbnailUrl\":\"https:\/\/francois-pelletant.fr\/blog\/wp-content\/uploads\/2016\/01\/Aile_1-1.png\",\"articleSection\":[\"Infos\"],\"inLanguage\":\"fr-FR\",\"potentialAction\":[{\"@type\":\"CommentAction\",\"name\":\"Comment\",\"target\":[\"https:\/\/francois-pelletant.fr\/blog\/votre-nom-grave-dans-leglise\/#respond\"]}]},{\"@type\":\"WebPage\",\"@id\":\"https:\/\/francois-pelletant.fr\/blog\/votre-nom-grave-dans-leglise\/\",\"url\":\"https:\/\/francois-pelletant.fr\/blog\/votre-nom-grave-dans-leglise\/\",\"name\":\"linas : Votre nom grav\u00e9 dans l'Eglise - Fran\u00e7ois Pelletant\",\"isPartOf\":{\"@id\":\"https:\/\/francois-pelletant.fr\/blog\/#website\"},\"primaryImageOfPage\":{\"@id\":\"https:\/\/francois-pelletant.fr\/blog\/votre-nom-grave-dans-leglise\/#primaryimage\"},\"image\":{\"@id\":\"https:\/\/francois-pelletant.fr\/blog\/votre-nom-grave-dans-leglise\/#primaryimage\"},\"thumbnailUrl\":\"https:\/\/francois-pelletant.fr\/blog\/wp-content\/uploads\/2016\/01\/Aile_1-1.png\",\"datePublished\":\"2016-01-19T08:19:19+00:00\",\"dateModified\":\"2017-04-20T07:56:09+00:00\",\"description\":\"La commune de Linas souhaite r\u00e9nover l'Eglise Saint Merry. Faute de financement, nous recherchons des solutions pour ce projet.\",\"breadcrumb\":{\"@id\":\"https:\/\/francois-pelletant.fr\/blog\/votre-nom-grave-dans-leglise\/#breadcrumb\"},\"inLanguage\":\"fr-FR\",\"potentialAction\":[{\"@type\":\"ReadAction\",\"target\":[\"https:\/\/francois-pelletant.fr\/blog\/votre-nom-grave-dans-leglise\/\"]}]},{\"@type\":\"ImageObject\",\"inLanguage\":\"fr-FR\",\"@id\":\"https:\/\/francois-pelletant.fr\/blog\/votre-nom-grave-dans-leglise\/#primaryimage\",\"url\":\"https:\/\/francois-pelletant.fr\/blog\/wp-content\/uploads\/2016\/01\/Aile_1-1.png\",\"contentUrl\":\"https:\/\/francois-pelletant.fr\/blog\/wp-content\/uploads\/2016\/01\/Aile_1-1.png\",\"width\":595,\"height\":428},{\"@type\":\"BreadcrumbList\",\"@id\":\"https:\/\/francois-pelletant.fr\/blog\/votre-nom-grave-dans-leglise\/#breadcrumb\",\"itemListElement\":[{\"@type\":\"ListItem\",\"position\":1,\"name\":\"Accueil\",\"item\":\"https:\/\/francois-pelletant.fr\/blog\/\"},{\"@type\":\"ListItem\",\"position\":2,\"name\":\"Votre nom grav\u00e9 dans l&#8217;Eglise\"}]},{\"@type\":\"WebSite\",\"@id\":\"https:\/\/francois-pelletant.fr\/blog\/#website\",\"url\":\"https:\/\/francois-pelletant.fr\/blog\/\",\"name\":\"Fran\u00e7ois Pelletant\",\"description\":\"Maire de Linas, pour toujours.\",\"publisher\":{\"@id\":\"https:\/\/francois-pelletant.fr\/blog\/#organization\"},\"potentialAction\":[{\"@type\":\"SearchAction\",\"target\":{\"@type\":\"EntryPoint\",\"urlTemplate\":\"https:\/\/francois-pelletant.fr\/blog\/?s={search_term_string}\"},\"query-input\":{\"@type\":\"PropertyValueSpecification\",\"valueRequired\":true,\"valueName\":\"search_term_string\"}}],\"inLanguage\":\"fr-FR\"},{\"@type\":\"Organization\",\"@id\":\"https:\/\/francois-pelletant.fr\/blog\/#organization\",\"name\":\"Fran\u00e7ois Pelletant\",\"url\":\"https:\/\/francois-pelletant.fr\/blog\/\",\"logo\":{\"@type\":\"ImageObject\",\"inLanguage\":\"fr-FR\",\"@id\":\"https:\/\/francois-pelletant.fr\/blog\/#\/schema\/logo\/image\/\",\"url\":\"https:\/\/francois-pelletant.fr\/blog\/wp-content\/uploads\/2024\/07\/icone-francois-centre-500p.png\",\"contentUrl\":\"https:\/\/francois-pelletant.fr\/blog\/wp-content\/uploads\/2024\/07\/icone-francois-centre-500p.png\",\"width\":559,\"height\":447,\"caption\":\"Fran\u00e7ois Pelletant\"},\"image\":{\"@id\":\"https:\/\/francois-pelletant.fr\/blog\/#\/schema\/logo\/image\/\"},\"sameAs\":[\"https:\/\/www.facebook.com\/francois.pelletant.7\",\"https:\/\/x.com\/pelletant\"]},{\"@type\":\"Person\",\"@id\":\"https:\/\/francois-pelletant.fr\/blog\/#\/schema\/person\/2be41acb171dff8f31aaed1f40cee9f3\",\"name\":\"Francois\"}]}<\/script>\n<!-- \/ Yoast SEO plugin. -->","yoast_head_json":{"title":"linas : Votre nom grav\u00e9 dans l'Eglise - Fran\u00e7ois Pelletant","description":"La commune de Linas souhaite r\u00e9nover l'Eglise Saint Merry. Faute de financement, nous recherchons des solutions pour ce projet.","robots":{"index":"index","follow":"follow","max-snippet":"max-snippet:-1","max-image-preview":"max-image-preview:large","max-video-preview":"max-video-preview:-1"},"canonical":"https:\/\/francois-pelletant.fr\/blog\/votre-nom-grave-dans-leglise\/","og_locale":"fr_FR","og_type":"article","og_title":"linas : Votre nom grav\u00e9 dans l'Eglise - Fran\u00e7ois Pelletant","og_description":"La commune de Linas souhaite r\u00e9nover l'Eglise Saint Merry. Faute de financement, nous recherchons des solutions pour ce projet.","og_url":"https:\/\/francois-pelletant.fr\/blog\/votre-nom-grave-dans-leglise\/","og_site_name":"Fran\u00e7ois Pelletant","article_publisher":"https:\/\/www.facebook.com\/francois.pelletant.7","article_published_time":"2016-01-19T08:19:19+00:00","article_modified_time":"2017-04-20T07:56:09+00:00","og_image":[{"width":595,"height":428,"url":"https:\/\/francois-pelletant.fr\/blog\/wp-content\/uploads\/2016\/01\/Aile_1-1.png","type":"image\/png"}],"author":"Francois","twitter_card":"summary_large_image","twitter_creator":"@pelletant","twitter_site":"@pelletant","twitter_misc":{"\u00c9crit par":"Francois","Dur\u00e9e de lecture estim\u00e9e":"2 minutes"},"schema":{"@context":"https:\/\/schema.org","@graph":[{"@type":"Article","@id":"https:\/\/francois-pelletant.fr\/blog\/votre-nom-grave-dans-leglise\/#article","isPartOf":{"@id":"https:\/\/francois-pelletant.fr\/blog\/votre-nom-grave-dans-leglise\/"},"author":{"name":"Francois","@id":"https:\/\/francois-pelletant.fr\/blog\/#\/schema\/person\/2be41acb171dff8f31aaed1f40cee9f3"},"headline":"Votre nom grav\u00e9 dans l&#8217;Eglise","datePublished":"2016-01-19T08:19:19+00:00","dateModified":"2017-04-20T07:56:09+00:00","mainEntityOfPage":{"@id":"https:\/\/francois-pelletant.fr\/blog\/votre-nom-grave-dans-leglise\/"},"wordCount":419,"commentCount":0,"publisher":{"@id":"https:\/\/francois-pelletant.fr\/blog\/#organization"},"image":{"@id":"https:\/\/francois-pelletant.fr\/blog\/votre-nom-grave-dans-leglise\/#primaryimage"},"thumbnailUrl":"https:\/\/francois-pelletant.fr\/blog\/wp-content\/uploads\/2016\/01\/Aile_1-1.png","articleSection":["Infos"],"inLanguage":"fr-FR","potentialAction":[{"@type":"CommentAction","name":"Comment","target":["https:\/\/francois-pelletant.fr\/blog\/votre-nom-grave-dans-leglise\/#respond"]}]},{"@type":"WebPage","@id":"https:\/\/francois-pelletant.fr\/blog\/votre-nom-grave-dans-leglise\/","url":"https:\/\/francois-pelletant.fr\/blog\/votre-nom-grave-dans-leglise\/","name":"linas : Votre nom grav\u00e9 dans l'Eglise - Fran\u00e7ois Pelletant","isPartOf":{"@id":"https:\/\/francois-pelletant.fr\/blog\/#website"},"primaryImageOfPage":{"@id":"https:\/\/francois-pelletant.fr\/blog\/votre-nom-grave-dans-leglise\/#primaryimage"},"image":{"@id":"https:\/\/francois-pelletant.fr\/blog\/votre-nom-grave-dans-leglise\/#primaryimage"},"thumbnailUrl":"https:\/\/francois-pelletant.fr\/blog\/wp-content\/uploads\/2016\/01\/Aile_1-1.png","datePublished":"2016-01-19T08:19:19+00:00","dateModified":"2017-04-20T07:56:09+00:00","description":"La commune de Linas souhaite r\u00e9nover l'Eglise Saint Merry. Faute de financement, nous recherchons des solutions pour ce projet.","breadcrumb":{"@id":"https:\/\/francois-pelletant.fr\/blog\/votre-nom-grave-dans-leglise\/#breadcrumb"},"inLanguage":"fr-FR","potentialAction":[{"@type":"ReadAction","target":["https:\/\/francois-pelletant.fr\/blog\/votre-nom-grave-dans-leglise\/"]}]},{"@type":"ImageObject","inLanguage":"fr-FR","@id":"https:\/\/francois-pelletant.fr\/blog\/votre-nom-grave-dans-leglise\/#primaryimage","url":"https:\/\/francois-pelletant.fr\/blog\/wp-content\/uploads\/2016\/01\/Aile_1-1.png","contentUrl":"https:\/\/francois-pelletant.fr\/blog\/wp-content\/uploads\/2016\/01\/Aile_1-1.png","width":595,"height":428},{"@type":"BreadcrumbList","@id":"https:\/\/francois-pelletant.fr\/blog\/votre-nom-grave-dans-leglise\/#breadcrumb","itemListElement":[{"@type":"ListItem","position":1,"name":"Accueil","item":"https:\/\/francois-pelletant.fr\/blog\/"},{"@type":"ListItem","position":2,"name":"Votre nom grav\u00e9 dans l&#8217;Eglise"}]},{"@type":"WebSite","@id":"https:\/\/francois-pelletant.fr\/blog\/#website","url":"https:\/\/francois-pelletant.fr\/blog\/","name":"Fran\u00e7ois Pelletant","description":"Maire de Linas, pour toujours.","publisher":{"@id":"https:\/\/francois-pelletant.fr\/blog\/#organization"},"potentialAction":[{"@type":"SearchAction","target":{"@type":"EntryPoint","urlTemplate":"https:\/\/francois-pelletant.fr\/blog\/?s={search_term_string}"},"query-input":{"@type":"PropertyValueSpecification","valueRequired":true,"valueName":"search_term_string"}}],"inLanguage":"fr-FR"},{"@type":"Organization","@id":"https:\/\/francois-pelletant.fr\/blog\/#organization","name":"Fran\u00e7ois Pelletant","url":"https:\/\/francois-pelletant.fr\/blog\/","logo":{"@type":"ImageObject","inLanguage":"fr-FR","@id":"https:\/\/francois-pelletant.fr\/blog\/#\/schema\/logo\/image\/","url":"https:\/\/francois-pelletant.fr\/blog\/wp-content\/uploads\/2024\/07\/icone-francois-centre-500p.png","contentUrl":"https:\/\/francois-pelletant.fr\/blog\/wp-content\/uploads\/2024\/07\/icone-francois-centre-500p.png","width":559,"height":447,"caption":"Fran\u00e7ois Pelletant"},"image":{"@id":"https:\/\/francois-pelletant.fr\/blog\/#\/schema\/logo\/image\/"},"sameAs":["https:\/\/www.facebook.com\/francois.pelletant.7","https:\/\/x.com\/pelletant"]},{"@type":"Person","@id":"https:\/\/francois-pelletant.fr\/blog\/#\/schema\/person\/2be41acb171dff8f31aaed1f40cee9f3","name":"Francois"}]}},"_links":{"self":[{"href":"https:\/\/francois-pelletant.fr\/blog\/wp-json\/wp\/v2\/posts\/5971","targetHints":{"allow":["GET"]}}],"collection":[{"href":"https:\/\/francois-pelletant.fr\/blog\/wp-json\/wp\/v2\/posts"}],"about":[{"href":"https:\/\/francois-pelletant.fr\/blog\/wp-json\/wp\/v2\/types\/post"}],"author":[{"embeddable":true,"href":"https:\/\/francois-pelletant.fr\/blog\/wp-json\/wp\/v2\/users\/1"}],"replies":[{"embeddable":true,"href":"https:\/\/francois-pelletant.fr\/blog\/wp-json\/wp\/v2\/comments?post=5971"}],"version-history":[{"count":0,"href":"https:\/\/francois-pelletant.fr\/blog\/wp-json\/wp\/v2\/posts\/5971\/revisions"}],"wp:featuredmedia":[{"embeddable":true,"href":"https:\/\/francois-pelletant.fr\/blog\/wp-json\/wp\/v2\/media\/6802"}],"wp:attachment":[{"href":"https:\/\/francois-pelletant.fr\/blog\/wp-json\/wp\/v2\/media?parent=5971"}],"wp:term":[{"taxonomy":"category","embeddable":true,"href":"https:\/\/francois-pelletant.fr\/blog\/wp-json\/wp\/v2\/categories?post=5971"},{"taxonomy":"post_tag","embeddable":true,"href":"https:\/\/francois-pelletant.fr\/blog\/wp-json\/wp\/v2\/tags?post=5971"}],"curies":[{"name":"wp","href":"https:\/\/api.w.org\/{rel}","templated":true}]}}