{"id":6003,"date":"2016-02-03T15:35:18","date_gmt":"2016-02-03T13:35:18","guid":{"rendered":"https:\/\/francois-pelletant.fr\/blog\/?p=6003"},"modified":"2017-04-19T09:04:43","modified_gmt":"2017-04-19T09:04:43","slug":"etat-davancement-deploiement-fibre-optique","status":"publish","type":"post","link":"https:\/\/francois-pelletant.fr\/blog\/etat-davancement-deploiement-fibre-optique\/","title":{"rendered":"Etat d\u2019avancement sur le d\u00e9ploiement de la fibre optique #9"},"content":{"rendered":"<p><a href=\"https:\/\/francois-pelletant.fr\/blog\/wp-content\/uploads\/2016\/02\/tutor-janvier-2016-web-193x300.jpg\"><img loading=\"lazy\" decoding=\"async\" class=\"alignleft wp-image-6004 size-medium\" title=\"tutor janvier 2016 web\" src=\"https:\/\/francois-pelletant.fr\/blog\/wp-content\/uploads\/2016\/02\/tutor-janvier-2016-web-193x300.jpg\" alt=\"image-d\u00e9ploiement-fibre-optique\" width=\"193\" height=\"300\" \/><\/a><\/p>\n<h3>Le d\u00e9ploiement sur la fibre optique sur notre territoire.<\/h3>\n<p>&nbsp;<\/p>\n<p>Les r\u00e9unions s\u2019encha\u00eenent nous pouvons\u00a0maintenant vous pr\u00e9senter l\u2019\u00e9tat d\u2019avancement des travaux pour le d\u00e9ploiement de la fibre optique. Il convient donc de vous pr\u00e9senter o\u00f9 nous en sommes \u00e0 ce jour sur les diff\u00e9rentes phases du d\u00e9ploiement du Tr\u00e8s Haut D\u00e9bit dans Paris-Saclay.<\/p>\n<h4>Les communes en phase 1 et 2<\/h4>\n<p>En ce qui concerne les villes de Saulx-les-Chartreux, Ballainvilliers, Epinay-sur-Orge, La Ville du Bois et Champlan (phase 1 et 2). Comme vous le savez d\u00e9j\u00e0, nous en sommes au processus de commercialisation. La demande \u00e9tant tr\u00e8s forte, il reste encore quelques foyers raccordables \u00e0 mettre en service.<br \/>\nLe ratio commandes par foyer \/ mise en service est pour ces phases de l\u2019ordre de 87%. Avec un d\u00e9tail par commune d\u2019environ 85% pour Saulx-les-Chartreux, 90% pour Ballainvilliers, 89% pour Epinay-sur-Orge, 82% pour La Ville-du-Bois et 91% pour Champlan. Un taux qui atteindra les 100% dans les prochains jours. De plus nous n\u2019avons pas eu de retour n\u00e9gatif quant \u00e0 la qualit\u00e9 du service. \u00a0 Je suis convaincu que cela apportera la confiance n\u00e9cessaire aux foyers raccordables des prochaines phases.<\/p>\n<h3>Les communes en phase 3<\/h3>\n<p>Pour les communes de Nozay, Longjumeau, Chilly Mazarin et Villebon-sur-Yvette (phase 3), la commercialisation s\u2019op\u00e8re peu \u00e0 peu avec en t\u00eate la commune de Nozay et 83% de mise en service sur le nombre de commande. Quant aux autres communes, nous terminons les travaux de d\u00e9ploiement suite \u00e0 la r\u00e9solution de certaines difficult\u00e9s notamment quelques autorisations de fa\u00e7ade ou d\u2019acc\u00e8s \u00e0 des terrains priv\u00e9s.<\/p>\n<h4>Les communes en phase 4<\/h4>\n<p>Pour les communes de Linas, Montlh\u00e9ry, Marcoussis et Villejust (phase 4), autrement dit la derni\u00e8re phase pour fibrer les villes qui n\u2019ont pas encore le Tr\u00e8s Haut D\u00e9bit en ce qui concerne le territoire de l\u2019ex-Europ\u2019Essonne, les travaux sont maintenant bien entam\u00e9s. Pour la commune de Linas, les \u00e9tudes sont termin\u00e9es, l\u2019aiguillage et le tubage r\u00e9alis\u00e9s. Le point de mutualisation devrait \u00eatre install\u00e9 d\u2019ici le mois d\u2019avril. Cependant nous devons encore obtenir quelques autorisations de fa\u00e7ade sur la rue de la Division Leclerc.<br \/>\nEn ce qui concerne Montlh\u00e9ry, les \u00e9tudes sont en cours pour r\u00e9pondre \u00e0 la demande de la municipalit\u00e9 de ne pas r\u00e9aliser de c\u00e2blage en a\u00e9rien. Pour Marcoussis, le d\u00e9ploiement suit son cours avec toutefois des difficult\u00e9s \u00e0 obtenir le nom de certains bailleurs. Et enfin sur Villejust, o\u00f9 la demande semble \u00eatre tr\u00e8s forte, le tirage d\u00e9butera d\u2019ici 3 semaines.<br \/>\nEn conclusion, les d\u00e9lais sont tenus. Nous en sommes \u00e0 plus de 1100 commandes et il n\u2019y a pas de retours n\u00e9gatifs. Jusqu\u2019ici tout va bien !<\/p>\n<p>Pour tout savoir et connaitre votre \u00e9ligibilit\u00e9 \u00e0 la vibre visitez la page d\u00e9di\u00e9e de mon blog <a href=\"http:\/\/pelletant.fr\/fibre\" target=\"_blank\" data-saferedirecturl=\"https:\/\/www.google.com\/url?hl=fr&amp;q=http:\/\/pelletant.fr\/fibre&amp;source=gmail&amp;ust=1488296007446000&amp;usg=AFQjCNGCLjMF_jhtx0mX9502BwvDSncc5Q\" rel=\"nofollow\">pelletant.fr\/fibre<\/a><\/p>\n","protected":false},"excerpt":{"rendered":"<p>Le d\u00e9ploiement sur la fibre optique sur notre territoire. &nbsp; Les r\u00e9unions s\u2019encha\u00eenent nous pouvons\u00a0maintenant vous pr\u00e9senter l\u2019\u00e9tat d\u2019avancement des travaux pour le d\u00e9ploiement de la fibre optique. Il convient donc de vous pr\u00e9senter o\u00f9 nous en sommes \u00e0 ce jour sur les diff\u00e9rentes phases du d\u00e9ploiement du Tr\u00e8s Haut D\u00e9bit dans Paris-Saclay. Les communes [&hellip;]<\/p>\n","protected":false},"author":1,"featured_media":6780,"comment_status":"open","ping_status":"open","sticky":false,"template":"","format":"standard","meta":{"footnotes":""},"categories":[10,23],"tags":[],"class_list":["post-6003","post","type-post","status-publish","format-standard","has-post-thumbnail","hentry","category-1pelletant","category-thd"],"yoast_head":"<!-- This site is optimized with the Yoast SEO plugin v25.6 - https:\/\/yoast.com\/wordpress\/plugins\/seo\/ -->\n<title>Etat d\u2019avancement sur le d\u00e9ploiement de la fibre optique #9 - F. Pelletant<\/title>\n<meta name=\"description\" content=\"Nous vous pr\u00e9sentons l&#039;\u00e9tat d&#039;avancement des travaux pour le d\u00e9ploiement de la fibre optique sur le territoire de Paris-Saclay.\" \/>\n<meta name=\"robots\" content=\"index, follow, max-snippet:-1, max-image-preview:large, max-video-preview:-1\" \/>\n<link rel=\"canonical\" href=\"https:\/\/francois-pelletant.fr\/blog\/etat-davancement-deploiement-fibre-optique\/\" \/>\n<meta property=\"og:locale\" content=\"fr_FR\" \/>\n<meta property=\"og:type\" content=\"article\" \/>\n<meta property=\"og:title\" content=\"Etat d\u2019avancement sur le d\u00e9ploiement de la fibre optique #9 - F. Pelletant\" \/>\n<meta property=\"og:description\" content=\"Nous vous pr\u00e9sentons l&#039;\u00e9tat d&#039;avancement des travaux pour le d\u00e9ploiement de la fibre optique sur le territoire de Paris-Saclay.\" \/>\n<meta property=\"og:url\" content=\"https:\/\/francois-pelletant.fr\/blog\/etat-davancement-deploiement-fibre-optique\/\" \/>\n<meta property=\"og:site_name\" content=\"Fran\u00e7ois Pelletant\" \/>\n<meta property=\"article:publisher\" content=\"https:\/\/www.facebook.com\/francois.pelletant.7\" \/>\n<meta property=\"article:published_time\" content=\"2016-02-03T13:35:18+00:00\" \/>\n<meta property=\"article:modified_time\" content=\"2017-04-19T09:04:43+00:00\" \/>\n<meta property=\"og:image\" content=\"https:\/\/francois-pelletant.fr\/blog\/wp-content\/uploads\/2016\/02\/tutor-janvier-2016-web.jpg\" \/>\n\t<meta property=\"og:image:width\" content=\"256\" \/>\n\t<meta property=\"og:image:height\" content=\"397\" \/>\n\t<meta property=\"og:image:type\" content=\"image\/jpeg\" \/>\n<meta name=\"author\" content=\"Francois\" \/>\n<meta name=\"twitter:card\" content=\"summary_large_image\" \/>\n<meta name=\"twitter:creator\" content=\"@pelletant\" \/>\n<meta name=\"twitter:site\" content=\"@pelletant\" \/>\n<meta name=\"twitter:label1\" content=\"\u00c9crit par\" \/>\n\t<meta name=\"twitter:data1\" content=\"Francois\" \/>\n\t<meta name=\"twitter:label2\" content=\"Dur\u00e9e de lecture estim\u00e9e\" \/>\n\t<meta name=\"twitter:data2\" content=\"2 minutes\" \/>\n<script type=\"application\/ld+json\" class=\"yoast-schema-graph\">{\"@context\":\"https:\/\/schema.org\",\"@graph\":[{\"@type\":\"Article\",\"@id\":\"https:\/\/francois-pelletant.fr\/blog\/etat-davancement-deploiement-fibre-optique\/#article\",\"isPartOf\":{\"@id\":\"https:\/\/francois-pelletant.fr\/blog\/etat-davancement-deploiement-fibre-optique\/\"},\"author\":{\"name\":\"Francois\",\"@id\":\"https:\/\/francois-pelletant.fr\/blog\/#\/schema\/person\/2be41acb171dff8f31aaed1f40cee9f3\"},\"headline\":\"Etat d\u2019avancement sur le d\u00e9ploiement de la fibre optique #9\",\"datePublished\":\"2016-02-03T13:35:18+00:00\",\"dateModified\":\"2017-04-19T09:04:43+00:00\",\"mainEntityOfPage\":{\"@id\":\"https:\/\/francois-pelletant.fr\/blog\/etat-davancement-deploiement-fibre-optique\/\"},\"wordCount\":496,\"commentCount\":0,\"publisher\":{\"@id\":\"https:\/\/francois-pelletant.fr\/blog\/#organization\"},\"image\":{\"@id\":\"https:\/\/francois-pelletant.fr\/blog\/etat-davancement-deploiement-fibre-optique\/#primaryimage\"},\"thumbnailUrl\":\"https:\/\/francois-pelletant.fr\/blog\/wp-content\/uploads\/2016\/02\/tutor-janvier-2016-web.jpg\",\"articleSection\":[\"Infos\",\"Tr\u00e8s Haut D\u00e9bit\"],\"inLanguage\":\"fr-FR\",\"potentialAction\":[{\"@type\":\"CommentAction\",\"name\":\"Comment\",\"target\":[\"https:\/\/francois-pelletant.fr\/blog\/etat-davancement-deploiement-fibre-optique\/#respond\"]}]},{\"@type\":\"WebPage\",\"@id\":\"https:\/\/francois-pelletant.fr\/blog\/etat-davancement-deploiement-fibre-optique\/\",\"url\":\"https:\/\/francois-pelletant.fr\/blog\/etat-davancement-deploiement-fibre-optique\/\",\"name\":\"Etat d\u2019avancement sur le d\u00e9ploiement de la fibre optique #9 - F. Pelletant\",\"isPartOf\":{\"@id\":\"https:\/\/francois-pelletant.fr\/blog\/#website\"},\"primaryImageOfPage\":{\"@id\":\"https:\/\/francois-pelletant.fr\/blog\/etat-davancement-deploiement-fibre-optique\/#primaryimage\"},\"image\":{\"@id\":\"https:\/\/francois-pelletant.fr\/blog\/etat-davancement-deploiement-fibre-optique\/#primaryimage\"},\"thumbnailUrl\":\"https:\/\/francois-pelletant.fr\/blog\/wp-content\/uploads\/2016\/02\/tutor-janvier-2016-web.jpg\",\"datePublished\":\"2016-02-03T13:35:18+00:00\",\"dateModified\":\"2017-04-19T09:04:43+00:00\",\"description\":\"Nous vous pr\u00e9sentons l'\u00e9tat d'avancement des travaux pour le d\u00e9ploiement de la fibre optique sur le territoire de Paris-Saclay.\",\"breadcrumb\":{\"@id\":\"https:\/\/francois-pelletant.fr\/blog\/etat-davancement-deploiement-fibre-optique\/#breadcrumb\"},\"inLanguage\":\"fr-FR\",\"potentialAction\":[{\"@type\":\"ReadAction\",\"target\":[\"https:\/\/francois-pelletant.fr\/blog\/etat-davancement-deploiement-fibre-optique\/\"]}]},{\"@type\":\"ImageObject\",\"inLanguage\":\"fr-FR\",\"@id\":\"https:\/\/francois-pelletant.fr\/blog\/etat-davancement-deploiement-fibre-optique\/#primaryimage\",\"url\":\"https:\/\/francois-pelletant.fr\/blog\/wp-content\/uploads\/2016\/02\/tutor-janvier-2016-web.jpg\",\"contentUrl\":\"https:\/\/francois-pelletant.fr\/blog\/wp-content\/uploads\/2016\/02\/tutor-janvier-2016-web.jpg\",\"width\":256,\"height\":397},{\"@type\":\"BreadcrumbList\",\"@id\":\"https:\/\/francois-pelletant.fr\/blog\/etat-davancement-deploiement-fibre-optique\/#breadcrumb\",\"itemListElement\":[{\"@type\":\"ListItem\",\"position\":1,\"name\":\"Accueil\",\"item\":\"https:\/\/francois-pelletant.fr\/blog\/\"},{\"@type\":\"ListItem\",\"position\":2,\"name\":\"Etat d\u2019avancement sur le d\u00e9ploiement de la fibre optique #9\"}]},{\"@type\":\"WebSite\",\"@id\":\"https:\/\/francois-pelletant.fr\/blog\/#website\",\"url\":\"https:\/\/francois-pelletant.fr\/blog\/\",\"name\":\"Fran\u00e7ois Pelletant\",\"description\":\"Maire de Linas, pour toujours.\",\"publisher\":{\"@id\":\"https:\/\/francois-pelletant.fr\/blog\/#organization\"},\"potentialAction\":[{\"@type\":\"SearchAction\",\"target\":{\"@type\":\"EntryPoint\",\"urlTemplate\":\"https:\/\/francois-pelletant.fr\/blog\/?s={search_term_string}\"},\"query-input\":{\"@type\":\"PropertyValueSpecification\",\"valueRequired\":true,\"valueName\":\"search_term_string\"}}],\"inLanguage\":\"fr-FR\"},{\"@type\":\"Organization\",\"@id\":\"https:\/\/francois-pelletant.fr\/blog\/#organization\",\"name\":\"Fran\u00e7ois Pelletant\",\"url\":\"https:\/\/francois-pelletant.fr\/blog\/\",\"logo\":{\"@type\":\"ImageObject\",\"inLanguage\":\"fr-FR\",\"@id\":\"https:\/\/francois-pelletant.fr\/blog\/#\/schema\/logo\/image\/\",\"url\":\"https:\/\/francois-pelletant.fr\/blog\/wp-content\/uploads\/2024\/07\/icone-francois-centre-500p.png\",\"contentUrl\":\"https:\/\/francois-pelletant.fr\/blog\/wp-content\/uploads\/2024\/07\/icone-francois-centre-500p.png\",\"width\":559,\"height\":447,\"caption\":\"Fran\u00e7ois Pelletant\"},\"image\":{\"@id\":\"https:\/\/francois-pelletant.fr\/blog\/#\/schema\/logo\/image\/\"},\"sameAs\":[\"https:\/\/www.facebook.com\/francois.pelletant.7\",\"https:\/\/x.com\/pelletant\"]},{\"@type\":\"Person\",\"@id\":\"https:\/\/francois-pelletant.fr\/blog\/#\/schema\/person\/2be41acb171dff8f31aaed1f40cee9f3\",\"name\":\"Francois\"}]}<\/script>\n<!-- \/ Yoast SEO plugin. -->","yoast_head_json":{"title":"Etat d\u2019avancement sur le d\u00e9ploiement de la fibre optique #9 - F. Pelletant","description":"Nous vous pr\u00e9sentons l'\u00e9tat d'avancement des travaux pour le d\u00e9ploiement de la fibre optique sur le territoire de Paris-Saclay.","robots":{"index":"index","follow":"follow","max-snippet":"max-snippet:-1","max-image-preview":"max-image-preview:large","max-video-preview":"max-video-preview:-1"},"canonical":"https:\/\/francois-pelletant.fr\/blog\/etat-davancement-deploiement-fibre-optique\/","og_locale":"fr_FR","og_type":"article","og_title":"Etat d\u2019avancement sur le d\u00e9ploiement de la fibre optique #9 - F. Pelletant","og_description":"Nous vous pr\u00e9sentons l'\u00e9tat d'avancement des travaux pour le d\u00e9ploiement de la fibre optique sur le territoire de Paris-Saclay.","og_url":"https:\/\/francois-pelletant.fr\/blog\/etat-davancement-deploiement-fibre-optique\/","og_site_name":"Fran\u00e7ois Pelletant","article_publisher":"https:\/\/www.facebook.com\/francois.pelletant.7","article_published_time":"2016-02-03T13:35:18+00:00","article_modified_time":"2017-04-19T09:04:43+00:00","og_image":[{"width":256,"height":397,"url":"https:\/\/francois-pelletant.fr\/blog\/wp-content\/uploads\/2016\/02\/tutor-janvier-2016-web.jpg","type":"image\/jpeg"}],"author":"Francois","twitter_card":"summary_large_image","twitter_creator":"@pelletant","twitter_site":"@pelletant","twitter_misc":{"\u00c9crit par":"Francois","Dur\u00e9e de lecture estim\u00e9e":"2 minutes"},"schema":{"@context":"https:\/\/schema.org","@graph":[{"@type":"Article","@id":"https:\/\/francois-pelletant.fr\/blog\/etat-davancement-deploiement-fibre-optique\/#article","isPartOf":{"@id":"https:\/\/francois-pelletant.fr\/blog\/etat-davancement-deploiement-fibre-optique\/"},"author":{"name":"Francois","@id":"https:\/\/francois-pelletant.fr\/blog\/#\/schema\/person\/2be41acb171dff8f31aaed1f40cee9f3"},"headline":"Etat d\u2019avancement sur le d\u00e9ploiement de la fibre optique #9","datePublished":"2016-02-03T13:35:18+00:00","dateModified":"2017-04-19T09:04:43+00:00","mainEntityOfPage":{"@id":"https:\/\/francois-pelletant.fr\/blog\/etat-davancement-deploiement-fibre-optique\/"},"wordCount":496,"commentCount":0,"publisher":{"@id":"https:\/\/francois-pelletant.fr\/blog\/#organization"},"image":{"@id":"https:\/\/francois-pelletant.fr\/blog\/etat-davancement-deploiement-fibre-optique\/#primaryimage"},"thumbnailUrl":"https:\/\/francois-pelletant.fr\/blog\/wp-content\/uploads\/2016\/02\/tutor-janvier-2016-web.jpg","articleSection":["Infos","Tr\u00e8s Haut D\u00e9bit"],"inLanguage":"fr-FR","potentialAction":[{"@type":"CommentAction","name":"Comment","target":["https:\/\/francois-pelletant.fr\/blog\/etat-davancement-deploiement-fibre-optique\/#respond"]}]},{"@type":"WebPage","@id":"https:\/\/francois-pelletant.fr\/blog\/etat-davancement-deploiement-fibre-optique\/","url":"https:\/\/francois-pelletant.fr\/blog\/etat-davancement-deploiement-fibre-optique\/","name":"Etat d\u2019avancement sur le d\u00e9ploiement de la fibre optique #9 - F. Pelletant","isPartOf":{"@id":"https:\/\/francois-pelletant.fr\/blog\/#website"},"primaryImageOfPage":{"@id":"https:\/\/francois-pelletant.fr\/blog\/etat-davancement-deploiement-fibre-optique\/#primaryimage"},"image":{"@id":"https:\/\/francois-pelletant.fr\/blog\/etat-davancement-deploiement-fibre-optique\/#primaryimage"},"thumbnailUrl":"https:\/\/francois-pelletant.fr\/blog\/wp-content\/uploads\/2016\/02\/tutor-janvier-2016-web.jpg","datePublished":"2016-02-03T13:35:18+00:00","dateModified":"2017-04-19T09:04:43+00:00","description":"Nous vous pr\u00e9sentons l'\u00e9tat d'avancement des travaux pour le d\u00e9ploiement de la fibre optique sur le territoire de Paris-Saclay.","breadcrumb":{"@id":"https:\/\/francois-pelletant.fr\/blog\/etat-davancement-deploiement-fibre-optique\/#breadcrumb"},"inLanguage":"fr-FR","potentialAction":[{"@type":"ReadAction","target":["https:\/\/francois-pelletant.fr\/blog\/etat-davancement-deploiement-fibre-optique\/"]}]},{"@type":"ImageObject","inLanguage":"fr-FR","@id":"https:\/\/francois-pelletant.fr\/blog\/etat-davancement-deploiement-fibre-optique\/#primaryimage","url":"https:\/\/francois-pelletant.fr\/blog\/wp-content\/uploads\/2016\/02\/tutor-janvier-2016-web.jpg","contentUrl":"https:\/\/francois-pelletant.fr\/blog\/wp-content\/uploads\/2016\/02\/tutor-janvier-2016-web.jpg","width":256,"height":397},{"@type":"BreadcrumbList","@id":"https:\/\/francois-pelletant.fr\/blog\/etat-davancement-deploiement-fibre-optique\/#breadcrumb","itemListElement":[{"@type":"ListItem","position":1,"name":"Accueil","item":"https:\/\/francois-pelletant.fr\/blog\/"},{"@type":"ListItem","position":2,"name":"Etat d\u2019avancement sur le d\u00e9ploiement de la fibre optique #9"}]},{"@type":"WebSite","@id":"https:\/\/francois-pelletant.fr\/blog\/#website","url":"https:\/\/francois-pelletant.fr\/blog\/","name":"Fran\u00e7ois Pelletant","description":"Maire de Linas, pour toujours.","publisher":{"@id":"https:\/\/francois-pelletant.fr\/blog\/#organization"},"potentialAction":[{"@type":"SearchAction","target":{"@type":"EntryPoint","urlTemplate":"https:\/\/francois-pelletant.fr\/blog\/?s={search_term_string}"},"query-input":{"@type":"PropertyValueSpecification","valueRequired":true,"valueName":"search_term_string"}}],"inLanguage":"fr-FR"},{"@type":"Organization","@id":"https:\/\/francois-pelletant.fr\/blog\/#organization","name":"Fran\u00e7ois Pelletant","url":"https:\/\/francois-pelletant.fr\/blog\/","logo":{"@type":"ImageObject","inLanguage":"fr-FR","@id":"https:\/\/francois-pelletant.fr\/blog\/#\/schema\/logo\/image\/","url":"https:\/\/francois-pelletant.fr\/blog\/wp-content\/uploads\/2024\/07\/icone-francois-centre-500p.png","contentUrl":"https:\/\/francois-pelletant.fr\/blog\/wp-content\/uploads\/2024\/07\/icone-francois-centre-500p.png","width":559,"height":447,"caption":"Fran\u00e7ois Pelletant"},"image":{"@id":"https:\/\/francois-pelletant.fr\/blog\/#\/schema\/logo\/image\/"},"sameAs":["https:\/\/www.facebook.com\/francois.pelletant.7","https:\/\/x.com\/pelletant"]},{"@type":"Person","@id":"https:\/\/francois-pelletant.fr\/blog\/#\/schema\/person\/2be41acb171dff8f31aaed1f40cee9f3","name":"Francois"}]}},"_links":{"self":[{"href":"https:\/\/francois-pelletant.fr\/blog\/wp-json\/wp\/v2\/posts\/6003","targetHints":{"allow":["GET"]}}],"collection":[{"href":"https:\/\/francois-pelletant.fr\/blog\/wp-json\/wp\/v2\/posts"}],"about":[{"href":"https:\/\/francois-pelletant.fr\/blog\/wp-json\/wp\/v2\/types\/post"}],"author":[{"embeddable":true,"href":"https:\/\/francois-pelletant.fr\/blog\/wp-json\/wp\/v2\/users\/1"}],"replies":[{"embeddable":true,"href":"https:\/\/francois-pelletant.fr\/blog\/wp-json\/wp\/v2\/comments?post=6003"}],"version-history":[{"count":0,"href":"https:\/\/francois-pelletant.fr\/blog\/wp-json\/wp\/v2\/posts\/6003\/revisions"}],"wp:featuredmedia":[{"embeddable":true,"href":"https:\/\/francois-pelletant.fr\/blog\/wp-json\/wp\/v2\/media\/6780"}],"wp:attachment":[{"href":"https:\/\/francois-pelletant.fr\/blog\/wp-json\/wp\/v2\/media?parent=6003"}],"wp:term":[{"taxonomy":"category","embeddable":true,"href":"https:\/\/francois-pelletant.fr\/blog\/wp-json\/wp\/v2\/categories?post=6003"},{"taxonomy":"post_tag","embeddable":true,"href":"https:\/\/francois-pelletant.fr\/blog\/wp-json\/wp\/v2\/tags?post=6003"}],"curies":[{"name":"wp","href":"https:\/\/api.w.org\/{rel}","templated":true}]}}