{"id":6022,"date":"2015-01-09T10:36:42","date_gmt":"2015-01-09T08:36:42","guid":{"rendered":"https:\/\/francois-pelletant.fr\/blog\/?p=5014"},"modified":"2015-01-09T10:36:42","modified_gmt":"2015-01-09T08:36:42","slug":"je-suis-charlie-rassemblement-a-paris-ce-dimanche","status":"publish","type":"post","link":"https:\/\/francois-pelletant.fr\/blog\/je-suis-charlie-rassemblement-a-paris-ce-dimanche\/","title":{"rendered":"Je suis Charlie : rassemblement \u00e0 Paris ce dimanche"},"content":{"rendered":"<p><a href=\"https:\/\/francois-pelletant.fr\/blog\/wp-content\/uploads\/2015\/01\/charlie_band-dbf33.jpg\"><img loading=\"lazy\" decoding=\"async\" class=\"alignleft size-full wp-image-5015\" title=\"charlie_band-dbf33\" src=\"https:\/\/francois-pelletant.fr\/blog\/wp-content\/uploads\/2015\/01\/charlie_band-dbf33.jpg\" alt=\"\" width=\"256\" height=\"259\" \/><\/a>Dimanche 11 janvier 2015, un rassemblement suivi d&#8217;une marche est organis\u00e9e \u00e0 Paris pour rendre hommage aux victimes de l&#8217;attentat contre Charlie Hebdo : la ville de Linas vous invite \u00e0 vous rendre \u00e0 cet \u00e9v\u00e9nement via le bus sp\u00e9cial mis \u00e0 la disposition des Linois (trajet AR gratuit pour les participants) qui partira de la Place de la Mairie \u00e0 13h00 (retour de Paris \u00e0 18h00 place de la Nation). Plus d&#8217;infos :\u00a0<a href=\"http:\/\/www.evous.fr\/Manifestation-Charlie-Hebdo-a-Paris-parcours-heure,1188408.html\" rel=\"nofollow\" target=\"_blank\">http:\/\/www.evous.fr\/Manifestation-Charlie-Hebdo-a-Paris-par\u2026<\/a><\/p>\n","protected":false},"excerpt":{"rendered":"<p>Dimanche 11 janvier 2015, un rassemblement suivi d&#8217;une marche est organis\u00e9e \u00e0 Paris pour rendre hommage aux victimes de l&#8217;attentat contre Charlie Hebdo : la ville de Linas vous invite \u00e0 vous rendre \u00e0 cet \u00e9v\u00e9nement via le bus sp\u00e9cial mis \u00e0 la disposition des Linois (trajet AR gratuit pour les participants) qui partira de [&hellip;]<\/p>\n","protected":false},"author":1,"featured_media":5021,"comment_status":"open","ping_status":"open","sticky":false,"template":"","format":"standard","meta":{"footnotes":""},"categories":[10],"tags":[],"class_list":["post-6022","post","type-post","status-publish","format-standard","has-post-thumbnail","hentry","category-1pelletant"],"yoast_head":"<!-- This site is optimized with the Yoast SEO plugin v25.6 - https:\/\/yoast.com\/wordpress\/plugins\/seo\/ -->\n<title>Je suis Charlie : rassemblement \u00e0 Paris ce dimanche - Fran\u00e7ois Pelletant<\/title>\n<meta name=\"robots\" content=\"index, follow, max-snippet:-1, max-image-preview:large, max-video-preview:-1\" \/>\n<link rel=\"canonical\" href=\"https:\/\/francois-pelletant.fr\/blog\/je-suis-charlie-rassemblement-a-paris-ce-dimanche\/\" \/>\n<meta property=\"og:locale\" content=\"fr_FR\" \/>\n<meta property=\"og:type\" content=\"article\" \/>\n<meta property=\"og:title\" content=\"Je suis Charlie : rassemblement \u00e0 Paris ce dimanche - Fran\u00e7ois Pelletant\" \/>\n<meta property=\"og:description\" content=\"Dimanche 11 janvier 2015, un rassemblement suivi d&#8217;une marche est organis\u00e9e \u00e0 Paris pour rendre hommage aux victimes de l&#8217;attentat contre Charlie Hebdo : la ville de Linas vous invite \u00e0 vous rendre \u00e0 cet \u00e9v\u00e9nement via le bus sp\u00e9cial mis \u00e0 la disposition des Linois (trajet AR gratuit pour les participants) qui partira de [&hellip;]\" \/>\n<meta property=\"og:url\" content=\"https:\/\/francois-pelletant.fr\/blog\/je-suis-charlie-rassemblement-a-paris-ce-dimanche\/\" \/>\n<meta property=\"og:site_name\" content=\"Fran\u00e7ois Pelletant\" \/>\n<meta property=\"article:publisher\" content=\"https:\/\/www.facebook.com\/francois.pelletant.7\" \/>\n<meta property=\"article:published_time\" content=\"2015-01-09T08:36:42+00:00\" \/>\n<meta property=\"og:image\" content=\"https:\/\/francois-pelletant.fr\/blog\/wp-content\/uploads\/2015\/01\/charlie_band-dbf33.jpg\" \/>\n\t<meta property=\"og:image:width\" content=\"256\" \/>\n\t<meta property=\"og:image:height\" content=\"259\" \/>\n\t<meta property=\"og:image:type\" content=\"image\/jpeg\" \/>\n<meta name=\"author\" content=\"Francois\" \/>\n<meta name=\"twitter:card\" content=\"summary_large_image\" \/>\n<meta name=\"twitter:creator\" content=\"@pelletant\" \/>\n<meta name=\"twitter:site\" content=\"@pelletant\" \/>\n<meta name=\"twitter:label1\" content=\"\u00c9crit par\" \/>\n\t<meta name=\"twitter:data1\" content=\"Francois\" \/>\n<script type=\"application\/ld+json\" class=\"yoast-schema-graph\">{\"@context\":\"https:\/\/schema.org\",\"@graph\":[{\"@type\":\"Article\",\"@id\":\"https:\/\/francois-pelletant.fr\/blog\/je-suis-charlie-rassemblement-a-paris-ce-dimanche\/#article\",\"isPartOf\":{\"@id\":\"https:\/\/francois-pelletant.fr\/blog\/je-suis-charlie-rassemblement-a-paris-ce-dimanche\/\"},\"author\":{\"name\":\"Francois\",\"@id\":\"https:\/\/francois-pelletant.fr\/blog\/#\/schema\/person\/2be41acb171dff8f31aaed1f40cee9f3\"},\"headline\":\"Je suis Charlie : rassemblement \u00e0 Paris ce dimanche\",\"datePublished\":\"2015-01-09T08:36:42+00:00\",\"mainEntityOfPage\":{\"@id\":\"https:\/\/francois-pelletant.fr\/blog\/je-suis-charlie-rassemblement-a-paris-ce-dimanche\/\"},\"wordCount\":82,\"commentCount\":0,\"publisher\":{\"@id\":\"https:\/\/francois-pelletant.fr\/blog\/#organization\"},\"image\":{\"@id\":\"https:\/\/francois-pelletant.fr\/blog\/je-suis-charlie-rassemblement-a-paris-ce-dimanche\/#primaryimage\"},\"thumbnailUrl\":\"https:\/\/francois-pelletant.fr\/blog\/wp-content\/uploads\/2015\/01\/charlie_band-dbf33.jpg\",\"articleSection\":[\"Infos\"],\"inLanguage\":\"fr-FR\",\"potentialAction\":[{\"@type\":\"CommentAction\",\"name\":\"Comment\",\"target\":[\"https:\/\/francois-pelletant.fr\/blog\/je-suis-charlie-rassemblement-a-paris-ce-dimanche\/#respond\"]}]},{\"@type\":\"WebPage\",\"@id\":\"https:\/\/francois-pelletant.fr\/blog\/je-suis-charlie-rassemblement-a-paris-ce-dimanche\/\",\"url\":\"https:\/\/francois-pelletant.fr\/blog\/je-suis-charlie-rassemblement-a-paris-ce-dimanche\/\",\"name\":\"Je suis Charlie : rassemblement \u00e0 Paris ce dimanche - Fran\u00e7ois Pelletant\",\"isPartOf\":{\"@id\":\"https:\/\/francois-pelletant.fr\/blog\/#website\"},\"primaryImageOfPage\":{\"@id\":\"https:\/\/francois-pelletant.fr\/blog\/je-suis-charlie-rassemblement-a-paris-ce-dimanche\/#primaryimage\"},\"image\":{\"@id\":\"https:\/\/francois-pelletant.fr\/blog\/je-suis-charlie-rassemblement-a-paris-ce-dimanche\/#primaryimage\"},\"thumbnailUrl\":\"https:\/\/francois-pelletant.fr\/blog\/wp-content\/uploads\/2015\/01\/charlie_band-dbf33.jpg\",\"datePublished\":\"2015-01-09T08:36:42+00:00\",\"breadcrumb\":{\"@id\":\"https:\/\/francois-pelletant.fr\/blog\/je-suis-charlie-rassemblement-a-paris-ce-dimanche\/#breadcrumb\"},\"inLanguage\":\"fr-FR\",\"potentialAction\":[{\"@type\":\"ReadAction\",\"target\":[\"https:\/\/francois-pelletant.fr\/blog\/je-suis-charlie-rassemblement-a-paris-ce-dimanche\/\"]}]},{\"@type\":\"ImageObject\",\"inLanguage\":\"fr-FR\",\"@id\":\"https:\/\/francois-pelletant.fr\/blog\/je-suis-charlie-rassemblement-a-paris-ce-dimanche\/#primaryimage\",\"url\":\"https:\/\/francois-pelletant.fr\/blog\/wp-content\/uploads\/2015\/01\/charlie_band-dbf33.jpg\",\"contentUrl\":\"https:\/\/francois-pelletant.fr\/blog\/wp-content\/uploads\/2015\/01\/charlie_band-dbf33.jpg\",\"width\":256,\"height\":259},{\"@type\":\"BreadcrumbList\",\"@id\":\"https:\/\/francois-pelletant.fr\/blog\/je-suis-charlie-rassemblement-a-paris-ce-dimanche\/#breadcrumb\",\"itemListElement\":[{\"@type\":\"ListItem\",\"position\":1,\"name\":\"Accueil\",\"item\":\"https:\/\/francois-pelletant.fr\/blog\/\"},{\"@type\":\"ListItem\",\"position\":2,\"name\":\"Je suis Charlie : rassemblement \u00e0 Paris ce dimanche\"}]},{\"@type\":\"WebSite\",\"@id\":\"https:\/\/francois-pelletant.fr\/blog\/#website\",\"url\":\"https:\/\/francois-pelletant.fr\/blog\/\",\"name\":\"Fran\u00e7ois Pelletant\",\"description\":\"Maire de Linas, pour toujours.\",\"publisher\":{\"@id\":\"https:\/\/francois-pelletant.fr\/blog\/#organization\"},\"potentialAction\":[{\"@type\":\"SearchAction\",\"target\":{\"@type\":\"EntryPoint\",\"urlTemplate\":\"https:\/\/francois-pelletant.fr\/blog\/?s={search_term_string}\"},\"query-input\":{\"@type\":\"PropertyValueSpecification\",\"valueRequired\":true,\"valueName\":\"search_term_string\"}}],\"inLanguage\":\"fr-FR\"},{\"@type\":\"Organization\",\"@id\":\"https:\/\/francois-pelletant.fr\/blog\/#organization\",\"name\":\"Fran\u00e7ois Pelletant\",\"url\":\"https:\/\/francois-pelletant.fr\/blog\/\",\"logo\":{\"@type\":\"ImageObject\",\"inLanguage\":\"fr-FR\",\"@id\":\"https:\/\/francois-pelletant.fr\/blog\/#\/schema\/logo\/image\/\",\"url\":\"https:\/\/francois-pelletant.fr\/blog\/wp-content\/uploads\/2024\/07\/icone-francois-centre-500p.png\",\"contentUrl\":\"https:\/\/francois-pelletant.fr\/blog\/wp-content\/uploads\/2024\/07\/icone-francois-centre-500p.png\",\"width\":559,\"height\":447,\"caption\":\"Fran\u00e7ois Pelletant\"},\"image\":{\"@id\":\"https:\/\/francois-pelletant.fr\/blog\/#\/schema\/logo\/image\/\"},\"sameAs\":[\"https:\/\/www.facebook.com\/francois.pelletant.7\",\"https:\/\/x.com\/pelletant\"]},{\"@type\":\"Person\",\"@id\":\"https:\/\/francois-pelletant.fr\/blog\/#\/schema\/person\/2be41acb171dff8f31aaed1f40cee9f3\",\"name\":\"Francois\"}]}<\/script>\n<!-- \/ Yoast SEO plugin. -->","yoast_head_json":{"title":"Je suis Charlie : rassemblement \u00e0 Paris ce dimanche - Fran\u00e7ois Pelletant","robots":{"index":"index","follow":"follow","max-snippet":"max-snippet:-1","max-image-preview":"max-image-preview:large","max-video-preview":"max-video-preview:-1"},"canonical":"https:\/\/francois-pelletant.fr\/blog\/je-suis-charlie-rassemblement-a-paris-ce-dimanche\/","og_locale":"fr_FR","og_type":"article","og_title":"Je suis Charlie : rassemblement \u00e0 Paris ce dimanche - Fran\u00e7ois Pelletant","og_description":"Dimanche 11 janvier 2015, un rassemblement suivi d&#8217;une marche est organis\u00e9e \u00e0 Paris pour rendre hommage aux victimes de l&#8217;attentat contre Charlie Hebdo : la ville de Linas vous invite \u00e0 vous rendre \u00e0 cet \u00e9v\u00e9nement via le bus sp\u00e9cial mis \u00e0 la disposition des Linois (trajet AR gratuit pour les participants) qui partira de [&hellip;]","og_url":"https:\/\/francois-pelletant.fr\/blog\/je-suis-charlie-rassemblement-a-paris-ce-dimanche\/","og_site_name":"Fran\u00e7ois Pelletant","article_publisher":"https:\/\/www.facebook.com\/francois.pelletant.7","article_published_time":"2015-01-09T08:36:42+00:00","og_image":[{"width":256,"height":259,"url":"https:\/\/francois-pelletant.fr\/blog\/wp-content\/uploads\/2015\/01\/charlie_band-dbf33.jpg","type":"image\/jpeg"}],"author":"Francois","twitter_card":"summary_large_image","twitter_creator":"@pelletant","twitter_site":"@pelletant","twitter_misc":{"\u00c9crit par":"Francois"},"schema":{"@context":"https:\/\/schema.org","@graph":[{"@type":"Article","@id":"https:\/\/francois-pelletant.fr\/blog\/je-suis-charlie-rassemblement-a-paris-ce-dimanche\/#article","isPartOf":{"@id":"https:\/\/francois-pelletant.fr\/blog\/je-suis-charlie-rassemblement-a-paris-ce-dimanche\/"},"author":{"name":"Francois","@id":"https:\/\/francois-pelletant.fr\/blog\/#\/schema\/person\/2be41acb171dff8f31aaed1f40cee9f3"},"headline":"Je suis Charlie : rassemblement \u00e0 Paris ce dimanche","datePublished":"2015-01-09T08:36:42+00:00","mainEntityOfPage":{"@id":"https:\/\/francois-pelletant.fr\/blog\/je-suis-charlie-rassemblement-a-paris-ce-dimanche\/"},"wordCount":82,"commentCount":0,"publisher":{"@id":"https:\/\/francois-pelletant.fr\/blog\/#organization"},"image":{"@id":"https:\/\/francois-pelletant.fr\/blog\/je-suis-charlie-rassemblement-a-paris-ce-dimanche\/#primaryimage"},"thumbnailUrl":"https:\/\/francois-pelletant.fr\/blog\/wp-content\/uploads\/2015\/01\/charlie_band-dbf33.jpg","articleSection":["Infos"],"inLanguage":"fr-FR","potentialAction":[{"@type":"CommentAction","name":"Comment","target":["https:\/\/francois-pelletant.fr\/blog\/je-suis-charlie-rassemblement-a-paris-ce-dimanche\/#respond"]}]},{"@type":"WebPage","@id":"https:\/\/francois-pelletant.fr\/blog\/je-suis-charlie-rassemblement-a-paris-ce-dimanche\/","url":"https:\/\/francois-pelletant.fr\/blog\/je-suis-charlie-rassemblement-a-paris-ce-dimanche\/","name":"Je suis Charlie : rassemblement \u00e0 Paris ce dimanche - Fran\u00e7ois Pelletant","isPartOf":{"@id":"https:\/\/francois-pelletant.fr\/blog\/#website"},"primaryImageOfPage":{"@id":"https:\/\/francois-pelletant.fr\/blog\/je-suis-charlie-rassemblement-a-paris-ce-dimanche\/#primaryimage"},"image":{"@id":"https:\/\/francois-pelletant.fr\/blog\/je-suis-charlie-rassemblement-a-paris-ce-dimanche\/#primaryimage"},"thumbnailUrl":"https:\/\/francois-pelletant.fr\/blog\/wp-content\/uploads\/2015\/01\/charlie_band-dbf33.jpg","datePublished":"2015-01-09T08:36:42+00:00","breadcrumb":{"@id":"https:\/\/francois-pelletant.fr\/blog\/je-suis-charlie-rassemblement-a-paris-ce-dimanche\/#breadcrumb"},"inLanguage":"fr-FR","potentialAction":[{"@type":"ReadAction","target":["https:\/\/francois-pelletant.fr\/blog\/je-suis-charlie-rassemblement-a-paris-ce-dimanche\/"]}]},{"@type":"ImageObject","inLanguage":"fr-FR","@id":"https:\/\/francois-pelletant.fr\/blog\/je-suis-charlie-rassemblement-a-paris-ce-dimanche\/#primaryimage","url":"https:\/\/francois-pelletant.fr\/blog\/wp-content\/uploads\/2015\/01\/charlie_band-dbf33.jpg","contentUrl":"https:\/\/francois-pelletant.fr\/blog\/wp-content\/uploads\/2015\/01\/charlie_band-dbf33.jpg","width":256,"height":259},{"@type":"BreadcrumbList","@id":"https:\/\/francois-pelletant.fr\/blog\/je-suis-charlie-rassemblement-a-paris-ce-dimanche\/#breadcrumb","itemListElement":[{"@type":"ListItem","position":1,"name":"Accueil","item":"https:\/\/francois-pelletant.fr\/blog\/"},{"@type":"ListItem","position":2,"name":"Je suis Charlie : rassemblement \u00e0 Paris ce dimanche"}]},{"@type":"WebSite","@id":"https:\/\/francois-pelletant.fr\/blog\/#website","url":"https:\/\/francois-pelletant.fr\/blog\/","name":"Fran\u00e7ois Pelletant","description":"Maire de Linas, pour toujours.","publisher":{"@id":"https:\/\/francois-pelletant.fr\/blog\/#organization"},"potentialAction":[{"@type":"SearchAction","target":{"@type":"EntryPoint","urlTemplate":"https:\/\/francois-pelletant.fr\/blog\/?s={search_term_string}"},"query-input":{"@type":"PropertyValueSpecification","valueRequired":true,"valueName":"search_term_string"}}],"inLanguage":"fr-FR"},{"@type":"Organization","@id":"https:\/\/francois-pelletant.fr\/blog\/#organization","name":"Fran\u00e7ois Pelletant","url":"https:\/\/francois-pelletant.fr\/blog\/","logo":{"@type":"ImageObject","inLanguage":"fr-FR","@id":"https:\/\/francois-pelletant.fr\/blog\/#\/schema\/logo\/image\/","url":"https:\/\/francois-pelletant.fr\/blog\/wp-content\/uploads\/2024\/07\/icone-francois-centre-500p.png","contentUrl":"https:\/\/francois-pelletant.fr\/blog\/wp-content\/uploads\/2024\/07\/icone-francois-centre-500p.png","width":559,"height":447,"caption":"Fran\u00e7ois Pelletant"},"image":{"@id":"https:\/\/francois-pelletant.fr\/blog\/#\/schema\/logo\/image\/"},"sameAs":["https:\/\/www.facebook.com\/francois.pelletant.7","https:\/\/x.com\/pelletant"]},{"@type":"Person","@id":"https:\/\/francois-pelletant.fr\/blog\/#\/schema\/person\/2be41acb171dff8f31aaed1f40cee9f3","name":"Francois"}]}},"_links":{"self":[{"href":"https:\/\/francois-pelletant.fr\/blog\/wp-json\/wp\/v2\/posts\/6022","targetHints":{"allow":["GET"]}}],"collection":[{"href":"https:\/\/francois-pelletant.fr\/blog\/wp-json\/wp\/v2\/posts"}],"about":[{"href":"https:\/\/francois-pelletant.fr\/blog\/wp-json\/wp\/v2\/types\/post"}],"author":[{"embeddable":true,"href":"https:\/\/francois-pelletant.fr\/blog\/wp-json\/wp\/v2\/users\/1"}],"replies":[{"embeddable":true,"href":"https:\/\/francois-pelletant.fr\/blog\/wp-json\/wp\/v2\/comments?post=6022"}],"version-history":[{"count":0,"href":"https:\/\/francois-pelletant.fr\/blog\/wp-json\/wp\/v2\/posts\/6022\/revisions"}],"wp:featuredmedia":[{"embeddable":true,"href":"https:\/\/francois-pelletant.fr\/blog\/wp-json\/wp\/v2\/media\/5021"}],"wp:attachment":[{"href":"https:\/\/francois-pelletant.fr\/blog\/wp-json\/wp\/v2\/media?parent=6022"}],"wp:term":[{"taxonomy":"category","embeddable":true,"href":"https:\/\/francois-pelletant.fr\/blog\/wp-json\/wp\/v2\/categories?post=6022"},{"taxonomy":"post_tag","embeddable":true,"href":"https:\/\/francois-pelletant.fr\/blog\/wp-json\/wp\/v2\/tags?post=6022"}],"curies":[{"name":"wp","href":"https:\/\/api.w.org\/{rel}","templated":true}]}}