{"id":6026,"date":"2015-01-11T00:41:22","date_gmt":"2015-01-10T22:41:22","guid":{"rendered":"https:\/\/francois-pelletant.fr\/blog\/?p=5018"},"modified":"2015-01-11T00:41:22","modified_gmt":"2015-01-10T22:41:22","slug":"a-longjumeau-on-est-charlie","status":"publish","type":"post","link":"https:\/\/francois-pelletant.fr\/blog\/a-longjumeau-on-est-charlie\/","title":{"rendered":"A Longjumeau, on est Charlie."},"content":{"rendered":"<div><\/div>\n<p><a style=\"text-decoration: underline;\" href=\"https:\/\/francois-pelletant.fr\/blog\/wp-content\/uploads\/2015\/01\/Capture-d\u00e9cran-2015-01-10-23.01.261.png\"><img loading=\"lazy\" decoding=\"async\" class=\"alignleft size-medium wp-image-5020\" title=\"artiste voeux longjumeau\" src=\"https:\/\/francois-pelletant.fr\/blog\/wp-content\/uploads\/2015\/01\/Capture-d\u00e9cran-2015-01-10-23.01.26-215x300.png\" alt=\"\" width=\"215\" height=\"300\" \/><\/a><\/p>\n<div>La c\u00e9r\u00e9monie des voeux de ma coll\u00e8gue Sandrine Gelot-Rateau, Maire de Longjumeau, \u00a0a \u00e9t\u00e9 tr\u00e8s marqu\u00e9e par le drame de ces derniers jours. Les discours de la Maire et de NKM \u00e9taient \u00e9mouvants.<\/div>\n<div><\/div>\n<div>Un artiste \u00e9tait pr\u00e9sent ; \u00a0il a vendu une de ses oeuvres pour Charlie Hebdo et a r\u00e9alis\u00e9 en direct une oeuvre sur Mandela. Je vous ai rapport\u00e9 la vid\u00e9o : \u00a0regardez c&#8217;est impressionnant.<\/div>\n<div><a href=\"https:\/\/francois-pelletant.fr\/blog\/wp-content\/uploads\/2015\/01\/20150109_202052.mp4\">Artiste de longjumeau fin<\/a><\/div>\n","protected":false},"excerpt":{"rendered":"<p>La c\u00e9r\u00e9monie des voeux de ma coll\u00e8gue Sandrine Gelot-Rateau, Maire de Longjumeau, \u00a0a \u00e9t\u00e9 tr\u00e8s marqu\u00e9e par le drame de ces derniers jours. Les discours de la Maire et de NKM \u00e9taient \u00e9mouvants. Un artiste \u00e9tait pr\u00e9sent ; \u00a0il a vendu une de ses oeuvres pour Charlie Hebdo et a r\u00e9alis\u00e9 en direct une oeuvre [&hellip;]<\/p>\n","protected":false},"author":1,"featured_media":5028,"comment_status":"open","ping_status":"open","sticky":false,"template":"","format":"standard","meta":{"footnotes":""},"categories":[10],"tags":[],"class_list":["post-6026","post","type-post","status-publish","format-standard","has-post-thumbnail","hentry","category-1pelletant"],"yoast_head":"<!-- This site is optimized with the Yoast SEO plugin v25.6 - https:\/\/yoast.com\/wordpress\/plugins\/seo\/ -->\n<title>A Longjumeau, on est Charlie. - Fran\u00e7ois Pelletant<\/title>\n<meta name=\"robots\" content=\"index, follow, max-snippet:-1, max-image-preview:large, max-video-preview:-1\" \/>\n<link rel=\"canonical\" href=\"https:\/\/francois-pelletant.fr\/blog\/a-longjumeau-on-est-charlie\/\" \/>\n<meta property=\"og:locale\" content=\"fr_FR\" \/>\n<meta property=\"og:type\" content=\"article\" \/>\n<meta property=\"og:title\" content=\"A Longjumeau, on est Charlie. - Fran\u00e7ois Pelletant\" \/>\n<meta property=\"og:description\" content=\"La c\u00e9r\u00e9monie des voeux de ma coll\u00e8gue Sandrine Gelot-Rateau, Maire de Longjumeau, \u00a0a \u00e9t\u00e9 tr\u00e8s marqu\u00e9e par le drame de ces derniers jours. Les discours de la Maire et de NKM \u00e9taient \u00e9mouvants. Un artiste \u00e9tait pr\u00e9sent ; \u00a0il a vendu une de ses oeuvres pour Charlie Hebdo et a r\u00e9alis\u00e9 en direct une oeuvre [&hellip;]\" \/>\n<meta property=\"og:url\" content=\"https:\/\/francois-pelletant.fr\/blog\/a-longjumeau-on-est-charlie\/\" \/>\n<meta property=\"og:site_name\" content=\"Fran\u00e7ois Pelletant\" \/>\n<meta property=\"article:publisher\" content=\"https:\/\/www.facebook.com\/francois.pelletant.7\" \/>\n<meta property=\"article:published_time\" content=\"2015-01-10T22:41:22+00:00\" \/>\n<meta property=\"og:image\" content=\"https:\/\/francois-pelletant.fr\/blog\/wp-content\/uploads\/2015\/01\/Capture-d\u00e9cran-2015-01-10-23.01.26.png\" \/>\n\t<meta property=\"og:image:width\" content=\"407\" \/>\n\t<meta property=\"og:image:height\" content=\"567\" \/>\n\t<meta property=\"og:image:type\" content=\"image\/png\" \/>\n<meta name=\"author\" content=\"Francois\" \/>\n<meta name=\"twitter:card\" content=\"summary_large_image\" \/>\n<meta name=\"twitter:creator\" content=\"@pelletant\" \/>\n<meta name=\"twitter:site\" content=\"@pelletant\" \/>\n<meta name=\"twitter:label1\" content=\"\u00c9crit par\" \/>\n\t<meta name=\"twitter:data1\" content=\"Francois\" \/>\n<script type=\"application\/ld+json\" class=\"yoast-schema-graph\">{\"@context\":\"https:\/\/schema.org\",\"@graph\":[{\"@type\":\"Article\",\"@id\":\"https:\/\/francois-pelletant.fr\/blog\/a-longjumeau-on-est-charlie\/#article\",\"isPartOf\":{\"@id\":\"https:\/\/francois-pelletant.fr\/blog\/a-longjumeau-on-est-charlie\/\"},\"author\":{\"name\":\"Francois\",\"@id\":\"https:\/\/francois-pelletant.fr\/blog\/#\/schema\/person\/2be41acb171dff8f31aaed1f40cee9f3\"},\"headline\":\"A Longjumeau, on est Charlie.\",\"datePublished\":\"2015-01-10T22:41:22+00:00\",\"mainEntityOfPage\":{\"@id\":\"https:\/\/francois-pelletant.fr\/blog\/a-longjumeau-on-est-charlie\/\"},\"wordCount\":83,\"commentCount\":0,\"publisher\":{\"@id\":\"https:\/\/francois-pelletant.fr\/blog\/#organization\"},\"image\":{\"@id\":\"https:\/\/francois-pelletant.fr\/blog\/a-longjumeau-on-est-charlie\/#primaryimage\"},\"thumbnailUrl\":\"https:\/\/francois-pelletant.fr\/blog\/wp-content\/uploads\/2015\/01\/Capture-d\u00e9cran-2015-01-10-23.01.26.png\",\"articleSection\":[\"Infos\"],\"inLanguage\":\"fr-FR\",\"potentialAction\":[{\"@type\":\"CommentAction\",\"name\":\"Comment\",\"target\":[\"https:\/\/francois-pelletant.fr\/blog\/a-longjumeau-on-est-charlie\/#respond\"]}]},{\"@type\":\"WebPage\",\"@id\":\"https:\/\/francois-pelletant.fr\/blog\/a-longjumeau-on-est-charlie\/\",\"url\":\"https:\/\/francois-pelletant.fr\/blog\/a-longjumeau-on-est-charlie\/\",\"name\":\"A Longjumeau, on est Charlie. - Fran\u00e7ois Pelletant\",\"isPartOf\":{\"@id\":\"https:\/\/francois-pelletant.fr\/blog\/#website\"},\"primaryImageOfPage\":{\"@id\":\"https:\/\/francois-pelletant.fr\/blog\/a-longjumeau-on-est-charlie\/#primaryimage\"},\"image\":{\"@id\":\"https:\/\/francois-pelletant.fr\/blog\/a-longjumeau-on-est-charlie\/#primaryimage\"},\"thumbnailUrl\":\"https:\/\/francois-pelletant.fr\/blog\/wp-content\/uploads\/2015\/01\/Capture-d\u00e9cran-2015-01-10-23.01.26.png\",\"datePublished\":\"2015-01-10T22:41:22+00:00\",\"breadcrumb\":{\"@id\":\"https:\/\/francois-pelletant.fr\/blog\/a-longjumeau-on-est-charlie\/#breadcrumb\"},\"inLanguage\":\"fr-FR\",\"potentialAction\":[{\"@type\":\"ReadAction\",\"target\":[\"https:\/\/francois-pelletant.fr\/blog\/a-longjumeau-on-est-charlie\/\"]}]},{\"@type\":\"ImageObject\",\"inLanguage\":\"fr-FR\",\"@id\":\"https:\/\/francois-pelletant.fr\/blog\/a-longjumeau-on-est-charlie\/#primaryimage\",\"url\":\"https:\/\/francois-pelletant.fr\/blog\/wp-content\/uploads\/2015\/01\/Capture-d\u00e9cran-2015-01-10-23.01.26.png\",\"contentUrl\":\"https:\/\/francois-pelletant.fr\/blog\/wp-content\/uploads\/2015\/01\/Capture-d\u00e9cran-2015-01-10-23.01.26.png\",\"width\":407,\"height\":567},{\"@type\":\"BreadcrumbList\",\"@id\":\"https:\/\/francois-pelletant.fr\/blog\/a-longjumeau-on-est-charlie\/#breadcrumb\",\"itemListElement\":[{\"@type\":\"ListItem\",\"position\":1,\"name\":\"Accueil\",\"item\":\"https:\/\/francois-pelletant.fr\/blog\/\"},{\"@type\":\"ListItem\",\"position\":2,\"name\":\"A Longjumeau, on est Charlie.\"}]},{\"@type\":\"WebSite\",\"@id\":\"https:\/\/francois-pelletant.fr\/blog\/#website\",\"url\":\"https:\/\/francois-pelletant.fr\/blog\/\",\"name\":\"Fran\u00e7ois Pelletant\",\"description\":\"Maire de Linas, pour toujours.\",\"publisher\":{\"@id\":\"https:\/\/francois-pelletant.fr\/blog\/#organization\"},\"potentialAction\":[{\"@type\":\"SearchAction\",\"target\":{\"@type\":\"EntryPoint\",\"urlTemplate\":\"https:\/\/francois-pelletant.fr\/blog\/?s={search_term_string}\"},\"query-input\":{\"@type\":\"PropertyValueSpecification\",\"valueRequired\":true,\"valueName\":\"search_term_string\"}}],\"inLanguage\":\"fr-FR\"},{\"@type\":\"Organization\",\"@id\":\"https:\/\/francois-pelletant.fr\/blog\/#organization\",\"name\":\"Fran\u00e7ois Pelletant\",\"url\":\"https:\/\/francois-pelletant.fr\/blog\/\",\"logo\":{\"@type\":\"ImageObject\",\"inLanguage\":\"fr-FR\",\"@id\":\"https:\/\/francois-pelletant.fr\/blog\/#\/schema\/logo\/image\/\",\"url\":\"https:\/\/francois-pelletant.fr\/blog\/wp-content\/uploads\/2024\/07\/icone-francois-centre-500p.png\",\"contentUrl\":\"https:\/\/francois-pelletant.fr\/blog\/wp-content\/uploads\/2024\/07\/icone-francois-centre-500p.png\",\"width\":559,\"height\":447,\"caption\":\"Fran\u00e7ois Pelletant\"},\"image\":{\"@id\":\"https:\/\/francois-pelletant.fr\/blog\/#\/schema\/logo\/image\/\"},\"sameAs\":[\"https:\/\/www.facebook.com\/francois.pelletant.7\",\"https:\/\/x.com\/pelletant\"]},{\"@type\":\"Person\",\"@id\":\"https:\/\/francois-pelletant.fr\/blog\/#\/schema\/person\/2be41acb171dff8f31aaed1f40cee9f3\",\"name\":\"Francois\"}]}<\/script>\n<!-- \/ Yoast SEO plugin. -->","yoast_head_json":{"title":"A Longjumeau, on est Charlie. - Fran\u00e7ois Pelletant","robots":{"index":"index","follow":"follow","max-snippet":"max-snippet:-1","max-image-preview":"max-image-preview:large","max-video-preview":"max-video-preview:-1"},"canonical":"https:\/\/francois-pelletant.fr\/blog\/a-longjumeau-on-est-charlie\/","og_locale":"fr_FR","og_type":"article","og_title":"A Longjumeau, on est Charlie. - Fran\u00e7ois Pelletant","og_description":"La c\u00e9r\u00e9monie des voeux de ma coll\u00e8gue Sandrine Gelot-Rateau, Maire de Longjumeau, \u00a0a \u00e9t\u00e9 tr\u00e8s marqu\u00e9e par le drame de ces derniers jours. Les discours de la Maire et de NKM \u00e9taient \u00e9mouvants. Un artiste \u00e9tait pr\u00e9sent ; \u00a0il a vendu une de ses oeuvres pour Charlie Hebdo et a r\u00e9alis\u00e9 en direct une oeuvre [&hellip;]","og_url":"https:\/\/francois-pelletant.fr\/blog\/a-longjumeau-on-est-charlie\/","og_site_name":"Fran\u00e7ois Pelletant","article_publisher":"https:\/\/www.facebook.com\/francois.pelletant.7","article_published_time":"2015-01-10T22:41:22+00:00","og_image":[{"width":407,"height":567,"url":"https:\/\/francois-pelletant.fr\/blog\/wp-content\/uploads\/2015\/01\/Capture-d\u00e9cran-2015-01-10-23.01.26.png","type":"image\/png"}],"author":"Francois","twitter_card":"summary_large_image","twitter_creator":"@pelletant","twitter_site":"@pelletant","twitter_misc":{"\u00c9crit par":"Francois"},"schema":{"@context":"https:\/\/schema.org","@graph":[{"@type":"Article","@id":"https:\/\/francois-pelletant.fr\/blog\/a-longjumeau-on-est-charlie\/#article","isPartOf":{"@id":"https:\/\/francois-pelletant.fr\/blog\/a-longjumeau-on-est-charlie\/"},"author":{"name":"Francois","@id":"https:\/\/francois-pelletant.fr\/blog\/#\/schema\/person\/2be41acb171dff8f31aaed1f40cee9f3"},"headline":"A Longjumeau, on est Charlie.","datePublished":"2015-01-10T22:41:22+00:00","mainEntityOfPage":{"@id":"https:\/\/francois-pelletant.fr\/blog\/a-longjumeau-on-est-charlie\/"},"wordCount":83,"commentCount":0,"publisher":{"@id":"https:\/\/francois-pelletant.fr\/blog\/#organization"},"image":{"@id":"https:\/\/francois-pelletant.fr\/blog\/a-longjumeau-on-est-charlie\/#primaryimage"},"thumbnailUrl":"https:\/\/francois-pelletant.fr\/blog\/wp-content\/uploads\/2015\/01\/Capture-d\u00e9cran-2015-01-10-23.01.26.png","articleSection":["Infos"],"inLanguage":"fr-FR","potentialAction":[{"@type":"CommentAction","name":"Comment","target":["https:\/\/francois-pelletant.fr\/blog\/a-longjumeau-on-est-charlie\/#respond"]}]},{"@type":"WebPage","@id":"https:\/\/francois-pelletant.fr\/blog\/a-longjumeau-on-est-charlie\/","url":"https:\/\/francois-pelletant.fr\/blog\/a-longjumeau-on-est-charlie\/","name":"A Longjumeau, on est Charlie. - Fran\u00e7ois Pelletant","isPartOf":{"@id":"https:\/\/francois-pelletant.fr\/blog\/#website"},"primaryImageOfPage":{"@id":"https:\/\/francois-pelletant.fr\/blog\/a-longjumeau-on-est-charlie\/#primaryimage"},"image":{"@id":"https:\/\/francois-pelletant.fr\/blog\/a-longjumeau-on-est-charlie\/#primaryimage"},"thumbnailUrl":"https:\/\/francois-pelletant.fr\/blog\/wp-content\/uploads\/2015\/01\/Capture-d\u00e9cran-2015-01-10-23.01.26.png","datePublished":"2015-01-10T22:41:22+00:00","breadcrumb":{"@id":"https:\/\/francois-pelletant.fr\/blog\/a-longjumeau-on-est-charlie\/#breadcrumb"},"inLanguage":"fr-FR","potentialAction":[{"@type":"ReadAction","target":["https:\/\/francois-pelletant.fr\/blog\/a-longjumeau-on-est-charlie\/"]}]},{"@type":"ImageObject","inLanguage":"fr-FR","@id":"https:\/\/francois-pelletant.fr\/blog\/a-longjumeau-on-est-charlie\/#primaryimage","url":"https:\/\/francois-pelletant.fr\/blog\/wp-content\/uploads\/2015\/01\/Capture-d\u00e9cran-2015-01-10-23.01.26.png","contentUrl":"https:\/\/francois-pelletant.fr\/blog\/wp-content\/uploads\/2015\/01\/Capture-d\u00e9cran-2015-01-10-23.01.26.png","width":407,"height":567},{"@type":"BreadcrumbList","@id":"https:\/\/francois-pelletant.fr\/blog\/a-longjumeau-on-est-charlie\/#breadcrumb","itemListElement":[{"@type":"ListItem","position":1,"name":"Accueil","item":"https:\/\/francois-pelletant.fr\/blog\/"},{"@type":"ListItem","position":2,"name":"A Longjumeau, on est Charlie."}]},{"@type":"WebSite","@id":"https:\/\/francois-pelletant.fr\/blog\/#website","url":"https:\/\/francois-pelletant.fr\/blog\/","name":"Fran\u00e7ois Pelletant","description":"Maire de Linas, pour toujours.","publisher":{"@id":"https:\/\/francois-pelletant.fr\/blog\/#organization"},"potentialAction":[{"@type":"SearchAction","target":{"@type":"EntryPoint","urlTemplate":"https:\/\/francois-pelletant.fr\/blog\/?s={search_term_string}"},"query-input":{"@type":"PropertyValueSpecification","valueRequired":true,"valueName":"search_term_string"}}],"inLanguage":"fr-FR"},{"@type":"Organization","@id":"https:\/\/francois-pelletant.fr\/blog\/#organization","name":"Fran\u00e7ois Pelletant","url":"https:\/\/francois-pelletant.fr\/blog\/","logo":{"@type":"ImageObject","inLanguage":"fr-FR","@id":"https:\/\/francois-pelletant.fr\/blog\/#\/schema\/logo\/image\/","url":"https:\/\/francois-pelletant.fr\/blog\/wp-content\/uploads\/2024\/07\/icone-francois-centre-500p.png","contentUrl":"https:\/\/francois-pelletant.fr\/blog\/wp-content\/uploads\/2024\/07\/icone-francois-centre-500p.png","width":559,"height":447,"caption":"Fran\u00e7ois Pelletant"},"image":{"@id":"https:\/\/francois-pelletant.fr\/blog\/#\/schema\/logo\/image\/"},"sameAs":["https:\/\/www.facebook.com\/francois.pelletant.7","https:\/\/x.com\/pelletant"]},{"@type":"Person","@id":"https:\/\/francois-pelletant.fr\/blog\/#\/schema\/person\/2be41acb171dff8f31aaed1f40cee9f3","name":"Francois"}]}},"_links":{"self":[{"href":"https:\/\/francois-pelletant.fr\/blog\/wp-json\/wp\/v2\/posts\/6026","targetHints":{"allow":["GET"]}}],"collection":[{"href":"https:\/\/francois-pelletant.fr\/blog\/wp-json\/wp\/v2\/posts"}],"about":[{"href":"https:\/\/francois-pelletant.fr\/blog\/wp-json\/wp\/v2\/types\/post"}],"author":[{"embeddable":true,"href":"https:\/\/francois-pelletant.fr\/blog\/wp-json\/wp\/v2\/users\/1"}],"replies":[{"embeddable":true,"href":"https:\/\/francois-pelletant.fr\/blog\/wp-json\/wp\/v2\/comments?post=6026"}],"version-history":[{"count":0,"href":"https:\/\/francois-pelletant.fr\/blog\/wp-json\/wp\/v2\/posts\/6026\/revisions"}],"wp:featuredmedia":[{"embeddable":true,"href":"https:\/\/francois-pelletant.fr\/blog\/wp-json\/wp\/v2\/media\/5028"}],"wp:attachment":[{"href":"https:\/\/francois-pelletant.fr\/blog\/wp-json\/wp\/v2\/media?parent=6026"}],"wp:term":[{"taxonomy":"category","embeddable":true,"href":"https:\/\/francois-pelletant.fr\/blog\/wp-json\/wp\/v2\/categories?post=6026"},{"taxonomy":"post_tag","embeddable":true,"href":"https:\/\/francois-pelletant.fr\/blog\/wp-json\/wp\/v2\/tags?post=6026"}],"curies":[{"name":"wp","href":"https:\/\/api.w.org\/{rel}","templated":true}]}}