{"id":6034,"date":"2015-01-15T11:58:55","date_gmt":"2015-01-15T09:58:55","guid":{"rendered":"https:\/\/francois-pelletant.fr\/blog\/?p=5040"},"modified":"2015-01-15T11:58:55","modified_gmt":"2015-01-15T09:58:55","slug":"a-la-reserve-communale-de-securite-civile","status":"publish","type":"post","link":"https:\/\/francois-pelletant.fr\/blog\/a-la-reserve-communale-de-securite-civile\/","title":{"rendered":"A la R\u00e9serve Communale de S\u00e9curit\u00e9 Civile"},"content":{"rendered":"<p><a href=\"https:\/\/francois-pelletant.fr\/blog\/wp-content\/uploads\/2015\/01\/RCSC4_4.jpg\"><img loading=\"lazy\" decoding=\"async\" class=\"alignleft size-medium wp-image-5041\" title=\"RCSC4_4\" src=\"https:\/\/francois-pelletant.fr\/blog\/wp-content\/uploads\/2015\/01\/RCSC4_4-212x300.jpg\" alt=\"\" width=\"212\" height=\"300\" \/><\/a>La Mairie de Linas organise avec sa RCSC (R\u00e9serve\u00a0<a id=\"FALINK_6_0_5\" href=\"https:\/\/www.linas.fr\/votre-commune-au-quotidien\/loisirs-et-vie-associative\/annuaire-des-associations\/joomlannuaire\/fiche\/319-reserve-communale-de-securite-civile\/5-annuaire-des-associations\" target=\"_blank\" rel=\"nofollow\">Communale<\/a>\u00a0de S\u00e9curit\u00e9 Civile) une formation de secourisme PSE1 (<a id=\"FALINK_5_0_4\" href=\"https:\/\/www.linas.fr\/aides-sociales?audience=Particuliers&#038;xml=F31261&#038;tmpl=component\" target=\"_blank\" rel=\"nofollow\">Premiers Secours<\/a>\u00a0en \u00c9quipe de Niveau 1).\u00a0<a id=\"FALINK_4_0_3\" href=\"https:\/\/www.linas.fr\/formalites-administatives?audience=part&#038;tmpl=component&#038;xml=F72\" target=\"_blank\" rel=\"nofollow\">Cette formation<\/a>\u00a0sera dispens\u00e9e par des Sapeurs-Pompiers professionnels \u00e0\u00a0Linas. Au programme : 35 heures de formation (th\u00e9orie et pratique) avec 2 formules de planning au\u00a0<a id=\"FALINK_3_0_2\" href=\"https:\/\/www.linas.fr\/formalites-administatives?audience=part&#038;tmpl=component&#038;xml=F72\" target=\"_blank\" rel=\"nofollow\">choix<\/a>\u00a0sur 5 jours cons\u00e9cutifs (en p\u00e9riode scolaire) ou 5 samedis dans l&#8217;ann\u00e9e. Co\u00fbt de la formation 300\u20ac par participant (tout inclus avec le repas du midi). Pour plus d&#8217;informations, appelez le 01.69.80.14.22.<\/p>\n","protected":false},"excerpt":{"rendered":"<p>La Mairie de Linas organise avec sa RCSC (R\u00e9serve\u00a0Communale\u00a0de S\u00e9curit\u00e9 Civile) une formation de secourisme PSE1 (Premiers Secours\u00a0en \u00c9quipe de Niveau 1).\u00a0Cette formation\u00a0sera dispens\u00e9e par des Sapeurs-Pompiers professionnels \u00e0\u00a0Linas. Au programme : 35 heures de formation (th\u00e9orie et pratique) avec 2 formules de planning au\u00a0choix\u00a0sur 5 jours cons\u00e9cutifs (en p\u00e9riode scolaire) ou 5 samedis dans [&hellip;]<\/p>\n","protected":false},"author":1,"featured_media":5056,"comment_status":"open","ping_status":"open","sticky":false,"template":"","format":"standard","meta":{"footnotes":""},"categories":[10],"tags":[],"class_list":["post-6034","post","type-post","status-publish","format-standard","has-post-thumbnail","hentry","category-1pelletant"],"yoast_head":"<!-- This site is optimized with the Yoast SEO plugin v25.6 - https:\/\/yoast.com\/wordpress\/plugins\/seo\/ -->\n<title>A la R\u00e9serve Communale de S\u00e9curit\u00e9 Civile - Fran\u00e7ois Pelletant<\/title>\n<meta name=\"robots\" content=\"index, follow, max-snippet:-1, max-image-preview:large, max-video-preview:-1\" \/>\n<link rel=\"canonical\" href=\"https:\/\/francois-pelletant.fr\/blog\/a-la-reserve-communale-de-securite-civile\/\" \/>\n<meta property=\"og:locale\" content=\"fr_FR\" \/>\n<meta property=\"og:type\" content=\"article\" \/>\n<meta property=\"og:title\" content=\"A la R\u00e9serve Communale de S\u00e9curit\u00e9 Civile - Fran\u00e7ois Pelletant\" \/>\n<meta property=\"og:description\" content=\"La Mairie de Linas organise avec sa RCSC (R\u00e9serve\u00a0Communale\u00a0de S\u00e9curit\u00e9 Civile) une formation de secourisme PSE1 (Premiers Secours\u00a0en \u00c9quipe de Niveau 1).\u00a0Cette formation\u00a0sera dispens\u00e9e par des Sapeurs-Pompiers professionnels \u00e0\u00a0Linas. Au programme : 35 heures de formation (th\u00e9orie et pratique) avec 2 formules de planning au\u00a0choix\u00a0sur 5 jours cons\u00e9cutifs (en p\u00e9riode scolaire) ou 5 samedis dans [&hellip;]\" \/>\n<meta property=\"og:url\" content=\"https:\/\/francois-pelletant.fr\/blog\/a-la-reserve-communale-de-securite-civile\/\" \/>\n<meta property=\"og:site_name\" content=\"Fran\u00e7ois Pelletant\" \/>\n<meta property=\"article:publisher\" content=\"https:\/\/www.facebook.com\/francois.pelletant.7\" \/>\n<meta property=\"article:published_time\" content=\"2015-01-15T09:58:55+00:00\" \/>\n<meta property=\"og:image\" content=\"https:\/\/francois-pelletant.fr\/blog\/wp-content\/uploads\/2015\/01\/RCSC4_4.jpg\" \/>\n\t<meta property=\"og:image:width\" content=\"256\" \/>\n\t<meta property=\"og:image:height\" content=\"362\" \/>\n\t<meta property=\"og:image:type\" content=\"image\/jpeg\" \/>\n<meta name=\"author\" content=\"Francois\" \/>\n<meta name=\"twitter:card\" content=\"summary_large_image\" \/>\n<meta name=\"twitter:creator\" content=\"@pelletant\" \/>\n<meta name=\"twitter:site\" content=\"@pelletant\" \/>\n<meta name=\"twitter:label1\" content=\"\u00c9crit par\" \/>\n\t<meta name=\"twitter:data1\" content=\"Francois\" \/>\n<script type=\"application\/ld+json\" class=\"yoast-schema-graph\">{\"@context\":\"https:\/\/schema.org\",\"@graph\":[{\"@type\":\"Article\",\"@id\":\"https:\/\/francois-pelletant.fr\/blog\/a-la-reserve-communale-de-securite-civile\/#article\",\"isPartOf\":{\"@id\":\"https:\/\/francois-pelletant.fr\/blog\/a-la-reserve-communale-de-securite-civile\/\"},\"author\":{\"name\":\"Francois\",\"@id\":\"https:\/\/francois-pelletant.fr\/blog\/#\/schema\/person\/2be41acb171dff8f31aaed1f40cee9f3\"},\"headline\":\"A la R\u00e9serve Communale de S\u00e9curit\u00e9 Civile\",\"datePublished\":\"2015-01-15T09:58:55+00:00\",\"mainEntityOfPage\":{\"@id\":\"https:\/\/francois-pelletant.fr\/blog\/a-la-reserve-communale-de-securite-civile\/\"},\"wordCount\":94,\"commentCount\":0,\"publisher\":{\"@id\":\"https:\/\/francois-pelletant.fr\/blog\/#organization\"},\"image\":{\"@id\":\"https:\/\/francois-pelletant.fr\/blog\/a-la-reserve-communale-de-securite-civile\/#primaryimage\"},\"thumbnailUrl\":\"https:\/\/francois-pelletant.fr\/blog\/wp-content\/uploads\/2015\/01\/RCSC4_4.jpg\",\"articleSection\":[\"Infos\"],\"inLanguage\":\"fr-FR\",\"potentialAction\":[{\"@type\":\"CommentAction\",\"name\":\"Comment\",\"target\":[\"https:\/\/francois-pelletant.fr\/blog\/a-la-reserve-communale-de-securite-civile\/#respond\"]}]},{\"@type\":\"WebPage\",\"@id\":\"https:\/\/francois-pelletant.fr\/blog\/a-la-reserve-communale-de-securite-civile\/\",\"url\":\"https:\/\/francois-pelletant.fr\/blog\/a-la-reserve-communale-de-securite-civile\/\",\"name\":\"A la R\u00e9serve Communale de S\u00e9curit\u00e9 Civile - Fran\u00e7ois Pelletant\",\"isPartOf\":{\"@id\":\"https:\/\/francois-pelletant.fr\/blog\/#website\"},\"primaryImageOfPage\":{\"@id\":\"https:\/\/francois-pelletant.fr\/blog\/a-la-reserve-communale-de-securite-civile\/#primaryimage\"},\"image\":{\"@id\":\"https:\/\/francois-pelletant.fr\/blog\/a-la-reserve-communale-de-securite-civile\/#primaryimage\"},\"thumbnailUrl\":\"https:\/\/francois-pelletant.fr\/blog\/wp-content\/uploads\/2015\/01\/RCSC4_4.jpg\",\"datePublished\":\"2015-01-15T09:58:55+00:00\",\"breadcrumb\":{\"@id\":\"https:\/\/francois-pelletant.fr\/blog\/a-la-reserve-communale-de-securite-civile\/#breadcrumb\"},\"inLanguage\":\"fr-FR\",\"potentialAction\":[{\"@type\":\"ReadAction\",\"target\":[\"https:\/\/francois-pelletant.fr\/blog\/a-la-reserve-communale-de-securite-civile\/\"]}]},{\"@type\":\"ImageObject\",\"inLanguage\":\"fr-FR\",\"@id\":\"https:\/\/francois-pelletant.fr\/blog\/a-la-reserve-communale-de-securite-civile\/#primaryimage\",\"url\":\"https:\/\/francois-pelletant.fr\/blog\/wp-content\/uploads\/2015\/01\/RCSC4_4.jpg\",\"contentUrl\":\"https:\/\/francois-pelletant.fr\/blog\/wp-content\/uploads\/2015\/01\/RCSC4_4.jpg\",\"width\":256,\"height\":362},{\"@type\":\"BreadcrumbList\",\"@id\":\"https:\/\/francois-pelletant.fr\/blog\/a-la-reserve-communale-de-securite-civile\/#breadcrumb\",\"itemListElement\":[{\"@type\":\"ListItem\",\"position\":1,\"name\":\"Accueil\",\"item\":\"https:\/\/francois-pelletant.fr\/blog\/\"},{\"@type\":\"ListItem\",\"position\":2,\"name\":\"A la R\u00e9serve Communale de S\u00e9curit\u00e9 Civile\"}]},{\"@type\":\"WebSite\",\"@id\":\"https:\/\/francois-pelletant.fr\/blog\/#website\",\"url\":\"https:\/\/francois-pelletant.fr\/blog\/\",\"name\":\"Fran\u00e7ois Pelletant\",\"description\":\"Maire de Linas, pour toujours.\",\"publisher\":{\"@id\":\"https:\/\/francois-pelletant.fr\/blog\/#organization\"},\"potentialAction\":[{\"@type\":\"SearchAction\",\"target\":{\"@type\":\"EntryPoint\",\"urlTemplate\":\"https:\/\/francois-pelletant.fr\/blog\/?s={search_term_string}\"},\"query-input\":{\"@type\":\"PropertyValueSpecification\",\"valueRequired\":true,\"valueName\":\"search_term_string\"}}],\"inLanguage\":\"fr-FR\"},{\"@type\":\"Organization\",\"@id\":\"https:\/\/francois-pelletant.fr\/blog\/#organization\",\"name\":\"Fran\u00e7ois Pelletant\",\"url\":\"https:\/\/francois-pelletant.fr\/blog\/\",\"logo\":{\"@type\":\"ImageObject\",\"inLanguage\":\"fr-FR\",\"@id\":\"https:\/\/francois-pelletant.fr\/blog\/#\/schema\/logo\/image\/\",\"url\":\"https:\/\/francois-pelletant.fr\/blog\/wp-content\/uploads\/2024\/07\/icone-francois-centre-500p.png\",\"contentUrl\":\"https:\/\/francois-pelletant.fr\/blog\/wp-content\/uploads\/2024\/07\/icone-francois-centre-500p.png\",\"width\":559,\"height\":447,\"caption\":\"Fran\u00e7ois Pelletant\"},\"image\":{\"@id\":\"https:\/\/francois-pelletant.fr\/blog\/#\/schema\/logo\/image\/\"},\"sameAs\":[\"https:\/\/www.facebook.com\/francois.pelletant.7\",\"https:\/\/x.com\/pelletant\"]},{\"@type\":\"Person\",\"@id\":\"https:\/\/francois-pelletant.fr\/blog\/#\/schema\/person\/2be41acb171dff8f31aaed1f40cee9f3\",\"name\":\"Francois\"}]}<\/script>\n<!-- \/ Yoast SEO plugin. -->","yoast_head_json":{"title":"A la R\u00e9serve Communale de S\u00e9curit\u00e9 Civile - Fran\u00e7ois Pelletant","robots":{"index":"index","follow":"follow","max-snippet":"max-snippet:-1","max-image-preview":"max-image-preview:large","max-video-preview":"max-video-preview:-1"},"canonical":"https:\/\/francois-pelletant.fr\/blog\/a-la-reserve-communale-de-securite-civile\/","og_locale":"fr_FR","og_type":"article","og_title":"A la R\u00e9serve Communale de S\u00e9curit\u00e9 Civile - Fran\u00e7ois Pelletant","og_description":"La Mairie de Linas organise avec sa RCSC (R\u00e9serve\u00a0Communale\u00a0de S\u00e9curit\u00e9 Civile) une formation de secourisme PSE1 (Premiers Secours\u00a0en \u00c9quipe de Niveau 1).\u00a0Cette formation\u00a0sera dispens\u00e9e par des Sapeurs-Pompiers professionnels \u00e0\u00a0Linas. Au programme : 35 heures de formation (th\u00e9orie et pratique) avec 2 formules de planning au\u00a0choix\u00a0sur 5 jours cons\u00e9cutifs (en p\u00e9riode scolaire) ou 5 samedis dans [&hellip;]","og_url":"https:\/\/francois-pelletant.fr\/blog\/a-la-reserve-communale-de-securite-civile\/","og_site_name":"Fran\u00e7ois Pelletant","article_publisher":"https:\/\/www.facebook.com\/francois.pelletant.7","article_published_time":"2015-01-15T09:58:55+00:00","og_image":[{"width":256,"height":362,"url":"https:\/\/francois-pelletant.fr\/blog\/wp-content\/uploads\/2015\/01\/RCSC4_4.jpg","type":"image\/jpeg"}],"author":"Francois","twitter_card":"summary_large_image","twitter_creator":"@pelletant","twitter_site":"@pelletant","twitter_misc":{"\u00c9crit par":"Francois"},"schema":{"@context":"https:\/\/schema.org","@graph":[{"@type":"Article","@id":"https:\/\/francois-pelletant.fr\/blog\/a-la-reserve-communale-de-securite-civile\/#article","isPartOf":{"@id":"https:\/\/francois-pelletant.fr\/blog\/a-la-reserve-communale-de-securite-civile\/"},"author":{"name":"Francois","@id":"https:\/\/francois-pelletant.fr\/blog\/#\/schema\/person\/2be41acb171dff8f31aaed1f40cee9f3"},"headline":"A la R\u00e9serve Communale de S\u00e9curit\u00e9 Civile","datePublished":"2015-01-15T09:58:55+00:00","mainEntityOfPage":{"@id":"https:\/\/francois-pelletant.fr\/blog\/a-la-reserve-communale-de-securite-civile\/"},"wordCount":94,"commentCount":0,"publisher":{"@id":"https:\/\/francois-pelletant.fr\/blog\/#organization"},"image":{"@id":"https:\/\/francois-pelletant.fr\/blog\/a-la-reserve-communale-de-securite-civile\/#primaryimage"},"thumbnailUrl":"https:\/\/francois-pelletant.fr\/blog\/wp-content\/uploads\/2015\/01\/RCSC4_4.jpg","articleSection":["Infos"],"inLanguage":"fr-FR","potentialAction":[{"@type":"CommentAction","name":"Comment","target":["https:\/\/francois-pelletant.fr\/blog\/a-la-reserve-communale-de-securite-civile\/#respond"]}]},{"@type":"WebPage","@id":"https:\/\/francois-pelletant.fr\/blog\/a-la-reserve-communale-de-securite-civile\/","url":"https:\/\/francois-pelletant.fr\/blog\/a-la-reserve-communale-de-securite-civile\/","name":"A la R\u00e9serve Communale de S\u00e9curit\u00e9 Civile - Fran\u00e7ois Pelletant","isPartOf":{"@id":"https:\/\/francois-pelletant.fr\/blog\/#website"},"primaryImageOfPage":{"@id":"https:\/\/francois-pelletant.fr\/blog\/a-la-reserve-communale-de-securite-civile\/#primaryimage"},"image":{"@id":"https:\/\/francois-pelletant.fr\/blog\/a-la-reserve-communale-de-securite-civile\/#primaryimage"},"thumbnailUrl":"https:\/\/francois-pelletant.fr\/blog\/wp-content\/uploads\/2015\/01\/RCSC4_4.jpg","datePublished":"2015-01-15T09:58:55+00:00","breadcrumb":{"@id":"https:\/\/francois-pelletant.fr\/blog\/a-la-reserve-communale-de-securite-civile\/#breadcrumb"},"inLanguage":"fr-FR","potentialAction":[{"@type":"ReadAction","target":["https:\/\/francois-pelletant.fr\/blog\/a-la-reserve-communale-de-securite-civile\/"]}]},{"@type":"ImageObject","inLanguage":"fr-FR","@id":"https:\/\/francois-pelletant.fr\/blog\/a-la-reserve-communale-de-securite-civile\/#primaryimage","url":"https:\/\/francois-pelletant.fr\/blog\/wp-content\/uploads\/2015\/01\/RCSC4_4.jpg","contentUrl":"https:\/\/francois-pelletant.fr\/blog\/wp-content\/uploads\/2015\/01\/RCSC4_4.jpg","width":256,"height":362},{"@type":"BreadcrumbList","@id":"https:\/\/francois-pelletant.fr\/blog\/a-la-reserve-communale-de-securite-civile\/#breadcrumb","itemListElement":[{"@type":"ListItem","position":1,"name":"Accueil","item":"https:\/\/francois-pelletant.fr\/blog\/"},{"@type":"ListItem","position":2,"name":"A la R\u00e9serve Communale de S\u00e9curit\u00e9 Civile"}]},{"@type":"WebSite","@id":"https:\/\/francois-pelletant.fr\/blog\/#website","url":"https:\/\/francois-pelletant.fr\/blog\/","name":"Fran\u00e7ois Pelletant","description":"Maire de Linas, pour toujours.","publisher":{"@id":"https:\/\/francois-pelletant.fr\/blog\/#organization"},"potentialAction":[{"@type":"SearchAction","target":{"@type":"EntryPoint","urlTemplate":"https:\/\/francois-pelletant.fr\/blog\/?s={search_term_string}"},"query-input":{"@type":"PropertyValueSpecification","valueRequired":true,"valueName":"search_term_string"}}],"inLanguage":"fr-FR"},{"@type":"Organization","@id":"https:\/\/francois-pelletant.fr\/blog\/#organization","name":"Fran\u00e7ois Pelletant","url":"https:\/\/francois-pelletant.fr\/blog\/","logo":{"@type":"ImageObject","inLanguage":"fr-FR","@id":"https:\/\/francois-pelletant.fr\/blog\/#\/schema\/logo\/image\/","url":"https:\/\/francois-pelletant.fr\/blog\/wp-content\/uploads\/2024\/07\/icone-francois-centre-500p.png","contentUrl":"https:\/\/francois-pelletant.fr\/blog\/wp-content\/uploads\/2024\/07\/icone-francois-centre-500p.png","width":559,"height":447,"caption":"Fran\u00e7ois Pelletant"},"image":{"@id":"https:\/\/francois-pelletant.fr\/blog\/#\/schema\/logo\/image\/"},"sameAs":["https:\/\/www.facebook.com\/francois.pelletant.7","https:\/\/x.com\/pelletant"]},{"@type":"Person","@id":"https:\/\/francois-pelletant.fr\/blog\/#\/schema\/person\/2be41acb171dff8f31aaed1f40cee9f3","name":"Francois"}]}},"_links":{"self":[{"href":"https:\/\/francois-pelletant.fr\/blog\/wp-json\/wp\/v2\/posts\/6034","targetHints":{"allow":["GET"]}}],"collection":[{"href":"https:\/\/francois-pelletant.fr\/blog\/wp-json\/wp\/v2\/posts"}],"about":[{"href":"https:\/\/francois-pelletant.fr\/blog\/wp-json\/wp\/v2\/types\/post"}],"author":[{"embeddable":true,"href":"https:\/\/francois-pelletant.fr\/blog\/wp-json\/wp\/v2\/users\/1"}],"replies":[{"embeddable":true,"href":"https:\/\/francois-pelletant.fr\/blog\/wp-json\/wp\/v2\/comments?post=6034"}],"version-history":[{"count":0,"href":"https:\/\/francois-pelletant.fr\/blog\/wp-json\/wp\/v2\/posts\/6034\/revisions"}],"wp:featuredmedia":[{"embeddable":true,"href":"https:\/\/francois-pelletant.fr\/blog\/wp-json\/wp\/v2\/media\/5056"}],"wp:attachment":[{"href":"https:\/\/francois-pelletant.fr\/blog\/wp-json\/wp\/v2\/media?parent=6034"}],"wp:term":[{"taxonomy":"category","embeddable":true,"href":"https:\/\/francois-pelletant.fr\/blog\/wp-json\/wp\/v2\/categories?post=6034"},{"taxonomy":"post_tag","embeddable":true,"href":"https:\/\/francois-pelletant.fr\/blog\/wp-json\/wp\/v2\/tags?post=6034"}],"curies":[{"name":"wp","href":"https:\/\/api.w.org\/{rel}","templated":true}]}}