{"id":6047,"date":"2015-01-28T19:01:30","date_gmt":"2015-01-28T17:01:30","guid":{"rendered":"https:\/\/francois-pelletant.fr\/blog\/?p=5066"},"modified":"2015-01-28T19:01:30","modified_gmt":"2015-01-28T17:01:30","slug":"elections-territoriales-mars-2015-2","status":"publish","type":"post","link":"https:\/\/francois-pelletant.fr\/blog\/elections-territoriales-mars-2015-2\/","title":{"rendered":"ELECTIONS DEPARTEMENTALES 2015&#8230;.GO"},"content":{"rendered":"<p><span style=\"color: #000000;\"><a href=\"https:\/\/francois-pelletant.fr\/blog\/wp-content\/uploads\/2015\/01\/pont-fp1.jpg\"><span style=\"color: #000000;\"><img loading=\"lazy\" decoding=\"async\" class=\"alignleft size-medium wp-image-5067\" title=\"pont fp\" src=\"https:\/\/francois-pelletant.fr\/blog\/wp-content\/uploads\/2015\/01\/pont-fp1-300x221.jpg\" alt=\"\" width=\"300\" height=\"221\" \/><\/span><\/a>Le Maire de Linas lance sa campagne en se jetant d&#8217;un\u00a0pont.<\/span><\/p>\n<div><span style=\"color: #000000;\"><span style=\"text-align: justify; line-height: 20px; font-family: 'Helvetica Neue', Helvetica, Arial, 'Nimbus Sans L', sans-serif; font-size: 11px;\">Lorsque l&#8217;on se pr\u00e9sente aux \u00e9lections, \u00a0il faut avant toute chose se pr\u00e9senter aux \u00e9lecteurs.\u00a0<\/span><span style=\"text-align: justify; line-height: 20px; font-family: 'Helvetica Neue', Helvetica, Arial, 'Nimbus Sans L', sans-serif; font-size: 11px;\">C&#8217;est ce que je viens de faire en mettant \u00a0en ligne un petit film de 10 minutes qu&#8217;a r\u00e9alis\u00e9 une bande d&#8217;amis amateurs de vid\u00e9o.<\/span><\/span><\/div>\n<p><span style=\"color: #000000;\">Vous saurez tout, depuis ma naissance jusqu\u2019\u00e0 aujourd&#8217;hui, et comme je consid\u00e8re que pour faire de la politique il ne faut pas avoir froid aux yeux, je prouve que je n&#8217;ai peur de rien en mettant en introduction un film tourn\u00e9 lors d&#8217;un saut \u00e0 l&#8217;\u00e9lastique que j&#8217;ai fait en octobre dernier. Voir l&#8217;article de presse dans le Parisien du 28\/01\/2015 :\u00a0<a href=\"https:\/\/francois-pelletant.fr\/blog\/wp-content\/uploads\/2015\/01\/Parisien-28012015.jpg\"><img loading=\"lazy\" decoding=\"async\" class=\"aligncenter size-medium wp-image-5091\" title=\"Parisien 28012015\" src=\"https:\/\/francois-pelletant.fr\/blog\/wp-content\/uploads\/2015\/01\/Parisien-28012015-300x208.jpg\" alt=\"\" width=\"300\" height=\"208\" \/><\/a><\/span><br \/>\n<span style=\"color: #000000;\"> <iframe loading=\"lazy\" src=\"https:\/\/www.youtube.com\/embed\/V3fhLCQ3Pso\" frameborder=\"0\" width=\"504\" height=\"377\"><\/iframe><\/span><\/p>\n<h2><span style=\"color: #ff0000;\">[ et pour pour Alain, voici <a title=\"Pr\u00e9sentation (version courte)\" href=\"https:\/\/www.youtube.com\/watch?v=cYI-Fzy6pPg\" target=\"_blank\" rel=\"nofollow\"><span style=\"color: #ff0000;\">le lien vers une version courte<\/span><\/a>\u00a0! \ud83d\ude42 ]<\/span><\/h2>\n<p>&nbsp;<\/p>\n<p>&nbsp;<\/p>\n","protected":false},"excerpt":{"rendered":"<p>Le Maire de Linas lance sa campagne en se jetant d&#8217;un\u00a0pont. Lorsque l&#8217;on se pr\u00e9sente aux \u00e9lections, \u00a0il faut avant toute chose se pr\u00e9senter aux \u00e9lecteurs.\u00a0C&#8217;est ce que je viens de faire en mettant \u00a0en ligne un petit film de 10 minutes qu&#8217;a r\u00e9alis\u00e9 une bande d&#8217;amis amateurs de vid\u00e9o. Vous saurez tout, depuis ma [&hellip;]<\/p>\n","protected":false},"author":1,"featured_media":5079,"comment_status":"open","ping_status":"open","sticky":false,"template":"","format":"standard","meta":{"footnotes":""},"categories":[20,21],"tags":[],"class_list":["post-6047","post","type-post","status-publish","format-standard","has-post-thumbnail","hentry","category-self-francois","category-territoriales-2015"],"yoast_head":"<!-- This site is optimized with the Yoast SEO plugin v25.6 - https:\/\/yoast.com\/wordpress\/plugins\/seo\/ -->\n<title>ELECTIONS DEPARTEMENTALES 2015....GO - Fran\u00e7ois Pelletant<\/title>\n<meta name=\"robots\" content=\"index, follow, max-snippet:-1, max-image-preview:large, max-video-preview:-1\" \/>\n<link rel=\"canonical\" href=\"https:\/\/francois-pelletant.fr\/blog\/elections-territoriales-mars-2015-2\/\" \/>\n<meta property=\"og:locale\" content=\"fr_FR\" \/>\n<meta property=\"og:type\" content=\"article\" \/>\n<meta property=\"og:title\" content=\"ELECTIONS DEPARTEMENTALES 2015....GO - Fran\u00e7ois Pelletant\" \/>\n<meta property=\"og:description\" content=\"Le Maire de Linas lance sa campagne en se jetant d&#8217;un\u00a0pont. Lorsque l&#8217;on se pr\u00e9sente aux \u00e9lections, \u00a0il faut avant toute chose se pr\u00e9senter aux \u00e9lecteurs.\u00a0C&#8217;est ce que je viens de faire en mettant \u00a0en ligne un petit film de 10 minutes qu&#8217;a r\u00e9alis\u00e9 une bande d&#8217;amis amateurs de vid\u00e9o. Vous saurez tout, depuis ma [&hellip;]\" \/>\n<meta property=\"og:url\" content=\"https:\/\/francois-pelletant.fr\/blog\/elections-territoriales-mars-2015-2\/\" \/>\n<meta property=\"og:site_name\" content=\"Fran\u00e7ois Pelletant\" \/>\n<meta property=\"article:publisher\" content=\"https:\/\/www.facebook.com\/francois.pelletant.7\" \/>\n<meta property=\"article:published_time\" content=\"2015-01-28T17:01:30+00:00\" \/>\n<meta property=\"og:image\" content=\"https:\/\/francois-pelletant.fr\/blog\/wp-content\/uploads\/2015\/01\/pont-fp1.jpg\" \/>\n\t<meta property=\"og:image:width\" content=\"480\" \/>\n\t<meta property=\"og:image:height\" content=\"354\" \/>\n\t<meta property=\"og:image:type\" content=\"image\/jpeg\" \/>\n<meta name=\"author\" content=\"Francois\" \/>\n<meta name=\"twitter:card\" content=\"summary_large_image\" \/>\n<meta name=\"twitter:creator\" content=\"@pelletant\" \/>\n<meta name=\"twitter:site\" content=\"@pelletant\" \/>\n<meta name=\"twitter:label1\" content=\"\u00c9crit par\" \/>\n\t<meta name=\"twitter:data1\" content=\"Francois\" \/>\n\t<meta name=\"twitter:label2\" content=\"Dur\u00e9e de lecture estim\u00e9e\" \/>\n\t<meta name=\"twitter:data2\" content=\"1 minute\" \/>\n<script type=\"application\/ld+json\" class=\"yoast-schema-graph\">{\"@context\":\"https:\/\/schema.org\",\"@graph\":[{\"@type\":\"Article\",\"@id\":\"https:\/\/francois-pelletant.fr\/blog\/elections-territoriales-mars-2015-2\/#article\",\"isPartOf\":{\"@id\":\"https:\/\/francois-pelletant.fr\/blog\/elections-territoriales-mars-2015-2\/\"},\"author\":{\"name\":\"Francois\",\"@id\":\"https:\/\/francois-pelletant.fr\/blog\/#\/schema\/person\/2be41acb171dff8f31aaed1f40cee9f3\"},\"headline\":\"ELECTIONS DEPARTEMENTALES 2015&#8230;.GO\",\"datePublished\":\"2015-01-28T17:01:30+00:00\",\"mainEntityOfPage\":{\"@id\":\"https:\/\/francois-pelletant.fr\/blog\/elections-territoriales-mars-2015-2\/\"},\"wordCount\":143,\"commentCount\":7,\"publisher\":{\"@id\":\"https:\/\/francois-pelletant.fr\/blog\/#organization\"},\"image\":{\"@id\":\"https:\/\/francois-pelletant.fr\/blog\/elections-territoriales-mars-2015-2\/#primaryimage\"},\"thumbnailUrl\":\"https:\/\/francois-pelletant.fr\/blog\/wp-content\/uploads\/2015\/01\/pont-fp1.jpg\",\"articleSection\":[\"Self Fran\u00e7ois\",\"Territoriales 2015\"],\"inLanguage\":\"fr-FR\",\"potentialAction\":[{\"@type\":\"CommentAction\",\"name\":\"Comment\",\"target\":[\"https:\/\/francois-pelletant.fr\/blog\/elections-territoriales-mars-2015-2\/#respond\"]}]},{\"@type\":\"WebPage\",\"@id\":\"https:\/\/francois-pelletant.fr\/blog\/elections-territoriales-mars-2015-2\/\",\"url\":\"https:\/\/francois-pelletant.fr\/blog\/elections-territoriales-mars-2015-2\/\",\"name\":\"ELECTIONS DEPARTEMENTALES 2015....GO - Fran\u00e7ois Pelletant\",\"isPartOf\":{\"@id\":\"https:\/\/francois-pelletant.fr\/blog\/#website\"},\"primaryImageOfPage\":{\"@id\":\"https:\/\/francois-pelletant.fr\/blog\/elections-territoriales-mars-2015-2\/#primaryimage\"},\"image\":{\"@id\":\"https:\/\/francois-pelletant.fr\/blog\/elections-territoriales-mars-2015-2\/#primaryimage\"},\"thumbnailUrl\":\"https:\/\/francois-pelletant.fr\/blog\/wp-content\/uploads\/2015\/01\/pont-fp1.jpg\",\"datePublished\":\"2015-01-28T17:01:30+00:00\",\"breadcrumb\":{\"@id\":\"https:\/\/francois-pelletant.fr\/blog\/elections-territoriales-mars-2015-2\/#breadcrumb\"},\"inLanguage\":\"fr-FR\",\"potentialAction\":[{\"@type\":\"ReadAction\",\"target\":[\"https:\/\/francois-pelletant.fr\/blog\/elections-territoriales-mars-2015-2\/\"]}]},{\"@type\":\"ImageObject\",\"inLanguage\":\"fr-FR\",\"@id\":\"https:\/\/francois-pelletant.fr\/blog\/elections-territoriales-mars-2015-2\/#primaryimage\",\"url\":\"https:\/\/francois-pelletant.fr\/blog\/wp-content\/uploads\/2015\/01\/pont-fp1.jpg\",\"contentUrl\":\"https:\/\/francois-pelletant.fr\/blog\/wp-content\/uploads\/2015\/01\/pont-fp1.jpg\",\"width\":480,\"height\":354},{\"@type\":\"BreadcrumbList\",\"@id\":\"https:\/\/francois-pelletant.fr\/blog\/elections-territoriales-mars-2015-2\/#breadcrumb\",\"itemListElement\":[{\"@type\":\"ListItem\",\"position\":1,\"name\":\"Accueil\",\"item\":\"https:\/\/francois-pelletant.fr\/blog\/\"},{\"@type\":\"ListItem\",\"position\":2,\"name\":\"ELECTIONS DEPARTEMENTALES 2015&#8230;.GO\"}]},{\"@type\":\"WebSite\",\"@id\":\"https:\/\/francois-pelletant.fr\/blog\/#website\",\"url\":\"https:\/\/francois-pelletant.fr\/blog\/\",\"name\":\"Fran\u00e7ois Pelletant\",\"description\":\"Maire de Linas, pour toujours.\",\"publisher\":{\"@id\":\"https:\/\/francois-pelletant.fr\/blog\/#organization\"},\"potentialAction\":[{\"@type\":\"SearchAction\",\"target\":{\"@type\":\"EntryPoint\",\"urlTemplate\":\"https:\/\/francois-pelletant.fr\/blog\/?s={search_term_string}\"},\"query-input\":{\"@type\":\"PropertyValueSpecification\",\"valueRequired\":true,\"valueName\":\"search_term_string\"}}],\"inLanguage\":\"fr-FR\"},{\"@type\":\"Organization\",\"@id\":\"https:\/\/francois-pelletant.fr\/blog\/#organization\",\"name\":\"Fran\u00e7ois Pelletant\",\"url\":\"https:\/\/francois-pelletant.fr\/blog\/\",\"logo\":{\"@type\":\"ImageObject\",\"inLanguage\":\"fr-FR\",\"@id\":\"https:\/\/francois-pelletant.fr\/blog\/#\/schema\/logo\/image\/\",\"url\":\"https:\/\/francois-pelletant.fr\/blog\/wp-content\/uploads\/2024\/07\/icone-francois-centre-500p.png\",\"contentUrl\":\"https:\/\/francois-pelletant.fr\/blog\/wp-content\/uploads\/2024\/07\/icone-francois-centre-500p.png\",\"width\":559,\"height\":447,\"caption\":\"Fran\u00e7ois Pelletant\"},\"image\":{\"@id\":\"https:\/\/francois-pelletant.fr\/blog\/#\/schema\/logo\/image\/\"},\"sameAs\":[\"https:\/\/www.facebook.com\/francois.pelletant.7\",\"https:\/\/x.com\/pelletant\"]},{\"@type\":\"Person\",\"@id\":\"https:\/\/francois-pelletant.fr\/blog\/#\/schema\/person\/2be41acb171dff8f31aaed1f40cee9f3\",\"name\":\"Francois\"}]}<\/script>\n<!-- \/ Yoast SEO plugin. -->","yoast_head_json":{"title":"ELECTIONS DEPARTEMENTALES 2015....GO - Fran\u00e7ois Pelletant","robots":{"index":"index","follow":"follow","max-snippet":"max-snippet:-1","max-image-preview":"max-image-preview:large","max-video-preview":"max-video-preview:-1"},"canonical":"https:\/\/francois-pelletant.fr\/blog\/elections-territoriales-mars-2015-2\/","og_locale":"fr_FR","og_type":"article","og_title":"ELECTIONS DEPARTEMENTALES 2015....GO - Fran\u00e7ois Pelletant","og_description":"Le Maire de Linas lance sa campagne en se jetant d&#8217;un\u00a0pont. Lorsque l&#8217;on se pr\u00e9sente aux \u00e9lections, \u00a0il faut avant toute chose se pr\u00e9senter aux \u00e9lecteurs.\u00a0C&#8217;est ce que je viens de faire en mettant \u00a0en ligne un petit film de 10 minutes qu&#8217;a r\u00e9alis\u00e9 une bande d&#8217;amis amateurs de vid\u00e9o. Vous saurez tout, depuis ma [&hellip;]","og_url":"https:\/\/francois-pelletant.fr\/blog\/elections-territoriales-mars-2015-2\/","og_site_name":"Fran\u00e7ois Pelletant","article_publisher":"https:\/\/www.facebook.com\/francois.pelletant.7","article_published_time":"2015-01-28T17:01:30+00:00","og_image":[{"width":480,"height":354,"url":"https:\/\/francois-pelletant.fr\/blog\/wp-content\/uploads\/2015\/01\/pont-fp1.jpg","type":"image\/jpeg"}],"author":"Francois","twitter_card":"summary_large_image","twitter_creator":"@pelletant","twitter_site":"@pelletant","twitter_misc":{"\u00c9crit par":"Francois","Dur\u00e9e de lecture estim\u00e9e":"1 minute"},"schema":{"@context":"https:\/\/schema.org","@graph":[{"@type":"Article","@id":"https:\/\/francois-pelletant.fr\/blog\/elections-territoriales-mars-2015-2\/#article","isPartOf":{"@id":"https:\/\/francois-pelletant.fr\/blog\/elections-territoriales-mars-2015-2\/"},"author":{"name":"Francois","@id":"https:\/\/francois-pelletant.fr\/blog\/#\/schema\/person\/2be41acb171dff8f31aaed1f40cee9f3"},"headline":"ELECTIONS DEPARTEMENTALES 2015&#8230;.GO","datePublished":"2015-01-28T17:01:30+00:00","mainEntityOfPage":{"@id":"https:\/\/francois-pelletant.fr\/blog\/elections-territoriales-mars-2015-2\/"},"wordCount":143,"commentCount":7,"publisher":{"@id":"https:\/\/francois-pelletant.fr\/blog\/#organization"},"image":{"@id":"https:\/\/francois-pelletant.fr\/blog\/elections-territoriales-mars-2015-2\/#primaryimage"},"thumbnailUrl":"https:\/\/francois-pelletant.fr\/blog\/wp-content\/uploads\/2015\/01\/pont-fp1.jpg","articleSection":["Self Fran\u00e7ois","Territoriales 2015"],"inLanguage":"fr-FR","potentialAction":[{"@type":"CommentAction","name":"Comment","target":["https:\/\/francois-pelletant.fr\/blog\/elections-territoriales-mars-2015-2\/#respond"]}]},{"@type":"WebPage","@id":"https:\/\/francois-pelletant.fr\/blog\/elections-territoriales-mars-2015-2\/","url":"https:\/\/francois-pelletant.fr\/blog\/elections-territoriales-mars-2015-2\/","name":"ELECTIONS DEPARTEMENTALES 2015....GO - Fran\u00e7ois Pelletant","isPartOf":{"@id":"https:\/\/francois-pelletant.fr\/blog\/#website"},"primaryImageOfPage":{"@id":"https:\/\/francois-pelletant.fr\/blog\/elections-territoriales-mars-2015-2\/#primaryimage"},"image":{"@id":"https:\/\/francois-pelletant.fr\/blog\/elections-territoriales-mars-2015-2\/#primaryimage"},"thumbnailUrl":"https:\/\/francois-pelletant.fr\/blog\/wp-content\/uploads\/2015\/01\/pont-fp1.jpg","datePublished":"2015-01-28T17:01:30+00:00","breadcrumb":{"@id":"https:\/\/francois-pelletant.fr\/blog\/elections-territoriales-mars-2015-2\/#breadcrumb"},"inLanguage":"fr-FR","potentialAction":[{"@type":"ReadAction","target":["https:\/\/francois-pelletant.fr\/blog\/elections-territoriales-mars-2015-2\/"]}]},{"@type":"ImageObject","inLanguage":"fr-FR","@id":"https:\/\/francois-pelletant.fr\/blog\/elections-territoriales-mars-2015-2\/#primaryimage","url":"https:\/\/francois-pelletant.fr\/blog\/wp-content\/uploads\/2015\/01\/pont-fp1.jpg","contentUrl":"https:\/\/francois-pelletant.fr\/blog\/wp-content\/uploads\/2015\/01\/pont-fp1.jpg","width":480,"height":354},{"@type":"BreadcrumbList","@id":"https:\/\/francois-pelletant.fr\/blog\/elections-territoriales-mars-2015-2\/#breadcrumb","itemListElement":[{"@type":"ListItem","position":1,"name":"Accueil","item":"https:\/\/francois-pelletant.fr\/blog\/"},{"@type":"ListItem","position":2,"name":"ELECTIONS DEPARTEMENTALES 2015&#8230;.GO"}]},{"@type":"WebSite","@id":"https:\/\/francois-pelletant.fr\/blog\/#website","url":"https:\/\/francois-pelletant.fr\/blog\/","name":"Fran\u00e7ois Pelletant","description":"Maire de Linas, pour toujours.","publisher":{"@id":"https:\/\/francois-pelletant.fr\/blog\/#organization"},"potentialAction":[{"@type":"SearchAction","target":{"@type":"EntryPoint","urlTemplate":"https:\/\/francois-pelletant.fr\/blog\/?s={search_term_string}"},"query-input":{"@type":"PropertyValueSpecification","valueRequired":true,"valueName":"search_term_string"}}],"inLanguage":"fr-FR"},{"@type":"Organization","@id":"https:\/\/francois-pelletant.fr\/blog\/#organization","name":"Fran\u00e7ois Pelletant","url":"https:\/\/francois-pelletant.fr\/blog\/","logo":{"@type":"ImageObject","inLanguage":"fr-FR","@id":"https:\/\/francois-pelletant.fr\/blog\/#\/schema\/logo\/image\/","url":"https:\/\/francois-pelletant.fr\/blog\/wp-content\/uploads\/2024\/07\/icone-francois-centre-500p.png","contentUrl":"https:\/\/francois-pelletant.fr\/blog\/wp-content\/uploads\/2024\/07\/icone-francois-centre-500p.png","width":559,"height":447,"caption":"Fran\u00e7ois Pelletant"},"image":{"@id":"https:\/\/francois-pelletant.fr\/blog\/#\/schema\/logo\/image\/"},"sameAs":["https:\/\/www.facebook.com\/francois.pelletant.7","https:\/\/x.com\/pelletant"]},{"@type":"Person","@id":"https:\/\/francois-pelletant.fr\/blog\/#\/schema\/person\/2be41acb171dff8f31aaed1f40cee9f3","name":"Francois"}]}},"_links":{"self":[{"href":"https:\/\/francois-pelletant.fr\/blog\/wp-json\/wp\/v2\/posts\/6047","targetHints":{"allow":["GET"]}}],"collection":[{"href":"https:\/\/francois-pelletant.fr\/blog\/wp-json\/wp\/v2\/posts"}],"about":[{"href":"https:\/\/francois-pelletant.fr\/blog\/wp-json\/wp\/v2\/types\/post"}],"author":[{"embeddable":true,"href":"https:\/\/francois-pelletant.fr\/blog\/wp-json\/wp\/v2\/users\/1"}],"replies":[{"embeddable":true,"href":"https:\/\/francois-pelletant.fr\/blog\/wp-json\/wp\/v2\/comments?post=6047"}],"version-history":[{"count":0,"href":"https:\/\/francois-pelletant.fr\/blog\/wp-json\/wp\/v2\/posts\/6047\/revisions"}],"wp:featuredmedia":[{"embeddable":true,"href":"https:\/\/francois-pelletant.fr\/blog\/wp-json\/wp\/v2\/media\/5079"}],"wp:attachment":[{"href":"https:\/\/francois-pelletant.fr\/blog\/wp-json\/wp\/v2\/media?parent=6047"}],"wp:term":[{"taxonomy":"category","embeddable":true,"href":"https:\/\/francois-pelletant.fr\/blog\/wp-json\/wp\/v2\/categories?post=6047"},{"taxonomy":"post_tag","embeddable":true,"href":"https:\/\/francois-pelletant.fr\/blog\/wp-json\/wp\/v2\/tags?post=6047"}],"curies":[{"name":"wp","href":"https:\/\/api.w.org\/{rel}","templated":true}]}}