{"id":6057,"date":"2015-01-28T15:48:29","date_gmt":"2015-01-28T13:48:29","guid":{"rendered":"https:\/\/francois-pelletant.fr\/blog\/?p=5088"},"modified":"2015-01-28T15:48:29","modified_gmt":"2015-01-28T13:48:29","slug":"partenariat-entre-lecole-linoise-et-le-121eme-rt","status":"publish","type":"post","link":"https:\/\/francois-pelletant.fr\/blog\/partenariat-entre-lecole-linoise-et-le-121eme-rt\/","title":{"rendered":"Partenariat entre l\u2019\u00e9cole linoise et le 121\u00e8me RT"},"content":{"rendered":"<p><a href=\"https:\/\/francois-pelletant.fr\/blog\/wp-content\/uploads\/2015\/01\/partenariat-121e-ecole.jpg\"><img loading=\"lazy\" decoding=\"async\" class=\"alignleft size-medium wp-image-5089\" title=\"partenariat 121e ecole\" src=\"https:\/\/francois-pelletant.fr\/blog\/wp-content\/uploads\/2015\/01\/partenariat-121e-ecole-300x224.jpg\" alt=\"\" width=\"300\" height=\"224\" \/><\/a>Les quatre classes de CM2 de l\u2019\u00e9cole des Sources de Linas vont communiquer avec les militaires du 121\u00e8me R\u00e9giment du Train de Linas-Montlh\u00e9ry durant leur mission en Martinique. Samedi 24 janvier 2015, le R\u00e9giment est parti en avion en emportant un objet mascotte confi\u00e9 par chaque classe. Lors de leurs interventions, ils prendront sur place des photos puis ils leurs enverront des informations par mail et courrier. Du c\u00f4t\u00e9 des \u00e9l\u00e8ves, ceux-ci leur expliquerons leur vie d\u2019\u00e9colier en images et en mots.<\/p>\n","protected":false},"excerpt":{"rendered":"<p>Les quatre classes de CM2 de l\u2019\u00e9cole des Sources de Linas vont communiquer avec les militaires du 121\u00e8me R\u00e9giment du Train de Linas-Montlh\u00e9ry durant leur mission en Martinique. Samedi 24 janvier 2015, le R\u00e9giment est parti en avion en emportant un objet mascotte confi\u00e9 par chaque classe. Lors de leurs interventions, ils prendront sur place [&hellip;]<\/p>\n","protected":false},"author":1,"featured_media":5091,"comment_status":"open","ping_status":"open","sticky":false,"template":"","format":"standard","meta":{"footnotes":""},"categories":[10],"tags":[],"class_list":["post-6057","post","type-post","status-publish","format-standard","has-post-thumbnail","hentry","category-1pelletant"],"yoast_head":"<!-- This site is optimized with the Yoast SEO plugin v25.6 - https:\/\/yoast.com\/wordpress\/plugins\/seo\/ -->\n<title>Partenariat entre l\u2019\u00e9cole linoise et le 121\u00e8me RT - Fran\u00e7ois Pelletant<\/title>\n<meta name=\"robots\" content=\"index, follow, max-snippet:-1, max-image-preview:large, max-video-preview:-1\" \/>\n<link rel=\"canonical\" href=\"https:\/\/francois-pelletant.fr\/blog\/partenariat-entre-lecole-linoise-et-le-121eme-rt\/\" \/>\n<meta property=\"og:locale\" content=\"fr_FR\" \/>\n<meta property=\"og:type\" content=\"article\" \/>\n<meta property=\"og:title\" content=\"Partenariat entre l\u2019\u00e9cole linoise et le 121\u00e8me RT - Fran\u00e7ois Pelletant\" \/>\n<meta property=\"og:description\" content=\"Les quatre classes de CM2 de l\u2019\u00e9cole des Sources de Linas vont communiquer avec les militaires du 121\u00e8me R\u00e9giment du Train de Linas-Montlh\u00e9ry durant leur mission en Martinique. Samedi 24 janvier 2015, le R\u00e9giment est parti en avion en emportant un objet mascotte confi\u00e9 par chaque classe. Lors de leurs interventions, ils prendront sur place [&hellip;]\" \/>\n<meta property=\"og:url\" content=\"https:\/\/francois-pelletant.fr\/blog\/partenariat-entre-lecole-linoise-et-le-121eme-rt\/\" \/>\n<meta property=\"og:site_name\" content=\"Fran\u00e7ois Pelletant\" \/>\n<meta property=\"article:publisher\" content=\"https:\/\/www.facebook.com\/francois.pelletant.7\" \/>\n<meta property=\"article:published_time\" content=\"2015-01-28T13:48:29+00:00\" \/>\n<meta property=\"og:image\" content=\"https:\/\/francois-pelletant.fr\/blog\/wp-content\/uploads\/2015\/01\/partenariat-121e-ecole.jpg\" \/>\n\t<meta property=\"og:image:width\" content=\"398\" \/>\n\t<meta property=\"og:image:height\" content=\"298\" \/>\n\t<meta property=\"og:image:type\" content=\"image\/jpeg\" \/>\n<meta name=\"author\" content=\"Francois\" \/>\n<meta name=\"twitter:card\" content=\"summary_large_image\" \/>\n<meta name=\"twitter:creator\" content=\"@pelletant\" \/>\n<meta name=\"twitter:site\" content=\"@pelletant\" \/>\n<meta name=\"twitter:label1\" content=\"\u00c9crit par\" \/>\n\t<meta name=\"twitter:data1\" content=\"Francois\" \/>\n<script type=\"application\/ld+json\" class=\"yoast-schema-graph\">{\"@context\":\"https:\/\/schema.org\",\"@graph\":[{\"@type\":\"Article\",\"@id\":\"https:\/\/francois-pelletant.fr\/blog\/partenariat-entre-lecole-linoise-et-le-121eme-rt\/#article\",\"isPartOf\":{\"@id\":\"https:\/\/francois-pelletant.fr\/blog\/partenariat-entre-lecole-linoise-et-le-121eme-rt\/\"},\"author\":{\"name\":\"Francois\",\"@id\":\"https:\/\/francois-pelletant.fr\/blog\/#\/schema\/person\/2be41acb171dff8f31aaed1f40cee9f3\"},\"headline\":\"Partenariat entre l\u2019\u00e9cole linoise et le 121\u00e8me RT\",\"datePublished\":\"2015-01-28T13:48:29+00:00\",\"mainEntityOfPage\":{\"@id\":\"https:\/\/francois-pelletant.fr\/blog\/partenariat-entre-lecole-linoise-et-le-121eme-rt\/\"},\"wordCount\":96,\"commentCount\":0,\"publisher\":{\"@id\":\"https:\/\/francois-pelletant.fr\/blog\/#organization\"},\"image\":{\"@id\":\"https:\/\/francois-pelletant.fr\/blog\/partenariat-entre-lecole-linoise-et-le-121eme-rt\/#primaryimage\"},\"thumbnailUrl\":\"https:\/\/francois-pelletant.fr\/blog\/wp-content\/uploads\/2015\/01\/partenariat-121e-ecole.jpg\",\"articleSection\":[\"Infos\"],\"inLanguage\":\"fr-FR\",\"potentialAction\":[{\"@type\":\"CommentAction\",\"name\":\"Comment\",\"target\":[\"https:\/\/francois-pelletant.fr\/blog\/partenariat-entre-lecole-linoise-et-le-121eme-rt\/#respond\"]}]},{\"@type\":\"WebPage\",\"@id\":\"https:\/\/francois-pelletant.fr\/blog\/partenariat-entre-lecole-linoise-et-le-121eme-rt\/\",\"url\":\"https:\/\/francois-pelletant.fr\/blog\/partenariat-entre-lecole-linoise-et-le-121eme-rt\/\",\"name\":\"Partenariat entre l\u2019\u00e9cole linoise et le 121\u00e8me RT - Fran\u00e7ois Pelletant\",\"isPartOf\":{\"@id\":\"https:\/\/francois-pelletant.fr\/blog\/#website\"},\"primaryImageOfPage\":{\"@id\":\"https:\/\/francois-pelletant.fr\/blog\/partenariat-entre-lecole-linoise-et-le-121eme-rt\/#primaryimage\"},\"image\":{\"@id\":\"https:\/\/francois-pelletant.fr\/blog\/partenariat-entre-lecole-linoise-et-le-121eme-rt\/#primaryimage\"},\"thumbnailUrl\":\"https:\/\/francois-pelletant.fr\/blog\/wp-content\/uploads\/2015\/01\/partenariat-121e-ecole.jpg\",\"datePublished\":\"2015-01-28T13:48:29+00:00\",\"breadcrumb\":{\"@id\":\"https:\/\/francois-pelletant.fr\/blog\/partenariat-entre-lecole-linoise-et-le-121eme-rt\/#breadcrumb\"},\"inLanguage\":\"fr-FR\",\"potentialAction\":[{\"@type\":\"ReadAction\",\"target\":[\"https:\/\/francois-pelletant.fr\/blog\/partenariat-entre-lecole-linoise-et-le-121eme-rt\/\"]}]},{\"@type\":\"ImageObject\",\"inLanguage\":\"fr-FR\",\"@id\":\"https:\/\/francois-pelletant.fr\/blog\/partenariat-entre-lecole-linoise-et-le-121eme-rt\/#primaryimage\",\"url\":\"https:\/\/francois-pelletant.fr\/blog\/wp-content\/uploads\/2015\/01\/partenariat-121e-ecole.jpg\",\"contentUrl\":\"https:\/\/francois-pelletant.fr\/blog\/wp-content\/uploads\/2015\/01\/partenariat-121e-ecole.jpg\",\"width\":398,\"height\":298},{\"@type\":\"BreadcrumbList\",\"@id\":\"https:\/\/francois-pelletant.fr\/blog\/partenariat-entre-lecole-linoise-et-le-121eme-rt\/#breadcrumb\",\"itemListElement\":[{\"@type\":\"ListItem\",\"position\":1,\"name\":\"Accueil\",\"item\":\"https:\/\/francois-pelletant.fr\/blog\/\"},{\"@type\":\"ListItem\",\"position\":2,\"name\":\"Partenariat entre l\u2019\u00e9cole linoise et le 121\u00e8me RT\"}]},{\"@type\":\"WebSite\",\"@id\":\"https:\/\/francois-pelletant.fr\/blog\/#website\",\"url\":\"https:\/\/francois-pelletant.fr\/blog\/\",\"name\":\"Fran\u00e7ois Pelletant\",\"description\":\"Maire de Linas, pour toujours.\",\"publisher\":{\"@id\":\"https:\/\/francois-pelletant.fr\/blog\/#organization\"},\"potentialAction\":[{\"@type\":\"SearchAction\",\"target\":{\"@type\":\"EntryPoint\",\"urlTemplate\":\"https:\/\/francois-pelletant.fr\/blog\/?s={search_term_string}\"},\"query-input\":{\"@type\":\"PropertyValueSpecification\",\"valueRequired\":true,\"valueName\":\"search_term_string\"}}],\"inLanguage\":\"fr-FR\"},{\"@type\":\"Organization\",\"@id\":\"https:\/\/francois-pelletant.fr\/blog\/#organization\",\"name\":\"Fran\u00e7ois Pelletant\",\"url\":\"https:\/\/francois-pelletant.fr\/blog\/\",\"logo\":{\"@type\":\"ImageObject\",\"inLanguage\":\"fr-FR\",\"@id\":\"https:\/\/francois-pelletant.fr\/blog\/#\/schema\/logo\/image\/\",\"url\":\"https:\/\/francois-pelletant.fr\/blog\/wp-content\/uploads\/2024\/07\/icone-francois-centre-500p.png\",\"contentUrl\":\"https:\/\/francois-pelletant.fr\/blog\/wp-content\/uploads\/2024\/07\/icone-francois-centre-500p.png\",\"width\":559,\"height\":447,\"caption\":\"Fran\u00e7ois Pelletant\"},\"image\":{\"@id\":\"https:\/\/francois-pelletant.fr\/blog\/#\/schema\/logo\/image\/\"},\"sameAs\":[\"https:\/\/www.facebook.com\/francois.pelletant.7\",\"https:\/\/x.com\/pelletant\"]},{\"@type\":\"Person\",\"@id\":\"https:\/\/francois-pelletant.fr\/blog\/#\/schema\/person\/2be41acb171dff8f31aaed1f40cee9f3\",\"name\":\"Francois\"}]}<\/script>\n<!-- \/ Yoast SEO plugin. -->","yoast_head_json":{"title":"Partenariat entre l\u2019\u00e9cole linoise et le 121\u00e8me RT - Fran\u00e7ois Pelletant","robots":{"index":"index","follow":"follow","max-snippet":"max-snippet:-1","max-image-preview":"max-image-preview:large","max-video-preview":"max-video-preview:-1"},"canonical":"https:\/\/francois-pelletant.fr\/blog\/partenariat-entre-lecole-linoise-et-le-121eme-rt\/","og_locale":"fr_FR","og_type":"article","og_title":"Partenariat entre l\u2019\u00e9cole linoise et le 121\u00e8me RT - Fran\u00e7ois Pelletant","og_description":"Les quatre classes de CM2 de l\u2019\u00e9cole des Sources de Linas vont communiquer avec les militaires du 121\u00e8me R\u00e9giment du Train de Linas-Montlh\u00e9ry durant leur mission en Martinique. Samedi 24 janvier 2015, le R\u00e9giment est parti en avion en emportant un objet mascotte confi\u00e9 par chaque classe. Lors de leurs interventions, ils prendront sur place [&hellip;]","og_url":"https:\/\/francois-pelletant.fr\/blog\/partenariat-entre-lecole-linoise-et-le-121eme-rt\/","og_site_name":"Fran\u00e7ois Pelletant","article_publisher":"https:\/\/www.facebook.com\/francois.pelletant.7","article_published_time":"2015-01-28T13:48:29+00:00","og_image":[{"width":398,"height":298,"url":"https:\/\/francois-pelletant.fr\/blog\/wp-content\/uploads\/2015\/01\/partenariat-121e-ecole.jpg","type":"image\/jpeg"}],"author":"Francois","twitter_card":"summary_large_image","twitter_creator":"@pelletant","twitter_site":"@pelletant","twitter_misc":{"\u00c9crit par":"Francois"},"schema":{"@context":"https:\/\/schema.org","@graph":[{"@type":"Article","@id":"https:\/\/francois-pelletant.fr\/blog\/partenariat-entre-lecole-linoise-et-le-121eme-rt\/#article","isPartOf":{"@id":"https:\/\/francois-pelletant.fr\/blog\/partenariat-entre-lecole-linoise-et-le-121eme-rt\/"},"author":{"name":"Francois","@id":"https:\/\/francois-pelletant.fr\/blog\/#\/schema\/person\/2be41acb171dff8f31aaed1f40cee9f3"},"headline":"Partenariat entre l\u2019\u00e9cole linoise et le 121\u00e8me RT","datePublished":"2015-01-28T13:48:29+00:00","mainEntityOfPage":{"@id":"https:\/\/francois-pelletant.fr\/blog\/partenariat-entre-lecole-linoise-et-le-121eme-rt\/"},"wordCount":96,"commentCount":0,"publisher":{"@id":"https:\/\/francois-pelletant.fr\/blog\/#organization"},"image":{"@id":"https:\/\/francois-pelletant.fr\/blog\/partenariat-entre-lecole-linoise-et-le-121eme-rt\/#primaryimage"},"thumbnailUrl":"https:\/\/francois-pelletant.fr\/blog\/wp-content\/uploads\/2015\/01\/partenariat-121e-ecole.jpg","articleSection":["Infos"],"inLanguage":"fr-FR","potentialAction":[{"@type":"CommentAction","name":"Comment","target":["https:\/\/francois-pelletant.fr\/blog\/partenariat-entre-lecole-linoise-et-le-121eme-rt\/#respond"]}]},{"@type":"WebPage","@id":"https:\/\/francois-pelletant.fr\/blog\/partenariat-entre-lecole-linoise-et-le-121eme-rt\/","url":"https:\/\/francois-pelletant.fr\/blog\/partenariat-entre-lecole-linoise-et-le-121eme-rt\/","name":"Partenariat entre l\u2019\u00e9cole linoise et le 121\u00e8me RT - Fran\u00e7ois Pelletant","isPartOf":{"@id":"https:\/\/francois-pelletant.fr\/blog\/#website"},"primaryImageOfPage":{"@id":"https:\/\/francois-pelletant.fr\/blog\/partenariat-entre-lecole-linoise-et-le-121eme-rt\/#primaryimage"},"image":{"@id":"https:\/\/francois-pelletant.fr\/blog\/partenariat-entre-lecole-linoise-et-le-121eme-rt\/#primaryimage"},"thumbnailUrl":"https:\/\/francois-pelletant.fr\/blog\/wp-content\/uploads\/2015\/01\/partenariat-121e-ecole.jpg","datePublished":"2015-01-28T13:48:29+00:00","breadcrumb":{"@id":"https:\/\/francois-pelletant.fr\/blog\/partenariat-entre-lecole-linoise-et-le-121eme-rt\/#breadcrumb"},"inLanguage":"fr-FR","potentialAction":[{"@type":"ReadAction","target":["https:\/\/francois-pelletant.fr\/blog\/partenariat-entre-lecole-linoise-et-le-121eme-rt\/"]}]},{"@type":"ImageObject","inLanguage":"fr-FR","@id":"https:\/\/francois-pelletant.fr\/blog\/partenariat-entre-lecole-linoise-et-le-121eme-rt\/#primaryimage","url":"https:\/\/francois-pelletant.fr\/blog\/wp-content\/uploads\/2015\/01\/partenariat-121e-ecole.jpg","contentUrl":"https:\/\/francois-pelletant.fr\/blog\/wp-content\/uploads\/2015\/01\/partenariat-121e-ecole.jpg","width":398,"height":298},{"@type":"BreadcrumbList","@id":"https:\/\/francois-pelletant.fr\/blog\/partenariat-entre-lecole-linoise-et-le-121eme-rt\/#breadcrumb","itemListElement":[{"@type":"ListItem","position":1,"name":"Accueil","item":"https:\/\/francois-pelletant.fr\/blog\/"},{"@type":"ListItem","position":2,"name":"Partenariat entre l\u2019\u00e9cole linoise et le 121\u00e8me RT"}]},{"@type":"WebSite","@id":"https:\/\/francois-pelletant.fr\/blog\/#website","url":"https:\/\/francois-pelletant.fr\/blog\/","name":"Fran\u00e7ois Pelletant","description":"Maire de Linas, pour toujours.","publisher":{"@id":"https:\/\/francois-pelletant.fr\/blog\/#organization"},"potentialAction":[{"@type":"SearchAction","target":{"@type":"EntryPoint","urlTemplate":"https:\/\/francois-pelletant.fr\/blog\/?s={search_term_string}"},"query-input":{"@type":"PropertyValueSpecification","valueRequired":true,"valueName":"search_term_string"}}],"inLanguage":"fr-FR"},{"@type":"Organization","@id":"https:\/\/francois-pelletant.fr\/blog\/#organization","name":"Fran\u00e7ois Pelletant","url":"https:\/\/francois-pelletant.fr\/blog\/","logo":{"@type":"ImageObject","inLanguage":"fr-FR","@id":"https:\/\/francois-pelletant.fr\/blog\/#\/schema\/logo\/image\/","url":"https:\/\/francois-pelletant.fr\/blog\/wp-content\/uploads\/2024\/07\/icone-francois-centre-500p.png","contentUrl":"https:\/\/francois-pelletant.fr\/blog\/wp-content\/uploads\/2024\/07\/icone-francois-centre-500p.png","width":559,"height":447,"caption":"Fran\u00e7ois Pelletant"},"image":{"@id":"https:\/\/francois-pelletant.fr\/blog\/#\/schema\/logo\/image\/"},"sameAs":["https:\/\/www.facebook.com\/francois.pelletant.7","https:\/\/x.com\/pelletant"]},{"@type":"Person","@id":"https:\/\/francois-pelletant.fr\/blog\/#\/schema\/person\/2be41acb171dff8f31aaed1f40cee9f3","name":"Francois"}]}},"_links":{"self":[{"href":"https:\/\/francois-pelletant.fr\/blog\/wp-json\/wp\/v2\/posts\/6057","targetHints":{"allow":["GET"]}}],"collection":[{"href":"https:\/\/francois-pelletant.fr\/blog\/wp-json\/wp\/v2\/posts"}],"about":[{"href":"https:\/\/francois-pelletant.fr\/blog\/wp-json\/wp\/v2\/types\/post"}],"author":[{"embeddable":true,"href":"https:\/\/francois-pelletant.fr\/blog\/wp-json\/wp\/v2\/users\/1"}],"replies":[{"embeddable":true,"href":"https:\/\/francois-pelletant.fr\/blog\/wp-json\/wp\/v2\/comments?post=6057"}],"version-history":[{"count":0,"href":"https:\/\/francois-pelletant.fr\/blog\/wp-json\/wp\/v2\/posts\/6057\/revisions"}],"wp:featuredmedia":[{"embeddable":true,"href":"https:\/\/francois-pelletant.fr\/blog\/wp-json\/wp\/v2\/media\/5091"}],"wp:attachment":[{"href":"https:\/\/francois-pelletant.fr\/blog\/wp-json\/wp\/v2\/media?parent=6057"}],"wp:term":[{"taxonomy":"category","embeddable":true,"href":"https:\/\/francois-pelletant.fr\/blog\/wp-json\/wp\/v2\/categories?post=6057"},{"taxonomy":"post_tag","embeddable":true,"href":"https:\/\/francois-pelletant.fr\/blog\/wp-json\/wp\/v2\/tags?post=6057"}],"curies":[{"name":"wp","href":"https:\/\/api.w.org\/{rel}","templated":true}]}}