{"id":6073,"date":"2015-02-25T11:29:17","date_gmt":"2015-02-25T09:29:17","guid":{"rendered":"https:\/\/francois-pelletant.fr\/blog\/?p=5165"},"modified":"2015-02-25T11:29:17","modified_gmt":"2015-02-25T09:29:17","slug":"un-gars-une-fille-cest-nous","status":"publish","type":"post","link":"https:\/\/francois-pelletant.fr\/blog\/un-gars-une-fille-cest-nous\/","title":{"rendered":"Un gars, une fille&#8230; C&#039;est nous !"},"content":{"rendered":"<p><span style=\"color: #000000;\"><a href=\"https:\/\/francois-pelletant.fr\/blog\/wp-content\/uploads\/2015\/02\/panneau-affiche-1-web.jpg\"><img loading=\"lazy\" decoding=\"async\" class=\"alignleft size-medium wp-image-5166\" title=\"panneau affiche 1 web\" src=\"https:\/\/francois-pelletant.fr\/blog\/wp-content\/uploads\/2015\/02\/panneau-affiche-1-web-253x300.jpg\" alt=\"\" width=\"253\" height=\"300\" \/><\/a>Merci merci, je sais elles sont g\u00e9niales nos affiches !!! C&#8217;est Val\u00e9rie Tran qui a choisi le code couleur rose et bleu, afin d&#8217;illustrer la particularit\u00e9 de ce nouveau mode de scrutin auquel vous aurez \u00e0 faire les 22 et 29 mars prochains.<\/span><\/p>\n<p><span style=\"color: #000000;\">Ce sera la grande innovation de cette campagne et une premi\u00e8re en France. Vous ne d\u00e9signerez pas un ou une D\u00e9put\u00e9(e), un ou une Maire&#8230; \u00a0Mais deux Conseillers D\u00e9partementaux, un homme et une femme en m\u00eame temps.<\/span><\/p>\n<p><span style=\"color: #000000;\">C&#8217;est le seul moyen qu&#8217;ont trouv\u00e9 les pouvoir publics pour faire\u00a0appliquer\u00a0enfin la parit\u00e9 homme-femme dans les assembl\u00e9es \u00e9lues. Jusqu&#8217;\u00e0 pr\u00e9sent, les partis politiques n&#8217;avaient jamais respect\u00e9 cette r\u00e8gle.\u00a0Par cons\u00e9quent,\u00a0les cantonS qui comptaient 30 000 habitants auparavant pour un seul Conseiller G\u00e9n\u00e9ral ont doubl\u00e9 de taille.\u00a0Pour nous c&#8217;est le canton de Linas-Longjumeau, constitu\u00e9 des communes de Ballainvilliers, Champlan, Epinay-sur-Orge, La Ville du Bois, Linas, Longjumeau, Montlh\u00e9ry et Saulx-les-Chartreux.<\/span><\/p>\n","protected":false},"excerpt":{"rendered":"<p>Merci merci, je sais elles sont g\u00e9niales nos affiches !!! C&#8217;est Val\u00e9rie Tran qui a choisi le code couleur rose et bleu, afin d&#8217;illustrer la particularit\u00e9 de ce nouveau mode de scrutin auquel vous aurez \u00e0 faire les 22 et 29 mars prochains. Ce sera la grande innovation de cette campagne et une premi\u00e8re en [&hellip;]<\/p>\n","protected":false},"author":1,"featured_media":0,"comment_status":"open","ping_status":"open","sticky":false,"template":"","format":"standard","meta":{"footnotes":""},"categories":[21],"tags":[],"class_list":["post-6073","post","type-post","status-publish","format-standard","hentry","category-territoriales-2015"],"yoast_head":"<!-- This site is optimized with the Yoast SEO plugin v25.6 - https:\/\/yoast.com\/wordpress\/plugins\/seo\/ -->\n<title>Un gars, une fille... C&#039;est nous ! - Fran\u00e7ois Pelletant<\/title>\n<meta name=\"robots\" content=\"index, follow, max-snippet:-1, max-image-preview:large, max-video-preview:-1\" \/>\n<link rel=\"canonical\" href=\"https:\/\/francois-pelletant.fr\/blog\/un-gars-une-fille-cest-nous\/\" \/>\n<meta property=\"og:locale\" content=\"fr_FR\" \/>\n<meta property=\"og:type\" content=\"article\" \/>\n<meta property=\"og:title\" content=\"Un gars, une fille... C&#039;est nous ! - Fran\u00e7ois Pelletant\" \/>\n<meta property=\"og:description\" content=\"Merci merci, je sais elles sont g\u00e9niales nos affiches !!! C&#8217;est Val\u00e9rie Tran qui a choisi le code couleur rose et bleu, afin d&#8217;illustrer la particularit\u00e9 de ce nouveau mode de scrutin auquel vous aurez \u00e0 faire les 22 et 29 mars prochains. Ce sera la grande innovation de cette campagne et une premi\u00e8re en [&hellip;]\" \/>\n<meta property=\"og:url\" content=\"https:\/\/francois-pelletant.fr\/blog\/un-gars-une-fille-cest-nous\/\" \/>\n<meta property=\"og:site_name\" content=\"Fran\u00e7ois Pelletant\" \/>\n<meta property=\"article:publisher\" content=\"https:\/\/www.facebook.com\/francois.pelletant.7\" \/>\n<meta property=\"article:published_time\" content=\"2015-02-25T09:29:17+00:00\" \/>\n<meta property=\"og:image\" content=\"https:\/\/francois-pelletant.fr\/blog\/wp-content\/uploads\/2015\/02\/panneau-affiche-1-web1.jpg\" \/>\n\t<meta property=\"og:image:width\" content=\"425\" \/>\n\t<meta property=\"og:image:height\" content=\"502\" \/>\n\t<meta property=\"og:image:type\" content=\"image\/jpeg\" \/>\n<meta name=\"author\" content=\"Francois\" \/>\n<meta name=\"twitter:card\" content=\"summary_large_image\" \/>\n<meta name=\"twitter:creator\" content=\"@pelletant\" \/>\n<meta name=\"twitter:site\" content=\"@pelletant\" \/>\n<meta name=\"twitter:label1\" content=\"\u00c9crit par\" \/>\n\t<meta name=\"twitter:data1\" content=\"Francois\" \/>\n\t<meta name=\"twitter:label2\" content=\"Dur\u00e9e de lecture estim\u00e9e\" \/>\n\t<meta name=\"twitter:data2\" content=\"1 minute\" \/>\n<script type=\"application\/ld+json\" class=\"yoast-schema-graph\">{\"@context\":\"https:\/\/schema.org\",\"@graph\":[{\"@type\":\"Article\",\"@id\":\"https:\/\/francois-pelletant.fr\/blog\/un-gars-une-fille-cest-nous\/#article\",\"isPartOf\":{\"@id\":\"https:\/\/francois-pelletant.fr\/blog\/un-gars-une-fille-cest-nous\/\"},\"author\":{\"name\":\"Francois\",\"@id\":\"https:\/\/francois-pelletant.fr\/blog\/#\/schema\/person\/2be41acb171dff8f31aaed1f40cee9f3\"},\"headline\":\"Un gars, une fille&#8230; C&#039;est nous !\",\"datePublished\":\"2015-02-25T09:29:17+00:00\",\"mainEntityOfPage\":{\"@id\":\"https:\/\/francois-pelletant.fr\/blog\/un-gars-une-fille-cest-nous\/\"},\"wordCount\":174,\"commentCount\":4,\"publisher\":{\"@id\":\"https:\/\/francois-pelletant.fr\/blog\/#organization\"},\"image\":{\"@id\":\"https:\/\/francois-pelletant.fr\/blog\/un-gars-une-fille-cest-nous\/#primaryimage\"},\"thumbnailUrl\":\"https:\/\/francois-pelletant.fr\/blog\/wp-content\/uploads\/2015\/02\/panneau-affiche-1-web-253x300.jpg\",\"articleSection\":[\"Territoriales 2015\"],\"inLanguage\":\"fr-FR\",\"potentialAction\":[{\"@type\":\"CommentAction\",\"name\":\"Comment\",\"target\":[\"https:\/\/francois-pelletant.fr\/blog\/un-gars-une-fille-cest-nous\/#respond\"]}]},{\"@type\":\"WebPage\",\"@id\":\"https:\/\/francois-pelletant.fr\/blog\/un-gars-une-fille-cest-nous\/\",\"url\":\"https:\/\/francois-pelletant.fr\/blog\/un-gars-une-fille-cest-nous\/\",\"name\":\"Un gars, une fille... C&#039;est nous ! - Fran\u00e7ois Pelletant\",\"isPartOf\":{\"@id\":\"https:\/\/francois-pelletant.fr\/blog\/#website\"},\"primaryImageOfPage\":{\"@id\":\"https:\/\/francois-pelletant.fr\/blog\/un-gars-une-fille-cest-nous\/#primaryimage\"},\"image\":{\"@id\":\"https:\/\/francois-pelletant.fr\/blog\/un-gars-une-fille-cest-nous\/#primaryimage\"},\"thumbnailUrl\":\"https:\/\/francois-pelletant.fr\/blog\/wp-content\/uploads\/2015\/02\/panneau-affiche-1-web-253x300.jpg\",\"datePublished\":\"2015-02-25T09:29:17+00:00\",\"breadcrumb\":{\"@id\":\"https:\/\/francois-pelletant.fr\/blog\/un-gars-une-fille-cest-nous\/#breadcrumb\"},\"inLanguage\":\"fr-FR\",\"potentialAction\":[{\"@type\":\"ReadAction\",\"target\":[\"https:\/\/francois-pelletant.fr\/blog\/un-gars-une-fille-cest-nous\/\"]}]},{\"@type\":\"ImageObject\",\"inLanguage\":\"fr-FR\",\"@id\":\"https:\/\/francois-pelletant.fr\/blog\/un-gars-une-fille-cest-nous\/#primaryimage\",\"url\":\"https:\/\/francois-pelletant.fr\/blog\/wp-content\/uploads\/2015\/02\/panneau-affiche-1-web-253x300.jpg\",\"contentUrl\":\"https:\/\/francois-pelletant.fr\/blog\/wp-content\/uploads\/2015\/02\/panneau-affiche-1-web-253x300.jpg\"},{\"@type\":\"BreadcrumbList\",\"@id\":\"https:\/\/francois-pelletant.fr\/blog\/un-gars-une-fille-cest-nous\/#breadcrumb\",\"itemListElement\":[{\"@type\":\"ListItem\",\"position\":1,\"name\":\"Accueil\",\"item\":\"https:\/\/francois-pelletant.fr\/blog\/\"},{\"@type\":\"ListItem\",\"position\":2,\"name\":\"Un gars, une fille&#8230; C&#039;est nous !\"}]},{\"@type\":\"WebSite\",\"@id\":\"https:\/\/francois-pelletant.fr\/blog\/#website\",\"url\":\"https:\/\/francois-pelletant.fr\/blog\/\",\"name\":\"Fran\u00e7ois Pelletant\",\"description\":\"Maire de Linas, pour toujours.\",\"publisher\":{\"@id\":\"https:\/\/francois-pelletant.fr\/blog\/#organization\"},\"potentialAction\":[{\"@type\":\"SearchAction\",\"target\":{\"@type\":\"EntryPoint\",\"urlTemplate\":\"https:\/\/francois-pelletant.fr\/blog\/?s={search_term_string}\"},\"query-input\":{\"@type\":\"PropertyValueSpecification\",\"valueRequired\":true,\"valueName\":\"search_term_string\"}}],\"inLanguage\":\"fr-FR\"},{\"@type\":\"Organization\",\"@id\":\"https:\/\/francois-pelletant.fr\/blog\/#organization\",\"name\":\"Fran\u00e7ois Pelletant\",\"url\":\"https:\/\/francois-pelletant.fr\/blog\/\",\"logo\":{\"@type\":\"ImageObject\",\"inLanguage\":\"fr-FR\",\"@id\":\"https:\/\/francois-pelletant.fr\/blog\/#\/schema\/logo\/image\/\",\"url\":\"https:\/\/francois-pelletant.fr\/blog\/wp-content\/uploads\/2024\/07\/icone-francois-centre-500p.png\",\"contentUrl\":\"https:\/\/francois-pelletant.fr\/blog\/wp-content\/uploads\/2024\/07\/icone-francois-centre-500p.png\",\"width\":559,\"height\":447,\"caption\":\"Fran\u00e7ois Pelletant\"},\"image\":{\"@id\":\"https:\/\/francois-pelletant.fr\/blog\/#\/schema\/logo\/image\/\"},\"sameAs\":[\"https:\/\/www.facebook.com\/francois.pelletant.7\",\"https:\/\/x.com\/pelletant\"]},{\"@type\":\"Person\",\"@id\":\"https:\/\/francois-pelletant.fr\/blog\/#\/schema\/person\/2be41acb171dff8f31aaed1f40cee9f3\",\"name\":\"Francois\"}]}<\/script>\n<!-- \/ Yoast SEO plugin. -->","yoast_head_json":{"title":"Un gars, une fille... C&#039;est nous ! - Fran\u00e7ois Pelletant","robots":{"index":"index","follow":"follow","max-snippet":"max-snippet:-1","max-image-preview":"max-image-preview:large","max-video-preview":"max-video-preview:-1"},"canonical":"https:\/\/francois-pelletant.fr\/blog\/un-gars-une-fille-cest-nous\/","og_locale":"fr_FR","og_type":"article","og_title":"Un gars, une fille... C&#039;est nous ! - Fran\u00e7ois Pelletant","og_description":"Merci merci, je sais elles sont g\u00e9niales nos affiches !!! C&#8217;est Val\u00e9rie Tran qui a choisi le code couleur rose et bleu, afin d&#8217;illustrer la particularit\u00e9 de ce nouveau mode de scrutin auquel vous aurez \u00e0 faire les 22 et 29 mars prochains. Ce sera la grande innovation de cette campagne et une premi\u00e8re en [&hellip;]","og_url":"https:\/\/francois-pelletant.fr\/blog\/un-gars-une-fille-cest-nous\/","og_site_name":"Fran\u00e7ois Pelletant","article_publisher":"https:\/\/www.facebook.com\/francois.pelletant.7","article_published_time":"2015-02-25T09:29:17+00:00","og_image":[{"width":425,"height":502,"url":"https:\/\/francois-pelletant.fr\/blog\/wp-content\/uploads\/2015\/02\/panneau-affiche-1-web1.jpg","type":"image\/jpeg"}],"author":"Francois","twitter_card":"summary_large_image","twitter_creator":"@pelletant","twitter_site":"@pelletant","twitter_misc":{"\u00c9crit par":"Francois","Dur\u00e9e de lecture estim\u00e9e":"1 minute"},"schema":{"@context":"https:\/\/schema.org","@graph":[{"@type":"Article","@id":"https:\/\/francois-pelletant.fr\/blog\/un-gars-une-fille-cest-nous\/#article","isPartOf":{"@id":"https:\/\/francois-pelletant.fr\/blog\/un-gars-une-fille-cest-nous\/"},"author":{"name":"Francois","@id":"https:\/\/francois-pelletant.fr\/blog\/#\/schema\/person\/2be41acb171dff8f31aaed1f40cee9f3"},"headline":"Un gars, une fille&#8230; C&#039;est nous !","datePublished":"2015-02-25T09:29:17+00:00","mainEntityOfPage":{"@id":"https:\/\/francois-pelletant.fr\/blog\/un-gars-une-fille-cest-nous\/"},"wordCount":174,"commentCount":4,"publisher":{"@id":"https:\/\/francois-pelletant.fr\/blog\/#organization"},"image":{"@id":"https:\/\/francois-pelletant.fr\/blog\/un-gars-une-fille-cest-nous\/#primaryimage"},"thumbnailUrl":"https:\/\/francois-pelletant.fr\/blog\/wp-content\/uploads\/2015\/02\/panneau-affiche-1-web-253x300.jpg","articleSection":["Territoriales 2015"],"inLanguage":"fr-FR","potentialAction":[{"@type":"CommentAction","name":"Comment","target":["https:\/\/francois-pelletant.fr\/blog\/un-gars-une-fille-cest-nous\/#respond"]}]},{"@type":"WebPage","@id":"https:\/\/francois-pelletant.fr\/blog\/un-gars-une-fille-cest-nous\/","url":"https:\/\/francois-pelletant.fr\/blog\/un-gars-une-fille-cest-nous\/","name":"Un gars, une fille... C&#039;est nous ! - Fran\u00e7ois Pelletant","isPartOf":{"@id":"https:\/\/francois-pelletant.fr\/blog\/#website"},"primaryImageOfPage":{"@id":"https:\/\/francois-pelletant.fr\/blog\/un-gars-une-fille-cest-nous\/#primaryimage"},"image":{"@id":"https:\/\/francois-pelletant.fr\/blog\/un-gars-une-fille-cest-nous\/#primaryimage"},"thumbnailUrl":"https:\/\/francois-pelletant.fr\/blog\/wp-content\/uploads\/2015\/02\/panneau-affiche-1-web-253x300.jpg","datePublished":"2015-02-25T09:29:17+00:00","breadcrumb":{"@id":"https:\/\/francois-pelletant.fr\/blog\/un-gars-une-fille-cest-nous\/#breadcrumb"},"inLanguage":"fr-FR","potentialAction":[{"@type":"ReadAction","target":["https:\/\/francois-pelletant.fr\/blog\/un-gars-une-fille-cest-nous\/"]}]},{"@type":"ImageObject","inLanguage":"fr-FR","@id":"https:\/\/francois-pelletant.fr\/blog\/un-gars-une-fille-cest-nous\/#primaryimage","url":"https:\/\/francois-pelletant.fr\/blog\/wp-content\/uploads\/2015\/02\/panneau-affiche-1-web-253x300.jpg","contentUrl":"https:\/\/francois-pelletant.fr\/blog\/wp-content\/uploads\/2015\/02\/panneau-affiche-1-web-253x300.jpg"},{"@type":"BreadcrumbList","@id":"https:\/\/francois-pelletant.fr\/blog\/un-gars-une-fille-cest-nous\/#breadcrumb","itemListElement":[{"@type":"ListItem","position":1,"name":"Accueil","item":"https:\/\/francois-pelletant.fr\/blog\/"},{"@type":"ListItem","position":2,"name":"Un gars, une fille&#8230; C&#039;est nous !"}]},{"@type":"WebSite","@id":"https:\/\/francois-pelletant.fr\/blog\/#website","url":"https:\/\/francois-pelletant.fr\/blog\/","name":"Fran\u00e7ois Pelletant","description":"Maire de Linas, pour toujours.","publisher":{"@id":"https:\/\/francois-pelletant.fr\/blog\/#organization"},"potentialAction":[{"@type":"SearchAction","target":{"@type":"EntryPoint","urlTemplate":"https:\/\/francois-pelletant.fr\/blog\/?s={search_term_string}"},"query-input":{"@type":"PropertyValueSpecification","valueRequired":true,"valueName":"search_term_string"}}],"inLanguage":"fr-FR"},{"@type":"Organization","@id":"https:\/\/francois-pelletant.fr\/blog\/#organization","name":"Fran\u00e7ois Pelletant","url":"https:\/\/francois-pelletant.fr\/blog\/","logo":{"@type":"ImageObject","inLanguage":"fr-FR","@id":"https:\/\/francois-pelletant.fr\/blog\/#\/schema\/logo\/image\/","url":"https:\/\/francois-pelletant.fr\/blog\/wp-content\/uploads\/2024\/07\/icone-francois-centre-500p.png","contentUrl":"https:\/\/francois-pelletant.fr\/blog\/wp-content\/uploads\/2024\/07\/icone-francois-centre-500p.png","width":559,"height":447,"caption":"Fran\u00e7ois Pelletant"},"image":{"@id":"https:\/\/francois-pelletant.fr\/blog\/#\/schema\/logo\/image\/"},"sameAs":["https:\/\/www.facebook.com\/francois.pelletant.7","https:\/\/x.com\/pelletant"]},{"@type":"Person","@id":"https:\/\/francois-pelletant.fr\/blog\/#\/schema\/person\/2be41acb171dff8f31aaed1f40cee9f3","name":"Francois"}]}},"_links":{"self":[{"href":"https:\/\/francois-pelletant.fr\/blog\/wp-json\/wp\/v2\/posts\/6073","targetHints":{"allow":["GET"]}}],"collection":[{"href":"https:\/\/francois-pelletant.fr\/blog\/wp-json\/wp\/v2\/posts"}],"about":[{"href":"https:\/\/francois-pelletant.fr\/blog\/wp-json\/wp\/v2\/types\/post"}],"author":[{"embeddable":true,"href":"https:\/\/francois-pelletant.fr\/blog\/wp-json\/wp\/v2\/users\/1"}],"replies":[{"embeddable":true,"href":"https:\/\/francois-pelletant.fr\/blog\/wp-json\/wp\/v2\/comments?post=6073"}],"version-history":[{"count":0,"href":"https:\/\/francois-pelletant.fr\/blog\/wp-json\/wp\/v2\/posts\/6073\/revisions"}],"wp:attachment":[{"href":"https:\/\/francois-pelletant.fr\/blog\/wp-json\/wp\/v2\/media?parent=6073"}],"wp:term":[{"taxonomy":"category","embeddable":true,"href":"https:\/\/francois-pelletant.fr\/blog\/wp-json\/wp\/v2\/categories?post=6073"},{"taxonomy":"post_tag","embeddable":true,"href":"https:\/\/francois-pelletant.fr\/blog\/wp-json\/wp\/v2\/tags?post=6073"}],"curies":[{"name":"wp","href":"https:\/\/api.w.org\/{rel}","templated":true}]}}