{"id":6078,"date":"2015-03-03T18:24:54","date_gmt":"2015-03-03T16:24:54","guid":{"rendered":"https:\/\/francois-pelletant.fr\/blog\/?p=5189"},"modified":"2015-03-03T18:24:54","modified_gmt":"2015-03-03T16:24:54","slug":"tous-au-bineau-samedi","status":"publish","type":"post","link":"https:\/\/francois-pelletant.fr\/blog\/tous-au-bineau-samedi\/","title":{"rendered":"Tous au Bineau samedi !"},"content":{"rendered":"<p><a href=\"https:\/\/francois-pelletant.fr\/blog\/wp-content\/uploads\/2015\/03\/Bineau-2013-113.jpg\"><img loading=\"lazy\" decoding=\"async\" class=\"alignleft size-medium wp-image-5191\" title=\"Bineau 2013 (113)\" src=\"https:\/\/francois-pelletant.fr\/blog\/wp-content\/uploads\/2015\/03\/Bineau-2013-113-300x225.jpg\" alt=\"\" width=\"300\" height=\"225\" \/><\/a>Samedi 7 mars 2015, enfants et parents sont attendus d\u00e9guis\u00e9s dans le Parc de la Source pour le traditionnel Carnaval de Bineau \u00e0 Linas. Mais au fait, Bineau qu\u2019est-ce que c\u2019est\u00a0?<\/p>\n<p>Il existe en r\u00e9alit\u00e9 deux versions. La premi\u00e8re, la plus ancienne, veut que le carnaval se r\u00e9f\u00e8re \u00e0 une tr\u00e8s ancienne coutume qui veut que le sieur Bineau f\u00fbt, d&#8217;apr\u00e8s la l\u00e9gende du Moyen Age, un triste personnage qui avait d\u00e9plu au seigneur local, et ce dernier, m\u00e9content, le fit juger et br\u00fbler sur la place du march\u00e9 \u00e0 Arpajon. Ainsi depuis des si\u00e8cles, le souvenir de cet \u00e9pisode fut concr\u00e9tis\u00e9 le jour du mardi gras qui se terminent toujours par le jugement et l&#8217;ex\u00e9cution du sieur Bineau.\u00a0La seconde version, plus r\u00e9cente, fait r\u00e9f\u00e9rence \u00e0 un d\u00e9nomm\u00e9 Jean-Martial Bineau (1805-1855) qui, en tant que Ministre des Finances de Napol\u00e9on III, prit des d\u00e9cisions impopulaires, ce qui lui attira de nombreuses railleries.<\/p>\n<p>Que ce soit l\u2019une ou l\u2019autre histoire, Bineau sera br\u00fbl\u00e9 comme il se doit sur la place publique du Parc de la Source le 7 mars aux alentours de 18h00\u00a0!<\/p>\n","protected":false},"excerpt":{"rendered":"<p>Samedi 7 mars 2015, enfants et parents sont attendus d\u00e9guis\u00e9s dans le Parc de la Source pour le traditionnel Carnaval de Bineau \u00e0 Linas. Mais au fait, Bineau qu\u2019est-ce que c\u2019est\u00a0? Il existe en r\u00e9alit\u00e9 deux versions. La premi\u00e8re, la plus ancienne, veut que le carnaval se r\u00e9f\u00e8re \u00e0 une tr\u00e8s ancienne coutume qui veut [&hellip;]<\/p>\n","protected":false},"author":1,"featured_media":5193,"comment_status":"open","ping_status":"open","sticky":false,"template":"","format":"standard","meta":{"footnotes":""},"categories":[10],"tags":[],"class_list":["post-6078","post","type-post","status-publish","format-standard","has-post-thumbnail","hentry","category-1pelletant"],"yoast_head":"<!-- This site is optimized with the Yoast SEO plugin v25.6 - https:\/\/yoast.com\/wordpress\/plugins\/seo\/ -->\n<title>Tous au Bineau samedi ! - Fran\u00e7ois Pelletant<\/title>\n<meta name=\"robots\" content=\"index, follow, max-snippet:-1, max-image-preview:large, max-video-preview:-1\" \/>\n<link rel=\"canonical\" href=\"https:\/\/francois-pelletant.fr\/blog\/tous-au-bineau-samedi\/\" \/>\n<meta property=\"og:locale\" content=\"fr_FR\" \/>\n<meta property=\"og:type\" content=\"article\" \/>\n<meta property=\"og:title\" content=\"Tous au Bineau samedi ! - Fran\u00e7ois Pelletant\" \/>\n<meta property=\"og:description\" content=\"Samedi 7 mars 2015, enfants et parents sont attendus d\u00e9guis\u00e9s dans le Parc de la Source pour le traditionnel Carnaval de Bineau \u00e0 Linas. Mais au fait, Bineau qu\u2019est-ce que c\u2019est\u00a0? Il existe en r\u00e9alit\u00e9 deux versions. La premi\u00e8re, la plus ancienne, veut que le carnaval se r\u00e9f\u00e8re \u00e0 une tr\u00e8s ancienne coutume qui veut [&hellip;]\" \/>\n<meta property=\"og:url\" content=\"https:\/\/francois-pelletant.fr\/blog\/tous-au-bineau-samedi\/\" \/>\n<meta property=\"og:site_name\" content=\"Fran\u00e7ois Pelletant\" \/>\n<meta property=\"article:publisher\" content=\"https:\/\/www.facebook.com\/francois.pelletant.7\" \/>\n<meta property=\"article:published_time\" content=\"2015-03-03T16:24:54+00:00\" \/>\n<meta property=\"og:image\" content=\"https:\/\/francois-pelletant.fr\/blog\/wp-content\/uploads\/2015\/03\/Bineau-2013-113-scaled.jpg\" \/>\n\t<meta property=\"og:image:width\" content=\"2560\" \/>\n\t<meta property=\"og:image:height\" content=\"1920\" \/>\n\t<meta property=\"og:image:type\" content=\"image\/jpeg\" \/>\n<meta name=\"author\" content=\"Francois\" \/>\n<meta name=\"twitter:card\" content=\"summary_large_image\" \/>\n<meta name=\"twitter:creator\" content=\"@pelletant\" \/>\n<meta name=\"twitter:site\" content=\"@pelletant\" \/>\n<meta name=\"twitter:label1\" content=\"\u00c9crit par\" \/>\n\t<meta name=\"twitter:data1\" content=\"Francois\" \/>\n\t<meta name=\"twitter:label2\" content=\"Dur\u00e9e de lecture estim\u00e9e\" \/>\n\t<meta name=\"twitter:data2\" content=\"1 minute\" \/>\n<script type=\"application\/ld+json\" class=\"yoast-schema-graph\">{\"@context\":\"https:\/\/schema.org\",\"@graph\":[{\"@type\":\"Article\",\"@id\":\"https:\/\/francois-pelletant.fr\/blog\/tous-au-bineau-samedi\/#article\",\"isPartOf\":{\"@id\":\"https:\/\/francois-pelletant.fr\/blog\/tous-au-bineau-samedi\/\"},\"author\":{\"name\":\"Francois\",\"@id\":\"https:\/\/francois-pelletant.fr\/blog\/#\/schema\/person\/2be41acb171dff8f31aaed1f40cee9f3\"},\"headline\":\"Tous au Bineau samedi !\",\"datePublished\":\"2015-03-03T16:24:54+00:00\",\"mainEntityOfPage\":{\"@id\":\"https:\/\/francois-pelletant.fr\/blog\/tous-au-bineau-samedi\/\"},\"wordCount\":209,\"commentCount\":0,\"publisher\":{\"@id\":\"https:\/\/francois-pelletant.fr\/blog\/#organization\"},\"image\":{\"@id\":\"https:\/\/francois-pelletant.fr\/blog\/tous-au-bineau-samedi\/#primaryimage\"},\"thumbnailUrl\":\"https:\/\/francois-pelletant.fr\/blog\/wp-content\/uploads\/2015\/03\/Bineau-2013-113-scaled.jpg\",\"articleSection\":[\"Infos\"],\"inLanguage\":\"fr-FR\",\"potentialAction\":[{\"@type\":\"CommentAction\",\"name\":\"Comment\",\"target\":[\"https:\/\/francois-pelletant.fr\/blog\/tous-au-bineau-samedi\/#respond\"]}]},{\"@type\":\"WebPage\",\"@id\":\"https:\/\/francois-pelletant.fr\/blog\/tous-au-bineau-samedi\/\",\"url\":\"https:\/\/francois-pelletant.fr\/blog\/tous-au-bineau-samedi\/\",\"name\":\"Tous au Bineau samedi ! - Fran\u00e7ois Pelletant\",\"isPartOf\":{\"@id\":\"https:\/\/francois-pelletant.fr\/blog\/#website\"},\"primaryImageOfPage\":{\"@id\":\"https:\/\/francois-pelletant.fr\/blog\/tous-au-bineau-samedi\/#primaryimage\"},\"image\":{\"@id\":\"https:\/\/francois-pelletant.fr\/blog\/tous-au-bineau-samedi\/#primaryimage\"},\"thumbnailUrl\":\"https:\/\/francois-pelletant.fr\/blog\/wp-content\/uploads\/2015\/03\/Bineau-2013-113-scaled.jpg\",\"datePublished\":\"2015-03-03T16:24:54+00:00\",\"breadcrumb\":{\"@id\":\"https:\/\/francois-pelletant.fr\/blog\/tous-au-bineau-samedi\/#breadcrumb\"},\"inLanguage\":\"fr-FR\",\"potentialAction\":[{\"@type\":\"ReadAction\",\"target\":[\"https:\/\/francois-pelletant.fr\/blog\/tous-au-bineau-samedi\/\"]}]},{\"@type\":\"ImageObject\",\"inLanguage\":\"fr-FR\",\"@id\":\"https:\/\/francois-pelletant.fr\/blog\/tous-au-bineau-samedi\/#primaryimage\",\"url\":\"https:\/\/francois-pelletant.fr\/blog\/wp-content\/uploads\/2015\/03\/Bineau-2013-113-scaled.jpg\",\"contentUrl\":\"https:\/\/francois-pelletant.fr\/blog\/wp-content\/uploads\/2015\/03\/Bineau-2013-113-scaled.jpg\",\"width\":2560,\"height\":1920},{\"@type\":\"BreadcrumbList\",\"@id\":\"https:\/\/francois-pelletant.fr\/blog\/tous-au-bineau-samedi\/#breadcrumb\",\"itemListElement\":[{\"@type\":\"ListItem\",\"position\":1,\"name\":\"Accueil\",\"item\":\"https:\/\/francois-pelletant.fr\/blog\/\"},{\"@type\":\"ListItem\",\"position\":2,\"name\":\"Tous au Bineau samedi !\"}]},{\"@type\":\"WebSite\",\"@id\":\"https:\/\/francois-pelletant.fr\/blog\/#website\",\"url\":\"https:\/\/francois-pelletant.fr\/blog\/\",\"name\":\"Fran\u00e7ois Pelletant\",\"description\":\"Maire de Linas, pour toujours.\",\"publisher\":{\"@id\":\"https:\/\/francois-pelletant.fr\/blog\/#organization\"},\"potentialAction\":[{\"@type\":\"SearchAction\",\"target\":{\"@type\":\"EntryPoint\",\"urlTemplate\":\"https:\/\/francois-pelletant.fr\/blog\/?s={search_term_string}\"},\"query-input\":{\"@type\":\"PropertyValueSpecification\",\"valueRequired\":true,\"valueName\":\"search_term_string\"}}],\"inLanguage\":\"fr-FR\"},{\"@type\":\"Organization\",\"@id\":\"https:\/\/francois-pelletant.fr\/blog\/#organization\",\"name\":\"Fran\u00e7ois Pelletant\",\"url\":\"https:\/\/francois-pelletant.fr\/blog\/\",\"logo\":{\"@type\":\"ImageObject\",\"inLanguage\":\"fr-FR\",\"@id\":\"https:\/\/francois-pelletant.fr\/blog\/#\/schema\/logo\/image\/\",\"url\":\"https:\/\/francois-pelletant.fr\/blog\/wp-content\/uploads\/2024\/07\/icone-francois-centre-500p.png\",\"contentUrl\":\"https:\/\/francois-pelletant.fr\/blog\/wp-content\/uploads\/2024\/07\/icone-francois-centre-500p.png\",\"width\":559,\"height\":447,\"caption\":\"Fran\u00e7ois Pelletant\"},\"image\":{\"@id\":\"https:\/\/francois-pelletant.fr\/blog\/#\/schema\/logo\/image\/\"},\"sameAs\":[\"https:\/\/www.facebook.com\/francois.pelletant.7\",\"https:\/\/x.com\/pelletant\"]},{\"@type\":\"Person\",\"@id\":\"https:\/\/francois-pelletant.fr\/blog\/#\/schema\/person\/2be41acb171dff8f31aaed1f40cee9f3\",\"name\":\"Francois\"}]}<\/script>\n<!-- \/ Yoast SEO plugin. -->","yoast_head_json":{"title":"Tous au Bineau samedi ! - Fran\u00e7ois Pelletant","robots":{"index":"index","follow":"follow","max-snippet":"max-snippet:-1","max-image-preview":"max-image-preview:large","max-video-preview":"max-video-preview:-1"},"canonical":"https:\/\/francois-pelletant.fr\/blog\/tous-au-bineau-samedi\/","og_locale":"fr_FR","og_type":"article","og_title":"Tous au Bineau samedi ! - Fran\u00e7ois Pelletant","og_description":"Samedi 7 mars 2015, enfants et parents sont attendus d\u00e9guis\u00e9s dans le Parc de la Source pour le traditionnel Carnaval de Bineau \u00e0 Linas. Mais au fait, Bineau qu\u2019est-ce que c\u2019est\u00a0? Il existe en r\u00e9alit\u00e9 deux versions. La premi\u00e8re, la plus ancienne, veut que le carnaval se r\u00e9f\u00e8re \u00e0 une tr\u00e8s ancienne coutume qui veut [&hellip;]","og_url":"https:\/\/francois-pelletant.fr\/blog\/tous-au-bineau-samedi\/","og_site_name":"Fran\u00e7ois Pelletant","article_publisher":"https:\/\/www.facebook.com\/francois.pelletant.7","article_published_time":"2015-03-03T16:24:54+00:00","og_image":[{"width":2560,"height":1920,"url":"https:\/\/francois-pelletant.fr\/blog\/wp-content\/uploads\/2015\/03\/Bineau-2013-113-scaled.jpg","type":"image\/jpeg"}],"author":"Francois","twitter_card":"summary_large_image","twitter_creator":"@pelletant","twitter_site":"@pelletant","twitter_misc":{"\u00c9crit par":"Francois","Dur\u00e9e de lecture estim\u00e9e":"1 minute"},"schema":{"@context":"https:\/\/schema.org","@graph":[{"@type":"Article","@id":"https:\/\/francois-pelletant.fr\/blog\/tous-au-bineau-samedi\/#article","isPartOf":{"@id":"https:\/\/francois-pelletant.fr\/blog\/tous-au-bineau-samedi\/"},"author":{"name":"Francois","@id":"https:\/\/francois-pelletant.fr\/blog\/#\/schema\/person\/2be41acb171dff8f31aaed1f40cee9f3"},"headline":"Tous au Bineau samedi !","datePublished":"2015-03-03T16:24:54+00:00","mainEntityOfPage":{"@id":"https:\/\/francois-pelletant.fr\/blog\/tous-au-bineau-samedi\/"},"wordCount":209,"commentCount":0,"publisher":{"@id":"https:\/\/francois-pelletant.fr\/blog\/#organization"},"image":{"@id":"https:\/\/francois-pelletant.fr\/blog\/tous-au-bineau-samedi\/#primaryimage"},"thumbnailUrl":"https:\/\/francois-pelletant.fr\/blog\/wp-content\/uploads\/2015\/03\/Bineau-2013-113-scaled.jpg","articleSection":["Infos"],"inLanguage":"fr-FR","potentialAction":[{"@type":"CommentAction","name":"Comment","target":["https:\/\/francois-pelletant.fr\/blog\/tous-au-bineau-samedi\/#respond"]}]},{"@type":"WebPage","@id":"https:\/\/francois-pelletant.fr\/blog\/tous-au-bineau-samedi\/","url":"https:\/\/francois-pelletant.fr\/blog\/tous-au-bineau-samedi\/","name":"Tous au Bineau samedi ! - Fran\u00e7ois Pelletant","isPartOf":{"@id":"https:\/\/francois-pelletant.fr\/blog\/#website"},"primaryImageOfPage":{"@id":"https:\/\/francois-pelletant.fr\/blog\/tous-au-bineau-samedi\/#primaryimage"},"image":{"@id":"https:\/\/francois-pelletant.fr\/blog\/tous-au-bineau-samedi\/#primaryimage"},"thumbnailUrl":"https:\/\/francois-pelletant.fr\/blog\/wp-content\/uploads\/2015\/03\/Bineau-2013-113-scaled.jpg","datePublished":"2015-03-03T16:24:54+00:00","breadcrumb":{"@id":"https:\/\/francois-pelletant.fr\/blog\/tous-au-bineau-samedi\/#breadcrumb"},"inLanguage":"fr-FR","potentialAction":[{"@type":"ReadAction","target":["https:\/\/francois-pelletant.fr\/blog\/tous-au-bineau-samedi\/"]}]},{"@type":"ImageObject","inLanguage":"fr-FR","@id":"https:\/\/francois-pelletant.fr\/blog\/tous-au-bineau-samedi\/#primaryimage","url":"https:\/\/francois-pelletant.fr\/blog\/wp-content\/uploads\/2015\/03\/Bineau-2013-113-scaled.jpg","contentUrl":"https:\/\/francois-pelletant.fr\/blog\/wp-content\/uploads\/2015\/03\/Bineau-2013-113-scaled.jpg","width":2560,"height":1920},{"@type":"BreadcrumbList","@id":"https:\/\/francois-pelletant.fr\/blog\/tous-au-bineau-samedi\/#breadcrumb","itemListElement":[{"@type":"ListItem","position":1,"name":"Accueil","item":"https:\/\/francois-pelletant.fr\/blog\/"},{"@type":"ListItem","position":2,"name":"Tous au Bineau samedi !"}]},{"@type":"WebSite","@id":"https:\/\/francois-pelletant.fr\/blog\/#website","url":"https:\/\/francois-pelletant.fr\/blog\/","name":"Fran\u00e7ois Pelletant","description":"Maire de Linas, pour toujours.","publisher":{"@id":"https:\/\/francois-pelletant.fr\/blog\/#organization"},"potentialAction":[{"@type":"SearchAction","target":{"@type":"EntryPoint","urlTemplate":"https:\/\/francois-pelletant.fr\/blog\/?s={search_term_string}"},"query-input":{"@type":"PropertyValueSpecification","valueRequired":true,"valueName":"search_term_string"}}],"inLanguage":"fr-FR"},{"@type":"Organization","@id":"https:\/\/francois-pelletant.fr\/blog\/#organization","name":"Fran\u00e7ois Pelletant","url":"https:\/\/francois-pelletant.fr\/blog\/","logo":{"@type":"ImageObject","inLanguage":"fr-FR","@id":"https:\/\/francois-pelletant.fr\/blog\/#\/schema\/logo\/image\/","url":"https:\/\/francois-pelletant.fr\/blog\/wp-content\/uploads\/2024\/07\/icone-francois-centre-500p.png","contentUrl":"https:\/\/francois-pelletant.fr\/blog\/wp-content\/uploads\/2024\/07\/icone-francois-centre-500p.png","width":559,"height":447,"caption":"Fran\u00e7ois Pelletant"},"image":{"@id":"https:\/\/francois-pelletant.fr\/blog\/#\/schema\/logo\/image\/"},"sameAs":["https:\/\/www.facebook.com\/francois.pelletant.7","https:\/\/x.com\/pelletant"]},{"@type":"Person","@id":"https:\/\/francois-pelletant.fr\/blog\/#\/schema\/person\/2be41acb171dff8f31aaed1f40cee9f3","name":"Francois"}]}},"_links":{"self":[{"href":"https:\/\/francois-pelletant.fr\/blog\/wp-json\/wp\/v2\/posts\/6078","targetHints":{"allow":["GET"]}}],"collection":[{"href":"https:\/\/francois-pelletant.fr\/blog\/wp-json\/wp\/v2\/posts"}],"about":[{"href":"https:\/\/francois-pelletant.fr\/blog\/wp-json\/wp\/v2\/types\/post"}],"author":[{"embeddable":true,"href":"https:\/\/francois-pelletant.fr\/blog\/wp-json\/wp\/v2\/users\/1"}],"replies":[{"embeddable":true,"href":"https:\/\/francois-pelletant.fr\/blog\/wp-json\/wp\/v2\/comments?post=6078"}],"version-history":[{"count":0,"href":"https:\/\/francois-pelletant.fr\/blog\/wp-json\/wp\/v2\/posts\/6078\/revisions"}],"wp:featuredmedia":[{"embeddable":true,"href":"https:\/\/francois-pelletant.fr\/blog\/wp-json\/wp\/v2\/media\/5193"}],"wp:attachment":[{"href":"https:\/\/francois-pelletant.fr\/blog\/wp-json\/wp\/v2\/media?parent=6078"}],"wp:term":[{"taxonomy":"category","embeddable":true,"href":"https:\/\/francois-pelletant.fr\/blog\/wp-json\/wp\/v2\/categories?post=6078"},{"taxonomy":"post_tag","embeddable":true,"href":"https:\/\/francois-pelletant.fr\/blog\/wp-json\/wp\/v2\/tags?post=6078"}],"curies":[{"name":"wp","href":"https:\/\/api.w.org\/{rel}","templated":true}]}}