{"id":6093,"date":"2015-05-11T10:53:05","date_gmt":"2015-05-11T08:53:05","guid":{"rendered":"https:\/\/francois-pelletant.fr\/blog\/?p=5416"},"modified":"2015-05-11T10:53:05","modified_gmt":"2015-05-11T08:53:05","slug":"permanence-mediavipp-a-linas","status":"publish","type":"post","link":"https:\/\/francois-pelletant.fr\/blog\/permanence-mediavipp-a-linas\/","title":{"rendered":"Permanence Mediavipp \u00e0 Linas"},"content":{"rendered":"<p>M\u00e9diavipp 91, association d\u00e9partementale d\u2019aide aux victimes, accueille toute personne qui s\u2019estime victime d\u2019une infraction p\u00e9nale (violences, viol, agression sexuelle, vol, etc.) ou d\u2019un accident de la circulation. L&#8217;association tiendra une permanence vendredi 15 mai 2015 \u00e0 Linas de 14h \u00e0 17h.<\/p>\n<p>L\u2019association propose <a href=\"https:\/\/francois-pelletant.fr\/blog\/wp-content\/uploads\/2015\/05\/logo-mediavipp.jpg\"><img loading=\"lazy\" decoding=\"async\" class=\"alignleft size-full wp-image-5417\" title=\"logo mediavipp\" src=\"https:\/\/francois-pelletant.fr\/blog\/wp-content\/uploads\/2015\/05\/logo-mediavipp.jpg\" alt=\"\" width=\"220\" height=\"108\" \/><\/a>aux victimes une \u00e9coute privil\u00e9gi\u00e9e, une information sur leurs droits, un accompagnement dans les d\u00e9marches, une orientation au besoin, ainsi qu\u2019une prise en charge psychologique. Conventionn\u00e9e par le Minist\u00e8re de la Justice, M\u00e9diavipp 91 entretien des relations privil\u00e9gi\u00e9es avec le Tribunal de Grande Instance (<em>TGI<\/em>) d\u2019Evry, le Parquet de l\u2019Essonne et le Barreau de l\u2019Essonne. M\u00e9diavipp 91 est pr\u00e9sente dans les commissariats de police, au Bureau d\u2019aide aux victimes du TGI d\u2019Evry, ainsi que dans les mairies et les centres sociaux. Les services sont gratuits et les professionnels (juristes, psychologues et travailleurs sociaux) qui re\u00e7oivent les victimes sont soumis au respect de la confidentialit\u00e9.<\/p>\n","protected":false},"excerpt":{"rendered":"<p>M\u00e9diavipp 91, association d\u00e9partementale d\u2019aide aux victimes, accueille toute personne qui s\u2019estime victime d\u2019une infraction p\u00e9nale (violences, viol, agression sexuelle, vol, etc.) ou d\u2019un accident de la circulation. L&#8217;association tiendra une permanence vendredi 15 mai 2015 \u00e0 Linas de 14h \u00e0 17h. L\u2019association propose aux victimes une \u00e9coute privil\u00e9gi\u00e9e, une information sur leurs droits, un [&hellip;]<\/p>\n","protected":false},"author":1,"featured_media":5419,"comment_status":"open","ping_status":"open","sticky":false,"template":"","format":"standard","meta":{"footnotes":""},"categories":[10],"tags":[],"class_list":["post-6093","post","type-post","status-publish","format-standard","has-post-thumbnail","hentry","category-1pelletant"],"yoast_head":"<!-- This site is optimized with the Yoast SEO plugin v25.6 - https:\/\/yoast.com\/wordpress\/plugins\/seo\/ -->\n<title>Permanence Mediavipp \u00e0 Linas - Fran\u00e7ois Pelletant<\/title>\n<meta name=\"robots\" content=\"index, follow, max-snippet:-1, max-image-preview:large, max-video-preview:-1\" \/>\n<link rel=\"canonical\" href=\"https:\/\/francois-pelletant.fr\/blog\/permanence-mediavipp-a-linas\/\" \/>\n<meta property=\"og:locale\" content=\"fr_FR\" \/>\n<meta property=\"og:type\" content=\"article\" \/>\n<meta property=\"og:title\" content=\"Permanence Mediavipp \u00e0 Linas - Fran\u00e7ois Pelletant\" \/>\n<meta property=\"og:description\" content=\"M\u00e9diavipp 91, association d\u00e9partementale d\u2019aide aux victimes, accueille toute personne qui s\u2019estime victime d\u2019une infraction p\u00e9nale (violences, viol, agression sexuelle, vol, etc.) ou d\u2019un accident de la circulation. L&#8217;association tiendra une permanence vendredi 15 mai 2015 \u00e0 Linas de 14h \u00e0 17h. L\u2019association propose aux victimes une \u00e9coute privil\u00e9gi\u00e9e, une information sur leurs droits, un [&hellip;]\" \/>\n<meta property=\"og:url\" content=\"https:\/\/francois-pelletant.fr\/blog\/permanence-mediavipp-a-linas\/\" \/>\n<meta property=\"og:site_name\" content=\"Fran\u00e7ois Pelletant\" \/>\n<meta property=\"article:publisher\" content=\"https:\/\/www.facebook.com\/francois.pelletant.7\" \/>\n<meta property=\"article:published_time\" content=\"2015-05-11T08:53:05+00:00\" \/>\n<meta property=\"og:image\" content=\"https:\/\/francois-pelletant.fr\/blog\/wp-content\/uploads\/2015\/05\/logo-mediavipp.jpg\" \/>\n\t<meta property=\"og:image:width\" content=\"220\" \/>\n\t<meta property=\"og:image:height\" content=\"108\" \/>\n\t<meta property=\"og:image:type\" content=\"image\/jpeg\" \/>\n<meta name=\"author\" content=\"Francois\" \/>\n<meta name=\"twitter:card\" content=\"summary_large_image\" \/>\n<meta name=\"twitter:creator\" content=\"@pelletant\" \/>\n<meta name=\"twitter:site\" content=\"@pelletant\" \/>\n<meta name=\"twitter:label1\" content=\"\u00c9crit par\" \/>\n\t<meta name=\"twitter:data1\" content=\"Francois\" \/>\n\t<meta name=\"twitter:label2\" content=\"Dur\u00e9e de lecture estim\u00e9e\" \/>\n\t<meta name=\"twitter:data2\" content=\"1 minute\" \/>\n<script type=\"application\/ld+json\" class=\"yoast-schema-graph\">{\"@context\":\"https:\/\/schema.org\",\"@graph\":[{\"@type\":\"Article\",\"@id\":\"https:\/\/francois-pelletant.fr\/blog\/permanence-mediavipp-a-linas\/#article\",\"isPartOf\":{\"@id\":\"https:\/\/francois-pelletant.fr\/blog\/permanence-mediavipp-a-linas\/\"},\"author\":{\"name\":\"Francois\",\"@id\":\"https:\/\/francois-pelletant.fr\/blog\/#\/schema\/person\/2be41acb171dff8f31aaed1f40cee9f3\"},\"headline\":\"Permanence Mediavipp \u00e0 Linas\",\"datePublished\":\"2015-05-11T08:53:05+00:00\",\"mainEntityOfPage\":{\"@id\":\"https:\/\/francois-pelletant.fr\/blog\/permanence-mediavipp-a-linas\/\"},\"wordCount\":170,\"commentCount\":0,\"publisher\":{\"@id\":\"https:\/\/francois-pelletant.fr\/blog\/#organization\"},\"image\":{\"@id\":\"https:\/\/francois-pelletant.fr\/blog\/permanence-mediavipp-a-linas\/#primaryimage\"},\"thumbnailUrl\":\"https:\/\/francois-pelletant.fr\/blog\/wp-content\/uploads\/2015\/05\/logo-mediavipp.jpg\",\"articleSection\":[\"Infos\"],\"inLanguage\":\"fr-FR\",\"potentialAction\":[{\"@type\":\"CommentAction\",\"name\":\"Comment\",\"target\":[\"https:\/\/francois-pelletant.fr\/blog\/permanence-mediavipp-a-linas\/#respond\"]}]},{\"@type\":\"WebPage\",\"@id\":\"https:\/\/francois-pelletant.fr\/blog\/permanence-mediavipp-a-linas\/\",\"url\":\"https:\/\/francois-pelletant.fr\/blog\/permanence-mediavipp-a-linas\/\",\"name\":\"Permanence Mediavipp \u00e0 Linas - Fran\u00e7ois Pelletant\",\"isPartOf\":{\"@id\":\"https:\/\/francois-pelletant.fr\/blog\/#website\"},\"primaryImageOfPage\":{\"@id\":\"https:\/\/francois-pelletant.fr\/blog\/permanence-mediavipp-a-linas\/#primaryimage\"},\"image\":{\"@id\":\"https:\/\/francois-pelletant.fr\/blog\/permanence-mediavipp-a-linas\/#primaryimage\"},\"thumbnailUrl\":\"https:\/\/francois-pelletant.fr\/blog\/wp-content\/uploads\/2015\/05\/logo-mediavipp.jpg\",\"datePublished\":\"2015-05-11T08:53:05+00:00\",\"breadcrumb\":{\"@id\":\"https:\/\/francois-pelletant.fr\/blog\/permanence-mediavipp-a-linas\/#breadcrumb\"},\"inLanguage\":\"fr-FR\",\"potentialAction\":[{\"@type\":\"ReadAction\",\"target\":[\"https:\/\/francois-pelletant.fr\/blog\/permanence-mediavipp-a-linas\/\"]}]},{\"@type\":\"ImageObject\",\"inLanguage\":\"fr-FR\",\"@id\":\"https:\/\/francois-pelletant.fr\/blog\/permanence-mediavipp-a-linas\/#primaryimage\",\"url\":\"https:\/\/francois-pelletant.fr\/blog\/wp-content\/uploads\/2015\/05\/logo-mediavipp.jpg\",\"contentUrl\":\"https:\/\/francois-pelletant.fr\/blog\/wp-content\/uploads\/2015\/05\/logo-mediavipp.jpg\",\"width\":220,\"height\":108},{\"@type\":\"BreadcrumbList\",\"@id\":\"https:\/\/francois-pelletant.fr\/blog\/permanence-mediavipp-a-linas\/#breadcrumb\",\"itemListElement\":[{\"@type\":\"ListItem\",\"position\":1,\"name\":\"Accueil\",\"item\":\"https:\/\/francois-pelletant.fr\/blog\/\"},{\"@type\":\"ListItem\",\"position\":2,\"name\":\"Permanence Mediavipp \u00e0 Linas\"}]},{\"@type\":\"WebSite\",\"@id\":\"https:\/\/francois-pelletant.fr\/blog\/#website\",\"url\":\"https:\/\/francois-pelletant.fr\/blog\/\",\"name\":\"Fran\u00e7ois Pelletant\",\"description\":\"Maire de Linas, pour toujours.\",\"publisher\":{\"@id\":\"https:\/\/francois-pelletant.fr\/blog\/#organization\"},\"potentialAction\":[{\"@type\":\"SearchAction\",\"target\":{\"@type\":\"EntryPoint\",\"urlTemplate\":\"https:\/\/francois-pelletant.fr\/blog\/?s={search_term_string}\"},\"query-input\":{\"@type\":\"PropertyValueSpecification\",\"valueRequired\":true,\"valueName\":\"search_term_string\"}}],\"inLanguage\":\"fr-FR\"},{\"@type\":\"Organization\",\"@id\":\"https:\/\/francois-pelletant.fr\/blog\/#organization\",\"name\":\"Fran\u00e7ois Pelletant\",\"url\":\"https:\/\/francois-pelletant.fr\/blog\/\",\"logo\":{\"@type\":\"ImageObject\",\"inLanguage\":\"fr-FR\",\"@id\":\"https:\/\/francois-pelletant.fr\/blog\/#\/schema\/logo\/image\/\",\"url\":\"https:\/\/francois-pelletant.fr\/blog\/wp-content\/uploads\/2024\/07\/icone-francois-centre-500p.png\",\"contentUrl\":\"https:\/\/francois-pelletant.fr\/blog\/wp-content\/uploads\/2024\/07\/icone-francois-centre-500p.png\",\"width\":559,\"height\":447,\"caption\":\"Fran\u00e7ois Pelletant\"},\"image\":{\"@id\":\"https:\/\/francois-pelletant.fr\/blog\/#\/schema\/logo\/image\/\"},\"sameAs\":[\"https:\/\/www.facebook.com\/francois.pelletant.7\",\"https:\/\/x.com\/pelletant\"]},{\"@type\":\"Person\",\"@id\":\"https:\/\/francois-pelletant.fr\/blog\/#\/schema\/person\/2be41acb171dff8f31aaed1f40cee9f3\",\"name\":\"Francois\"}]}<\/script>\n<!-- \/ Yoast SEO plugin. -->","yoast_head_json":{"title":"Permanence Mediavipp \u00e0 Linas - Fran\u00e7ois Pelletant","robots":{"index":"index","follow":"follow","max-snippet":"max-snippet:-1","max-image-preview":"max-image-preview:large","max-video-preview":"max-video-preview:-1"},"canonical":"https:\/\/francois-pelletant.fr\/blog\/permanence-mediavipp-a-linas\/","og_locale":"fr_FR","og_type":"article","og_title":"Permanence Mediavipp \u00e0 Linas - Fran\u00e7ois Pelletant","og_description":"M\u00e9diavipp 91, association d\u00e9partementale d\u2019aide aux victimes, accueille toute personne qui s\u2019estime victime d\u2019une infraction p\u00e9nale (violences, viol, agression sexuelle, vol, etc.) ou d\u2019un accident de la circulation. L&#8217;association tiendra une permanence vendredi 15 mai 2015 \u00e0 Linas de 14h \u00e0 17h. L\u2019association propose aux victimes une \u00e9coute privil\u00e9gi\u00e9e, une information sur leurs droits, un [&hellip;]","og_url":"https:\/\/francois-pelletant.fr\/blog\/permanence-mediavipp-a-linas\/","og_site_name":"Fran\u00e7ois Pelletant","article_publisher":"https:\/\/www.facebook.com\/francois.pelletant.7","article_published_time":"2015-05-11T08:53:05+00:00","og_image":[{"width":220,"height":108,"url":"https:\/\/francois-pelletant.fr\/blog\/wp-content\/uploads\/2015\/05\/logo-mediavipp.jpg","type":"image\/jpeg"}],"author":"Francois","twitter_card":"summary_large_image","twitter_creator":"@pelletant","twitter_site":"@pelletant","twitter_misc":{"\u00c9crit par":"Francois","Dur\u00e9e de lecture estim\u00e9e":"1 minute"},"schema":{"@context":"https:\/\/schema.org","@graph":[{"@type":"Article","@id":"https:\/\/francois-pelletant.fr\/blog\/permanence-mediavipp-a-linas\/#article","isPartOf":{"@id":"https:\/\/francois-pelletant.fr\/blog\/permanence-mediavipp-a-linas\/"},"author":{"name":"Francois","@id":"https:\/\/francois-pelletant.fr\/blog\/#\/schema\/person\/2be41acb171dff8f31aaed1f40cee9f3"},"headline":"Permanence Mediavipp \u00e0 Linas","datePublished":"2015-05-11T08:53:05+00:00","mainEntityOfPage":{"@id":"https:\/\/francois-pelletant.fr\/blog\/permanence-mediavipp-a-linas\/"},"wordCount":170,"commentCount":0,"publisher":{"@id":"https:\/\/francois-pelletant.fr\/blog\/#organization"},"image":{"@id":"https:\/\/francois-pelletant.fr\/blog\/permanence-mediavipp-a-linas\/#primaryimage"},"thumbnailUrl":"https:\/\/francois-pelletant.fr\/blog\/wp-content\/uploads\/2015\/05\/logo-mediavipp.jpg","articleSection":["Infos"],"inLanguage":"fr-FR","potentialAction":[{"@type":"CommentAction","name":"Comment","target":["https:\/\/francois-pelletant.fr\/blog\/permanence-mediavipp-a-linas\/#respond"]}]},{"@type":"WebPage","@id":"https:\/\/francois-pelletant.fr\/blog\/permanence-mediavipp-a-linas\/","url":"https:\/\/francois-pelletant.fr\/blog\/permanence-mediavipp-a-linas\/","name":"Permanence Mediavipp \u00e0 Linas - Fran\u00e7ois Pelletant","isPartOf":{"@id":"https:\/\/francois-pelletant.fr\/blog\/#website"},"primaryImageOfPage":{"@id":"https:\/\/francois-pelletant.fr\/blog\/permanence-mediavipp-a-linas\/#primaryimage"},"image":{"@id":"https:\/\/francois-pelletant.fr\/blog\/permanence-mediavipp-a-linas\/#primaryimage"},"thumbnailUrl":"https:\/\/francois-pelletant.fr\/blog\/wp-content\/uploads\/2015\/05\/logo-mediavipp.jpg","datePublished":"2015-05-11T08:53:05+00:00","breadcrumb":{"@id":"https:\/\/francois-pelletant.fr\/blog\/permanence-mediavipp-a-linas\/#breadcrumb"},"inLanguage":"fr-FR","potentialAction":[{"@type":"ReadAction","target":["https:\/\/francois-pelletant.fr\/blog\/permanence-mediavipp-a-linas\/"]}]},{"@type":"ImageObject","inLanguage":"fr-FR","@id":"https:\/\/francois-pelletant.fr\/blog\/permanence-mediavipp-a-linas\/#primaryimage","url":"https:\/\/francois-pelletant.fr\/blog\/wp-content\/uploads\/2015\/05\/logo-mediavipp.jpg","contentUrl":"https:\/\/francois-pelletant.fr\/blog\/wp-content\/uploads\/2015\/05\/logo-mediavipp.jpg","width":220,"height":108},{"@type":"BreadcrumbList","@id":"https:\/\/francois-pelletant.fr\/blog\/permanence-mediavipp-a-linas\/#breadcrumb","itemListElement":[{"@type":"ListItem","position":1,"name":"Accueil","item":"https:\/\/francois-pelletant.fr\/blog\/"},{"@type":"ListItem","position":2,"name":"Permanence Mediavipp \u00e0 Linas"}]},{"@type":"WebSite","@id":"https:\/\/francois-pelletant.fr\/blog\/#website","url":"https:\/\/francois-pelletant.fr\/blog\/","name":"Fran\u00e7ois Pelletant","description":"Maire de Linas, pour toujours.","publisher":{"@id":"https:\/\/francois-pelletant.fr\/blog\/#organization"},"potentialAction":[{"@type":"SearchAction","target":{"@type":"EntryPoint","urlTemplate":"https:\/\/francois-pelletant.fr\/blog\/?s={search_term_string}"},"query-input":{"@type":"PropertyValueSpecification","valueRequired":true,"valueName":"search_term_string"}}],"inLanguage":"fr-FR"},{"@type":"Organization","@id":"https:\/\/francois-pelletant.fr\/blog\/#organization","name":"Fran\u00e7ois Pelletant","url":"https:\/\/francois-pelletant.fr\/blog\/","logo":{"@type":"ImageObject","inLanguage":"fr-FR","@id":"https:\/\/francois-pelletant.fr\/blog\/#\/schema\/logo\/image\/","url":"https:\/\/francois-pelletant.fr\/blog\/wp-content\/uploads\/2024\/07\/icone-francois-centre-500p.png","contentUrl":"https:\/\/francois-pelletant.fr\/blog\/wp-content\/uploads\/2024\/07\/icone-francois-centre-500p.png","width":559,"height":447,"caption":"Fran\u00e7ois Pelletant"},"image":{"@id":"https:\/\/francois-pelletant.fr\/blog\/#\/schema\/logo\/image\/"},"sameAs":["https:\/\/www.facebook.com\/francois.pelletant.7","https:\/\/x.com\/pelletant"]},{"@type":"Person","@id":"https:\/\/francois-pelletant.fr\/blog\/#\/schema\/person\/2be41acb171dff8f31aaed1f40cee9f3","name":"Francois"}]}},"_links":{"self":[{"href":"https:\/\/francois-pelletant.fr\/blog\/wp-json\/wp\/v2\/posts\/6093","targetHints":{"allow":["GET"]}}],"collection":[{"href":"https:\/\/francois-pelletant.fr\/blog\/wp-json\/wp\/v2\/posts"}],"about":[{"href":"https:\/\/francois-pelletant.fr\/blog\/wp-json\/wp\/v2\/types\/post"}],"author":[{"embeddable":true,"href":"https:\/\/francois-pelletant.fr\/blog\/wp-json\/wp\/v2\/users\/1"}],"replies":[{"embeddable":true,"href":"https:\/\/francois-pelletant.fr\/blog\/wp-json\/wp\/v2\/comments?post=6093"}],"version-history":[{"count":0,"href":"https:\/\/francois-pelletant.fr\/blog\/wp-json\/wp\/v2\/posts\/6093\/revisions"}],"wp:featuredmedia":[{"embeddable":true,"href":"https:\/\/francois-pelletant.fr\/blog\/wp-json\/wp\/v2\/media\/5419"}],"wp:attachment":[{"href":"https:\/\/francois-pelletant.fr\/blog\/wp-json\/wp\/v2\/media?parent=6093"}],"wp:term":[{"taxonomy":"category","embeddable":true,"href":"https:\/\/francois-pelletant.fr\/blog\/wp-json\/wp\/v2\/categories?post=6093"},{"taxonomy":"post_tag","embeddable":true,"href":"https:\/\/francois-pelletant.fr\/blog\/wp-json\/wp\/v2\/tags?post=6093"}],"curies":[{"name":"wp","href":"https:\/\/api.w.org\/{rel}","templated":true}]}}