{"id":6097,"date":"2015-05-13T09:20:32","date_gmt":"2015-05-13T07:20:32","guid":{"rendered":"https:\/\/francois-pelletant.fr\/blog\/?p=5421"},"modified":"2017-05-03T14:04:32","modified_gmt":"2017-05-03T14:04:32","slug":"1ere-fete-du-jeu-linas","status":"publish","type":"post","link":"https:\/\/francois-pelletant.fr\/blog\/1ere-fete-du-jeu-linas\/","title":{"rendered":"1\u00e8re f\u00eate du Jeu \u00e0 Linas"},"content":{"rendered":"<p><a href=\"https:\/\/francois-pelletant.fr\/blog\/wp-content\/uploads\/2015\/05\/f\u00eate_du_jeux_web.jpg\"><img loading=\"lazy\" decoding=\"async\" class=\"alignleft wp-image-5422 size-thumbnail\" title=\"f\u00eate_du_jeux_web\" src=\"https:\/\/francois-pelletant.fr\/blog\/wp-content\/uploads\/2015\/05\/e2c_207x1061-150x106.jpg\" alt=\"image-f\u00eate-du-jeu-\u00e0-Linas\" width=\"150\" height=\"106\" \/><\/a><\/p>\n<h3>La f\u00eate du jeu : Un \u00e9v\u00e9nement nouveau organis\u00e9 par la ville de Linas.<\/h3>\n<p>Pour sa premi\u00e8re \u00e9dition, la f\u00eate du jeu se d\u00e9roulera les 16 et 17 mai 2015 \u00e0 l&#8217;Espace Carzou. Un moment agr\u00e9able, ludique et festif \u00e0 passer en famille ou entre amis, novices ou initi\u00e9s.<\/p>\n<p>Il y en aura pour tous et pour tous les go\u00fbts : espace motricit\u00e9, espace jeux de soci\u00e9t\u00e9, espace jeux vid\u00e9o, espace jeux en bois, espace tchoukball, exposition sur le jeu&#8230; Cet \u00e9v\u00e9nement est organis\u00e9 par la ville de Linas en partenariat avec La valise \u00e0 jeu, l&#8217;USEP, La MDJ, Le RAM, la Caisse des \u00e9coles, le cercle des investigateurs. Rendez-vous les samedi 16 mai de 16h00 \u00e0 23h00 et dimanche 17 mai 2015 de 10h00 \u00e0 18h00. Entr\u00e9e Gratuite et ouverte \u00e0 tous.<\/p>\n<p>Au programme:<br \/>\nSamedi 16h-20h:<br \/>\nLe Relais Assistante Maternelle: Espace motricit\u00e9 0-3 ans<br \/>\nLa Maison de Jeunes: Jeux vid\u00e9os<br \/>\nL&#8217;USEP: jeux sportifs d&#8217;opposition<br \/>\nLa M\u00e9diath\u00e8que: Exposition sur le jeu<br \/>\nLa Valis&#8217;\u00e0 Jeux: Jeux de soci\u00e9t\u00e9 et jeux en bois<\/p>\n<p>Samedi de 20h \u00e0 23h:<br \/>\nLa Valis&#8217;\u00e0 Jeux: Soir\u00e9e jeux familiale<\/p>\n<p>Dimanche 10h \u00e0 18h:<br \/>\nLa boutique Les Ludovores: vente de jeux de soci\u00e9t\u00e9 et d\u00e9monstration<br \/>\nLe cercle des investigateurs: de 14h \u00e0 18h, initiation aux jeux de r\u00f4les<br \/>\nLa M\u00e9diath\u00e8que: Exposition sur le jeu<br \/>\nLa Valis&#8217;\u00e0 Jeux: Jeux de soci\u00e9t\u00e9 et jeux en bois<\/p>\n<p>Tout au long du week end, la Caisse des \u00e9coles tiendra une buvette pour subvenir \u00e0 vos petites faims et soif !\u00a0On vous attend nombreux pour cette premi\u00e8re \u00e9dition !\u00a0Entr\u00e9e libre.<\/p>\n","protected":false},"excerpt":{"rendered":"<p>La f\u00eate du jeu : Un \u00e9v\u00e9nement nouveau organis\u00e9 par la ville de Linas. Pour sa premi\u00e8re \u00e9dition, la f\u00eate du jeu se d\u00e9roulera les 16 et 17 mai 2015 \u00e0 l&#8217;Espace Carzou. Un moment agr\u00e9able, ludique et festif \u00e0 passer en famille ou entre amis, novices ou initi\u00e9s. Il y en aura pour tous [&hellip;]<\/p>\n","protected":false},"author":1,"featured_media":5423,"comment_status":"open","ping_status":"open","sticky":false,"template":"","format":"standard","meta":{"footnotes":""},"categories":[10],"tags":[],"class_list":["post-6097","post","type-post","status-publish","format-standard","has-post-thumbnail","hentry","category-1pelletant"],"yoast_head":"<!-- This site is optimized with the Yoast SEO plugin v25.6 - https:\/\/yoast.com\/wordpress\/plugins\/seo\/ -->\n<title>1\u00e8re f\u00eate du Jeu \u00e0 Linas - Fran\u00e7ois Pelletant<\/title>\n<meta name=\"description\" content=\"Linas : La 1ere \u00e9dition de la f\u00eate du jeu se d\u00e9roulera les 16 et 17 mai 2015 \u00e0 l&#039;Espace CarzouL\u2019\u00e9v\u00e9nement id\u00e9ale pour passer de bons moments.\" \/>\n<meta name=\"robots\" content=\"index, follow, max-snippet:-1, max-image-preview:large, max-video-preview:-1\" \/>\n<link rel=\"canonical\" href=\"https:\/\/francois-pelletant.fr\/blog\/1ere-fete-du-jeu-linas\/\" \/>\n<meta property=\"og:locale\" content=\"fr_FR\" \/>\n<meta property=\"og:type\" content=\"article\" \/>\n<meta property=\"og:title\" content=\"1\u00e8re f\u00eate du Jeu \u00e0 Linas - Fran\u00e7ois Pelletant\" \/>\n<meta property=\"og:description\" content=\"Linas : La 1ere \u00e9dition de la f\u00eate du jeu se d\u00e9roulera les 16 et 17 mai 2015 \u00e0 l&#039;Espace CarzouL\u2019\u00e9v\u00e9nement id\u00e9ale pour passer de bons moments.\" \/>\n<meta property=\"og:url\" content=\"https:\/\/francois-pelletant.fr\/blog\/1ere-fete-du-jeu-linas\/\" \/>\n<meta property=\"og:site_name\" content=\"Fran\u00e7ois Pelletant\" \/>\n<meta property=\"article:publisher\" content=\"https:\/\/www.facebook.com\/francois.pelletant.7\" \/>\n<meta property=\"article:published_time\" content=\"2015-05-13T07:20:32+00:00\" \/>\n<meta property=\"article:modified_time\" content=\"2017-05-03T14:04:32+00:00\" \/>\n<meta property=\"og:image\" content=\"https:\/\/francois-pelletant.fr\/blog\/wp-content\/uploads\/2015\/05\/f\u00eate_du_jeux_web.jpg\" \/>\n\t<meta property=\"og:image:width\" content=\"256\" \/>\n\t<meta property=\"og:image:height\" content=\"362\" \/>\n\t<meta property=\"og:image:type\" content=\"image\/jpeg\" \/>\n<meta name=\"author\" content=\"Francois\" \/>\n<meta name=\"twitter:card\" content=\"summary_large_image\" \/>\n<meta name=\"twitter:creator\" content=\"@pelletant\" \/>\n<meta name=\"twitter:site\" content=\"@pelletant\" \/>\n<meta name=\"twitter:label1\" content=\"\u00c9crit par\" \/>\n\t<meta name=\"twitter:data1\" content=\"Francois\" \/>\n\t<meta name=\"twitter:label2\" content=\"Dur\u00e9e de lecture estim\u00e9e\" \/>\n\t<meta name=\"twitter:data2\" content=\"1 minute\" \/>\n<script type=\"application\/ld+json\" class=\"yoast-schema-graph\">{\"@context\":\"https:\/\/schema.org\",\"@graph\":[{\"@type\":\"Article\",\"@id\":\"https:\/\/francois-pelletant.fr\/blog\/1ere-fete-du-jeu-linas\/#article\",\"isPartOf\":{\"@id\":\"https:\/\/francois-pelletant.fr\/blog\/1ere-fete-du-jeu-linas\/\"},\"author\":{\"name\":\"Francois\",\"@id\":\"https:\/\/francois-pelletant.fr\/blog\/#\/schema\/person\/2be41acb171dff8f31aaed1f40cee9f3\"},\"headline\":\"1\u00e8re f\u00eate du Jeu \u00e0 Linas\",\"datePublished\":\"2015-05-13T07:20:32+00:00\",\"dateModified\":\"2017-05-03T14:04:32+00:00\",\"mainEntityOfPage\":{\"@id\":\"https:\/\/francois-pelletant.fr\/blog\/1ere-fete-du-jeu-linas\/\"},\"wordCount\":275,\"commentCount\":0,\"publisher\":{\"@id\":\"https:\/\/francois-pelletant.fr\/blog\/#organization\"},\"image\":{\"@id\":\"https:\/\/francois-pelletant.fr\/blog\/1ere-fete-du-jeu-linas\/#primaryimage\"},\"thumbnailUrl\":\"https:\/\/francois-pelletant.fr\/blog\/wp-content\/uploads\/2015\/05\/f\u00eate_du_jeux_web.jpg\",\"articleSection\":[\"Infos\"],\"inLanguage\":\"fr-FR\",\"potentialAction\":[{\"@type\":\"CommentAction\",\"name\":\"Comment\",\"target\":[\"https:\/\/francois-pelletant.fr\/blog\/1ere-fete-du-jeu-linas\/#respond\"]}]},{\"@type\":\"WebPage\",\"@id\":\"https:\/\/francois-pelletant.fr\/blog\/1ere-fete-du-jeu-linas\/\",\"url\":\"https:\/\/francois-pelletant.fr\/blog\/1ere-fete-du-jeu-linas\/\",\"name\":\"1\u00e8re f\u00eate du Jeu \u00e0 Linas - Fran\u00e7ois Pelletant\",\"isPartOf\":{\"@id\":\"https:\/\/francois-pelletant.fr\/blog\/#website\"},\"primaryImageOfPage\":{\"@id\":\"https:\/\/francois-pelletant.fr\/blog\/1ere-fete-du-jeu-linas\/#primaryimage\"},\"image\":{\"@id\":\"https:\/\/francois-pelletant.fr\/blog\/1ere-fete-du-jeu-linas\/#primaryimage\"},\"thumbnailUrl\":\"https:\/\/francois-pelletant.fr\/blog\/wp-content\/uploads\/2015\/05\/f\u00eate_du_jeux_web.jpg\",\"datePublished\":\"2015-05-13T07:20:32+00:00\",\"dateModified\":\"2017-05-03T14:04:32+00:00\",\"description\":\"Linas : La 1ere \u00e9dition de la f\u00eate du jeu se d\u00e9roulera les 16 et 17 mai 2015 \u00e0 l'Espace CarzouL\u2019\u00e9v\u00e9nement id\u00e9ale pour passer de bons moments.\",\"breadcrumb\":{\"@id\":\"https:\/\/francois-pelletant.fr\/blog\/1ere-fete-du-jeu-linas\/#breadcrumb\"},\"inLanguage\":\"fr-FR\",\"potentialAction\":[{\"@type\":\"ReadAction\",\"target\":[\"https:\/\/francois-pelletant.fr\/blog\/1ere-fete-du-jeu-linas\/\"]}]},{\"@type\":\"ImageObject\",\"inLanguage\":\"fr-FR\",\"@id\":\"https:\/\/francois-pelletant.fr\/blog\/1ere-fete-du-jeu-linas\/#primaryimage\",\"url\":\"https:\/\/francois-pelletant.fr\/blog\/wp-content\/uploads\/2015\/05\/f\u00eate_du_jeux_web.jpg\",\"contentUrl\":\"https:\/\/francois-pelletant.fr\/blog\/wp-content\/uploads\/2015\/05\/f\u00eate_du_jeux_web.jpg\",\"width\":256,\"height\":362},{\"@type\":\"BreadcrumbList\",\"@id\":\"https:\/\/francois-pelletant.fr\/blog\/1ere-fete-du-jeu-linas\/#breadcrumb\",\"itemListElement\":[{\"@type\":\"ListItem\",\"position\":1,\"name\":\"Accueil\",\"item\":\"https:\/\/francois-pelletant.fr\/blog\/\"},{\"@type\":\"ListItem\",\"position\":2,\"name\":\"1\u00e8re f\u00eate du Jeu \u00e0 Linas\"}]},{\"@type\":\"WebSite\",\"@id\":\"https:\/\/francois-pelletant.fr\/blog\/#website\",\"url\":\"https:\/\/francois-pelletant.fr\/blog\/\",\"name\":\"Fran\u00e7ois Pelletant\",\"description\":\"Maire de Linas, pour toujours.\",\"publisher\":{\"@id\":\"https:\/\/francois-pelletant.fr\/blog\/#organization\"},\"potentialAction\":[{\"@type\":\"SearchAction\",\"target\":{\"@type\":\"EntryPoint\",\"urlTemplate\":\"https:\/\/francois-pelletant.fr\/blog\/?s={search_term_string}\"},\"query-input\":{\"@type\":\"PropertyValueSpecification\",\"valueRequired\":true,\"valueName\":\"search_term_string\"}}],\"inLanguage\":\"fr-FR\"},{\"@type\":\"Organization\",\"@id\":\"https:\/\/francois-pelletant.fr\/blog\/#organization\",\"name\":\"Fran\u00e7ois Pelletant\",\"url\":\"https:\/\/francois-pelletant.fr\/blog\/\",\"logo\":{\"@type\":\"ImageObject\",\"inLanguage\":\"fr-FR\",\"@id\":\"https:\/\/francois-pelletant.fr\/blog\/#\/schema\/logo\/image\/\",\"url\":\"https:\/\/francois-pelletant.fr\/blog\/wp-content\/uploads\/2024\/07\/icone-francois-centre-500p.png\",\"contentUrl\":\"https:\/\/francois-pelletant.fr\/blog\/wp-content\/uploads\/2024\/07\/icone-francois-centre-500p.png\",\"width\":559,\"height\":447,\"caption\":\"Fran\u00e7ois Pelletant\"},\"image\":{\"@id\":\"https:\/\/francois-pelletant.fr\/blog\/#\/schema\/logo\/image\/\"},\"sameAs\":[\"https:\/\/www.facebook.com\/francois.pelletant.7\",\"https:\/\/x.com\/pelletant\"]},{\"@type\":\"Person\",\"@id\":\"https:\/\/francois-pelletant.fr\/blog\/#\/schema\/person\/2be41acb171dff8f31aaed1f40cee9f3\",\"name\":\"Francois\"}]}<\/script>\n<!-- \/ Yoast SEO plugin. -->","yoast_head_json":{"title":"1\u00e8re f\u00eate du Jeu \u00e0 Linas - Fran\u00e7ois Pelletant","description":"Linas : La 1ere \u00e9dition de la f\u00eate du jeu se d\u00e9roulera les 16 et 17 mai 2015 \u00e0 l'Espace CarzouL\u2019\u00e9v\u00e9nement id\u00e9ale pour passer de bons moments.","robots":{"index":"index","follow":"follow","max-snippet":"max-snippet:-1","max-image-preview":"max-image-preview:large","max-video-preview":"max-video-preview:-1"},"canonical":"https:\/\/francois-pelletant.fr\/blog\/1ere-fete-du-jeu-linas\/","og_locale":"fr_FR","og_type":"article","og_title":"1\u00e8re f\u00eate du Jeu \u00e0 Linas - Fran\u00e7ois Pelletant","og_description":"Linas : La 1ere \u00e9dition de la f\u00eate du jeu se d\u00e9roulera les 16 et 17 mai 2015 \u00e0 l'Espace CarzouL\u2019\u00e9v\u00e9nement id\u00e9ale pour passer de bons moments.","og_url":"https:\/\/francois-pelletant.fr\/blog\/1ere-fete-du-jeu-linas\/","og_site_name":"Fran\u00e7ois Pelletant","article_publisher":"https:\/\/www.facebook.com\/francois.pelletant.7","article_published_time":"2015-05-13T07:20:32+00:00","article_modified_time":"2017-05-03T14:04:32+00:00","og_image":[{"width":256,"height":362,"url":"https:\/\/francois-pelletant.fr\/blog\/wp-content\/uploads\/2015\/05\/f\u00eate_du_jeux_web.jpg","type":"image\/jpeg"}],"author":"Francois","twitter_card":"summary_large_image","twitter_creator":"@pelletant","twitter_site":"@pelletant","twitter_misc":{"\u00c9crit par":"Francois","Dur\u00e9e de lecture estim\u00e9e":"1 minute"},"schema":{"@context":"https:\/\/schema.org","@graph":[{"@type":"Article","@id":"https:\/\/francois-pelletant.fr\/blog\/1ere-fete-du-jeu-linas\/#article","isPartOf":{"@id":"https:\/\/francois-pelletant.fr\/blog\/1ere-fete-du-jeu-linas\/"},"author":{"name":"Francois","@id":"https:\/\/francois-pelletant.fr\/blog\/#\/schema\/person\/2be41acb171dff8f31aaed1f40cee9f3"},"headline":"1\u00e8re f\u00eate du Jeu \u00e0 Linas","datePublished":"2015-05-13T07:20:32+00:00","dateModified":"2017-05-03T14:04:32+00:00","mainEntityOfPage":{"@id":"https:\/\/francois-pelletant.fr\/blog\/1ere-fete-du-jeu-linas\/"},"wordCount":275,"commentCount":0,"publisher":{"@id":"https:\/\/francois-pelletant.fr\/blog\/#organization"},"image":{"@id":"https:\/\/francois-pelletant.fr\/blog\/1ere-fete-du-jeu-linas\/#primaryimage"},"thumbnailUrl":"https:\/\/francois-pelletant.fr\/blog\/wp-content\/uploads\/2015\/05\/f\u00eate_du_jeux_web.jpg","articleSection":["Infos"],"inLanguage":"fr-FR","potentialAction":[{"@type":"CommentAction","name":"Comment","target":["https:\/\/francois-pelletant.fr\/blog\/1ere-fete-du-jeu-linas\/#respond"]}]},{"@type":"WebPage","@id":"https:\/\/francois-pelletant.fr\/blog\/1ere-fete-du-jeu-linas\/","url":"https:\/\/francois-pelletant.fr\/blog\/1ere-fete-du-jeu-linas\/","name":"1\u00e8re f\u00eate du Jeu \u00e0 Linas - Fran\u00e7ois Pelletant","isPartOf":{"@id":"https:\/\/francois-pelletant.fr\/blog\/#website"},"primaryImageOfPage":{"@id":"https:\/\/francois-pelletant.fr\/blog\/1ere-fete-du-jeu-linas\/#primaryimage"},"image":{"@id":"https:\/\/francois-pelletant.fr\/blog\/1ere-fete-du-jeu-linas\/#primaryimage"},"thumbnailUrl":"https:\/\/francois-pelletant.fr\/blog\/wp-content\/uploads\/2015\/05\/f\u00eate_du_jeux_web.jpg","datePublished":"2015-05-13T07:20:32+00:00","dateModified":"2017-05-03T14:04:32+00:00","description":"Linas : La 1ere \u00e9dition de la f\u00eate du jeu se d\u00e9roulera les 16 et 17 mai 2015 \u00e0 l'Espace CarzouL\u2019\u00e9v\u00e9nement id\u00e9ale pour passer de bons moments.","breadcrumb":{"@id":"https:\/\/francois-pelletant.fr\/blog\/1ere-fete-du-jeu-linas\/#breadcrumb"},"inLanguage":"fr-FR","potentialAction":[{"@type":"ReadAction","target":["https:\/\/francois-pelletant.fr\/blog\/1ere-fete-du-jeu-linas\/"]}]},{"@type":"ImageObject","inLanguage":"fr-FR","@id":"https:\/\/francois-pelletant.fr\/blog\/1ere-fete-du-jeu-linas\/#primaryimage","url":"https:\/\/francois-pelletant.fr\/blog\/wp-content\/uploads\/2015\/05\/f\u00eate_du_jeux_web.jpg","contentUrl":"https:\/\/francois-pelletant.fr\/blog\/wp-content\/uploads\/2015\/05\/f\u00eate_du_jeux_web.jpg","width":256,"height":362},{"@type":"BreadcrumbList","@id":"https:\/\/francois-pelletant.fr\/blog\/1ere-fete-du-jeu-linas\/#breadcrumb","itemListElement":[{"@type":"ListItem","position":1,"name":"Accueil","item":"https:\/\/francois-pelletant.fr\/blog\/"},{"@type":"ListItem","position":2,"name":"1\u00e8re f\u00eate du Jeu \u00e0 Linas"}]},{"@type":"WebSite","@id":"https:\/\/francois-pelletant.fr\/blog\/#website","url":"https:\/\/francois-pelletant.fr\/blog\/","name":"Fran\u00e7ois Pelletant","description":"Maire de Linas, pour toujours.","publisher":{"@id":"https:\/\/francois-pelletant.fr\/blog\/#organization"},"potentialAction":[{"@type":"SearchAction","target":{"@type":"EntryPoint","urlTemplate":"https:\/\/francois-pelletant.fr\/blog\/?s={search_term_string}"},"query-input":{"@type":"PropertyValueSpecification","valueRequired":true,"valueName":"search_term_string"}}],"inLanguage":"fr-FR"},{"@type":"Organization","@id":"https:\/\/francois-pelletant.fr\/blog\/#organization","name":"Fran\u00e7ois Pelletant","url":"https:\/\/francois-pelletant.fr\/blog\/","logo":{"@type":"ImageObject","inLanguage":"fr-FR","@id":"https:\/\/francois-pelletant.fr\/blog\/#\/schema\/logo\/image\/","url":"https:\/\/francois-pelletant.fr\/blog\/wp-content\/uploads\/2024\/07\/icone-francois-centre-500p.png","contentUrl":"https:\/\/francois-pelletant.fr\/blog\/wp-content\/uploads\/2024\/07\/icone-francois-centre-500p.png","width":559,"height":447,"caption":"Fran\u00e7ois Pelletant"},"image":{"@id":"https:\/\/francois-pelletant.fr\/blog\/#\/schema\/logo\/image\/"},"sameAs":["https:\/\/www.facebook.com\/francois.pelletant.7","https:\/\/x.com\/pelletant"]},{"@type":"Person","@id":"https:\/\/francois-pelletant.fr\/blog\/#\/schema\/person\/2be41acb171dff8f31aaed1f40cee9f3","name":"Francois"}]}},"_links":{"self":[{"href":"https:\/\/francois-pelletant.fr\/blog\/wp-json\/wp\/v2\/posts\/6097","targetHints":{"allow":["GET"]}}],"collection":[{"href":"https:\/\/francois-pelletant.fr\/blog\/wp-json\/wp\/v2\/posts"}],"about":[{"href":"https:\/\/francois-pelletant.fr\/blog\/wp-json\/wp\/v2\/types\/post"}],"author":[{"embeddable":true,"href":"https:\/\/francois-pelletant.fr\/blog\/wp-json\/wp\/v2\/users\/1"}],"replies":[{"embeddable":true,"href":"https:\/\/francois-pelletant.fr\/blog\/wp-json\/wp\/v2\/comments?post=6097"}],"version-history":[{"count":0,"href":"https:\/\/francois-pelletant.fr\/blog\/wp-json\/wp\/v2\/posts\/6097\/revisions"}],"wp:featuredmedia":[{"embeddable":true,"href":"https:\/\/francois-pelletant.fr\/blog\/wp-json\/wp\/v2\/media\/5423"}],"wp:attachment":[{"href":"https:\/\/francois-pelletant.fr\/blog\/wp-json\/wp\/v2\/media?parent=6097"}],"wp:term":[{"taxonomy":"category","embeddable":true,"href":"https:\/\/francois-pelletant.fr\/blog\/wp-json\/wp\/v2\/categories?post=6097"},{"taxonomy":"post_tag","embeddable":true,"href":"https:\/\/francois-pelletant.fr\/blog\/wp-json\/wp\/v2\/tags?post=6097"}],"curies":[{"name":"wp","href":"https:\/\/api.w.org\/{rel}","templated":true}]}}