{"id":6505,"date":"2015-08-20T10:59:59","date_gmt":"2015-08-20T10:59:59","guid":{"rendered":"https:\/\/francois-pelletant.fr\/blog\/?p=6505"},"modified":"2017-04-28T08:49:46","modified_gmt":"2017-04-28T08:49:46","slug":"inscription-listes-electorales-pour-elections-regionales","status":"publish","type":"post","link":"https:\/\/francois-pelletant.fr\/blog\/inscription-listes-electorales-pour-elections-regionales\/","title":{"rendered":"Inscription sur les listes \u00e9lectorales pour les \u00e9lections r\u00e9gionales"},"content":{"rendered":"<p><a href=\"https:\/\/francois-pelletant.fr\/blog\/wp-content\/uploads\/2015\/09\/Elections_Regionales_2015_3-296x300.jpg\"><img loading=\"lazy\" decoding=\"async\" class=\"alignleft wp-image-6506 size-medium\" src=\"https:\/\/francois-pelletant.fr\/blog\/wp-content\/uploads\/2015\/09\/Elections_Regionales_2015_3-296x300-296x300.jpg\" alt=\"image-\u00e9lections-Regionales_2015_3-296x300\" width=\"296\" height=\"300\" \/><\/a><\/p>\n<h4>Inscrivez-vous sur les listes \u00e9lectorales pour pouvoir voter<\/h4>\n<p>Les prochaines \u00e9lections r\u00e9gionales \u00a0se d\u00e9rouleront en d\u00e9cembre 2015. Cependant, pour voter, il vous faut \u00eatre inscrit sur les listes \u00e9lectorales. Si vous n\u2019\u00eates pas encore inscrits sur les listes, dans ce cas, vous \u00eates invit\u00e9s \u00e0 vous inscrire aupr\u00e8s de votre mairie\u00a0<strong>avant le 30 septembre 2015<\/strong>.<\/p>\n","protected":false},"excerpt":{"rendered":"<p>Inscrivez-vous sur les listes \u00e9lectorales pour pouvoir voter Les prochaines \u00e9lections r\u00e9gionales \u00a0se d\u00e9rouleront en d\u00e9cembre 2015. Cependant, pour voter, il vous faut \u00eatre inscrit sur les listes \u00e9lectorales. Si vous n\u2019\u00eates pas encore inscrits sur les listes, dans ce cas, vous \u00eates invit\u00e9s \u00e0 vous inscrire aupr\u00e8s de votre mairie\u00a0avant le 30 septembre 2015.<\/p>\n","protected":false},"author":1,"featured_media":6506,"comment_status":"open","ping_status":"open","sticky":false,"template":"","format":"standard","meta":{"footnotes":""},"categories":[10,1],"tags":[],"class_list":["post-6505","post","type-post","status-publish","format-standard","has-post-thumbnail","hentry","category-1pelletant","category-non-classe"],"yoast_head":"<!-- This site is optimized with the Yoast SEO plugin v25.6 - https:\/\/yoast.com\/wordpress\/plugins\/seo\/ -->\n<title>Inscription sur les listes \u00e9lectorales pour les \u00e9lections r\u00e9gionales - F. P<\/title>\n<meta name=\"description\" content=\"En vue des prochaines \u00e9lections l\u00e9gislatives. Nous vous invitons \u00e0 vous inscrire sur les listes \u00e9lectorales.\" \/>\n<meta name=\"robots\" content=\"index, follow, max-snippet:-1, max-image-preview:large, max-video-preview:-1\" \/>\n<link rel=\"canonical\" href=\"https:\/\/francois-pelletant.fr\/blog\/inscription-listes-electorales-pour-elections-regionales\/\" \/>\n<meta property=\"og:locale\" content=\"fr_FR\" \/>\n<meta property=\"og:type\" content=\"article\" \/>\n<meta property=\"og:title\" content=\"Inscription sur les listes \u00e9lectorales pour les \u00e9lections r\u00e9gionales - F. P\" \/>\n<meta property=\"og:description\" content=\"En vue des prochaines \u00e9lections l\u00e9gislatives. Nous vous invitons \u00e0 vous inscrire sur les listes \u00e9lectorales.\" \/>\n<meta property=\"og:url\" content=\"https:\/\/francois-pelletant.fr\/blog\/inscription-listes-electorales-pour-elections-regionales\/\" \/>\n<meta property=\"og:site_name\" content=\"Fran\u00e7ois Pelletant\" \/>\n<meta property=\"article:publisher\" content=\"https:\/\/www.facebook.com\/francois.pelletant.7\" \/>\n<meta property=\"article:published_time\" content=\"2015-08-20T10:59:59+00:00\" \/>\n<meta property=\"article:modified_time\" content=\"2017-04-28T08:49:46+00:00\" \/>\n<meta property=\"og:image\" content=\"https:\/\/francois-pelletant.fr\/blog\/wp-content\/uploads\/2015\/09\/Elections_Regionales_2015_3-296x300.jpg\" \/>\n\t<meta property=\"og:image:width\" content=\"296\" \/>\n\t<meta property=\"og:image:height\" content=\"300\" \/>\n\t<meta property=\"og:image:type\" content=\"image\/jpeg\" \/>\n<meta name=\"author\" content=\"Francois\" \/>\n<meta name=\"twitter:card\" content=\"summary_large_image\" \/>\n<meta name=\"twitter:creator\" content=\"@pelletant\" \/>\n<meta name=\"twitter:site\" content=\"@pelletant\" \/>\n<meta name=\"twitter:label1\" content=\"\u00c9crit par\" \/>\n\t<meta name=\"twitter:data1\" content=\"Francois\" \/>\n<script type=\"application\/ld+json\" class=\"yoast-schema-graph\">{\"@context\":\"https:\/\/schema.org\",\"@graph\":[{\"@type\":\"Article\",\"@id\":\"https:\/\/francois-pelletant.fr\/blog\/inscription-listes-electorales-pour-elections-regionales\/#article\",\"isPartOf\":{\"@id\":\"https:\/\/francois-pelletant.fr\/blog\/inscription-listes-electorales-pour-elections-regionales\/\"},\"author\":{\"name\":\"Francois\",\"@id\":\"https:\/\/francois-pelletant.fr\/blog\/#\/schema\/person\/2be41acb171dff8f31aaed1f40cee9f3\"},\"headline\":\"Inscription sur les listes \u00e9lectorales pour les \u00e9lections r\u00e9gionales\",\"datePublished\":\"2015-08-20T10:59:59+00:00\",\"dateModified\":\"2017-04-28T08:49:46+00:00\",\"mainEntityOfPage\":{\"@id\":\"https:\/\/francois-pelletant.fr\/blog\/inscription-listes-electorales-pour-elections-regionales\/\"},\"wordCount\":68,\"commentCount\":0,\"publisher\":{\"@id\":\"https:\/\/francois-pelletant.fr\/blog\/#organization\"},\"image\":{\"@id\":\"https:\/\/francois-pelletant.fr\/blog\/inscription-listes-electorales-pour-elections-regionales\/#primaryimage\"},\"thumbnailUrl\":\"https:\/\/francois-pelletant.fr\/blog\/wp-content\/uploads\/2015\/09\/Elections_Regionales_2015_3-296x300.jpg\",\"articleSection\":[\"Infos\"],\"inLanguage\":\"fr-FR\",\"potentialAction\":[{\"@type\":\"CommentAction\",\"name\":\"Comment\",\"target\":[\"https:\/\/francois-pelletant.fr\/blog\/inscription-listes-electorales-pour-elections-regionales\/#respond\"]}]},{\"@type\":\"WebPage\",\"@id\":\"https:\/\/francois-pelletant.fr\/blog\/inscription-listes-electorales-pour-elections-regionales\/\",\"url\":\"https:\/\/francois-pelletant.fr\/blog\/inscription-listes-electorales-pour-elections-regionales\/\",\"name\":\"Inscription sur les listes \u00e9lectorales pour les \u00e9lections r\u00e9gionales - F. P\",\"isPartOf\":{\"@id\":\"https:\/\/francois-pelletant.fr\/blog\/#website\"},\"primaryImageOfPage\":{\"@id\":\"https:\/\/francois-pelletant.fr\/blog\/inscription-listes-electorales-pour-elections-regionales\/#primaryimage\"},\"image\":{\"@id\":\"https:\/\/francois-pelletant.fr\/blog\/inscription-listes-electorales-pour-elections-regionales\/#primaryimage\"},\"thumbnailUrl\":\"https:\/\/francois-pelletant.fr\/blog\/wp-content\/uploads\/2015\/09\/Elections_Regionales_2015_3-296x300.jpg\",\"datePublished\":\"2015-08-20T10:59:59+00:00\",\"dateModified\":\"2017-04-28T08:49:46+00:00\",\"description\":\"En vue des prochaines \u00e9lections l\u00e9gislatives. Nous vous invitons \u00e0 vous inscrire sur les listes \u00e9lectorales.\",\"breadcrumb\":{\"@id\":\"https:\/\/francois-pelletant.fr\/blog\/inscription-listes-electorales-pour-elections-regionales\/#breadcrumb\"},\"inLanguage\":\"fr-FR\",\"potentialAction\":[{\"@type\":\"ReadAction\",\"target\":[\"https:\/\/francois-pelletant.fr\/blog\/inscription-listes-electorales-pour-elections-regionales\/\"]}]},{\"@type\":\"ImageObject\",\"inLanguage\":\"fr-FR\",\"@id\":\"https:\/\/francois-pelletant.fr\/blog\/inscription-listes-electorales-pour-elections-regionales\/#primaryimage\",\"url\":\"https:\/\/francois-pelletant.fr\/blog\/wp-content\/uploads\/2015\/09\/Elections_Regionales_2015_3-296x300.jpg\",\"contentUrl\":\"https:\/\/francois-pelletant.fr\/blog\/wp-content\/uploads\/2015\/09\/Elections_Regionales_2015_3-296x300.jpg\",\"width\":296,\"height\":300},{\"@type\":\"BreadcrumbList\",\"@id\":\"https:\/\/francois-pelletant.fr\/blog\/inscription-listes-electorales-pour-elections-regionales\/#breadcrumb\",\"itemListElement\":[{\"@type\":\"ListItem\",\"position\":1,\"name\":\"Accueil\",\"item\":\"https:\/\/francois-pelletant.fr\/blog\/\"},{\"@type\":\"ListItem\",\"position\":2,\"name\":\"Inscription sur les listes \u00e9lectorales pour les \u00e9lections r\u00e9gionales\"}]},{\"@type\":\"WebSite\",\"@id\":\"https:\/\/francois-pelletant.fr\/blog\/#website\",\"url\":\"https:\/\/francois-pelletant.fr\/blog\/\",\"name\":\"Fran\u00e7ois Pelletant\",\"description\":\"Maire de Linas, pour toujours.\",\"publisher\":{\"@id\":\"https:\/\/francois-pelletant.fr\/blog\/#organization\"},\"potentialAction\":[{\"@type\":\"SearchAction\",\"target\":{\"@type\":\"EntryPoint\",\"urlTemplate\":\"https:\/\/francois-pelletant.fr\/blog\/?s={search_term_string}\"},\"query-input\":{\"@type\":\"PropertyValueSpecification\",\"valueRequired\":true,\"valueName\":\"search_term_string\"}}],\"inLanguage\":\"fr-FR\"},{\"@type\":\"Organization\",\"@id\":\"https:\/\/francois-pelletant.fr\/blog\/#organization\",\"name\":\"Fran\u00e7ois Pelletant\",\"url\":\"https:\/\/francois-pelletant.fr\/blog\/\",\"logo\":{\"@type\":\"ImageObject\",\"inLanguage\":\"fr-FR\",\"@id\":\"https:\/\/francois-pelletant.fr\/blog\/#\/schema\/logo\/image\/\",\"url\":\"https:\/\/francois-pelletant.fr\/blog\/wp-content\/uploads\/2024\/07\/icone-francois-centre-500p.png\",\"contentUrl\":\"https:\/\/francois-pelletant.fr\/blog\/wp-content\/uploads\/2024\/07\/icone-francois-centre-500p.png\",\"width\":559,\"height\":447,\"caption\":\"Fran\u00e7ois Pelletant\"},\"image\":{\"@id\":\"https:\/\/francois-pelletant.fr\/blog\/#\/schema\/logo\/image\/\"},\"sameAs\":[\"https:\/\/www.facebook.com\/francois.pelletant.7\",\"https:\/\/x.com\/pelletant\"]},{\"@type\":\"Person\",\"@id\":\"https:\/\/francois-pelletant.fr\/blog\/#\/schema\/person\/2be41acb171dff8f31aaed1f40cee9f3\",\"name\":\"Francois\"}]}<\/script>\n<!-- \/ Yoast SEO plugin. -->","yoast_head_json":{"title":"Inscription sur les listes \u00e9lectorales pour les \u00e9lections r\u00e9gionales - F. P","description":"En vue des prochaines \u00e9lections l\u00e9gislatives. Nous vous invitons \u00e0 vous inscrire sur les listes \u00e9lectorales.","robots":{"index":"index","follow":"follow","max-snippet":"max-snippet:-1","max-image-preview":"max-image-preview:large","max-video-preview":"max-video-preview:-1"},"canonical":"https:\/\/francois-pelletant.fr\/blog\/inscription-listes-electorales-pour-elections-regionales\/","og_locale":"fr_FR","og_type":"article","og_title":"Inscription sur les listes \u00e9lectorales pour les \u00e9lections r\u00e9gionales - F. P","og_description":"En vue des prochaines \u00e9lections l\u00e9gislatives. Nous vous invitons \u00e0 vous inscrire sur les listes \u00e9lectorales.","og_url":"https:\/\/francois-pelletant.fr\/blog\/inscription-listes-electorales-pour-elections-regionales\/","og_site_name":"Fran\u00e7ois Pelletant","article_publisher":"https:\/\/www.facebook.com\/francois.pelletant.7","article_published_time":"2015-08-20T10:59:59+00:00","article_modified_time":"2017-04-28T08:49:46+00:00","og_image":[{"width":296,"height":300,"url":"https:\/\/francois-pelletant.fr\/blog\/wp-content\/uploads\/2015\/09\/Elections_Regionales_2015_3-296x300.jpg","type":"image\/jpeg"}],"author":"Francois","twitter_card":"summary_large_image","twitter_creator":"@pelletant","twitter_site":"@pelletant","twitter_misc":{"\u00c9crit par":"Francois"},"schema":{"@context":"https:\/\/schema.org","@graph":[{"@type":"Article","@id":"https:\/\/francois-pelletant.fr\/blog\/inscription-listes-electorales-pour-elections-regionales\/#article","isPartOf":{"@id":"https:\/\/francois-pelletant.fr\/blog\/inscription-listes-electorales-pour-elections-regionales\/"},"author":{"name":"Francois","@id":"https:\/\/francois-pelletant.fr\/blog\/#\/schema\/person\/2be41acb171dff8f31aaed1f40cee9f3"},"headline":"Inscription sur les listes \u00e9lectorales pour les \u00e9lections r\u00e9gionales","datePublished":"2015-08-20T10:59:59+00:00","dateModified":"2017-04-28T08:49:46+00:00","mainEntityOfPage":{"@id":"https:\/\/francois-pelletant.fr\/blog\/inscription-listes-electorales-pour-elections-regionales\/"},"wordCount":68,"commentCount":0,"publisher":{"@id":"https:\/\/francois-pelletant.fr\/blog\/#organization"},"image":{"@id":"https:\/\/francois-pelletant.fr\/blog\/inscription-listes-electorales-pour-elections-regionales\/#primaryimage"},"thumbnailUrl":"https:\/\/francois-pelletant.fr\/blog\/wp-content\/uploads\/2015\/09\/Elections_Regionales_2015_3-296x300.jpg","articleSection":["Infos"],"inLanguage":"fr-FR","potentialAction":[{"@type":"CommentAction","name":"Comment","target":["https:\/\/francois-pelletant.fr\/blog\/inscription-listes-electorales-pour-elections-regionales\/#respond"]}]},{"@type":"WebPage","@id":"https:\/\/francois-pelletant.fr\/blog\/inscription-listes-electorales-pour-elections-regionales\/","url":"https:\/\/francois-pelletant.fr\/blog\/inscription-listes-electorales-pour-elections-regionales\/","name":"Inscription sur les listes \u00e9lectorales pour les \u00e9lections r\u00e9gionales - F. P","isPartOf":{"@id":"https:\/\/francois-pelletant.fr\/blog\/#website"},"primaryImageOfPage":{"@id":"https:\/\/francois-pelletant.fr\/blog\/inscription-listes-electorales-pour-elections-regionales\/#primaryimage"},"image":{"@id":"https:\/\/francois-pelletant.fr\/blog\/inscription-listes-electorales-pour-elections-regionales\/#primaryimage"},"thumbnailUrl":"https:\/\/francois-pelletant.fr\/blog\/wp-content\/uploads\/2015\/09\/Elections_Regionales_2015_3-296x300.jpg","datePublished":"2015-08-20T10:59:59+00:00","dateModified":"2017-04-28T08:49:46+00:00","description":"En vue des prochaines \u00e9lections l\u00e9gislatives. Nous vous invitons \u00e0 vous inscrire sur les listes \u00e9lectorales.","breadcrumb":{"@id":"https:\/\/francois-pelletant.fr\/blog\/inscription-listes-electorales-pour-elections-regionales\/#breadcrumb"},"inLanguage":"fr-FR","potentialAction":[{"@type":"ReadAction","target":["https:\/\/francois-pelletant.fr\/blog\/inscription-listes-electorales-pour-elections-regionales\/"]}]},{"@type":"ImageObject","inLanguage":"fr-FR","@id":"https:\/\/francois-pelletant.fr\/blog\/inscription-listes-electorales-pour-elections-regionales\/#primaryimage","url":"https:\/\/francois-pelletant.fr\/blog\/wp-content\/uploads\/2015\/09\/Elections_Regionales_2015_3-296x300.jpg","contentUrl":"https:\/\/francois-pelletant.fr\/blog\/wp-content\/uploads\/2015\/09\/Elections_Regionales_2015_3-296x300.jpg","width":296,"height":300},{"@type":"BreadcrumbList","@id":"https:\/\/francois-pelletant.fr\/blog\/inscription-listes-electorales-pour-elections-regionales\/#breadcrumb","itemListElement":[{"@type":"ListItem","position":1,"name":"Accueil","item":"https:\/\/francois-pelletant.fr\/blog\/"},{"@type":"ListItem","position":2,"name":"Inscription sur les listes \u00e9lectorales pour les \u00e9lections r\u00e9gionales"}]},{"@type":"WebSite","@id":"https:\/\/francois-pelletant.fr\/blog\/#website","url":"https:\/\/francois-pelletant.fr\/blog\/","name":"Fran\u00e7ois Pelletant","description":"Maire de Linas, pour toujours.","publisher":{"@id":"https:\/\/francois-pelletant.fr\/blog\/#organization"},"potentialAction":[{"@type":"SearchAction","target":{"@type":"EntryPoint","urlTemplate":"https:\/\/francois-pelletant.fr\/blog\/?s={search_term_string}"},"query-input":{"@type":"PropertyValueSpecification","valueRequired":true,"valueName":"search_term_string"}}],"inLanguage":"fr-FR"},{"@type":"Organization","@id":"https:\/\/francois-pelletant.fr\/blog\/#organization","name":"Fran\u00e7ois Pelletant","url":"https:\/\/francois-pelletant.fr\/blog\/","logo":{"@type":"ImageObject","inLanguage":"fr-FR","@id":"https:\/\/francois-pelletant.fr\/blog\/#\/schema\/logo\/image\/","url":"https:\/\/francois-pelletant.fr\/blog\/wp-content\/uploads\/2024\/07\/icone-francois-centre-500p.png","contentUrl":"https:\/\/francois-pelletant.fr\/blog\/wp-content\/uploads\/2024\/07\/icone-francois-centre-500p.png","width":559,"height":447,"caption":"Fran\u00e7ois Pelletant"},"image":{"@id":"https:\/\/francois-pelletant.fr\/blog\/#\/schema\/logo\/image\/"},"sameAs":["https:\/\/www.facebook.com\/francois.pelletant.7","https:\/\/x.com\/pelletant"]},{"@type":"Person","@id":"https:\/\/francois-pelletant.fr\/blog\/#\/schema\/person\/2be41acb171dff8f31aaed1f40cee9f3","name":"Francois"}]}},"_links":{"self":[{"href":"https:\/\/francois-pelletant.fr\/blog\/wp-json\/wp\/v2\/posts\/6505","targetHints":{"allow":["GET"]}}],"collection":[{"href":"https:\/\/francois-pelletant.fr\/blog\/wp-json\/wp\/v2\/posts"}],"about":[{"href":"https:\/\/francois-pelletant.fr\/blog\/wp-json\/wp\/v2\/types\/post"}],"author":[{"embeddable":true,"href":"https:\/\/francois-pelletant.fr\/blog\/wp-json\/wp\/v2\/users\/1"}],"replies":[{"embeddable":true,"href":"https:\/\/francois-pelletant.fr\/blog\/wp-json\/wp\/v2\/comments?post=6505"}],"version-history":[{"count":0,"href":"https:\/\/francois-pelletant.fr\/blog\/wp-json\/wp\/v2\/posts\/6505\/revisions"}],"wp:featuredmedia":[{"embeddable":true,"href":"https:\/\/francois-pelletant.fr\/blog\/wp-json\/wp\/v2\/media\/6506"}],"wp:attachment":[{"href":"https:\/\/francois-pelletant.fr\/blog\/wp-json\/wp\/v2\/media?parent=6505"}],"wp:term":[{"taxonomy":"category","embeddable":true,"href":"https:\/\/francois-pelletant.fr\/blog\/wp-json\/wp\/v2\/categories?post=6505"},{"taxonomy":"post_tag","embeddable":true,"href":"https:\/\/francois-pelletant.fr\/blog\/wp-json\/wp\/v2\/tags?post=6505"}],"curies":[{"name":"wp","href":"https:\/\/api.w.org\/{rel}","templated":true}]}}