{"id":6523,"date":"2015-08-27T09:20:04","date_gmt":"2015-08-27T09:20:04","guid":{"rendered":"https:\/\/francois-pelletant.fr\/blog\/?p=6523"},"modified":"2017-04-20T10:19:27","modified_gmt":"2017-04-20T10:19:27","slug":"voici-le-nouveau-panneau-rn20","status":"publish","type":"post","link":"https:\/\/francois-pelletant.fr\/blog\/voici-le-nouveau-panneau-rn20\/","title":{"rendered":"Voici le nouveau panneau RN20"},"content":{"rendered":"<h3>.<img loading=\"lazy\" decoding=\"async\" class=\"alignleft wp-image-6524 size-medium\" src=\"https:\/\/francois-pelletant.fr\/blog\/wp-content\/uploads\/2015\/09\/panneaux-radars-2carlosV2-300x191-300x191.jpg\" alt=\"image- nouveau-panneau-radars- rn20\" width=\"300\" height=\"191\" \/><\/h3>\n<h3>Un nouveau panneau sur la N20<\/h3>\n<p>Pas facile d&#8217;\u00eatre le Robin des Bois de la s\u00e9curit\u00e9 routi\u00e8re. Cet \u00e9t\u00e9, j&#8217;ai \u00e9t\u00e9 convoqu\u00e9 au commissariat suite \u00e0 l&#8217;implantation sur la <a href=\"https:\/\/fr.wikipedia.org\/wiki\/Route_nationale_20_(France)\" target=\"_blank\" rel=\"nofollow\">RN20<\/a> de panneaux signalant les dangers au carrefour \u00e0 feux \u00e9quip\u00e9s de radars.<\/p>\n<p>Je vous rassure, les forces de l&#8217;ordre et l&#8217;officier charg\u00e9 de l\u2019enqu\u00eate ont \u00e9t\u00e9 des plus corrects et r\u00e9publicains. Mais il y a des jours o\u00f9 je me dis qu&#8217;il faut savoir prendre des coups en politique.<\/p>\n<p>L&#8217;origine de cette convocation est une plainte d\u00e9pos\u00e9e par la Pr\u00e9fecture. Qui, en effet, on le comprend, ne voit pas d&#8217;un bon \u0153il qu&#8217;un Maire trouve le moyen de signaler des radars, dont la vocation est de surprendre les automobilistes. Et quand, en plus, ce Maire mobilise la Ligue des conducteurs et obtient plus de 50 000 signatures, \u00e7a devient tr\u00e8s inqui\u00e9tant.<\/p>\n<p>Moi je n&#8217;ai rien contre les radars. Et je m\u00eame suis rest\u00e9 sur la ligne que je vous avais indiqu\u00e9e dans en mars dernier.\u00a0La ville exp\u00e9rimente cette signalisation et d\u00e9cidera si elle la maintient ou la retire.<\/p>\n<p>Voil\u00e0 donc de quoi animer un \u00e9t\u00e9 ! J&#8217;en profite pour remercier tous ceux qui m&#8217;ont envoy\u00e9 les exemples de panneaux humoristiques. Vous constaterez que je les ai publi\u00e9s r\u00e9guli\u00e8rement sur mon blog.<\/p>\n<p>En ce qui concerne le devenir de ces panneaux, avec les adjoints concern\u00e9s, nous avons fait le bilan \u00e0 la fin du mois d\u2019ao\u00fbt au regard des remarques exprim\u00e9es par tous. Nous avons d\u00e9cid\u00e9 de maintenir ces panneaux mais sous une autre forme. La Pr\u00e9fecture sera satisfaite puisque cela r\u00e9pond \u00e0 leur principale critique. \u00a0D&#8217;apr\u00e8s\u00a0leur dire nos panneaux n\u2019\u00e9taient pas issus de la nomenclature officielle. Cette fois-ci, nous avons utilis\u00e9 un panneau SR50 surmont\u00e9 d&#8217;un panneau A17 conformes \u00e0 l\u2019Instruction Minist\u00e9rielle sur la Signalisation Routi\u00e8re.<\/p>\n<p>Pour conclure , je pr\u00e9cise que la municipalit\u00e9 de Linas et son maire sont des gens ouverts avec qui on peut discuter et qu&#8217;il n&#8217;est pas n\u00e9cessaire constamment de chercher \u00e0 les faire taire en d\u00e9gainant la grosse artillerie. A moins que l&#8217;on cherche \u00e0 nous an\u00e9antir, mais cela fait plusieurs ann\u00e9es que \u00e7a dure&#8230; sans succ\u00e8s.<\/p>\n","protected":false},"excerpt":{"rendered":"<p>. Un nouveau panneau sur la N20 Pas facile d&#8217;\u00eatre le Robin des Bois de la s\u00e9curit\u00e9 routi\u00e8re. Cet \u00e9t\u00e9, j&#8217;ai \u00e9t\u00e9 convoqu\u00e9 au commissariat suite \u00e0 l&#8217;implantation sur la RN20 de panneaux signalant les dangers au carrefour \u00e0 feux \u00e9quip\u00e9s de radars. Je vous rassure, les forces de l&#8217;ordre et l&#8217;officier charg\u00e9 de l\u2019enqu\u00eate [&hellip;]<\/p>\n","protected":false},"author":1,"featured_media":6524,"comment_status":"open","ping_status":"open","sticky":false,"template":"","format":"standard","meta":{"footnotes":""},"categories":[19],"tags":[],"class_list":["post-6523","post","type-post","status-publish","format-standard","has-post-thumbnail","hentry","category-rn20"],"yoast_head":"<!-- This site is optimized with the Yoast SEO plugin v25.6 - https:\/\/yoast.com\/wordpress\/plugins\/seo\/ -->\n<title>Voici le nouveau panneau RN20 - Fran\u00e7ois Pelletant<\/title>\n<meta name=\"description\" content=\"La ville de Linas exp\u00e9rimente un nouveau panneau sur la la route nationale 20.\" \/>\n<meta name=\"robots\" content=\"index, follow, max-snippet:-1, max-image-preview:large, max-video-preview:-1\" \/>\n<link rel=\"canonical\" href=\"https:\/\/francois-pelletant.fr\/blog\/voici-le-nouveau-panneau-rn20\/\" \/>\n<meta property=\"og:locale\" content=\"fr_FR\" \/>\n<meta property=\"og:type\" content=\"article\" \/>\n<meta property=\"og:title\" content=\"Voici le nouveau panneau RN20 - Fran\u00e7ois Pelletant\" \/>\n<meta property=\"og:description\" content=\"La ville de Linas exp\u00e9rimente un nouveau panneau sur la la route nationale 20.\" \/>\n<meta property=\"og:url\" content=\"https:\/\/francois-pelletant.fr\/blog\/voici-le-nouveau-panneau-rn20\/\" \/>\n<meta property=\"og:site_name\" content=\"Fran\u00e7ois Pelletant\" \/>\n<meta property=\"article:publisher\" content=\"https:\/\/www.facebook.com\/francois.pelletant.7\" \/>\n<meta property=\"article:published_time\" content=\"2015-08-27T09:20:04+00:00\" \/>\n<meta property=\"article:modified_time\" content=\"2017-04-20T10:19:27+00:00\" \/>\n<meta property=\"og:image\" content=\"https:\/\/francois-pelletant.fr\/blog\/wp-content\/uploads\/2015\/09\/panneaux-radars-2carlosV2-300x191.jpg\" \/>\n\t<meta property=\"og:image:width\" content=\"300\" \/>\n\t<meta property=\"og:image:height\" content=\"191\" \/>\n\t<meta property=\"og:image:type\" content=\"image\/jpeg\" \/>\n<meta name=\"author\" content=\"Francois\" \/>\n<meta name=\"twitter:card\" content=\"summary_large_image\" \/>\n<meta name=\"twitter:creator\" content=\"@pelletant\" \/>\n<meta name=\"twitter:site\" content=\"@pelletant\" \/>\n<meta name=\"twitter:label1\" content=\"\u00c9crit par\" \/>\n\t<meta name=\"twitter:data1\" content=\"Francois\" \/>\n\t<meta name=\"twitter:label2\" content=\"Dur\u00e9e de lecture estim\u00e9e\" \/>\n\t<meta name=\"twitter:data2\" content=\"2 minutes\" \/>\n<script type=\"application\/ld+json\" class=\"yoast-schema-graph\">{\"@context\":\"https:\/\/schema.org\",\"@graph\":[{\"@type\":\"Article\",\"@id\":\"https:\/\/francois-pelletant.fr\/blog\/voici-le-nouveau-panneau-rn20\/#article\",\"isPartOf\":{\"@id\":\"https:\/\/francois-pelletant.fr\/blog\/voici-le-nouveau-panneau-rn20\/\"},\"author\":{\"name\":\"Francois\",\"@id\":\"https:\/\/francois-pelletant.fr\/blog\/#\/schema\/person\/2be41acb171dff8f31aaed1f40cee9f3\"},\"headline\":\"Voici le nouveau panneau RN20\",\"datePublished\":\"2015-08-27T09:20:04+00:00\",\"dateModified\":\"2017-04-20T10:19:27+00:00\",\"mainEntityOfPage\":{\"@id\":\"https:\/\/francois-pelletant.fr\/blog\/voici-le-nouveau-panneau-rn20\/\"},\"wordCount\":402,\"commentCount\":0,\"publisher\":{\"@id\":\"https:\/\/francois-pelletant.fr\/blog\/#organization\"},\"image\":{\"@id\":\"https:\/\/francois-pelletant.fr\/blog\/voici-le-nouveau-panneau-rn20\/#primaryimage\"},\"thumbnailUrl\":\"https:\/\/francois-pelletant.fr\/blog\/wp-content\/uploads\/2015\/09\/panneaux-radars-2carlosV2-300x191.jpg\",\"articleSection\":[\"RN20\"],\"inLanguage\":\"fr-FR\",\"potentialAction\":[{\"@type\":\"CommentAction\",\"name\":\"Comment\",\"target\":[\"https:\/\/francois-pelletant.fr\/blog\/voici-le-nouveau-panneau-rn20\/#respond\"]}]},{\"@type\":\"WebPage\",\"@id\":\"https:\/\/francois-pelletant.fr\/blog\/voici-le-nouveau-panneau-rn20\/\",\"url\":\"https:\/\/francois-pelletant.fr\/blog\/voici-le-nouveau-panneau-rn20\/\",\"name\":\"Voici le nouveau panneau RN20 - Fran\u00e7ois Pelletant\",\"isPartOf\":{\"@id\":\"https:\/\/francois-pelletant.fr\/blog\/#website\"},\"primaryImageOfPage\":{\"@id\":\"https:\/\/francois-pelletant.fr\/blog\/voici-le-nouveau-panneau-rn20\/#primaryimage\"},\"image\":{\"@id\":\"https:\/\/francois-pelletant.fr\/blog\/voici-le-nouveau-panneau-rn20\/#primaryimage\"},\"thumbnailUrl\":\"https:\/\/francois-pelletant.fr\/blog\/wp-content\/uploads\/2015\/09\/panneaux-radars-2carlosV2-300x191.jpg\",\"datePublished\":\"2015-08-27T09:20:04+00:00\",\"dateModified\":\"2017-04-20T10:19:27+00:00\",\"description\":\"La ville de Linas exp\u00e9rimente un nouveau panneau sur la la route nationale 20.\",\"breadcrumb\":{\"@id\":\"https:\/\/francois-pelletant.fr\/blog\/voici-le-nouveau-panneau-rn20\/#breadcrumb\"},\"inLanguage\":\"fr-FR\",\"potentialAction\":[{\"@type\":\"ReadAction\",\"target\":[\"https:\/\/francois-pelletant.fr\/blog\/voici-le-nouveau-panneau-rn20\/\"]}]},{\"@type\":\"ImageObject\",\"inLanguage\":\"fr-FR\",\"@id\":\"https:\/\/francois-pelletant.fr\/blog\/voici-le-nouveau-panneau-rn20\/#primaryimage\",\"url\":\"https:\/\/francois-pelletant.fr\/blog\/wp-content\/uploads\/2015\/09\/panneaux-radars-2carlosV2-300x191.jpg\",\"contentUrl\":\"https:\/\/francois-pelletant.fr\/blog\/wp-content\/uploads\/2015\/09\/panneaux-radars-2carlosV2-300x191.jpg\",\"width\":300,\"height\":191},{\"@type\":\"BreadcrumbList\",\"@id\":\"https:\/\/francois-pelletant.fr\/blog\/voici-le-nouveau-panneau-rn20\/#breadcrumb\",\"itemListElement\":[{\"@type\":\"ListItem\",\"position\":1,\"name\":\"Accueil\",\"item\":\"https:\/\/francois-pelletant.fr\/blog\/\"},{\"@type\":\"ListItem\",\"position\":2,\"name\":\"Voici le nouveau panneau RN20\"}]},{\"@type\":\"WebSite\",\"@id\":\"https:\/\/francois-pelletant.fr\/blog\/#website\",\"url\":\"https:\/\/francois-pelletant.fr\/blog\/\",\"name\":\"Fran\u00e7ois Pelletant\",\"description\":\"Maire de Linas, pour toujours.\",\"publisher\":{\"@id\":\"https:\/\/francois-pelletant.fr\/blog\/#organization\"},\"potentialAction\":[{\"@type\":\"SearchAction\",\"target\":{\"@type\":\"EntryPoint\",\"urlTemplate\":\"https:\/\/francois-pelletant.fr\/blog\/?s={search_term_string}\"},\"query-input\":{\"@type\":\"PropertyValueSpecification\",\"valueRequired\":true,\"valueName\":\"search_term_string\"}}],\"inLanguage\":\"fr-FR\"},{\"@type\":\"Organization\",\"@id\":\"https:\/\/francois-pelletant.fr\/blog\/#organization\",\"name\":\"Fran\u00e7ois Pelletant\",\"url\":\"https:\/\/francois-pelletant.fr\/blog\/\",\"logo\":{\"@type\":\"ImageObject\",\"inLanguage\":\"fr-FR\",\"@id\":\"https:\/\/francois-pelletant.fr\/blog\/#\/schema\/logo\/image\/\",\"url\":\"https:\/\/francois-pelletant.fr\/blog\/wp-content\/uploads\/2024\/07\/icone-francois-centre-500p.png\",\"contentUrl\":\"https:\/\/francois-pelletant.fr\/blog\/wp-content\/uploads\/2024\/07\/icone-francois-centre-500p.png\",\"width\":559,\"height\":447,\"caption\":\"Fran\u00e7ois Pelletant\"},\"image\":{\"@id\":\"https:\/\/francois-pelletant.fr\/blog\/#\/schema\/logo\/image\/\"},\"sameAs\":[\"https:\/\/www.facebook.com\/francois.pelletant.7\",\"https:\/\/x.com\/pelletant\"]},{\"@type\":\"Person\",\"@id\":\"https:\/\/francois-pelletant.fr\/blog\/#\/schema\/person\/2be41acb171dff8f31aaed1f40cee9f3\",\"name\":\"Francois\"}]}<\/script>\n<!-- \/ Yoast SEO plugin. -->","yoast_head_json":{"title":"Voici le nouveau panneau RN20 - Fran\u00e7ois Pelletant","description":"La ville de Linas exp\u00e9rimente un nouveau panneau sur la la route nationale 20.","robots":{"index":"index","follow":"follow","max-snippet":"max-snippet:-1","max-image-preview":"max-image-preview:large","max-video-preview":"max-video-preview:-1"},"canonical":"https:\/\/francois-pelletant.fr\/blog\/voici-le-nouveau-panneau-rn20\/","og_locale":"fr_FR","og_type":"article","og_title":"Voici le nouveau panneau RN20 - Fran\u00e7ois Pelletant","og_description":"La ville de Linas exp\u00e9rimente un nouveau panneau sur la la route nationale 20.","og_url":"https:\/\/francois-pelletant.fr\/blog\/voici-le-nouveau-panneau-rn20\/","og_site_name":"Fran\u00e7ois Pelletant","article_publisher":"https:\/\/www.facebook.com\/francois.pelletant.7","article_published_time":"2015-08-27T09:20:04+00:00","article_modified_time":"2017-04-20T10:19:27+00:00","og_image":[{"width":300,"height":191,"url":"https:\/\/francois-pelletant.fr\/blog\/wp-content\/uploads\/2015\/09\/panneaux-radars-2carlosV2-300x191.jpg","type":"image\/jpeg"}],"author":"Francois","twitter_card":"summary_large_image","twitter_creator":"@pelletant","twitter_site":"@pelletant","twitter_misc":{"\u00c9crit par":"Francois","Dur\u00e9e de lecture estim\u00e9e":"2 minutes"},"schema":{"@context":"https:\/\/schema.org","@graph":[{"@type":"Article","@id":"https:\/\/francois-pelletant.fr\/blog\/voici-le-nouveau-panneau-rn20\/#article","isPartOf":{"@id":"https:\/\/francois-pelletant.fr\/blog\/voici-le-nouveau-panneau-rn20\/"},"author":{"name":"Francois","@id":"https:\/\/francois-pelletant.fr\/blog\/#\/schema\/person\/2be41acb171dff8f31aaed1f40cee9f3"},"headline":"Voici le nouveau panneau RN20","datePublished":"2015-08-27T09:20:04+00:00","dateModified":"2017-04-20T10:19:27+00:00","mainEntityOfPage":{"@id":"https:\/\/francois-pelletant.fr\/blog\/voici-le-nouveau-panneau-rn20\/"},"wordCount":402,"commentCount":0,"publisher":{"@id":"https:\/\/francois-pelletant.fr\/blog\/#organization"},"image":{"@id":"https:\/\/francois-pelletant.fr\/blog\/voici-le-nouveau-panneau-rn20\/#primaryimage"},"thumbnailUrl":"https:\/\/francois-pelletant.fr\/blog\/wp-content\/uploads\/2015\/09\/panneaux-radars-2carlosV2-300x191.jpg","articleSection":["RN20"],"inLanguage":"fr-FR","potentialAction":[{"@type":"CommentAction","name":"Comment","target":["https:\/\/francois-pelletant.fr\/blog\/voici-le-nouveau-panneau-rn20\/#respond"]}]},{"@type":"WebPage","@id":"https:\/\/francois-pelletant.fr\/blog\/voici-le-nouveau-panneau-rn20\/","url":"https:\/\/francois-pelletant.fr\/blog\/voici-le-nouveau-panneau-rn20\/","name":"Voici le nouveau panneau RN20 - Fran\u00e7ois Pelletant","isPartOf":{"@id":"https:\/\/francois-pelletant.fr\/blog\/#website"},"primaryImageOfPage":{"@id":"https:\/\/francois-pelletant.fr\/blog\/voici-le-nouveau-panneau-rn20\/#primaryimage"},"image":{"@id":"https:\/\/francois-pelletant.fr\/blog\/voici-le-nouveau-panneau-rn20\/#primaryimage"},"thumbnailUrl":"https:\/\/francois-pelletant.fr\/blog\/wp-content\/uploads\/2015\/09\/panneaux-radars-2carlosV2-300x191.jpg","datePublished":"2015-08-27T09:20:04+00:00","dateModified":"2017-04-20T10:19:27+00:00","description":"La ville de Linas exp\u00e9rimente un nouveau panneau sur la la route nationale 20.","breadcrumb":{"@id":"https:\/\/francois-pelletant.fr\/blog\/voici-le-nouveau-panneau-rn20\/#breadcrumb"},"inLanguage":"fr-FR","potentialAction":[{"@type":"ReadAction","target":["https:\/\/francois-pelletant.fr\/blog\/voici-le-nouveau-panneau-rn20\/"]}]},{"@type":"ImageObject","inLanguage":"fr-FR","@id":"https:\/\/francois-pelletant.fr\/blog\/voici-le-nouveau-panneau-rn20\/#primaryimage","url":"https:\/\/francois-pelletant.fr\/blog\/wp-content\/uploads\/2015\/09\/panneaux-radars-2carlosV2-300x191.jpg","contentUrl":"https:\/\/francois-pelletant.fr\/blog\/wp-content\/uploads\/2015\/09\/panneaux-radars-2carlosV2-300x191.jpg","width":300,"height":191},{"@type":"BreadcrumbList","@id":"https:\/\/francois-pelletant.fr\/blog\/voici-le-nouveau-panneau-rn20\/#breadcrumb","itemListElement":[{"@type":"ListItem","position":1,"name":"Accueil","item":"https:\/\/francois-pelletant.fr\/blog\/"},{"@type":"ListItem","position":2,"name":"Voici le nouveau panneau RN20"}]},{"@type":"WebSite","@id":"https:\/\/francois-pelletant.fr\/blog\/#website","url":"https:\/\/francois-pelletant.fr\/blog\/","name":"Fran\u00e7ois Pelletant","description":"Maire de Linas, pour toujours.","publisher":{"@id":"https:\/\/francois-pelletant.fr\/blog\/#organization"},"potentialAction":[{"@type":"SearchAction","target":{"@type":"EntryPoint","urlTemplate":"https:\/\/francois-pelletant.fr\/blog\/?s={search_term_string}"},"query-input":{"@type":"PropertyValueSpecification","valueRequired":true,"valueName":"search_term_string"}}],"inLanguage":"fr-FR"},{"@type":"Organization","@id":"https:\/\/francois-pelletant.fr\/blog\/#organization","name":"Fran\u00e7ois Pelletant","url":"https:\/\/francois-pelletant.fr\/blog\/","logo":{"@type":"ImageObject","inLanguage":"fr-FR","@id":"https:\/\/francois-pelletant.fr\/blog\/#\/schema\/logo\/image\/","url":"https:\/\/francois-pelletant.fr\/blog\/wp-content\/uploads\/2024\/07\/icone-francois-centre-500p.png","contentUrl":"https:\/\/francois-pelletant.fr\/blog\/wp-content\/uploads\/2024\/07\/icone-francois-centre-500p.png","width":559,"height":447,"caption":"Fran\u00e7ois Pelletant"},"image":{"@id":"https:\/\/francois-pelletant.fr\/blog\/#\/schema\/logo\/image\/"},"sameAs":["https:\/\/www.facebook.com\/francois.pelletant.7","https:\/\/x.com\/pelletant"]},{"@type":"Person","@id":"https:\/\/francois-pelletant.fr\/blog\/#\/schema\/person\/2be41acb171dff8f31aaed1f40cee9f3","name":"Francois"}]}},"_links":{"self":[{"href":"https:\/\/francois-pelletant.fr\/blog\/wp-json\/wp\/v2\/posts\/6523","targetHints":{"allow":["GET"]}}],"collection":[{"href":"https:\/\/francois-pelletant.fr\/blog\/wp-json\/wp\/v2\/posts"}],"about":[{"href":"https:\/\/francois-pelletant.fr\/blog\/wp-json\/wp\/v2\/types\/post"}],"author":[{"embeddable":true,"href":"https:\/\/francois-pelletant.fr\/blog\/wp-json\/wp\/v2\/users\/1"}],"replies":[{"embeddable":true,"href":"https:\/\/francois-pelletant.fr\/blog\/wp-json\/wp\/v2\/comments?post=6523"}],"version-history":[{"count":0,"href":"https:\/\/francois-pelletant.fr\/blog\/wp-json\/wp\/v2\/posts\/6523\/revisions"}],"wp:featuredmedia":[{"embeddable":true,"href":"https:\/\/francois-pelletant.fr\/blog\/wp-json\/wp\/v2\/media\/6524"}],"wp:attachment":[{"href":"https:\/\/francois-pelletant.fr\/blog\/wp-json\/wp\/v2\/media?parent=6523"}],"wp:term":[{"taxonomy":"category","embeddable":true,"href":"https:\/\/francois-pelletant.fr\/blog\/wp-json\/wp\/v2\/categories?post=6523"},{"taxonomy":"post_tag","embeddable":true,"href":"https:\/\/francois-pelletant.fr\/blog\/wp-json\/wp\/v2\/tags?post=6523"}],"curies":[{"name":"wp","href":"https:\/\/api.w.org\/{rel}","templated":true}]}}