{"id":6537,"date":"2015-09-03T09:33:01","date_gmt":"2015-09-03T09:33:01","guid":{"rendered":"https:\/\/francois-pelletant.fr\/blog\/?p=6537"},"modified":"2015-09-14T09:37:59","modified_gmt":"2015-09-14T09:37:59","slug":"tres-haut-debit-les-raccordements-se-poursuivent","status":"publish","type":"post","link":"https:\/\/francois-pelletant.fr\/blog\/tres-haut-debit-les-raccordements-se-poursuivent\/","title":{"rendered":"Tr\u00e8s Haut D\u00e9bit : les raccordements se poursuivent"},"content":{"rendered":"<p><a href=\"https:\/\/francois-pelletant.fr\/blog\/wp-content\/uploads\/2015\/09\/carre-thd-sept2015.jpg\"><img loading=\"lazy\" decoding=\"async\" class=\"size-full wp-image-6538 alignleft\" src=\"https:\/\/francois-pelletant.fr\/blog\/wp-content\/uploads\/2015\/09\/carre-thd-sept2015.jpg\" alt=\"carre-thd-sept2015\" width=\"236\" height=\"236\" srcset=\"https:\/\/francois-pelletant.fr\/blog\/wp-content\/uploads\/2015\/09\/carre-thd-sept2015.jpg 236w, https:\/\/francois-pelletant.fr\/blog\/wp-content\/uploads\/2015\/09\/carre-thd-sept2015-150x150.jpg 150w, https:\/\/francois-pelletant.fr\/blog\/wp-content\/uploads\/2015\/09\/carre-thd-sept2015-230x230.jpg 230w\" sizes=\"auto, (max-width: 236px) 100vw, 236px\" \/><\/a>14.828 c\u2019est le nombre de foyers sur le territoire d\u2019Europ\u2019Essonne qui peuvent d&#8217;ores et d\u00e9j\u00e0 se raccorder au Tr\u00e8s Haut D\u00e9bit (THD). Apr\u00e8s avoir donn\u00e9 la capacit\u00e9 \u00e0 toutes ses entreprises d\u2019acc\u00e9der \u00e0 la fibre, puis \u00e0 tous les habitants Ballainvilliers, Champlan, Epinay-sur-Orge, La Ville du Bois, Nozay et Saulx-les-Chartreux, E\u00b2 engage d&#8217;ores et d\u00e9j\u00e0 une nouvelle phase dans son d\u00e9ploiement de la fibre optique.<\/p>\n<p>Environ 9.000 nouveaux foyers situ\u00e9s sur Chilly-Mazarin, Longjumeau et Villebon sur Yvette seront raccordables d\u2019ici la fin de l\u2019ann\u00e9e.<\/p>\n<p>90% des commandes de raccordement de particuliers sont d\u00e9j\u00e0 r\u00e9alis\u00e9es. 20 millions d&#8217;euros seront au final investis pour ce grand chantier.<\/p>\n<p>Afin d\u2019accompagner l\u2019arriv\u00e9e de la fibre \u00e0 Longjumeau, une r\u00e9union d\u2019information est organis\u00e9e le Vendredi 2 Octobre \u00e0 19h, salle Anne Frank.<\/p>\n<p>Pour obtenir le THD, comment faire ? Consultez le site\u00a0www.thd.europessonne.fr<\/p>\n","protected":false},"excerpt":{"rendered":"<p>14.828 c\u2019est le nombre de foyers sur le territoire d\u2019Europ\u2019Essonne qui peuvent d&#8217;ores et d\u00e9j\u00e0 se raccorder au Tr\u00e8s Haut D\u00e9bit (THD). Apr\u00e8s avoir donn\u00e9 la capacit\u00e9 \u00e0 toutes ses entreprises d\u2019acc\u00e9der \u00e0 la fibre, puis \u00e0 tous les habitants Ballainvilliers, Champlan, Epinay-sur-Orge, La Ville du Bois, Nozay et Saulx-les-Chartreux, E\u00b2 engage d&#8217;ores et d\u00e9j\u00e0 [&hellip;]<\/p>\n","protected":false},"author":1,"featured_media":6538,"comment_status":"open","ping_status":"open","sticky":false,"template":"","format":"standard","meta":{"footnotes":""},"categories":[23],"tags":[],"class_list":["post-6537","post","type-post","status-publish","format-standard","has-post-thumbnail","hentry","category-thd"],"yoast_head":"<!-- This site is optimized with the Yoast SEO plugin v25.6 - https:\/\/yoast.com\/wordpress\/plugins\/seo\/ -->\n<title>Tr\u00e8s Haut D\u00e9bit : les raccordements se poursuivent - Fran\u00e7ois Pelletant<\/title>\n<meta name=\"robots\" content=\"index, follow, max-snippet:-1, max-image-preview:large, max-video-preview:-1\" \/>\n<link rel=\"canonical\" href=\"https:\/\/francois-pelletant.fr\/blog\/tres-haut-debit-les-raccordements-se-poursuivent\/\" \/>\n<meta property=\"og:locale\" content=\"fr_FR\" \/>\n<meta property=\"og:type\" content=\"article\" \/>\n<meta property=\"og:title\" content=\"Tr\u00e8s Haut D\u00e9bit : les raccordements se poursuivent - Fran\u00e7ois Pelletant\" \/>\n<meta property=\"og:description\" content=\"14.828 c\u2019est le nombre de foyers sur le territoire d\u2019Europ\u2019Essonne qui peuvent d&#8217;ores et d\u00e9j\u00e0 se raccorder au Tr\u00e8s Haut D\u00e9bit (THD). Apr\u00e8s avoir donn\u00e9 la capacit\u00e9 \u00e0 toutes ses entreprises d\u2019acc\u00e9der \u00e0 la fibre, puis \u00e0 tous les habitants Ballainvilliers, Champlan, Epinay-sur-Orge, La Ville du Bois, Nozay et Saulx-les-Chartreux, E\u00b2 engage d&#8217;ores et d\u00e9j\u00e0 [&hellip;]\" \/>\n<meta property=\"og:url\" content=\"https:\/\/francois-pelletant.fr\/blog\/tres-haut-debit-les-raccordements-se-poursuivent\/\" \/>\n<meta property=\"og:site_name\" content=\"Fran\u00e7ois Pelletant\" \/>\n<meta property=\"article:publisher\" content=\"https:\/\/www.facebook.com\/francois.pelletant.7\" \/>\n<meta property=\"article:published_time\" content=\"2015-09-03T09:33:01+00:00\" \/>\n<meta property=\"article:modified_time\" content=\"2015-09-14T09:37:59+00:00\" \/>\n<meta property=\"og:image\" content=\"https:\/\/francois-pelletant.fr\/blog\/wp-content\/uploads\/2015\/09\/carre-thd-sept2015.jpg\" \/>\n\t<meta property=\"og:image:width\" content=\"236\" \/>\n\t<meta property=\"og:image:height\" content=\"236\" \/>\n\t<meta property=\"og:image:type\" content=\"image\/jpeg\" \/>\n<meta name=\"author\" content=\"Francois\" \/>\n<meta name=\"twitter:card\" content=\"summary_large_image\" \/>\n<meta name=\"twitter:creator\" content=\"@pelletant\" \/>\n<meta name=\"twitter:site\" content=\"@pelletant\" \/>\n<meta name=\"twitter:label1\" content=\"\u00c9crit par\" \/>\n\t<meta name=\"twitter:data1\" content=\"Francois\" \/>\n\t<meta name=\"twitter:label2\" content=\"Dur\u00e9e de lecture estim\u00e9e\" \/>\n\t<meta name=\"twitter:data2\" content=\"1 minute\" \/>\n<script type=\"application\/ld+json\" class=\"yoast-schema-graph\">{\"@context\":\"https:\/\/schema.org\",\"@graph\":[{\"@type\":\"Article\",\"@id\":\"https:\/\/francois-pelletant.fr\/blog\/tres-haut-debit-les-raccordements-se-poursuivent\/#article\",\"isPartOf\":{\"@id\":\"https:\/\/francois-pelletant.fr\/blog\/tres-haut-debit-les-raccordements-se-poursuivent\/\"},\"author\":{\"name\":\"Francois\",\"@id\":\"https:\/\/francois-pelletant.fr\/blog\/#\/schema\/person\/2be41acb171dff8f31aaed1f40cee9f3\"},\"headline\":\"Tr\u00e8s Haut D\u00e9bit : les raccordements se poursuivent\",\"datePublished\":\"2015-09-03T09:33:01+00:00\",\"dateModified\":\"2015-09-14T09:37:59+00:00\",\"mainEntityOfPage\":{\"@id\":\"https:\/\/francois-pelletant.fr\/blog\/tres-haut-debit-les-raccordements-se-poursuivent\/\"},\"wordCount\":166,\"commentCount\":0,\"publisher\":{\"@id\":\"https:\/\/francois-pelletant.fr\/blog\/#organization\"},\"image\":{\"@id\":\"https:\/\/francois-pelletant.fr\/blog\/tres-haut-debit-les-raccordements-se-poursuivent\/#primaryimage\"},\"thumbnailUrl\":\"https:\/\/francois-pelletant.fr\/blog\/wp-content\/uploads\/2015\/09\/carre-thd-sept2015.jpg\",\"articleSection\":[\"Tr\u00e8s Haut D\u00e9bit\"],\"inLanguage\":\"fr-FR\",\"potentialAction\":[{\"@type\":\"CommentAction\",\"name\":\"Comment\",\"target\":[\"https:\/\/francois-pelletant.fr\/blog\/tres-haut-debit-les-raccordements-se-poursuivent\/#respond\"]}]},{\"@type\":\"WebPage\",\"@id\":\"https:\/\/francois-pelletant.fr\/blog\/tres-haut-debit-les-raccordements-se-poursuivent\/\",\"url\":\"https:\/\/francois-pelletant.fr\/blog\/tres-haut-debit-les-raccordements-se-poursuivent\/\",\"name\":\"Tr\u00e8s Haut D\u00e9bit : les raccordements se poursuivent - Fran\u00e7ois Pelletant\",\"isPartOf\":{\"@id\":\"https:\/\/francois-pelletant.fr\/blog\/#website\"},\"primaryImageOfPage\":{\"@id\":\"https:\/\/francois-pelletant.fr\/blog\/tres-haut-debit-les-raccordements-se-poursuivent\/#primaryimage\"},\"image\":{\"@id\":\"https:\/\/francois-pelletant.fr\/blog\/tres-haut-debit-les-raccordements-se-poursuivent\/#primaryimage\"},\"thumbnailUrl\":\"https:\/\/francois-pelletant.fr\/blog\/wp-content\/uploads\/2015\/09\/carre-thd-sept2015.jpg\",\"datePublished\":\"2015-09-03T09:33:01+00:00\",\"dateModified\":\"2015-09-14T09:37:59+00:00\",\"breadcrumb\":{\"@id\":\"https:\/\/francois-pelletant.fr\/blog\/tres-haut-debit-les-raccordements-se-poursuivent\/#breadcrumb\"},\"inLanguage\":\"fr-FR\",\"potentialAction\":[{\"@type\":\"ReadAction\",\"target\":[\"https:\/\/francois-pelletant.fr\/blog\/tres-haut-debit-les-raccordements-se-poursuivent\/\"]}]},{\"@type\":\"ImageObject\",\"inLanguage\":\"fr-FR\",\"@id\":\"https:\/\/francois-pelletant.fr\/blog\/tres-haut-debit-les-raccordements-se-poursuivent\/#primaryimage\",\"url\":\"https:\/\/francois-pelletant.fr\/blog\/wp-content\/uploads\/2015\/09\/carre-thd-sept2015.jpg\",\"contentUrl\":\"https:\/\/francois-pelletant.fr\/blog\/wp-content\/uploads\/2015\/09\/carre-thd-sept2015.jpg\",\"width\":236,\"height\":236},{\"@type\":\"BreadcrumbList\",\"@id\":\"https:\/\/francois-pelletant.fr\/blog\/tres-haut-debit-les-raccordements-se-poursuivent\/#breadcrumb\",\"itemListElement\":[{\"@type\":\"ListItem\",\"position\":1,\"name\":\"Accueil\",\"item\":\"https:\/\/francois-pelletant.fr\/blog\/\"},{\"@type\":\"ListItem\",\"position\":2,\"name\":\"Tr\u00e8s Haut D\u00e9bit : les raccordements se poursuivent\"}]},{\"@type\":\"WebSite\",\"@id\":\"https:\/\/francois-pelletant.fr\/blog\/#website\",\"url\":\"https:\/\/francois-pelletant.fr\/blog\/\",\"name\":\"Fran\u00e7ois Pelletant\",\"description\":\"Maire de Linas, pour toujours.\",\"publisher\":{\"@id\":\"https:\/\/francois-pelletant.fr\/blog\/#organization\"},\"potentialAction\":[{\"@type\":\"SearchAction\",\"target\":{\"@type\":\"EntryPoint\",\"urlTemplate\":\"https:\/\/francois-pelletant.fr\/blog\/?s={search_term_string}\"},\"query-input\":{\"@type\":\"PropertyValueSpecification\",\"valueRequired\":true,\"valueName\":\"search_term_string\"}}],\"inLanguage\":\"fr-FR\"},{\"@type\":\"Organization\",\"@id\":\"https:\/\/francois-pelletant.fr\/blog\/#organization\",\"name\":\"Fran\u00e7ois Pelletant\",\"url\":\"https:\/\/francois-pelletant.fr\/blog\/\",\"logo\":{\"@type\":\"ImageObject\",\"inLanguage\":\"fr-FR\",\"@id\":\"https:\/\/francois-pelletant.fr\/blog\/#\/schema\/logo\/image\/\",\"url\":\"https:\/\/francois-pelletant.fr\/blog\/wp-content\/uploads\/2024\/07\/icone-francois-centre-500p.png\",\"contentUrl\":\"https:\/\/francois-pelletant.fr\/blog\/wp-content\/uploads\/2024\/07\/icone-francois-centre-500p.png\",\"width\":559,\"height\":447,\"caption\":\"Fran\u00e7ois Pelletant\"},\"image\":{\"@id\":\"https:\/\/francois-pelletant.fr\/blog\/#\/schema\/logo\/image\/\"},\"sameAs\":[\"https:\/\/www.facebook.com\/francois.pelletant.7\",\"https:\/\/x.com\/pelletant\"]},{\"@type\":\"Person\",\"@id\":\"https:\/\/francois-pelletant.fr\/blog\/#\/schema\/person\/2be41acb171dff8f31aaed1f40cee9f3\",\"name\":\"Francois\"}]}<\/script>\n<!-- \/ Yoast SEO plugin. -->","yoast_head_json":{"title":"Tr\u00e8s Haut D\u00e9bit : les raccordements se poursuivent - Fran\u00e7ois Pelletant","robots":{"index":"index","follow":"follow","max-snippet":"max-snippet:-1","max-image-preview":"max-image-preview:large","max-video-preview":"max-video-preview:-1"},"canonical":"https:\/\/francois-pelletant.fr\/blog\/tres-haut-debit-les-raccordements-se-poursuivent\/","og_locale":"fr_FR","og_type":"article","og_title":"Tr\u00e8s Haut D\u00e9bit : les raccordements se poursuivent - Fran\u00e7ois Pelletant","og_description":"14.828 c\u2019est le nombre de foyers sur le territoire d\u2019Europ\u2019Essonne qui peuvent d&#8217;ores et d\u00e9j\u00e0 se raccorder au Tr\u00e8s Haut D\u00e9bit (THD). Apr\u00e8s avoir donn\u00e9 la capacit\u00e9 \u00e0 toutes ses entreprises d\u2019acc\u00e9der \u00e0 la fibre, puis \u00e0 tous les habitants Ballainvilliers, Champlan, Epinay-sur-Orge, La Ville du Bois, Nozay et Saulx-les-Chartreux, E\u00b2 engage d&#8217;ores et d\u00e9j\u00e0 [&hellip;]","og_url":"https:\/\/francois-pelletant.fr\/blog\/tres-haut-debit-les-raccordements-se-poursuivent\/","og_site_name":"Fran\u00e7ois Pelletant","article_publisher":"https:\/\/www.facebook.com\/francois.pelletant.7","article_published_time":"2015-09-03T09:33:01+00:00","article_modified_time":"2015-09-14T09:37:59+00:00","og_image":[{"width":236,"height":236,"url":"https:\/\/francois-pelletant.fr\/blog\/wp-content\/uploads\/2015\/09\/carre-thd-sept2015.jpg","type":"image\/jpeg"}],"author":"Francois","twitter_card":"summary_large_image","twitter_creator":"@pelletant","twitter_site":"@pelletant","twitter_misc":{"\u00c9crit par":"Francois","Dur\u00e9e de lecture estim\u00e9e":"1 minute"},"schema":{"@context":"https:\/\/schema.org","@graph":[{"@type":"Article","@id":"https:\/\/francois-pelletant.fr\/blog\/tres-haut-debit-les-raccordements-se-poursuivent\/#article","isPartOf":{"@id":"https:\/\/francois-pelletant.fr\/blog\/tres-haut-debit-les-raccordements-se-poursuivent\/"},"author":{"name":"Francois","@id":"https:\/\/francois-pelletant.fr\/blog\/#\/schema\/person\/2be41acb171dff8f31aaed1f40cee9f3"},"headline":"Tr\u00e8s Haut D\u00e9bit : les raccordements se poursuivent","datePublished":"2015-09-03T09:33:01+00:00","dateModified":"2015-09-14T09:37:59+00:00","mainEntityOfPage":{"@id":"https:\/\/francois-pelletant.fr\/blog\/tres-haut-debit-les-raccordements-se-poursuivent\/"},"wordCount":166,"commentCount":0,"publisher":{"@id":"https:\/\/francois-pelletant.fr\/blog\/#organization"},"image":{"@id":"https:\/\/francois-pelletant.fr\/blog\/tres-haut-debit-les-raccordements-se-poursuivent\/#primaryimage"},"thumbnailUrl":"https:\/\/francois-pelletant.fr\/blog\/wp-content\/uploads\/2015\/09\/carre-thd-sept2015.jpg","articleSection":["Tr\u00e8s Haut D\u00e9bit"],"inLanguage":"fr-FR","potentialAction":[{"@type":"CommentAction","name":"Comment","target":["https:\/\/francois-pelletant.fr\/blog\/tres-haut-debit-les-raccordements-se-poursuivent\/#respond"]}]},{"@type":"WebPage","@id":"https:\/\/francois-pelletant.fr\/blog\/tres-haut-debit-les-raccordements-se-poursuivent\/","url":"https:\/\/francois-pelletant.fr\/blog\/tres-haut-debit-les-raccordements-se-poursuivent\/","name":"Tr\u00e8s Haut D\u00e9bit : les raccordements se poursuivent - Fran\u00e7ois Pelletant","isPartOf":{"@id":"https:\/\/francois-pelletant.fr\/blog\/#website"},"primaryImageOfPage":{"@id":"https:\/\/francois-pelletant.fr\/blog\/tres-haut-debit-les-raccordements-se-poursuivent\/#primaryimage"},"image":{"@id":"https:\/\/francois-pelletant.fr\/blog\/tres-haut-debit-les-raccordements-se-poursuivent\/#primaryimage"},"thumbnailUrl":"https:\/\/francois-pelletant.fr\/blog\/wp-content\/uploads\/2015\/09\/carre-thd-sept2015.jpg","datePublished":"2015-09-03T09:33:01+00:00","dateModified":"2015-09-14T09:37:59+00:00","breadcrumb":{"@id":"https:\/\/francois-pelletant.fr\/blog\/tres-haut-debit-les-raccordements-se-poursuivent\/#breadcrumb"},"inLanguage":"fr-FR","potentialAction":[{"@type":"ReadAction","target":["https:\/\/francois-pelletant.fr\/blog\/tres-haut-debit-les-raccordements-se-poursuivent\/"]}]},{"@type":"ImageObject","inLanguage":"fr-FR","@id":"https:\/\/francois-pelletant.fr\/blog\/tres-haut-debit-les-raccordements-se-poursuivent\/#primaryimage","url":"https:\/\/francois-pelletant.fr\/blog\/wp-content\/uploads\/2015\/09\/carre-thd-sept2015.jpg","contentUrl":"https:\/\/francois-pelletant.fr\/blog\/wp-content\/uploads\/2015\/09\/carre-thd-sept2015.jpg","width":236,"height":236},{"@type":"BreadcrumbList","@id":"https:\/\/francois-pelletant.fr\/blog\/tres-haut-debit-les-raccordements-se-poursuivent\/#breadcrumb","itemListElement":[{"@type":"ListItem","position":1,"name":"Accueil","item":"https:\/\/francois-pelletant.fr\/blog\/"},{"@type":"ListItem","position":2,"name":"Tr\u00e8s Haut D\u00e9bit : les raccordements se poursuivent"}]},{"@type":"WebSite","@id":"https:\/\/francois-pelletant.fr\/blog\/#website","url":"https:\/\/francois-pelletant.fr\/blog\/","name":"Fran\u00e7ois Pelletant","description":"Maire de Linas, pour toujours.","publisher":{"@id":"https:\/\/francois-pelletant.fr\/blog\/#organization"},"potentialAction":[{"@type":"SearchAction","target":{"@type":"EntryPoint","urlTemplate":"https:\/\/francois-pelletant.fr\/blog\/?s={search_term_string}"},"query-input":{"@type":"PropertyValueSpecification","valueRequired":true,"valueName":"search_term_string"}}],"inLanguage":"fr-FR"},{"@type":"Organization","@id":"https:\/\/francois-pelletant.fr\/blog\/#organization","name":"Fran\u00e7ois Pelletant","url":"https:\/\/francois-pelletant.fr\/blog\/","logo":{"@type":"ImageObject","inLanguage":"fr-FR","@id":"https:\/\/francois-pelletant.fr\/blog\/#\/schema\/logo\/image\/","url":"https:\/\/francois-pelletant.fr\/blog\/wp-content\/uploads\/2024\/07\/icone-francois-centre-500p.png","contentUrl":"https:\/\/francois-pelletant.fr\/blog\/wp-content\/uploads\/2024\/07\/icone-francois-centre-500p.png","width":559,"height":447,"caption":"Fran\u00e7ois Pelletant"},"image":{"@id":"https:\/\/francois-pelletant.fr\/blog\/#\/schema\/logo\/image\/"},"sameAs":["https:\/\/www.facebook.com\/francois.pelletant.7","https:\/\/x.com\/pelletant"]},{"@type":"Person","@id":"https:\/\/francois-pelletant.fr\/blog\/#\/schema\/person\/2be41acb171dff8f31aaed1f40cee9f3","name":"Francois"}]}},"_links":{"self":[{"href":"https:\/\/francois-pelletant.fr\/blog\/wp-json\/wp\/v2\/posts\/6537","targetHints":{"allow":["GET"]}}],"collection":[{"href":"https:\/\/francois-pelletant.fr\/blog\/wp-json\/wp\/v2\/posts"}],"about":[{"href":"https:\/\/francois-pelletant.fr\/blog\/wp-json\/wp\/v2\/types\/post"}],"author":[{"embeddable":true,"href":"https:\/\/francois-pelletant.fr\/blog\/wp-json\/wp\/v2\/users\/1"}],"replies":[{"embeddable":true,"href":"https:\/\/francois-pelletant.fr\/blog\/wp-json\/wp\/v2\/comments?post=6537"}],"version-history":[{"count":0,"href":"https:\/\/francois-pelletant.fr\/blog\/wp-json\/wp\/v2\/posts\/6537\/revisions"}],"wp:featuredmedia":[{"embeddable":true,"href":"https:\/\/francois-pelletant.fr\/blog\/wp-json\/wp\/v2\/media\/6538"}],"wp:attachment":[{"href":"https:\/\/francois-pelletant.fr\/blog\/wp-json\/wp\/v2\/media?parent=6537"}],"wp:term":[{"taxonomy":"category","embeddable":true,"href":"https:\/\/francois-pelletant.fr\/blog\/wp-json\/wp\/v2\/categories?post=6537"},{"taxonomy":"post_tag","embeddable":true,"href":"https:\/\/francois-pelletant.fr\/blog\/wp-json\/wp\/v2\/tags?post=6537"}],"curies":[{"name":"wp","href":"https:\/\/api.w.org\/{rel}","templated":true}]}}