{"id":6544,"date":"2015-09-06T08:39:43","date_gmt":"2015-09-06T08:39:43","guid":{"rendered":"https:\/\/francois-pelletant.fr\/blog\/?p=6544"},"modified":"2015-09-14T09:44:39","modified_gmt":"2015-09-14T09:44:39","slug":"best-of-des-dessins-de-presse-de-la-semaine-3","status":"publish","type":"post","link":"https:\/\/francois-pelletant.fr\/blog\/best-of-des-dessins-de-presse-de-la-semaine-3\/","title":{"rendered":"Best of des dessins de presse de la semaine"},"content":{"rendered":"<p>Tout est dans le titre ! Cette semaine, je vous propose de nouvelles illustrations r\u00e9alis\u00e9es par nos meilleurs caricaturistes : un regard d\u00e9cal\u00e9 sur l&#8217;actualit\u00e9.<\/p>\n<figure id=\"attachment_6547\" aria-describedby=\"caption-attachment-6547\" style=\"width: 300px\" class=\"wp-caption alignnone\"><a href=\"https:\/\/francois-pelletant.fr\/blog\/wp-content\/uploads\/2015\/09\/Chimulus-1er-septembre-2015-300x300.jpg\"><img loading=\"lazy\" decoding=\"async\" class=\"wp-image-6547 size-medium\" src=\"https:\/\/francois-pelletant.fr\/blog\/wp-content\/uploads\/2015\/09\/Le-canard-enchain\u00e9-2-septembre-300x260-300x260.jpg\" alt=\"Le-canard-enchain\u00e9-2-septembre-300x260\" width=\"300\" height=\"260\" \/><\/a><figcaption id=\"caption-attachment-6547\" class=\"wp-caption-text\">Le canard enchain\u00e9 &#8211; 2 septembre<\/figcaption><\/figure>\n<figure id=\"attachment_6545\" aria-describedby=\"caption-attachment-6545\" style=\"width: 300px\" class=\"wp-caption alignnone\"><a href=\"https:\/\/francois-pelletant.fr\/blog\/wp-content\/uploads\/2015\/09\/Chimulus-1er-septembre-2015-300x300.jpg\"><img loading=\"lazy\" decoding=\"async\" class=\"wp-image-6545 size-full\" src=\"https:\/\/francois-pelletant.fr\/blog\/wp-content\/uploads\/2015\/09\/Chimulus-1er-septembre-2015-300x300.jpg\" alt=\"Chimulus-1er-septembre-2015-300x300\" width=\"300\" height=\"300\" srcset=\"https:\/\/francois-pelletant.fr\/blog\/wp-content\/uploads\/2015\/09\/Chimulus-1er-septembre-2015-300x300.jpg 300w, https:\/\/francois-pelletant.fr\/blog\/wp-content\/uploads\/2015\/09\/Chimulus-1er-septembre-2015-300x300-150x150.jpg 150w, https:\/\/francois-pelletant.fr\/blog\/wp-content\/uploads\/2015\/09\/Chimulus-1er-septembre-2015-300x300-230x230.jpg 230w\" sizes=\"auto, (max-width: 300px) 100vw, 300px\" \/><\/a><figcaption id=\"caption-attachment-6545\" class=\"wp-caption-text\">Chimulus &#8211; 1er septembre<\/figcaption><\/figure>\n<figure id=\"attachment_6546\" aria-describedby=\"caption-attachment-6546\" style=\"width: 300px\" class=\"wp-caption alignnone\"><a href=\"https:\/\/francois-pelletant.fr\/blog\/wp-content\/uploads\/2015\/09\/Delucq-3-septembre-300x221.jpg\"><img loading=\"lazy\" decoding=\"async\" class=\"wp-image-6546 size-medium\" src=\"https:\/\/francois-pelletant.fr\/blog\/wp-content\/uploads\/2015\/09\/Delucq-3-septembre-300x221-300x221.jpg\" alt=\"Delucq-3-septembre-300x221\" width=\"300\" height=\"221\" \/><\/a><figcaption id=\"caption-attachment-6546\" class=\"wp-caption-text\">Delucq &#8211; 3 septembre<\/figcaption><\/figure>\n<figure id=\"attachment_6548\" aria-describedby=\"caption-attachment-6548\" style=\"width: 300px\" class=\"wp-caption alignnone\"><a href=\"https:\/\/francois-pelletant.fr\/blog\/wp-content\/uploads\/2015\/09\/Le-canard-enchain\u00e9-2-septembre-2015-300x236.jpg\"><img loading=\"lazy\" decoding=\"async\" class=\"wp-image-6548 size-medium\" src=\"https:\/\/francois-pelletant.fr\/blog\/wp-content\/uploads\/2015\/09\/Le-canard-enchain\u00e9-2-septembre-2015-300x236-300x236.jpg\" alt=\"Le-canard-enchain\u00e9-2-septembre-2015-300x236\" width=\"300\" height=\"236\" \/><\/a><figcaption id=\"caption-attachment-6548\" class=\"wp-caption-text\">Le canard enchain\u00e9 &#8211; 2 septembre<\/figcaption><\/figure>\n<p>&nbsp;<\/p>\n<figure id=\"attachment_6549\" aria-describedby=\"caption-attachment-6549\" style=\"width: 300px\" class=\"wp-caption alignnone\"><a href=\"https:\/\/francois-pelletant.fr\/blog\/wp-content\/uploads\/2015\/09\/Rue89-28-aout-300x300.jpg\"><img loading=\"lazy\" decoding=\"async\" class=\"wp-image-6549 size-full\" src=\"https:\/\/francois-pelletant.fr\/blog\/wp-content\/uploads\/2015\/09\/Rue89-28-aout-300x300.jpg\" alt=\"Rue89-28-aout-300x300\" width=\"300\" height=\"300\" srcset=\"https:\/\/francois-pelletant.fr\/blog\/wp-content\/uploads\/2015\/09\/Rue89-28-aout-300x300.jpg 300w, https:\/\/francois-pelletant.fr\/blog\/wp-content\/uploads\/2015\/09\/Rue89-28-aout-300x300-150x150.jpg 150w, https:\/\/francois-pelletant.fr\/blog\/wp-content\/uploads\/2015\/09\/Rue89-28-aout-300x300-230x230.jpg 230w\" sizes=\"auto, (max-width: 300px) 100vw, 300px\" \/><\/a><figcaption id=\"caption-attachment-6549\" class=\"wp-caption-text\">Rue89 &#8211; 28 aout<\/figcaption><\/figure>\n<figure id=\"attachment_6550\" aria-describedby=\"caption-attachment-6550\" style=\"width: 300px\" class=\"wp-caption alignnone\"><a href=\"https:\/\/francois-pelletant.fr\/blog\/wp-content\/uploads\/2015\/09\/Sin\u00e9-Mensuel-septembre-2015-300x131.jpg\"><img loading=\"lazy\" decoding=\"async\" class=\"wp-image-6550 size-medium\" src=\"https:\/\/francois-pelletant.fr\/blog\/wp-content\/uploads\/2015\/09\/Sin\u00e9-Mensuel-septembre-2015-300x131-300x131.jpg\" alt=\"Sin\u00e9-Mensuel-septembre-2015-300x131\" width=\"300\" height=\"131\" \/><\/a><figcaption id=\"caption-attachment-6550\" class=\"wp-caption-text\">Sin\u00e9-Mensuel &#8211; septembre 2015<\/figcaption><\/figure>\n","protected":false},"excerpt":{"rendered":"<p>Tout est dans le titre ! Cette semaine, je vous propose de nouvelles illustrations r\u00e9alis\u00e9es par nos meilleurs caricaturistes : un regard d\u00e9cal\u00e9 sur l&#8217;actualit\u00e9. &nbsp;<\/p>\n","protected":false},"author":1,"featured_media":6547,"comment_status":"open","ping_status":"open","sticky":false,"template":"","format":"standard","meta":{"footnotes":""},"categories":[17],"tags":[],"class_list":["post-6544","post","type-post","status-publish","format-standard","has-post-thumbnail","hentry","category-prix-du-meilleur-dessin-de-presse"],"yoast_head":"<!-- This site is optimized with the Yoast SEO plugin v25.6 - https:\/\/yoast.com\/wordpress\/plugins\/seo\/ -->\n<title>Best of des dessins de presse de la semaine - Fran\u00e7ois Pelletant<\/title>\n<meta name=\"robots\" content=\"index, follow, max-snippet:-1, max-image-preview:large, max-video-preview:-1\" \/>\n<link rel=\"canonical\" href=\"https:\/\/francois-pelletant.fr\/blog\/best-of-des-dessins-de-presse-de-la-semaine-3\/\" \/>\n<meta property=\"og:locale\" content=\"fr_FR\" \/>\n<meta property=\"og:type\" content=\"article\" \/>\n<meta property=\"og:title\" content=\"Best of des dessins de presse de la semaine - Fran\u00e7ois Pelletant\" \/>\n<meta property=\"og:description\" content=\"Tout est dans le titre ! Cette semaine, je vous propose de nouvelles illustrations r\u00e9alis\u00e9es par nos meilleurs caricaturistes : un regard d\u00e9cal\u00e9 sur l&#8217;actualit\u00e9. &nbsp;\" \/>\n<meta property=\"og:url\" content=\"https:\/\/francois-pelletant.fr\/blog\/best-of-des-dessins-de-presse-de-la-semaine-3\/\" \/>\n<meta property=\"og:site_name\" content=\"Fran\u00e7ois Pelletant\" \/>\n<meta property=\"article:publisher\" content=\"https:\/\/www.facebook.com\/francois.pelletant.7\" \/>\n<meta property=\"article:published_time\" content=\"2015-09-06T08:39:43+00:00\" \/>\n<meta property=\"article:modified_time\" content=\"2015-09-14T09:44:39+00:00\" \/>\n<meta property=\"og:image\" content=\"https:\/\/francois-pelletant.fr\/blog\/wp-content\/uploads\/2015\/09\/Le-canard-enchain\u00e9-2-septembre-300x260.jpg\" \/>\n\t<meta property=\"og:image:width\" content=\"300\" \/>\n\t<meta property=\"og:image:height\" content=\"260\" \/>\n\t<meta property=\"og:image:type\" content=\"image\/jpeg\" \/>\n<meta name=\"author\" content=\"Francois\" \/>\n<meta name=\"twitter:card\" content=\"summary_large_image\" \/>\n<meta name=\"twitter:creator\" content=\"@pelletant\" \/>\n<meta name=\"twitter:site\" content=\"@pelletant\" \/>\n<meta name=\"twitter:label1\" content=\"\u00c9crit par\" \/>\n\t<meta name=\"twitter:data1\" content=\"Francois\" \/>\n<script type=\"application\/ld+json\" class=\"yoast-schema-graph\">{\"@context\":\"https:\/\/schema.org\",\"@graph\":[{\"@type\":\"Article\",\"@id\":\"https:\/\/francois-pelletant.fr\/blog\/best-of-des-dessins-de-presse-de-la-semaine-3\/#article\",\"isPartOf\":{\"@id\":\"https:\/\/francois-pelletant.fr\/blog\/best-of-des-dessins-de-presse-de-la-semaine-3\/\"},\"author\":{\"name\":\"Francois\",\"@id\":\"https:\/\/francois-pelletant.fr\/blog\/#\/schema\/person\/2be41acb171dff8f31aaed1f40cee9f3\"},\"headline\":\"Best of des dessins de presse de la semaine\",\"datePublished\":\"2015-09-06T08:39:43+00:00\",\"dateModified\":\"2015-09-14T09:44:39+00:00\",\"mainEntityOfPage\":{\"@id\":\"https:\/\/francois-pelletant.fr\/blog\/best-of-des-dessins-de-presse-de-la-semaine-3\/\"},\"wordCount\":103,\"commentCount\":0,\"publisher\":{\"@id\":\"https:\/\/francois-pelletant.fr\/blog\/#organization\"},\"image\":{\"@id\":\"https:\/\/francois-pelletant.fr\/blog\/best-of-des-dessins-de-presse-de-la-semaine-3\/#primaryimage\"},\"thumbnailUrl\":\"https:\/\/francois-pelletant.fr\/blog\/wp-content\/uploads\/2015\/09\/Le-canard-enchain\u00e9-2-septembre-300x260.jpg\",\"articleSection\":[\"Prix du meilleur dessin de presse\"],\"inLanguage\":\"fr-FR\",\"potentialAction\":[{\"@type\":\"CommentAction\",\"name\":\"Comment\",\"target\":[\"https:\/\/francois-pelletant.fr\/blog\/best-of-des-dessins-de-presse-de-la-semaine-3\/#respond\"]}]},{\"@type\":\"WebPage\",\"@id\":\"https:\/\/francois-pelletant.fr\/blog\/best-of-des-dessins-de-presse-de-la-semaine-3\/\",\"url\":\"https:\/\/francois-pelletant.fr\/blog\/best-of-des-dessins-de-presse-de-la-semaine-3\/\",\"name\":\"Best of des dessins de presse de la semaine - Fran\u00e7ois Pelletant\",\"isPartOf\":{\"@id\":\"https:\/\/francois-pelletant.fr\/blog\/#website\"},\"primaryImageOfPage\":{\"@id\":\"https:\/\/francois-pelletant.fr\/blog\/best-of-des-dessins-de-presse-de-la-semaine-3\/#primaryimage\"},\"image\":{\"@id\":\"https:\/\/francois-pelletant.fr\/blog\/best-of-des-dessins-de-presse-de-la-semaine-3\/#primaryimage\"},\"thumbnailUrl\":\"https:\/\/francois-pelletant.fr\/blog\/wp-content\/uploads\/2015\/09\/Le-canard-enchain\u00e9-2-septembre-300x260.jpg\",\"datePublished\":\"2015-09-06T08:39:43+00:00\",\"dateModified\":\"2015-09-14T09:44:39+00:00\",\"breadcrumb\":{\"@id\":\"https:\/\/francois-pelletant.fr\/blog\/best-of-des-dessins-de-presse-de-la-semaine-3\/#breadcrumb\"},\"inLanguage\":\"fr-FR\",\"potentialAction\":[{\"@type\":\"ReadAction\",\"target\":[\"https:\/\/francois-pelletant.fr\/blog\/best-of-des-dessins-de-presse-de-la-semaine-3\/\"]}]},{\"@type\":\"ImageObject\",\"inLanguage\":\"fr-FR\",\"@id\":\"https:\/\/francois-pelletant.fr\/blog\/best-of-des-dessins-de-presse-de-la-semaine-3\/#primaryimage\",\"url\":\"https:\/\/francois-pelletant.fr\/blog\/wp-content\/uploads\/2015\/09\/Le-canard-enchain\u00e9-2-septembre-300x260.jpg\",\"contentUrl\":\"https:\/\/francois-pelletant.fr\/blog\/wp-content\/uploads\/2015\/09\/Le-canard-enchain\u00e9-2-septembre-300x260.jpg\",\"width\":300,\"height\":260},{\"@type\":\"BreadcrumbList\",\"@id\":\"https:\/\/francois-pelletant.fr\/blog\/best-of-des-dessins-de-presse-de-la-semaine-3\/#breadcrumb\",\"itemListElement\":[{\"@type\":\"ListItem\",\"position\":1,\"name\":\"Accueil\",\"item\":\"https:\/\/francois-pelletant.fr\/blog\/\"},{\"@type\":\"ListItem\",\"position\":2,\"name\":\"Best of des dessins de presse de la semaine\"}]},{\"@type\":\"WebSite\",\"@id\":\"https:\/\/francois-pelletant.fr\/blog\/#website\",\"url\":\"https:\/\/francois-pelletant.fr\/blog\/\",\"name\":\"Fran\u00e7ois Pelletant\",\"description\":\"Maire de Linas, pour toujours.\",\"publisher\":{\"@id\":\"https:\/\/francois-pelletant.fr\/blog\/#organization\"},\"potentialAction\":[{\"@type\":\"SearchAction\",\"target\":{\"@type\":\"EntryPoint\",\"urlTemplate\":\"https:\/\/francois-pelletant.fr\/blog\/?s={search_term_string}\"},\"query-input\":{\"@type\":\"PropertyValueSpecification\",\"valueRequired\":true,\"valueName\":\"search_term_string\"}}],\"inLanguage\":\"fr-FR\"},{\"@type\":\"Organization\",\"@id\":\"https:\/\/francois-pelletant.fr\/blog\/#organization\",\"name\":\"Fran\u00e7ois Pelletant\",\"url\":\"https:\/\/francois-pelletant.fr\/blog\/\",\"logo\":{\"@type\":\"ImageObject\",\"inLanguage\":\"fr-FR\",\"@id\":\"https:\/\/francois-pelletant.fr\/blog\/#\/schema\/logo\/image\/\",\"url\":\"https:\/\/francois-pelletant.fr\/blog\/wp-content\/uploads\/2024\/07\/icone-francois-centre-500p.png\",\"contentUrl\":\"https:\/\/francois-pelletant.fr\/blog\/wp-content\/uploads\/2024\/07\/icone-francois-centre-500p.png\",\"width\":559,\"height\":447,\"caption\":\"Fran\u00e7ois Pelletant\"},\"image\":{\"@id\":\"https:\/\/francois-pelletant.fr\/blog\/#\/schema\/logo\/image\/\"},\"sameAs\":[\"https:\/\/www.facebook.com\/francois.pelletant.7\",\"https:\/\/x.com\/pelletant\"]},{\"@type\":\"Person\",\"@id\":\"https:\/\/francois-pelletant.fr\/blog\/#\/schema\/person\/2be41acb171dff8f31aaed1f40cee9f3\",\"name\":\"Francois\"}]}<\/script>\n<!-- \/ Yoast SEO plugin. -->","yoast_head_json":{"title":"Best of des dessins de presse de la semaine - Fran\u00e7ois Pelletant","robots":{"index":"index","follow":"follow","max-snippet":"max-snippet:-1","max-image-preview":"max-image-preview:large","max-video-preview":"max-video-preview:-1"},"canonical":"https:\/\/francois-pelletant.fr\/blog\/best-of-des-dessins-de-presse-de-la-semaine-3\/","og_locale":"fr_FR","og_type":"article","og_title":"Best of des dessins de presse de la semaine - Fran\u00e7ois Pelletant","og_description":"Tout est dans le titre ! Cette semaine, je vous propose de nouvelles illustrations r\u00e9alis\u00e9es par nos meilleurs caricaturistes : un regard d\u00e9cal\u00e9 sur l&#8217;actualit\u00e9. &nbsp;","og_url":"https:\/\/francois-pelletant.fr\/blog\/best-of-des-dessins-de-presse-de-la-semaine-3\/","og_site_name":"Fran\u00e7ois Pelletant","article_publisher":"https:\/\/www.facebook.com\/francois.pelletant.7","article_published_time":"2015-09-06T08:39:43+00:00","article_modified_time":"2015-09-14T09:44:39+00:00","og_image":[{"width":300,"height":260,"url":"https:\/\/francois-pelletant.fr\/blog\/wp-content\/uploads\/2015\/09\/Le-canard-enchain\u00e9-2-septembre-300x260.jpg","type":"image\/jpeg"}],"author":"Francois","twitter_card":"summary_large_image","twitter_creator":"@pelletant","twitter_site":"@pelletant","twitter_misc":{"\u00c9crit par":"Francois"},"schema":{"@context":"https:\/\/schema.org","@graph":[{"@type":"Article","@id":"https:\/\/francois-pelletant.fr\/blog\/best-of-des-dessins-de-presse-de-la-semaine-3\/#article","isPartOf":{"@id":"https:\/\/francois-pelletant.fr\/blog\/best-of-des-dessins-de-presse-de-la-semaine-3\/"},"author":{"name":"Francois","@id":"https:\/\/francois-pelletant.fr\/blog\/#\/schema\/person\/2be41acb171dff8f31aaed1f40cee9f3"},"headline":"Best of des dessins de presse de la semaine","datePublished":"2015-09-06T08:39:43+00:00","dateModified":"2015-09-14T09:44:39+00:00","mainEntityOfPage":{"@id":"https:\/\/francois-pelletant.fr\/blog\/best-of-des-dessins-de-presse-de-la-semaine-3\/"},"wordCount":103,"commentCount":0,"publisher":{"@id":"https:\/\/francois-pelletant.fr\/blog\/#organization"},"image":{"@id":"https:\/\/francois-pelletant.fr\/blog\/best-of-des-dessins-de-presse-de-la-semaine-3\/#primaryimage"},"thumbnailUrl":"https:\/\/francois-pelletant.fr\/blog\/wp-content\/uploads\/2015\/09\/Le-canard-enchain\u00e9-2-septembre-300x260.jpg","articleSection":["Prix du meilleur dessin de presse"],"inLanguage":"fr-FR","potentialAction":[{"@type":"CommentAction","name":"Comment","target":["https:\/\/francois-pelletant.fr\/blog\/best-of-des-dessins-de-presse-de-la-semaine-3\/#respond"]}]},{"@type":"WebPage","@id":"https:\/\/francois-pelletant.fr\/blog\/best-of-des-dessins-de-presse-de-la-semaine-3\/","url":"https:\/\/francois-pelletant.fr\/blog\/best-of-des-dessins-de-presse-de-la-semaine-3\/","name":"Best of des dessins de presse de la semaine - Fran\u00e7ois Pelletant","isPartOf":{"@id":"https:\/\/francois-pelletant.fr\/blog\/#website"},"primaryImageOfPage":{"@id":"https:\/\/francois-pelletant.fr\/blog\/best-of-des-dessins-de-presse-de-la-semaine-3\/#primaryimage"},"image":{"@id":"https:\/\/francois-pelletant.fr\/blog\/best-of-des-dessins-de-presse-de-la-semaine-3\/#primaryimage"},"thumbnailUrl":"https:\/\/francois-pelletant.fr\/blog\/wp-content\/uploads\/2015\/09\/Le-canard-enchain\u00e9-2-septembre-300x260.jpg","datePublished":"2015-09-06T08:39:43+00:00","dateModified":"2015-09-14T09:44:39+00:00","breadcrumb":{"@id":"https:\/\/francois-pelletant.fr\/blog\/best-of-des-dessins-de-presse-de-la-semaine-3\/#breadcrumb"},"inLanguage":"fr-FR","potentialAction":[{"@type":"ReadAction","target":["https:\/\/francois-pelletant.fr\/blog\/best-of-des-dessins-de-presse-de-la-semaine-3\/"]}]},{"@type":"ImageObject","inLanguage":"fr-FR","@id":"https:\/\/francois-pelletant.fr\/blog\/best-of-des-dessins-de-presse-de-la-semaine-3\/#primaryimage","url":"https:\/\/francois-pelletant.fr\/blog\/wp-content\/uploads\/2015\/09\/Le-canard-enchain\u00e9-2-septembre-300x260.jpg","contentUrl":"https:\/\/francois-pelletant.fr\/blog\/wp-content\/uploads\/2015\/09\/Le-canard-enchain\u00e9-2-septembre-300x260.jpg","width":300,"height":260},{"@type":"BreadcrumbList","@id":"https:\/\/francois-pelletant.fr\/blog\/best-of-des-dessins-de-presse-de-la-semaine-3\/#breadcrumb","itemListElement":[{"@type":"ListItem","position":1,"name":"Accueil","item":"https:\/\/francois-pelletant.fr\/blog\/"},{"@type":"ListItem","position":2,"name":"Best of des dessins de presse de la semaine"}]},{"@type":"WebSite","@id":"https:\/\/francois-pelletant.fr\/blog\/#website","url":"https:\/\/francois-pelletant.fr\/blog\/","name":"Fran\u00e7ois Pelletant","description":"Maire de Linas, pour toujours.","publisher":{"@id":"https:\/\/francois-pelletant.fr\/blog\/#organization"},"potentialAction":[{"@type":"SearchAction","target":{"@type":"EntryPoint","urlTemplate":"https:\/\/francois-pelletant.fr\/blog\/?s={search_term_string}"},"query-input":{"@type":"PropertyValueSpecification","valueRequired":true,"valueName":"search_term_string"}}],"inLanguage":"fr-FR"},{"@type":"Organization","@id":"https:\/\/francois-pelletant.fr\/blog\/#organization","name":"Fran\u00e7ois Pelletant","url":"https:\/\/francois-pelletant.fr\/blog\/","logo":{"@type":"ImageObject","inLanguage":"fr-FR","@id":"https:\/\/francois-pelletant.fr\/blog\/#\/schema\/logo\/image\/","url":"https:\/\/francois-pelletant.fr\/blog\/wp-content\/uploads\/2024\/07\/icone-francois-centre-500p.png","contentUrl":"https:\/\/francois-pelletant.fr\/blog\/wp-content\/uploads\/2024\/07\/icone-francois-centre-500p.png","width":559,"height":447,"caption":"Fran\u00e7ois Pelletant"},"image":{"@id":"https:\/\/francois-pelletant.fr\/blog\/#\/schema\/logo\/image\/"},"sameAs":["https:\/\/www.facebook.com\/francois.pelletant.7","https:\/\/x.com\/pelletant"]},{"@type":"Person","@id":"https:\/\/francois-pelletant.fr\/blog\/#\/schema\/person\/2be41acb171dff8f31aaed1f40cee9f3","name":"Francois"}]}},"_links":{"self":[{"href":"https:\/\/francois-pelletant.fr\/blog\/wp-json\/wp\/v2\/posts\/6544","targetHints":{"allow":["GET"]}}],"collection":[{"href":"https:\/\/francois-pelletant.fr\/blog\/wp-json\/wp\/v2\/posts"}],"about":[{"href":"https:\/\/francois-pelletant.fr\/blog\/wp-json\/wp\/v2\/types\/post"}],"author":[{"embeddable":true,"href":"https:\/\/francois-pelletant.fr\/blog\/wp-json\/wp\/v2\/users\/1"}],"replies":[{"embeddable":true,"href":"https:\/\/francois-pelletant.fr\/blog\/wp-json\/wp\/v2\/comments?post=6544"}],"version-history":[{"count":0,"href":"https:\/\/francois-pelletant.fr\/blog\/wp-json\/wp\/v2\/posts\/6544\/revisions"}],"wp:featuredmedia":[{"embeddable":true,"href":"https:\/\/francois-pelletant.fr\/blog\/wp-json\/wp\/v2\/media\/6547"}],"wp:attachment":[{"href":"https:\/\/francois-pelletant.fr\/blog\/wp-json\/wp\/v2\/media?parent=6544"}],"wp:term":[{"taxonomy":"category","embeddable":true,"href":"https:\/\/francois-pelletant.fr\/blog\/wp-json\/wp\/v2\/categories?post=6544"},{"taxonomy":"post_tag","embeddable":true,"href":"https:\/\/francois-pelletant.fr\/blog\/wp-json\/wp\/v2\/tags?post=6544"}],"curies":[{"name":"wp","href":"https:\/\/api.w.org\/{rel}","templated":true}]}}